{"id":40714,"date":"2026-03-30T21:00:34","date_gmt":"2026-03-30T19:00:34","guid":{"rendered":"https:\/\/veritasinfo.org\/?p=40714"},"modified":"2026-03-30T21:01:17","modified_gmt":"2026-03-30T19:01:17","slug":"monetella-kosova-erdhi-me-merite-deri-ketu","status":"publish","type":"post","link":"https:\/\/veritasinfo.org\/?p=40714","title":{"rendered":"Monetella: Kosova erdhi me merit\u00eb deri k\u00ebtu"},"content":{"rendered":"<p>Prishtin\u00eb, 30.03.2026 20:59<\/p>\n<p>Trajneri i Turqis\u00eb, Vincenzo Montella, e ka vler\u00ebsuar maksimalisht Kosov\u00ebn p\u00ebr rrug\u00ebtimin e saj n\u00eb kualifikimet e Bot\u00ebrorit 2026.<\/p>\n<p>Komb\u00ebtarja turke ka arritur t\u00eb h\u00ebn\u00ebn n\u00eb Prishtin\u00eb, ku t\u00eb mart\u00ebn e pret ndeshja me Kosov\u00ebn, n\u00eb kuad\u00ebr t\u00eb faz\u00ebs &#8220;play off&#8221; p\u00ebr Kup\u00ebn e Bot\u00ebs.<\/p>\n<p>\u201cKosova ka ardhur deri k\u00ebtu me merit\u00eb. Ka nj\u00eb struktur\u00eb t\u00eb qart\u00eb taktike dhe ide loje. Do t\u00eb jet\u00eb nj\u00eb ndeshje finale dhe e fort\u00eb\u201d, ka th\u00ebn\u00eb tekniku italian.<\/p>\n<p>Montella b\u00ebri nj\u00eb p\u00ebrmbledhje t\u00eb pun\u00ebs s\u00eb tij n\u00eb krye t\u00eb Turqis\u00eb, duke theksuar rolin e madh t\u00eb lojtar\u00ebve.<\/p>\n<p>\u201cP\u00ebr mua, m\u00eb e r\u00ebnd\u00ebsishmja jan\u00eb futbollist\u00ebt. Ata jan\u00eb jo vet\u00ebm lojtar\u00eb t\u00eb m\u00ebdhenj, por edhe njer\u00ebz t\u00eb m\u00ebdhenj. Q\u00eb nga dita e par\u00eb kan\u00eb dh\u00ebn\u00eb gjith\u00e7ka p\u00ebr ekipin. \u00cbsht\u00eb krijuar nj\u00eb grup luftarak, ku secili luan p\u00ebr emrin e vendit dhe jo p\u00ebr veten\u201d, \u00ebsht\u00eb shprehur ai.<\/p>\n<p>Trajneri i Turqis\u00eb ka kujtuar edhe nj\u00eb nga fitoret m\u00eb t\u00eb r\u00ebnd\u00ebsishme t\u00eb ekipit t\u00eb tij, ndaj Komb\u00ebtarja e Kroacis\u00eb, duke theksuar se ajo ndeshje ishte pik\u00eb kthese p\u00ebr skuadr\u00ebn.<\/p>\n<p>Montella ka theksuar se mb\u00ebshtetja e Federat\u00ebs Turke ka qen\u00eb vendimtare p\u00ebr sukseset e fundit.<\/p>\n<p>\u201cJemi b\u00ebr\u00eb nj\u00eb komb\u00ebtare e respektuar n\u00eb bot\u00eb. Kemi avancuar n\u00eb Lig\u00ebn e Kombeve dhe n\u00eb renditjen e FIFA-s. Kjo \u00ebsht\u00eb merit\u00eb e lojtar\u00ebve dhe e mb\u00ebshtetjes q\u00eb kemi pasur\u201d, ka deklaruar ai.<\/p>\n<p>Duke folur p\u00ebr presionin e ndeshjes me Kosov\u00ebn, ai \u00ebsht\u00eb shprehur me tone optimizmi.<\/p>\n<p>\u201cKjo \u00ebsht\u00eb nj\u00eb finale dhe presioni \u00ebsht\u00eb normal. Prej nj\u00ebzet e kat\u00ebr vitesh nuk kemi qen\u00eb n\u00eb Bot\u00ebror, por lojtar\u00ebt e sot\u00ebm nuk jan\u00eb p\u00ebrgjegj\u00ebs p\u00ebr k\u00ebt\u00eb. K\u00ebt\u00eb her\u00eb duam t\u00eb shkojm\u00eb dhe do t\u00eb b\u00ebjm\u00eb maksimumin p\u00ebr vendin ton\u00eb\u201d, ka th\u00ebn\u00eb Montella.<\/p>\n<p>Ai ka shtuar se fokusi i vet\u00ebm i Turqis\u00eb \u00ebsht\u00eb ndeshja ndaj Kosov\u00ebs.<\/p>\n<p>\u201cNuk kemi menduar p\u00ebr kund\u00ebrshtar\u00eb t\u00eb tjer\u00eb n\u00eb Kup\u00ebn e Bot\u00ebs. Nuk kemi analizuar asnj\u00eb ekip tjet\u00ebr. I gjith\u00eb fokusi yn\u00eb \u00ebsht\u00eb vet\u00ebm te Kosova\u201d, ka thn\u00ebn\u00eb ai.<\/p>\n<p>Montella ka four edhe p\u00ebr respektin q\u00eb ka ndaj grupit t\u00eb tij, duke dh\u00ebn\u00eb nj\u00eb mesazh t\u00eb fort\u00eb para ndeshjes.<\/p>\n<p>\u201c\u00c7far\u00ebdo rezultati t\u00eb jet\u00eb, mendimi im p\u00ebr lojtar\u00ebt nuk ndryshon. Nuk i nd\u00ebrroj me asgj\u00eb. Ata jan\u00eb si familja ime\u201d, \u00ebsht\u00eb shprehur ai.<\/p>\n<p>Montella ka vler\u00ebsuar edhe cil\u00ebsit\u00eb e Kosov\u00ebs dhe ka paralajm\u00ebruar nj\u00eb p\u00ebrballje taktike.<\/p>\n<p>\u201cKosova ka pika t\u00eb forta dhe ne kemi punuar p\u00ebr t\u2019i neutralizuar ato. Do t\u00eb mundohemi t\u00eb nxjerrim n\u00eb pah edhe cil\u00ebsit\u00eb tona. Do t\u00eb jet\u00eb nj\u00eb ndeshje ndryshe\u201d, ka th\u00ebn\u00eb ai<\/p>\n","protected":false},"excerpt":{"rendered":"<p>Prishtin\u00eb, 30.03.2026 20:59 Trajneri i Turqis\u00eb, Vincenzo Montella, e ka vler\u00ebsuar maksimalisht Kosov\u00ebn p\u00ebr rrug\u00ebtimin e saj n\u00eb kualifikimet e Bot\u00ebrorit 2026. Komb\u00ebtarja turke ka<\/p>\n","protected":false},"author":7,"featured_media":40715,"comment_status":"open","ping_status":"open","sticky":false,"template":"","format":"standard","meta":{"footnotes":""},"categories":[5],"tags":[],"class_list":["post-40714","post","type-post","status-publish","format-standard","has-post-thumbnail","hentry","category-sport-sq"],"yoast_head":"<!-- This site is optimized with the Yoast SEO plugin v25.3.1 - https:\/\/yoast.com\/wordpress\/plugins\/seo\/ -->\n<title>Monetella: Kosova erdhi me merit\u00eb deri k\u00ebtu -<\/title>\n<meta name=\"robots\" content=\"index, follow, max-snippet:-1, max-image-preview:large, max-video-preview:-1\" \/>\n<link rel=\"canonical\" href=\"https:\/\/veritasinfo.org\/?p=40714\" \/>\n<meta property=\"og:locale\" content=\"en_US\" \/>\n<meta property=\"og:type\" content=\"article\" \/>\n<meta property=\"og:title\" content=\"Monetella: Kosova erdhi me merit\u00eb deri k\u00ebtu -\" \/>\n<meta property=\"og:description\" content=\"Prishtin\u00eb, 30.03.2026 20:59 Trajneri i Turqis\u00eb, Vincenzo Montella, e ka vler\u00ebsuar maksimalisht Kosov\u00ebn p\u00ebr rrug\u00ebtimin e saj n\u00eb kualifikimet e Bot\u00ebrorit 2026. Komb\u00ebtarja turke ka\" \/>\n<meta property=\"og:url\" content=\"https:\/\/veritasinfo.org\/?p=40714\" \/>\n<meta property=\"article:published_time\" content=\"2026-03-30T19:00:34+00:00\" \/>\n<meta property=\"article:modified_time\" content=\"2026-03-30T19:01:17+00:00\" \/>\n<meta property=\"og:image\" content=\"https:\/\/veritasinfo.org\/wp-content\/uploads\/2026\/03\/721145-z6Re5d6nBN.jpg\" \/>\n\t<meta property=\"og:image:width\" content=\"780\" \/>\n\t<meta property=\"og:image:height\" content=\"500\" \/>\n\t<meta property=\"og:image:type\" content=\"image\/jpeg\" \/>\n<meta name=\"author\" content=\"US6\" \/>\n<meta name=\"twitter:card\" content=\"summary_large_image\" \/>\n<meta name=\"twitter:label1\" content=\"Written by\" \/>\n\t<meta name=\"twitter:data1\" content=\"US6\" \/>\n\t<meta name=\"twitter:label2\" content=\"Est. reading time\" \/>\n\t<meta name=\"twitter:data2\" content=\"2 minutes\" \/>\n<script type=\"application\/ld+json\" class=\"yoast-schema-graph\">{\"@context\":\"https:\/\/schema.org\",\"@graph\":[{\"@type\":\"WebPage\",\"@id\":\"https:\/\/veritasinfo.org\/?p=40714\",\"url\":\"https:\/\/veritasinfo.org\/?p=40714\",\"name\":\"Monetella: Kosova erdhi me merit\u00eb deri k\u00ebtu -\",\"isPartOf\":{\"@id\":\"https:\/\/veritasinfo.org\/#website\"},\"primaryImageOfPage\":{\"@id\":\"https:\/\/veritasinfo.org\/?p=40714#primaryimage\"},\"image\":{\"@id\":\"https:\/\/veritasinfo.org\/?p=40714#primaryimage\"},\"thumbnailUrl\":\"https:\/\/veritasinfo.org\/wp-content\/uploads\/2026\/03\/721145-z6Re5d6nBN.jpg\",\"datePublished\":\"2026-03-30T19:00:34+00:00\",\"dateModified\":\"2026-03-30T19:01:17+00:00\",\"author\":{\"@id\":\"https:\/\/veritasinfo.org\/#\/schema\/person\/fe199eede04c3937362892b7444747cc\"},\"breadcrumb\":{\"@id\":\"https:\/\/veritasinfo.org\/?p=40714#breadcrumb\"},\"inLanguage\":\"en-US\",\"potentialAction\":[{\"@type\":\"ReadAction\",\"target\":[\"https:\/\/veritasinfo.org\/?p=40714\"]}]},{\"@type\":\"ImageObject\",\"inLanguage\":\"en-US\",\"@id\":\"https:\/\/veritasinfo.org\/?p=40714#primaryimage\",\"url\":\"https:\/\/veritasinfo.org\/wp-content\/uploads\/2026\/03\/721145-z6Re5d6nBN.jpg\",\"contentUrl\":\"https:\/\/veritasinfo.org\/wp-content\/uploads\/2026\/03\/721145-z6Re5d6nBN.jpg\",\"width\":780,\"height\":500},{\"@type\":\"BreadcrumbList\",\"@id\":\"https:\/\/veritasinfo.org\/?p=40714#breadcrumb\",\"itemListElement\":[{\"@type\":\"ListItem\",\"position\":1,\"name\":\"Home\",\"item\":\"https:\/\/veritasinfo.org\/\"},{\"@type\":\"ListItem\",\"position\":2,\"name\":\"Monetella: Kosova erdhi me merit\u00eb deri k\u00ebtu\"}]},{\"@type\":\"WebSite\",\"@id\":\"https:\/\/veritasinfo.org\/#website\",\"url\":\"https:\/\/veritasinfo.org\/\",\"name\":\"\",\"description\":\"\",\"potentialAction\":[{\"@type\":\"SearchAction\",\"target\":{\"@type\":\"EntryPoint\",\"urlTemplate\":\"https:\/\/veritasinfo.org\/?s={search_term_string}\"},\"query-input\":{\"@type\":\"PropertyValueSpecification\",\"valueRequired\":true,\"valueName\":\"search_term_string\"}}],\"inLanguage\":\"en-US\"},{\"@type\":\"Person\",\"@id\":\"https:\/\/veritasinfo.org\/#\/schema\/person\/fe199eede04c3937362892b7444747cc\",\"name\":\"US6\",\"image\":{\"@type\":\"ImageObject\",\"inLanguage\":\"en-US\",\"@id\":\"https:\/\/veritasinfo.org\/#\/schema\/person\/image\/\",\"url\":\"https:\/\/secure.gravatar.com\/avatar\/cb16c3c31c9d23b9b8c705964598220b3014e42ff51eb540ff23cefa3ae8c15f?s=96&d=mm&r=g\",\"contentUrl\":\"https:\/\/secure.gravatar.com\/avatar\/cb16c3c31c9d23b9b8c705964598220b3014e42ff51eb540ff23cefa3ae8c15f?s=96&d=mm&r=g\",\"caption\":\"US6\"},\"url\":\"https:\/\/veritasinfo.org\/?author=7\"}]}<\/script>\n<!-- \/ Yoast SEO plugin. -->","yoast_head_json":{"title":"Monetella: Kosova erdhi me merit\u00eb deri k\u00ebtu -","robots":{"index":"index","follow":"follow","max-snippet":"max-snippet:-1","max-image-preview":"max-image-preview:large","max-video-preview":"max-video-preview:-1"},"canonical":"https:\/\/veritasinfo.org\/?p=40714","og_locale":"en_US","og_type":"article","og_title":"Monetella: Kosova erdhi me merit\u00eb deri k\u00ebtu -","og_description":"Prishtin\u00eb, 30.03.2026 20:59 Trajneri i Turqis\u00eb, Vincenzo Montella, e ka vler\u00ebsuar maksimalisht Kosov\u00ebn p\u00ebr rrug\u00ebtimin e saj n\u00eb kualifikimet e Bot\u00ebrorit 2026. Komb\u00ebtarja turke ka","og_url":"https:\/\/veritasinfo.org\/?p=40714","article_published_time":"2026-03-30T19:00:34+00:00","article_modified_time":"2026-03-30T19:01:17+00:00","og_image":[{"width":780,"height":500,"url":"https:\/\/veritasinfo.org\/wp-content\/uploads\/2026\/03\/721145-z6Re5d6nBN.jpg","type":"image\/jpeg"}],"author":"US6","twitter_card":"summary_large_image","twitter_misc":{"Written by":"US6","Est. reading time":"2 minutes"},"schema":{"@context":"https:\/\/schema.org","@graph":[{"@type":"WebPage","@id":"https:\/\/veritasinfo.org\/?p=40714","url":"https:\/\/veritasinfo.org\/?p=40714","name":"Monetella: Kosova erdhi me merit\u00eb deri k\u00ebtu -","isPartOf":{"@id":"https:\/\/veritasinfo.org\/#website"},"primaryImageOfPage":{"@id":"https:\/\/veritasinfo.org\/?p=40714#primaryimage"},"image":{"@id":"https:\/\/veritasinfo.org\/?p=40714#primaryimage"},"thumbnailUrl":"https:\/\/veritasinfo.org\/wp-content\/uploads\/2026\/03\/721145-z6Re5d6nBN.jpg","datePublished":"2026-03-30T19:00:34+00:00","dateModified":"2026-03-30T19:01:17+00:00","author":{"@id":"https:\/\/veritasinfo.org\/#\/schema\/person\/fe199eede04c3937362892b7444747cc"},"breadcrumb":{"@id":"https:\/\/veritasinfo.org\/?p=40714#breadcrumb"},"inLanguage":"en-US","potentialAction":[{"@type":"ReadAction","target":["https:\/\/veritasinfo.org\/?p=40714"]}]},{"@type":"ImageObject","inLanguage":"en-US","@id":"https:\/\/veritasinfo.org\/?p=40714#primaryimage","url":"https:\/\/veritasinfo.org\/wp-content\/uploads\/2026\/03\/721145-z6Re5d6nBN.jpg","contentUrl":"https:\/\/veritasinfo.org\/wp-content\/uploads\/2026\/03\/721145-z6Re5d6nBN.jpg","width":780,"height":500},{"@type":"BreadcrumbList","@id":"https:\/\/veritasinfo.org\/?p=40714#breadcrumb","itemListElement":[{"@type":"ListItem","position":1,"name":"Home","item":"https:\/\/veritasinfo.org\/"},{"@type":"ListItem","position":2,"name":"Monetella: Kosova erdhi me merit\u00eb deri k\u00ebtu"}]},{"@type":"WebSite","@id":"https:\/\/veritasinfo.org\/#website","url":"https:\/\/veritasinfo.org\/","name":"","description":"","potentialAction":[{"@type":"SearchAction","target":{"@type":"EntryPoint","urlTemplate":"https:\/\/veritasinfo.org\/?s={search_term_string}"},"query-input":{"@type":"PropertyValueSpecification","valueRequired":true,"valueName":"search_term_string"}}],"inLanguage":"en-US"},{"@type":"Person","@id":"https:\/\/veritasinfo.org\/#\/schema\/person\/fe199eede04c3937362892b7444747cc","name":"US6","image":{"@type":"ImageObject","inLanguage":"en-US","@id":"https:\/\/veritasinfo.org\/#\/schema\/person\/image\/","url":"https:\/\/secure.gravatar.com\/avatar\/cb16c3c31c9d23b9b8c705964598220b3014e42ff51eb540ff23cefa3ae8c15f?s=96&d=mm&r=g","contentUrl":"https:\/\/secure.gravatar.com\/avatar\/cb16c3c31c9d23b9b8c705964598220b3014e42ff51eb540ff23cefa3ae8c15f?s=96&d=mm&r=g","caption":"US6"},"url":"https:\/\/veritasinfo.org\/?author=7"}]}},"featured_image_urls":{"full":["https:\/\/veritasinfo.org\/wp-content\/uploads\/2026\/03\/721145-z6Re5d6nBN.jpg",780,500,false],"thumbnail":["https:\/\/veritasinfo.org\/wp-content\/uploads\/2026\/03\/721145-z6Re5d6nBN-150x150.jpg",150,150,true],"medium":["https:\/\/veritasinfo.org\/wp-content\/uploads\/2026\/03\/721145-z6Re5d6nBN-300x192.jpg",300,192,true],"medium_large":["https:\/\/veritasinfo.org\/wp-content\/uploads\/2026\/03\/721145-z6Re5d6nBN-768x492.jpg",640,410,true],"large":["https:\/\/veritasinfo.org\/wp-content\/uploads\/2026\/03\/721145-z6Re5d6nBN.jpg",640,410,false],"1536x1536":["https:\/\/veritasinfo.org\/wp-content\/uploads\/2026\/03\/721145-z6Re5d6nBN.jpg",780,500,false],"2048x2048":["https:\/\/veritasinfo.org\/wp-content\/uploads\/2026\/03\/721145-z6Re5d6nBN.jpg",780,500,false],"kreeti-slider-full":["https:\/\/veritasinfo.org\/wp-content\/uploads\/2026\/03\/721145-z6Re5d6nBN.jpg",780,500,false],"kreeti-featured":["https:\/\/veritasinfo.org\/wp-content\/uploads\/2026\/03\/721145-z6Re5d6nBN.jpg",780,500,false],"kreeti-medium":["https:\/\/veritasinfo.org\/wp-content\/uploads\/2026\/03\/721145-z6Re5d6nBN.jpg",720,462,false],"kreeti-medium-square":["https:\/\/veritasinfo.org\/wp-content\/uploads\/2026\/03\/721145-z6Re5d6nBN.jpg",350,224,false]},"author_info":{"info":["US6"]},"category_info":"<a href=\"https:\/\/veritasinfo.org\/?cat=5\" rel=\"category\">Sport<\/a>","tag_info":"Sport","comment_count":"0","_links":{"self":[{"href":"https:\/\/veritasinfo.org\/index.php?rest_route=\/wp\/v2\/posts\/40714","targetHints":{"allow":["GET"]}}],"collection":[{"href":"https:\/\/veritasinfo.org\/index.php?rest_route=\/wp\/v2\/posts"}],"about":[{"href":"https:\/\/veritasinfo.org\/index.php?rest_route=\/wp\/v2\/types\/post"}],"author":[{"embeddable":true,"href":"https:\/\/veritasinfo.org\/index.php?rest_route=\/wp\/v2\/users\/7"}],"replies":[{"embeddable":true,"href":"https:\/\/veritasinfo.org\/index.php?rest_route=%2Fwp%2Fv2%2Fcomments&post=40714"}],"version-history":[{"count":1,"href":"https:\/\/veritasinfo.org\/index.php?rest_route=\/wp\/v2\/posts\/40714\/revisions"}],"predecessor-version":[{"id":40716,"href":"https:\/\/veritasinfo.org\/index.php?rest_route=\/wp\/v2\/posts\/40714\/revisions\/40716"}],"wp:featuredmedia":[{"embeddable":true,"href":"https:\/\/veritasinfo.org\/index.php?rest_route=\/wp\/v2\/media\/40715"}],"wp:attachment":[{"href":"https:\/\/veritasinfo.org\/index.php?rest_route=%2Fwp%2Fv2%2Fmedia&parent=40714"}],"wp:term":[{"taxonomy":"category","embeddable":true,"href":"https:\/\/veritasinfo.org\/index.php?rest_route=%2Fwp%2Fv2%2Fcategories&post=40714"},{"taxonomy":"post_tag","embeddable":true,"href":"https:\/\/veritasinfo.org\/index.php?rest_route=%2Fwp%2Fv2%2Ftags&post=40714"}],"curies":[{"name":"wp","href":"https:\/\/api.w.org\/{rel}","templated":true}]}}