{"id":40712,"date":"2026-03-30T20:00:35","date_gmt":"2026-03-30T18:00:35","guid":{"rendered":"https:\/\/veritasinfo.org\/?p=40712"},"modified":"2026-03-30T20:00:35","modified_gmt":"2026-03-30T18:00:35","slug":"kurti-potvrdjuje-da-ce-uskoro-poceti-razgovore-sa-opozicijom-za-predsednika","status":"publish","type":"post","link":"https:\/\/veritasinfo.org\/?p=40712&lang=sr","title":{"rendered":"Kurti potvr\u0111uje da c\u0301e uskoro po\u010deti razgovore sa opozicijom za predsednika"},"content":{"rendered":"<p>Pri\u0161tina, 30.03.2026 19:58<\/p>\n<p>Skup\u0161tina ima manje od 30 dana da izabere novog predsednika zemlje.<\/p>\n<p>Premijer Aljbin Kurti danas je potvrdio da c\u0301e uskoro po\u010deti da poziva lidere politi\u010dkih stranaka, kako bi se diskusije mogle nastaviti.<\/p>\n<p>\u201eSvakako c\u0301u pozvati lidere opozicionih stranaka kako bismo videli koji su na\u010dini da se dostigne broj od najmanje 80 poslanika. Za to c\u0301emo tako\u0111e uputiti pozive i bic\u0301e sastanaka, ali kakve c\u0301e ponude biti na tim sastancima, moramo sa\u010dekati da se ti sastanci odr\u017ee\u201c, rekao je Kurti.<\/p>\n<p>Kurti i dalje insistira da im je potrebno vi\u0161e glasova od minimalnog praga.<\/p>\n<p>\u201eNe verujem da je dobro biti samo 80 ili 81, potrebno je da budemo oko 84-86 da bismo bili sigurni da bismo tamo izabrali predsednika\u201c, rekao je premijer.<\/p>\n<p>Ovo pitanje je tako\u0111e razmatrano na sastanku Predsedni\u0161tva Skup\u0161tine.<\/p>\n<p>Predsednica Skup\u0161tine Albulena Had\u017eiju ka\u017ee da je predsedniku potrebna politi\u010dka volja.<\/p>\n<p>\u201eU vezi sa trenutnom situacijom, ono \u0161to je va\u017eno jeste volja, put do re\u0161enja, \u010dim postoji volja, bic\u0301e re\u0161eno. U tom smislu, ni Ustav, niti bilo koji zakon, niti Poslovnik Skup\u0161tine ne predvi\u0111aju situacije zabrane povla\u010denja kandidata ili potpisa, ili \u0161ta ako se doda jo\u0161 jedan kandidat jer bi moglo biti \u010detiri kandidata s obzirom na broj poslanika\u201c, rekla je Had\u017eiju.<\/p>\n<p>Poziv Samoopredeljenja jo\u0161 nije stigao do opozicionih stranaka.<\/p>\n<p>Poslanica PDK Vljora \u010citaku ka\u017ee da c\u0301e njihov stav zavisiti od sadr\u017eaja poziva.<\/p>\n<p>Demokratski savez Kosova ka\u017ee da c\u0301e u\u010destvovati na ovim sastancima, jer su uvek spremni za saradnju i dijalog.<\/p>\n<p>\u201eIzuzetno je va\u017eno da u ovoj fazi Kosovo dobije funkcionalne institucije i da funkcionalnost na\u0161e dr\u017eave nijednog trenutka ne bude naru\u0161ena. Dac\u0301emo svoj doprinos \u0161to se ti\u010de na\u0161e odgovornosti, ali ne smemo zaboraviti da glavna odgovornost le\u017ei na najvec\u0301oj stranci, koja ima najvec\u0301i broj poslanika i bez koje predsednik ne mo\u017ee biti izabran. Stoga, ako je njihova volja da imaju re\u0161enje, imac\u0301emo ga. Ako ne, Kosovo c\u0301e morati da ide na izbore, za koje je DSK spreman, ujedinjen i jedinstven da iza\u0111e na izbore. Gra\u0111ani su glasali da VV ima vladu, ali ne i predsednika\u201c, rekla je Jehona Lu\u0161aku.<\/p>\n<p>Me\u0111utim, Alijansa za buduc\u0301nost Kosova ima druga\u010diji stav.<\/p>\n<p>\u0160ef parlamentarne grupe AAK, Besnik Tahiri, ka\u017ee da ne u\u010destvuju u sastanku jedan na jedan sa premijerom samo zbog javnog spektakla.<\/p>\n<p>\u201eDa biste postali predsednik Kosova, potrebno je da imate 80 glasova. Da biste imali 80 glasova, potrebno je da postignete dogovor. Ovaj dogovor nije bio potreban jer je bio potreban dvoje ljudi iz va\u0161e stranke. Koliko je ovo jednostavno? Nema ni\u0161ta, poku\u0161avamo nekom vrstom zavere &#8216;sastao se ovaj i taj, sastao se taj i taj&#8217;. Nije bilo potrebno! Onda je bilo potrebno, proces konsultacija je pokrenut na po\u010detku, okrugli sto, razgovarali su o tome koji profil, koje kriterijume, koji potencijal treba pratiti. Nije bilo potrebno. Da u\u0111u u javni spektakl u politi\u010dke svrhe?\u201c, rekla je Tahiri.<\/p>\n<p>Presudom Ustavnog suda, poslanici Skup\u0161tine Kosova imaju rok do 28. marta da izaberu predsednika.<\/p>\n","protected":false},"excerpt":{"rendered":"<p>Pri\u0161tina, 30.03.2026 19:58 Skup\u0161tina ima manje od 30 dana da izabere novog predsednika zemlje. Premijer Aljbin Kurti danas je potvrdio da c\u0301e uskoro po\u010deti da<\/p>\n","protected":false},"author":7,"featured_media":38549,"comment_status":"open","ping_status":"open","sticky":false,"template":"","format":"standard","meta":{"footnotes":""},"categories":[28],"tags":[],"class_list":["post-40712","post","type-post","status-publish","format-standard","has-post-thumbnail","hentry","category-politika"],"yoast_head":"<!-- This site is optimized with the Yoast SEO plugin v25.3.1 - https:\/\/yoast.com\/wordpress\/plugins\/seo\/ -->\n<title>Kurti potvr\u0111uje da c\u0301e uskoro po\u010deti razgovore sa opozicijom za predsednika -<\/title>\n<meta name=\"robots\" content=\"index, follow, max-snippet:-1, max-image-preview:large, max-video-preview:-1\" \/>\n<link rel=\"canonical\" href=\"https:\/\/veritasinfo.org\/?p=40712&lang=sr\" \/>\n<meta property=\"og:locale\" content=\"en_US\" \/>\n<meta property=\"og:type\" content=\"article\" \/>\n<meta property=\"og:title\" content=\"Kurti potvr\u0111uje da c\u0301e uskoro po\u010deti razgovore sa opozicijom za predsednika -\" \/>\n<meta property=\"og:description\" content=\"Pri\u0161tina, 30.03.2026 19:58 Skup\u0161tina ima manje od 30 dana da izabere novog predsednika zemlje. Premijer Aljbin Kurti danas je potvrdio da c\u0301e uskoro po\u010deti da\" \/>\n<meta property=\"og:url\" content=\"https:\/\/veritasinfo.org\/?p=40712&amp;lang=sr\" \/>\n<meta property=\"article:published_time\" content=\"2026-03-30T18:00:35+00:00\" \/>\n<meta property=\"og:image\" content=\"https:\/\/veritasinfo.org\/wp-content\/uploads\/2026\/03\/Albin-Kurti-Qeveria-e-Kosoves-1.webp\" \/>\n\t<meta property=\"og:image:width\" content=\"960\" \/>\n\t<meta property=\"og:image:height\" content=\"640\" \/>\n\t<meta property=\"og:image:type\" content=\"image\/webp\" \/>\n<meta name=\"author\" content=\"US6\" \/>\n<meta name=\"twitter:card\" content=\"summary_large_image\" \/>\n<meta name=\"twitter:label1\" content=\"Written by\" \/>\n\t<meta name=\"twitter:data1\" content=\"US6\" \/>\n\t<meta name=\"twitter:label2\" content=\"Est. reading time\" \/>\n\t<meta name=\"twitter:data2\" content=\"3 minutes\" \/>\n<script type=\"application\/ld+json\" class=\"yoast-schema-graph\">{\"@context\":\"https:\/\/schema.org\",\"@graph\":[{\"@type\":\"WebPage\",\"@id\":\"https:\/\/veritasinfo.org\/?p=40712&lang=sr\",\"url\":\"https:\/\/veritasinfo.org\/?p=40712&lang=sr\",\"name\":\"Kurti potvr\u0111uje da c\u0301e uskoro po\u010deti razgovore sa opozicijom za predsednika -\",\"isPartOf\":{\"@id\":\"https:\/\/veritasinfo.org\/#website\"},\"primaryImageOfPage\":{\"@id\":\"https:\/\/veritasinfo.org\/?p=40712&lang=sr#primaryimage\"},\"image\":{\"@id\":\"https:\/\/veritasinfo.org\/?p=40712&lang=sr#primaryimage\"},\"thumbnailUrl\":\"https:\/\/veritasinfo.org\/wp-content\/uploads\/2026\/03\/Albin-Kurti-Qeveria-e-Kosoves-1.webp\",\"datePublished\":\"2026-03-30T18:00:35+00:00\",\"author\":{\"@id\":\"https:\/\/veritasinfo.org\/#\/schema\/person\/fe199eede04c3937362892b7444747cc\"},\"breadcrumb\":{\"@id\":\"https:\/\/veritasinfo.org\/?p=40712&lang=sr#breadcrumb\"},\"inLanguage\":\"en-US\",\"potentialAction\":[{\"@type\":\"ReadAction\",\"target\":[\"https:\/\/veritasinfo.org\/?p=40712&lang=sr\"]}]},{\"@type\":\"ImageObject\",\"inLanguage\":\"en-US\",\"@id\":\"https:\/\/veritasinfo.org\/?p=40712&lang=sr#primaryimage\",\"url\":\"https:\/\/veritasinfo.org\/wp-content\/uploads\/2026\/03\/Albin-Kurti-Qeveria-e-Kosoves-1.webp\",\"contentUrl\":\"https:\/\/veritasinfo.org\/wp-content\/uploads\/2026\/03\/Albin-Kurti-Qeveria-e-Kosoves-1.webp\",\"width\":960,\"height\":640},{\"@type\":\"BreadcrumbList\",\"@id\":\"https:\/\/veritasinfo.org\/?p=40712&lang=sr#breadcrumb\",\"itemListElement\":[{\"@type\":\"ListItem\",\"position\":1,\"name\":\"Home\",\"item\":\"https:\/\/veritasinfo.org\/\"},{\"@type\":\"ListItem\",\"position\":2,\"name\":\"Kurti potvr\u0111uje da c\u0301e uskoro po\u010deti razgovore sa opozicijom za predsednika\"}]},{\"@type\":\"WebSite\",\"@id\":\"https:\/\/veritasinfo.org\/#website\",\"url\":\"https:\/\/veritasinfo.org\/\",\"name\":\"\",\"description\":\"\",\"potentialAction\":[{\"@type\":\"SearchAction\",\"target\":{\"@type\":\"EntryPoint\",\"urlTemplate\":\"https:\/\/veritasinfo.org\/?s={search_term_string}\"},\"query-input\":{\"@type\":\"PropertyValueSpecification\",\"valueRequired\":true,\"valueName\":\"search_term_string\"}}],\"inLanguage\":\"en-US\"},{\"@type\":\"Person\",\"@id\":\"https:\/\/veritasinfo.org\/#\/schema\/person\/fe199eede04c3937362892b7444747cc\",\"name\":\"US6\",\"image\":{\"@type\":\"ImageObject\",\"inLanguage\":\"en-US\",\"@id\":\"https:\/\/veritasinfo.org\/#\/schema\/person\/image\/\",\"url\":\"https:\/\/secure.gravatar.com\/avatar\/cb16c3c31c9d23b9b8c705964598220b3014e42ff51eb540ff23cefa3ae8c15f?s=96&d=mm&r=g\",\"contentUrl\":\"https:\/\/secure.gravatar.com\/avatar\/cb16c3c31c9d23b9b8c705964598220b3014e42ff51eb540ff23cefa3ae8c15f?s=96&d=mm&r=g\",\"caption\":\"US6\"},\"url\":\"https:\/\/veritasinfo.org\/?author=7\"}]}<\/script>\n<!-- \/ Yoast SEO plugin. -->","yoast_head_json":{"title":"Kurti potvr\u0111uje da c\u0301e uskoro po\u010deti razgovore sa opozicijom za predsednika -","robots":{"index":"index","follow":"follow","max-snippet":"max-snippet:-1","max-image-preview":"max-image-preview:large","max-video-preview":"max-video-preview:-1"},"canonical":"https:\/\/veritasinfo.org\/?p=40712&lang=sr","og_locale":"en_US","og_type":"article","og_title":"Kurti potvr\u0111uje da c\u0301e uskoro po\u010deti razgovore sa opozicijom za predsednika -","og_description":"Pri\u0161tina, 30.03.2026 19:58 Skup\u0161tina ima manje od 30 dana da izabere novog predsednika zemlje. Premijer Aljbin Kurti danas je potvrdio da c\u0301e uskoro po\u010deti da","og_url":"https:\/\/veritasinfo.org\/?p=40712&lang=sr","article_published_time":"2026-03-30T18:00:35+00:00","og_image":[{"width":960,"height":640,"url":"https:\/\/veritasinfo.org\/wp-content\/uploads\/2026\/03\/Albin-Kurti-Qeveria-e-Kosoves-1.webp","type":"image\/webp"}],"author":"US6","twitter_card":"summary_large_image","twitter_misc":{"Written by":"US6","Est. reading time":"3 minutes"},"schema":{"@context":"https:\/\/schema.org","@graph":[{"@type":"WebPage","@id":"https:\/\/veritasinfo.org\/?p=40712&lang=sr","url":"https:\/\/veritasinfo.org\/?p=40712&lang=sr","name":"Kurti potvr\u0111uje da c\u0301e uskoro po\u010deti razgovore sa opozicijom za predsednika -","isPartOf":{"@id":"https:\/\/veritasinfo.org\/#website"},"primaryImageOfPage":{"@id":"https:\/\/veritasinfo.org\/?p=40712&lang=sr#primaryimage"},"image":{"@id":"https:\/\/veritasinfo.org\/?p=40712&lang=sr#primaryimage"},"thumbnailUrl":"https:\/\/veritasinfo.org\/wp-content\/uploads\/2026\/03\/Albin-Kurti-Qeveria-e-Kosoves-1.webp","datePublished":"2026-03-30T18:00:35+00:00","author":{"@id":"https:\/\/veritasinfo.org\/#\/schema\/person\/fe199eede04c3937362892b7444747cc"},"breadcrumb":{"@id":"https:\/\/veritasinfo.org\/?p=40712&lang=sr#breadcrumb"},"inLanguage":"en-US","potentialAction":[{"@type":"ReadAction","target":["https:\/\/veritasinfo.org\/?p=40712&lang=sr"]}]},{"@type":"ImageObject","inLanguage":"en-US","@id":"https:\/\/veritasinfo.org\/?p=40712&lang=sr#primaryimage","url":"https:\/\/veritasinfo.org\/wp-content\/uploads\/2026\/03\/Albin-Kurti-Qeveria-e-Kosoves-1.webp","contentUrl":"https:\/\/veritasinfo.org\/wp-content\/uploads\/2026\/03\/Albin-Kurti-Qeveria-e-Kosoves-1.webp","width":960,"height":640},{"@type":"BreadcrumbList","@id":"https:\/\/veritasinfo.org\/?p=40712&lang=sr#breadcrumb","itemListElement":[{"@type":"ListItem","position":1,"name":"Home","item":"https:\/\/veritasinfo.org\/"},{"@type":"ListItem","position":2,"name":"Kurti potvr\u0111uje da c\u0301e uskoro po\u010deti razgovore sa opozicijom za predsednika"}]},{"@type":"WebSite","@id":"https:\/\/veritasinfo.org\/#website","url":"https:\/\/veritasinfo.org\/","name":"","description":"","potentialAction":[{"@type":"SearchAction","target":{"@type":"EntryPoint","urlTemplate":"https:\/\/veritasinfo.org\/?s={search_term_string}"},"query-input":{"@type":"PropertyValueSpecification","valueRequired":true,"valueName":"search_term_string"}}],"inLanguage":"en-US"},{"@type":"Person","@id":"https:\/\/veritasinfo.org\/#\/schema\/person\/fe199eede04c3937362892b7444747cc","name":"US6","image":{"@type":"ImageObject","inLanguage":"en-US","@id":"https:\/\/veritasinfo.org\/#\/schema\/person\/image\/","url":"https:\/\/secure.gravatar.com\/avatar\/cb16c3c31c9d23b9b8c705964598220b3014e42ff51eb540ff23cefa3ae8c15f?s=96&d=mm&r=g","contentUrl":"https:\/\/secure.gravatar.com\/avatar\/cb16c3c31c9d23b9b8c705964598220b3014e42ff51eb540ff23cefa3ae8c15f?s=96&d=mm&r=g","caption":"US6"},"url":"https:\/\/veritasinfo.org\/?author=7"}]}},"featured_image_urls":{"full":["https:\/\/veritasinfo.org\/wp-content\/uploads\/2026\/03\/Albin-Kurti-Qeveria-e-Kosoves-1.webp",960,640,false],"thumbnail":["https:\/\/veritasinfo.org\/wp-content\/uploads\/2026\/03\/Albin-Kurti-Qeveria-e-Kosoves-1-150x150.webp",150,150,true],"medium":["https:\/\/veritasinfo.org\/wp-content\/uploads\/2026\/03\/Albin-Kurti-Qeveria-e-Kosoves-1-300x200.webp",300,200,true],"medium_large":["https:\/\/veritasinfo.org\/wp-content\/uploads\/2026\/03\/Albin-Kurti-Qeveria-e-Kosoves-1-768x512.webp",640,427,true],"large":["https:\/\/veritasinfo.org\/wp-content\/uploads\/2026\/03\/Albin-Kurti-Qeveria-e-Kosoves-1.webp",640,427,false],"1536x1536":["https:\/\/veritasinfo.org\/wp-content\/uploads\/2026\/03\/Albin-Kurti-Qeveria-e-Kosoves-1.webp",960,640,false],"2048x2048":["https:\/\/veritasinfo.org\/wp-content\/uploads\/2026\/03\/Albin-Kurti-Qeveria-e-Kosoves-1.webp",960,640,false],"kreeti-slider-full":["https:\/\/veritasinfo.org\/wp-content\/uploads\/2026\/03\/Albin-Kurti-Qeveria-e-Kosoves-1.webp",960,640,false],"kreeti-featured":["https:\/\/veritasinfo.org\/wp-content\/uploads\/2026\/03\/Albin-Kurti-Qeveria-e-Kosoves-1.webp",960,640,false],"kreeti-medium":["https:\/\/veritasinfo.org\/wp-content\/uploads\/2026\/03\/Albin-Kurti-Qeveria-e-Kosoves-1.webp",720,480,false],"kreeti-medium-square":["https:\/\/veritasinfo.org\/wp-content\/uploads\/2026\/03\/Albin-Kurti-Qeveria-e-Kosoves-1.webp",350,233,false]},"author_info":{"info":["US6"]},"category_info":"<a href=\"https:\/\/veritasinfo.org\/?cat=28&#038;lang=sr\" rel=\"category\">Politika<\/a>","tag_info":"Politika","comment_count":"0","_links":{"self":[{"href":"https:\/\/veritasinfo.org\/index.php?rest_route=\/wp\/v2\/posts\/40712","targetHints":{"allow":["GET"]}}],"collection":[{"href":"https:\/\/veritasinfo.org\/index.php?rest_route=\/wp\/v2\/posts"}],"about":[{"href":"https:\/\/veritasinfo.org\/index.php?rest_route=\/wp\/v2\/types\/post"}],"author":[{"embeddable":true,"href":"https:\/\/veritasinfo.org\/index.php?rest_route=\/wp\/v2\/users\/7"}],"replies":[{"embeddable":true,"href":"https:\/\/veritasinfo.org\/index.php?rest_route=%2Fwp%2Fv2%2Fcomments&post=40712"}],"version-history":[{"count":1,"href":"https:\/\/veritasinfo.org\/index.php?rest_route=\/wp\/v2\/posts\/40712\/revisions"}],"predecessor-version":[{"id":40713,"href":"https:\/\/veritasinfo.org\/index.php?rest_route=\/wp\/v2\/posts\/40712\/revisions\/40713"}],"wp:featuredmedia":[{"embeddable":true,"href":"https:\/\/veritasinfo.org\/index.php?rest_route=\/wp\/v2\/media\/38549"}],"wp:attachment":[{"href":"https:\/\/veritasinfo.org\/index.php?rest_route=%2Fwp%2Fv2%2Fmedia&parent=40712"}],"wp:term":[{"taxonomy":"category","embeddable":true,"href":"https:\/\/veritasinfo.org\/index.php?rest_route=%2Fwp%2Fv2%2Fcategories&post=40712"},{"taxonomy":"post_tag","embeddable":true,"href":"https:\/\/veritasinfo.org\/index.php?rest_route=%2Fwp%2Fv2%2Ftags&post=40712"}],"curies":[{"name":"wp","href":"https:\/\/api.w.org\/{rel}","templated":true}]}}