{"id":40710,"date":"2026-03-30T19:58:29","date_gmt":"2026-03-30T17:58:29","guid":{"rendered":"https:\/\/veritasinfo.org\/?p=40710"},"modified":"2026-03-30T19:58:29","modified_gmt":"2026-03-30T17:58:29","slug":"kurti-konfirmon-se-se-shpejti-nis-bisedimet-me-opoziten-per-presidentin","status":"publish","type":"post","link":"https:\/\/veritasinfo.org\/?p=40710","title":{"rendered":"Kurti konfirmon se s\u00eb shpejti nis bisedimet me opozit\u00ebn p\u00ebr presidentin"},"content":{"rendered":"<p>Prishtin\u00eb, 30.03.2026 19:58<\/p>\n<p>Kuvendit i kan\u00eb mbetur m\u00eb pak se 30 dit\u00eb koh\u00eb, p\u00ebr t\u00eb zgjedhur Presidentin e ri t\u00eb vendit.<\/p>\n<p>Kryeministri Albin Kurti, konfirmoi sot se s\u00eb shpejti do t\u00eb nis ftesat p\u00ebr krer\u00ebt e partive politike, n\u00eb m\u00ebnyr\u00eb q\u00eb t\u00eb rifillojn\u00eb diskutimet.<\/p>\n<p>\u201cPadyshim q\u00eb do t\u00eb b\u00ebj ftesa p\u00ebr kryetar\u00ebt e partive opozitare n\u00eb m\u00ebnyr\u00eb q\u00eb t\u00eb shohim se cilat jan\u00eb rrug\u00ebt ashtu q\u00eb t\u00eb arrijm\u00eb numrin prej s\u00eb paku 80 deputet\u00ebve. P\u00ebr k\u00ebt\u00eb do t\u00eb b\u00ebjm\u00eb edhe ftesa e do t\u00eb ket\u00eb edhe takime, por \u00e7far\u00eb ofertash do t\u00eb ket\u00eb n\u00eb ato takime duhet t\u00eb presim q\u00eb t\u00eb ndodhin ato takime\u201d, tha Kurti.<\/p>\n<p>Kurti vazhdon t\u00eb insistoj se u duhen m\u00eb shum\u00eb vota se pragu minimal.<\/p>\n<p>\u201cUn\u00eb nuk besoj q\u00eb \u00ebsht\u00eb mir\u00eb t\u00eb jemi ve\u00e7se 80 apo 81, duhet t\u00eb jemi rreth 84-86 q\u00eb t\u00eb jemi t\u00eb sigurt n\u00eb m\u00ebnyr\u00eb q\u00eb ta zgjedhim presidentin aty\u201d, u shpreh kryeministri.<\/p>\n<p>P\u00ebr k\u00ebt\u00eb \u00e7\u00ebshtje, u diskutua edhe n\u00eb mbledhjen e kryesis\u00eb s\u00eb Kuvendit.<\/p>\n<p>Kryeparlamentarja Albulena Haxhiu, thot\u00eb se p\u00ebr Presidentin duhet vullnet politik.<\/p>\n<p>\u201cN\u00eb raport me situat\u00ebn aktuale, \u00e7ka \u00ebsht\u00eb e r\u00ebnd\u00ebsishme \u00ebsht\u00eb vullneti, rruga p\u00ebr t\u00eb arritur te zgjidhja, sapo t\u00eb ket\u00eb vullnet do t\u00eb zgjidhet. N\u00eb k\u00ebt\u00eb drejtim, as Kushtetuta, as ndonj\u00eb ligj, as Rregullorja e pun\u00ebs s\u00eb Kuvendit nuk parasheh situata t\u00eb ndalimit t\u00eb t\u00ebrheqjes ose t\u00eb kandidatit ose t\u00eb n\u00ebnshkrimeve, ose \u00e7ka n\u00ebse shtohet edhe nj\u00eb kandidat sepse mund t\u00eb jen\u00eb kat\u00ebr kandidat duke pasur parasysh numrin e deputet\u00ebve\u201d, tha Haxhiu.<\/p>\n<p>Ftesa e Vet\u00ebvendosjes akoma nuk ka mb\u00ebrritur tek partit\u00eb opozitare.<\/p>\n<p>Deputetja e PDK-s\u00eb, Vlora \u00c7itaku, thot\u00eb se q\u00ebndrimi i tyre do t\u00eb varet nga p\u00ebrmbajtja e ftest\u00ebs.<\/p>\n<p>Nga Lidhja Demokratike e Kosov\u00ebs, thon\u00eb se n\u00eb k\u00ebto takime do t\u00eb marrin pjes\u00eb, pasi jan\u00eb gjithmon\u00eb t\u00eb gatsh\u00ebm p\u00ebr bashk\u00ebpunim e dialog.<\/p>\n<p>\u201c\u00cbsht\u00eb tep\u00ebr e r\u00ebnd\u00ebsishme q\u00eb n\u00eb k\u00ebt\u00eb faz\u00eb Kosov\u00ebs t\u2019i jepen institucione funksionale dhe t\u00eb mos cenohet p\u00ebr asnj\u00eb \u00e7ast funksionaliteti i shtetit ton\u00eb. Ne do t\u00eb japim kontributin ton\u00eb p\u00ebr aq sa \u00ebsht\u00eb p\u00ebrgjegj\u00ebsia jon\u00eb, por nuk duhet harruar se p\u00ebrgjegj\u00ebsin\u00eb kryesore e bart partia m\u00eb e madhe, q\u00eb ka numrin m\u00eb t\u00eb madh t\u00eb deputet\u00ebve dhe pa t\u00eb cil\u00ebn nuk mund t\u00eb zgjidhet presidenti. Prandaj, n\u00ebse vullneti i tyre \u00ebsht\u00eb q\u00eb t\u00eb ket\u00eb nj\u00eb zgjidhje, do t\u00eb kemi. N\u00ebse jo, Kosov\u00ebs i mbetet t\u00eb shkoj\u00eb drejt zgjedhjeve, p\u00ebr \u00e7ka LDK-ja \u00ebsht\u00eb e gatshme, e bashkuar dhe unike p\u00ebr t\u00eb shkuar drejt zgjedhjeve. Qytetar\u00ebt kan\u00eb votuar q\u00eb VV ta ket\u00eb qeverisjen, por jo edhe presidentin\u201d, u shpreh Jehona Lushaku.<\/p>\n<p>Mir\u00ebpo, q\u00ebndrim tjet\u00ebr kan\u00eb n\u00eb Aleanc\u00ebn p\u00ebr Ardhm\u00ebrin\u00eb e Kosov\u00ebs.<\/p>\n<p>Shefi i grupit parlamentar t\u00eb AAK-s\u00eb, Besnik Tahiri thon\u00eb se nuk marrin pjes\u00eb n\u00eb nj\u00eb takim tek a tek me kryeministrin vet\u00ebm sa p\u00ebr spektak\u00ebl publik.<\/p>\n<p>\u201cP\u00ebr me u ba presidenti i Kosov\u00ebs, duhesh me i pas 80 vota. P\u00ebr me i pas 80 vota, duhesh me arrit nji marr\u00ebveshje. K\u00ebt\u00eb marr\u00ebveshje nuk e ka dasht\u00eb p\u00ebr shkak se i ka dasht\u00eb dy njer\u00ebz t\u00eb partis\u00eb t\u2019vet. Qaq asht kjo pun\u00eb e thjesht\u00eb. Nuk ka kurrfar\u00eb, po mundohemi me nji far\u00eb konspiracioni \u2018u takuen kta, u takuen kta\u2019. S\u2019ka dasht\u00eb! Me pas dasht\u00eb, ishte u nis procesi i konsultimit n\u2019fillim, nji tryez\u00eb, kisht diskutu \u00e7far\u00eb profili, \u00e7far\u00eb kriteri, \u00e7far\u00eb potenciali duhet me pas. Nuk ka dasht\u00eb. A p\u00ebr me hy n\u00eb nji spektak\u00ebl publik p\u00ebr q\u00ebllime politike?\u201d, tha Tahiri.<\/p>\n<p>Me aktgjykimin e Gjykat\u00ebs Kushtetuese, deputet\u00ebt e Kuvendit t\u00eb Kosov\u00ebs kan\u00eb koh\u00eb deri m\u00eb 28 mars p\u00ebr zgjedhjen e presidentit<\/p>\n","protected":false},"excerpt":{"rendered":"<p>Prishtin\u00eb, 30.03.2026 19:58 Kuvendit i kan\u00eb mbetur m\u00eb pak se 30 dit\u00eb koh\u00eb, p\u00ebr t\u00eb zgjedhur Presidentin e ri t\u00eb vendit. Kryeministri Albin Kurti, konfirmoi<\/p>\n","protected":false},"author":7,"featured_media":39276,"comment_status":"open","ping_status":"open","sticky":false,"template":"","format":"standard","meta":{"footnotes":""},"categories":[58],"tags":[],"class_list":["post-40710","post","type-post","status-publish","format-standard","has-post-thumbnail","hentry","category-politike-sq"],"yoast_head":"<!-- This site is optimized with the Yoast SEO plugin v25.3.1 - https:\/\/yoast.com\/wordpress\/plugins\/seo\/ -->\n<title>Kurti konfirmon se s\u00eb shpejti nis bisedimet me opozit\u00ebn p\u00ebr presidentin -<\/title>\n<meta name=\"robots\" content=\"index, follow, max-snippet:-1, max-image-preview:large, max-video-preview:-1\" \/>\n<link rel=\"canonical\" href=\"https:\/\/veritasinfo.org\/?p=40710\" \/>\n<meta property=\"og:locale\" content=\"en_US\" \/>\n<meta property=\"og:type\" content=\"article\" \/>\n<meta property=\"og:title\" content=\"Kurti konfirmon se s\u00eb shpejti nis bisedimet me opozit\u00ebn p\u00ebr presidentin -\" \/>\n<meta property=\"og:description\" content=\"Prishtin\u00eb, 30.03.2026 19:58 Kuvendit i kan\u00eb mbetur m\u00eb pak se 30 dit\u00eb koh\u00eb, p\u00ebr t\u00eb zgjedhur Presidentin e ri t\u00eb vendit. Kryeministri Albin Kurti, konfirmoi\" \/>\n<meta property=\"og:url\" content=\"https:\/\/veritasinfo.org\/?p=40710\" \/>\n<meta property=\"article:published_time\" content=\"2026-03-30T17:58:29+00:00\" \/>\n<meta property=\"og:image\" content=\"https:\/\/veritasinfo.org\/wp-content\/uploads\/2026\/03\/900-0-1756885667xpa-dorezimin-e-radoicicit-ska-albin-kurti-zbulon-kushtet-qe-vendosi-ne-bruksel-per-dialogun-me-serbine-346-600x360-1.png\" \/>\n\t<meta property=\"og:image:width\" content=\"600\" \/>\n\t<meta property=\"og:image:height\" content=\"360\" \/>\n\t<meta property=\"og:image:type\" content=\"image\/png\" \/>\n<meta name=\"author\" content=\"US6\" \/>\n<meta name=\"twitter:card\" content=\"summary_large_image\" \/>\n<meta name=\"twitter:label1\" content=\"Written by\" \/>\n\t<meta name=\"twitter:data1\" content=\"US6\" \/>\n\t<meta name=\"twitter:label2\" content=\"Est. reading time\" \/>\n\t<meta name=\"twitter:data2\" content=\"3 minutes\" \/>\n<script type=\"application\/ld+json\" class=\"yoast-schema-graph\">{\"@context\":\"https:\/\/schema.org\",\"@graph\":[{\"@type\":\"WebPage\",\"@id\":\"https:\/\/veritasinfo.org\/?p=40710\",\"url\":\"https:\/\/veritasinfo.org\/?p=40710\",\"name\":\"Kurti konfirmon se s\u00eb shpejti nis bisedimet me opozit\u00ebn p\u00ebr presidentin -\",\"isPartOf\":{\"@id\":\"https:\/\/veritasinfo.org\/#website\"},\"primaryImageOfPage\":{\"@id\":\"https:\/\/veritasinfo.org\/?p=40710#primaryimage\"},\"image\":{\"@id\":\"https:\/\/veritasinfo.org\/?p=40710#primaryimage\"},\"thumbnailUrl\":\"https:\/\/veritasinfo.org\/wp-content\/uploads\/2026\/03\/900-0-1756885667xpa-dorezimin-e-radoicicit-ska-albin-kurti-zbulon-kushtet-qe-vendosi-ne-bruksel-per-dialogun-me-serbine-346-600x360-1.png\",\"datePublished\":\"2026-03-30T17:58:29+00:00\",\"author\":{\"@id\":\"https:\/\/veritasinfo.org\/#\/schema\/person\/fe199eede04c3937362892b7444747cc\"},\"breadcrumb\":{\"@id\":\"https:\/\/veritasinfo.org\/?p=40710#breadcrumb\"},\"inLanguage\":\"en-US\",\"potentialAction\":[{\"@type\":\"ReadAction\",\"target\":[\"https:\/\/veritasinfo.org\/?p=40710\"]}]},{\"@type\":\"ImageObject\",\"inLanguage\":\"en-US\",\"@id\":\"https:\/\/veritasinfo.org\/?p=40710#primaryimage\",\"url\":\"https:\/\/veritasinfo.org\/wp-content\/uploads\/2026\/03\/900-0-1756885667xpa-dorezimin-e-radoicicit-ska-albin-kurti-zbulon-kushtet-qe-vendosi-ne-bruksel-per-dialogun-me-serbine-346-600x360-1.png\",\"contentUrl\":\"https:\/\/veritasinfo.org\/wp-content\/uploads\/2026\/03\/900-0-1756885667xpa-dorezimin-e-radoicicit-ska-albin-kurti-zbulon-kushtet-qe-vendosi-ne-bruksel-per-dialogun-me-serbine-346-600x360-1.png\",\"width\":600,\"height\":360},{\"@type\":\"BreadcrumbList\",\"@id\":\"https:\/\/veritasinfo.org\/?p=40710#breadcrumb\",\"itemListElement\":[{\"@type\":\"ListItem\",\"position\":1,\"name\":\"Home\",\"item\":\"https:\/\/veritasinfo.org\/\"},{\"@type\":\"ListItem\",\"position\":2,\"name\":\"Kurti konfirmon se s\u00eb shpejti nis bisedimet me opozit\u00ebn p\u00ebr presidentin\"}]},{\"@type\":\"WebSite\",\"@id\":\"https:\/\/veritasinfo.org\/#website\",\"url\":\"https:\/\/veritasinfo.org\/\",\"name\":\"\",\"description\":\"\",\"potentialAction\":[{\"@type\":\"SearchAction\",\"target\":{\"@type\":\"EntryPoint\",\"urlTemplate\":\"https:\/\/veritasinfo.org\/?s={search_term_string}\"},\"query-input\":{\"@type\":\"PropertyValueSpecification\",\"valueRequired\":true,\"valueName\":\"search_term_string\"}}],\"inLanguage\":\"en-US\"},{\"@type\":\"Person\",\"@id\":\"https:\/\/veritasinfo.org\/#\/schema\/person\/fe199eede04c3937362892b7444747cc\",\"name\":\"US6\",\"image\":{\"@type\":\"ImageObject\",\"inLanguage\":\"en-US\",\"@id\":\"https:\/\/veritasinfo.org\/#\/schema\/person\/image\/\",\"url\":\"https:\/\/secure.gravatar.com\/avatar\/cb16c3c31c9d23b9b8c705964598220b3014e42ff51eb540ff23cefa3ae8c15f?s=96&d=mm&r=g\",\"contentUrl\":\"https:\/\/secure.gravatar.com\/avatar\/cb16c3c31c9d23b9b8c705964598220b3014e42ff51eb540ff23cefa3ae8c15f?s=96&d=mm&r=g\",\"caption\":\"US6\"},\"url\":\"https:\/\/veritasinfo.org\/?author=7\"}]}<\/script>\n<!-- \/ Yoast SEO plugin. -->","yoast_head_json":{"title":"Kurti konfirmon se s\u00eb shpejti nis bisedimet me opozit\u00ebn p\u00ebr presidentin -","robots":{"index":"index","follow":"follow","max-snippet":"max-snippet:-1","max-image-preview":"max-image-preview:large","max-video-preview":"max-video-preview:-1"},"canonical":"https:\/\/veritasinfo.org\/?p=40710","og_locale":"en_US","og_type":"article","og_title":"Kurti konfirmon se s\u00eb shpejti nis bisedimet me opozit\u00ebn p\u00ebr presidentin -","og_description":"Prishtin\u00eb, 30.03.2026 19:58 Kuvendit i kan\u00eb mbetur m\u00eb pak se 30 dit\u00eb koh\u00eb, p\u00ebr t\u00eb zgjedhur Presidentin e ri t\u00eb vendit. Kryeministri Albin Kurti, konfirmoi","og_url":"https:\/\/veritasinfo.org\/?p=40710","article_published_time":"2026-03-30T17:58:29+00:00","og_image":[{"width":600,"height":360,"url":"https:\/\/veritasinfo.org\/wp-content\/uploads\/2026\/03\/900-0-1756885667xpa-dorezimin-e-radoicicit-ska-albin-kurti-zbulon-kushtet-qe-vendosi-ne-bruksel-per-dialogun-me-serbine-346-600x360-1.png","type":"image\/png"}],"author":"US6","twitter_card":"summary_large_image","twitter_misc":{"Written by":"US6","Est. reading time":"3 minutes"},"schema":{"@context":"https:\/\/schema.org","@graph":[{"@type":"WebPage","@id":"https:\/\/veritasinfo.org\/?p=40710","url":"https:\/\/veritasinfo.org\/?p=40710","name":"Kurti konfirmon se s\u00eb shpejti nis bisedimet me opozit\u00ebn p\u00ebr presidentin -","isPartOf":{"@id":"https:\/\/veritasinfo.org\/#website"},"primaryImageOfPage":{"@id":"https:\/\/veritasinfo.org\/?p=40710#primaryimage"},"image":{"@id":"https:\/\/veritasinfo.org\/?p=40710#primaryimage"},"thumbnailUrl":"https:\/\/veritasinfo.org\/wp-content\/uploads\/2026\/03\/900-0-1756885667xpa-dorezimin-e-radoicicit-ska-albin-kurti-zbulon-kushtet-qe-vendosi-ne-bruksel-per-dialogun-me-serbine-346-600x360-1.png","datePublished":"2026-03-30T17:58:29+00:00","author":{"@id":"https:\/\/veritasinfo.org\/#\/schema\/person\/fe199eede04c3937362892b7444747cc"},"breadcrumb":{"@id":"https:\/\/veritasinfo.org\/?p=40710#breadcrumb"},"inLanguage":"en-US","potentialAction":[{"@type":"ReadAction","target":["https:\/\/veritasinfo.org\/?p=40710"]}]},{"@type":"ImageObject","inLanguage":"en-US","@id":"https:\/\/veritasinfo.org\/?p=40710#primaryimage","url":"https:\/\/veritasinfo.org\/wp-content\/uploads\/2026\/03\/900-0-1756885667xpa-dorezimin-e-radoicicit-ska-albin-kurti-zbulon-kushtet-qe-vendosi-ne-bruksel-per-dialogun-me-serbine-346-600x360-1.png","contentUrl":"https:\/\/veritasinfo.org\/wp-content\/uploads\/2026\/03\/900-0-1756885667xpa-dorezimin-e-radoicicit-ska-albin-kurti-zbulon-kushtet-qe-vendosi-ne-bruksel-per-dialogun-me-serbine-346-600x360-1.png","width":600,"height":360},{"@type":"BreadcrumbList","@id":"https:\/\/veritasinfo.org\/?p=40710#breadcrumb","itemListElement":[{"@type":"ListItem","position":1,"name":"Home","item":"https:\/\/veritasinfo.org\/"},{"@type":"ListItem","position":2,"name":"Kurti konfirmon se s\u00eb shpejti nis bisedimet me opozit\u00ebn p\u00ebr presidentin"}]},{"@type":"WebSite","@id":"https:\/\/veritasinfo.org\/#website","url":"https:\/\/veritasinfo.org\/","name":"","description":"","potentialAction":[{"@type":"SearchAction","target":{"@type":"EntryPoint","urlTemplate":"https:\/\/veritasinfo.org\/?s={search_term_string}"},"query-input":{"@type":"PropertyValueSpecification","valueRequired":true,"valueName":"search_term_string"}}],"inLanguage":"en-US"},{"@type":"Person","@id":"https:\/\/veritasinfo.org\/#\/schema\/person\/fe199eede04c3937362892b7444747cc","name":"US6","image":{"@type":"ImageObject","inLanguage":"en-US","@id":"https:\/\/veritasinfo.org\/#\/schema\/person\/image\/","url":"https:\/\/secure.gravatar.com\/avatar\/cb16c3c31c9d23b9b8c705964598220b3014e42ff51eb540ff23cefa3ae8c15f?s=96&d=mm&r=g","contentUrl":"https:\/\/secure.gravatar.com\/avatar\/cb16c3c31c9d23b9b8c705964598220b3014e42ff51eb540ff23cefa3ae8c15f?s=96&d=mm&r=g","caption":"US6"},"url":"https:\/\/veritasinfo.org\/?author=7"}]}},"featured_image_urls":{"full":["https:\/\/veritasinfo.org\/wp-content\/uploads\/2026\/03\/900-0-1756885667xpa-dorezimin-e-radoicicit-ska-albin-kurti-zbulon-kushtet-qe-vendosi-ne-bruksel-per-dialogun-me-serbine-346-600x360-1.png",600,360,false],"thumbnail":["https:\/\/veritasinfo.org\/wp-content\/uploads\/2026\/03\/900-0-1756885667xpa-dorezimin-e-radoicicit-ska-albin-kurti-zbulon-kushtet-qe-vendosi-ne-bruksel-per-dialogun-me-serbine-346-600x360-1-150x150.png",150,150,true],"medium":["https:\/\/veritasinfo.org\/wp-content\/uploads\/2026\/03\/900-0-1756885667xpa-dorezimin-e-radoicicit-ska-albin-kurti-zbulon-kushtet-qe-vendosi-ne-bruksel-per-dialogun-me-serbine-346-600x360-1-300x180.png",300,180,true],"medium_large":["https:\/\/veritasinfo.org\/wp-content\/uploads\/2026\/03\/900-0-1756885667xpa-dorezimin-e-radoicicit-ska-albin-kurti-zbulon-kushtet-qe-vendosi-ne-bruksel-per-dialogun-me-serbine-346-600x360-1.png",600,360,false],"large":["https:\/\/veritasinfo.org\/wp-content\/uploads\/2026\/03\/900-0-1756885667xpa-dorezimin-e-radoicicit-ska-albin-kurti-zbulon-kushtet-qe-vendosi-ne-bruksel-per-dialogun-me-serbine-346-600x360-1.png",600,360,false],"1536x1536":["https:\/\/veritasinfo.org\/wp-content\/uploads\/2026\/03\/900-0-1756885667xpa-dorezimin-e-radoicicit-ska-albin-kurti-zbulon-kushtet-qe-vendosi-ne-bruksel-per-dialogun-me-serbine-346-600x360-1.png",600,360,false],"2048x2048":["https:\/\/veritasinfo.org\/wp-content\/uploads\/2026\/03\/900-0-1756885667xpa-dorezimin-e-radoicicit-ska-albin-kurti-zbulon-kushtet-qe-vendosi-ne-bruksel-per-dialogun-me-serbine-346-600x360-1.png",600,360,false],"kreeti-slider-full":["https:\/\/veritasinfo.org\/wp-content\/uploads\/2026\/03\/900-0-1756885667xpa-dorezimin-e-radoicicit-ska-albin-kurti-zbulon-kushtet-qe-vendosi-ne-bruksel-per-dialogun-me-serbine-346-600x360-1.png",600,360,false],"kreeti-featured":["https:\/\/veritasinfo.org\/wp-content\/uploads\/2026\/03\/900-0-1756885667xpa-dorezimin-e-radoicicit-ska-albin-kurti-zbulon-kushtet-qe-vendosi-ne-bruksel-per-dialogun-me-serbine-346-600x360-1.png",600,360,false],"kreeti-medium":["https:\/\/veritasinfo.org\/wp-content\/uploads\/2026\/03\/900-0-1756885667xpa-dorezimin-e-radoicicit-ska-albin-kurti-zbulon-kushtet-qe-vendosi-ne-bruksel-per-dialogun-me-serbine-346-600x360-1.png",600,360,false],"kreeti-medium-square":["https:\/\/veritasinfo.org\/wp-content\/uploads\/2026\/03\/900-0-1756885667xpa-dorezimin-e-radoicicit-ska-albin-kurti-zbulon-kushtet-qe-vendosi-ne-bruksel-per-dialogun-me-serbine-346-600x360-1.png",350,210,false]},"author_info":{"info":["US6"]},"category_info":"<a href=\"https:\/\/veritasinfo.org\/?cat=58\" rel=\"category\">Politik\u00eb<\/a>","tag_info":"Politik\u00eb","comment_count":"0","_links":{"self":[{"href":"https:\/\/veritasinfo.org\/index.php?rest_route=\/wp\/v2\/posts\/40710","targetHints":{"allow":["GET"]}}],"collection":[{"href":"https:\/\/veritasinfo.org\/index.php?rest_route=\/wp\/v2\/posts"}],"about":[{"href":"https:\/\/veritasinfo.org\/index.php?rest_route=\/wp\/v2\/types\/post"}],"author":[{"embeddable":true,"href":"https:\/\/veritasinfo.org\/index.php?rest_route=\/wp\/v2\/users\/7"}],"replies":[{"embeddable":true,"href":"https:\/\/veritasinfo.org\/index.php?rest_route=%2Fwp%2Fv2%2Fcomments&post=40710"}],"version-history":[{"count":1,"href":"https:\/\/veritasinfo.org\/index.php?rest_route=\/wp\/v2\/posts\/40710\/revisions"}],"predecessor-version":[{"id":40711,"href":"https:\/\/veritasinfo.org\/index.php?rest_route=\/wp\/v2\/posts\/40710\/revisions\/40711"}],"wp:featuredmedia":[{"embeddable":true,"href":"https:\/\/veritasinfo.org\/index.php?rest_route=\/wp\/v2\/media\/39276"}],"wp:attachment":[{"href":"https:\/\/veritasinfo.org\/index.php?rest_route=%2Fwp%2Fv2%2Fmedia&parent=40710"}],"wp:term":[{"taxonomy":"category","embeddable":true,"href":"https:\/\/veritasinfo.org\/index.php?rest_route=%2Fwp%2Fv2%2Fcategories&post=40710"},{"taxonomy":"post_tag","embeddable":true,"href":"https:\/\/veritasinfo.org\/index.php?rest_route=%2Fwp%2Fv2%2Ftags&post=40710"}],"curies":[{"name":"wp","href":"https:\/\/api.w.org\/{rel}","templated":true}]}}