{"id":4064,"date":"2025-07-17T07:21:22","date_gmt":"2025-07-17T05:21:22","guid":{"rendered":"https:\/\/veritasinfo.org\/?p=4064"},"modified":"2025-07-16T22:06:32","modified_gmt":"2025-07-16T20:06:32","slug":"djakovica-ponovo-glas-albanske-kulture-dani-albanca-se-vracaju-ovog-leta-sa-drugim-izdanjem","status":"publish","type":"post","link":"https:\/\/veritasinfo.org\/?p=4064&lang=sr","title":{"rendered":"\u0110akovica ponovo Glas albanske kulture: \u201eDani Albanca\u201c se vra\u0107aju ovog leta sa drugim izdanjem!"},"content":{"rendered":"<p class=\"p1\"><span class=\"s2\">Nakon izuzetnog uspeha prvog izdanja pro\u0161le godine, \u0110akovica ponovo otvara svoja vrata za festival <\/span><span class=\"s1\">\u201eDani Albanca\u201c \u2013 drugo izdanje<\/span><span class=\"s2\">, doga\u0111aj koji \u0107e se odr\u017eavati tokom \u010detiri letnja vikenda: 18\u201319. i 25\u201326. jula, kao i 1\u20132. i 8\u201310. avgusta.<\/span><\/p>\n<p class=\"p1\"><span class=\"s2\">Ovaj festival nije samo proslava, ve\u0107 most koji povezuje Albance iz svih krajeva, poziv da se nacionalni identitet \u017eivi i do\u017eivi na savremen i kreativan na\u010din.<\/span><\/p>\n<p class=\"p1\"><span class=\"s2\">Uz aktivnosti koje obuhvataju \u017eivu muziku, koloniju slikara, dokumentarne filmove, tematske diskusije i retke pozori\u0161ne predstave, \u201eDani Albanca\u201c se pretvaraju u kulturnu platformu koja povezuje generacije, naro\u010dito one koji cene spoj korena i savremenog ritma.<\/span><\/p>\n<p class=\"p1\"><span class=\"s2\">U srcu stare \u010dar\u0161ije u \u0110akovici \u2013 u kulturnom parku \u201eAli Podrimja\u201c, kod \u010car\u0161ije Jupa i reke Krena \u2013 posetioci \u0107e mo\u0107i da do\u017eive mozaik aktivnosti, uklju\u010duju\u0107i <\/span><span class=\"s1\">22 koncerta<\/span><span class=\"s2\">sa poznatim albanskim umetnicima kao \u0161to su: <\/span><span class=\"s1\">Marigona<\/span><span class=\"s2\"> (koja se vra\u0107a posle du\u017ee pauze), <\/span><span class=\"s1\">Jericho<\/span><span class=\"s2\">, <\/span><span class=\"s1\">Blla Blla Blla<\/span><span class=\"s2\">, <\/span><span class=\"s1\">Elina Duni<\/span><span class=\"s2\">, <\/span><span class=\"s1\">Eda Zari<\/span><span class=\"s2\">, <\/span><span class=\"s1\">Eugent Bushpepa<\/span><span class=\"s2\">, <\/span><span class=\"s1\">Nezafete Shala<\/span><span class=\"s2\">, <\/span><span class=\"s1\">Don\u2019t Listen to Your Neighbors<\/span><span class=\"s2\">, <\/span><span class=\"s1\">Vlashent Sata<\/span><span class=\"s2\">, <\/span><span class=\"s1\">Suad Mehmeti &amp; Djemt\u00eb e Ulqinit<\/span><span class=\"s2\">, <\/span><span class=\"s1\">Offchestra<\/span><span class=\"s2\"> i mnogi drugi koji \u0107e osvetliti no\u0107i grada.<\/span><\/p>\n<p class=\"p1\"><span class=\"s2\">Otvorene diskusije sa li\u010dnostima poput <\/span><span class=\"s1\">Ermal Hasimja<\/span><span class=\"s2\">, <\/span><span class=\"s1\">Kim Mehmeti<\/span><span class=\"s2\">, <\/span><span class=\"s1\">Ermonela Jaho<\/span><span class=\"s2\"> i <\/span><span class=\"s1\">Jeta Xharra<\/span><span class=\"s2\">, koji donose razmi\u0161ljanja o umetnosti, kulturi i identitetu. Izlo\u017ebe iz slikarske kolonije iz svih albanskih krajeva unose boje i umetni\u010dku inspiraciju u staru \u010dar\u0161iju.<\/span><\/p>\n<p class=\"p1\"><span class=\"s2\">Tako\u0111e, bi\u0107e organizovane interaktivne sportske i umetni\u010dke aktivnosti \u2013 od skokova sa mosta Ura e Fshajt, do me\u0111unarodnih performansa sa hula-hopovima, origamijem i paradom klasi\u010dnih automobila i motora.<\/span><\/p>\n<p class=\"p1\"><span class=\"s1\">\u201eDani Albanca\u201c nisu samo festival, ve\u0107 zajedni\u010dki kulturni manifest, gde pro\u0161lost dobija vrednost kroz o\u010di sada\u0161njosti, a budu\u0107nost se gradi umetno\u0161\u0107u, dijalogom i zajedni\u0161tvom.<\/span><\/p>\n<p class=\"p1\"><span class=\"s2\">Drugo izdanje festivala je podr\u017eano od strane <\/span><span class=\"s1\">Op\u0161tine \u0110akovica<\/span><span class=\"s2\">, <\/span><span class=\"s1\">BPB Banke<\/span><span class=\"s2\">, <\/span><span class=\"s1\">Automita<\/span><span class=\"s2\">, <\/span><span class=\"s1\">Prishtina Ticket<\/span><span class=\"s2\">, <\/span><span class=\"s1\">Asgeto<\/span><span class=\"s2\"> i brojnih drugih sponzora.<\/span><\/p>\n<p class=\"p1\"><span class=\"s2\">Za vi\u0161e informacija o festivalu pratite stranice \u201eDit\u00ebt e Shqiptarit\u201c na dru\u0161tvenim mre\u017eama poput Instagrama, si i celu agendu mo\u017eete pogledati ovde: <\/span><span class=\"s1\">Agenda \u2013 Fondacija za \u0110akovicu<\/span><\/p>\n<p class=\"p1\"><span class=\"s1\">Albanska kultura se najbolje slavi u \u0110akovici!<\/span><\/p>\n","protected":false},"excerpt":{"rendered":"<p>Nakon izuzetnog uspeha prvog izdanja pro\u0161le godine, \u0110akovica ponovo otvara svoja vrata za festival \u201eDani Albanca\u201c \u2013 drugo izdanje, doga\u0111aj koji \u0107e se odr\u017eavati tokom<\/p>\n","protected":false},"author":1,"featured_media":4060,"comment_status":"open","ping_status":"open","sticky":false,"template":"","format":"standard","meta":{"footnotes":""},"categories":[34],"tags":[],"class_list":["post-4064","post","type-post","status-publish","format-standard","has-post-thumbnail","hentry","category-kultura"],"yoast_head":"<!-- This site is optimized with the Yoast SEO plugin v25.3.1 - https:\/\/yoast.com\/wordpress\/plugins\/seo\/ -->\n<title>\u0110akovica ponovo Glas albanske kulture: \u201eDani Albanca\u201c se vra\u0107aju ovog leta sa drugim izdanjem! -<\/title>\n<meta name=\"robots\" content=\"index, follow, max-snippet:-1, max-image-preview:large, max-video-preview:-1\" \/>\n<link rel=\"canonical\" href=\"https:\/\/veritasinfo.org\/?p=4064&lang=sr\" \/>\n<meta property=\"og:locale\" content=\"en_US\" \/>\n<meta property=\"og:type\" content=\"article\" \/>\n<meta property=\"og:title\" content=\"\u0110akovica ponovo Glas albanske kulture: \u201eDani Albanca\u201c se vra\u0107aju ovog leta sa drugim izdanjem! -\" \/>\n<meta property=\"og:description\" content=\"Nakon izuzetnog uspeha prvog izdanja pro\u0161le godine, \u0110akovica ponovo otvara svoja vrata za festival \u201eDani Albanca\u201c \u2013 drugo izdanje, doga\u0111aj koji \u0107e se odr\u017eavati tokom\" \/>\n<meta property=\"og:url\" content=\"https:\/\/veritasinfo.org\/?p=4064&amp;lang=sr\" \/>\n<meta property=\"article:published_time\" content=\"2025-07-17T05:21:22+00:00\" \/>\n<meta property=\"og:image\" content=\"https:\/\/veritasinfo.org\/wp-content\/uploads\/2025\/07\/IMG_2109.jpeg\" \/>\n\t<meta property=\"og:image:width\" content=\"1536\" \/>\n\t<meta property=\"og:image:height\" content=\"804\" \/>\n\t<meta property=\"og:image:type\" content=\"image\/jpeg\" \/>\n<meta name=\"author\" content=\"admin\" \/>\n<meta name=\"twitter:card\" content=\"summary_large_image\" \/>\n<meta name=\"twitter:label1\" content=\"Written by\" \/>\n\t<meta name=\"twitter:data1\" content=\"admin\" \/>\n\t<meta name=\"twitter:label2\" content=\"Est. reading time\" \/>\n\t<meta name=\"twitter:data2\" content=\"2 minutes\" \/>\n<script type=\"application\/ld+json\" class=\"yoast-schema-graph\">{\"@context\":\"https:\/\/schema.org\",\"@graph\":[{\"@type\":\"WebPage\",\"@id\":\"https:\/\/veritasinfo.org\/?p=4064&lang=sr\",\"url\":\"https:\/\/veritasinfo.org\/?p=4064&lang=sr\",\"name\":\"\u0110akovica ponovo Glas albanske kulture: \u201eDani Albanca\u201c se vra\u0107aju ovog leta sa drugim izdanjem! -\",\"isPartOf\":{\"@id\":\"https:\/\/veritasinfo.org\/#website\"},\"primaryImageOfPage\":{\"@id\":\"https:\/\/veritasinfo.org\/?p=4064&lang=sr#primaryimage\"},\"image\":{\"@id\":\"https:\/\/veritasinfo.org\/?p=4064&lang=sr#primaryimage\"},\"thumbnailUrl\":\"https:\/\/veritasinfo.org\/wp-content\/uploads\/2025\/07\/IMG_2109.jpeg\",\"datePublished\":\"2025-07-17T05:21:22+00:00\",\"author\":{\"@id\":\"https:\/\/veritasinfo.org\/#\/schema\/person\/7701f8c088bece422266b100a712374f\"},\"breadcrumb\":{\"@id\":\"https:\/\/veritasinfo.org\/?p=4064&lang=sr#breadcrumb\"},\"inLanguage\":\"en-US\",\"potentialAction\":[{\"@type\":\"ReadAction\",\"target\":[\"https:\/\/veritasinfo.org\/?p=4064&lang=sr\"]}]},{\"@type\":\"ImageObject\",\"inLanguage\":\"en-US\",\"@id\":\"https:\/\/veritasinfo.org\/?p=4064&lang=sr#primaryimage\",\"url\":\"https:\/\/veritasinfo.org\/wp-content\/uploads\/2025\/07\/IMG_2109.jpeg\",\"contentUrl\":\"https:\/\/veritasinfo.org\/wp-content\/uploads\/2025\/07\/IMG_2109.jpeg\",\"width\":1536,\"height\":804},{\"@type\":\"BreadcrumbList\",\"@id\":\"https:\/\/veritasinfo.org\/?p=4064&lang=sr#breadcrumb\",\"itemListElement\":[{\"@type\":\"ListItem\",\"position\":1,\"name\":\"Home\",\"item\":\"https:\/\/veritasinfo.org\/\"},{\"@type\":\"ListItem\",\"position\":2,\"name\":\"\u0110akovica ponovo Glas albanske kulture: \u201eDani Albanca\u201c se vra\u0107aju ovog leta sa drugim izdanjem!\"}]},{\"@type\":\"WebSite\",\"@id\":\"https:\/\/veritasinfo.org\/#website\",\"url\":\"https:\/\/veritasinfo.org\/\",\"name\":\"\",\"description\":\"\",\"potentialAction\":[{\"@type\":\"SearchAction\",\"target\":{\"@type\":\"EntryPoint\",\"urlTemplate\":\"https:\/\/veritasinfo.org\/?s={search_term_string}\"},\"query-input\":{\"@type\":\"PropertyValueSpecification\",\"valueRequired\":true,\"valueName\":\"search_term_string\"}}],\"inLanguage\":\"en-US\"},{\"@type\":\"Person\",\"@id\":\"https:\/\/veritasinfo.org\/#\/schema\/person\/7701f8c088bece422266b100a712374f\",\"name\":\"admin\",\"image\":{\"@type\":\"ImageObject\",\"inLanguage\":\"en-US\",\"@id\":\"https:\/\/veritasinfo.org\/#\/schema\/person\/image\/\",\"url\":\"https:\/\/secure.gravatar.com\/avatar\/ea53aa3bf6c9a12d5fde8ce4deff43fef3885ae33cf60184161a50d6987cfd2f?s=96&d=mm&r=g\",\"contentUrl\":\"https:\/\/secure.gravatar.com\/avatar\/ea53aa3bf6c9a12d5fde8ce4deff43fef3885ae33cf60184161a50d6987cfd2f?s=96&d=mm&r=g\",\"caption\":\"admin\"},\"sameAs\":[\"https:\/\/veritasinfo.org\"],\"url\":\"https:\/\/veritasinfo.org\/?author=1\"}]}<\/script>\n<!-- \/ Yoast SEO plugin. -->","yoast_head_json":{"title":"\u0110akovica ponovo Glas albanske kulture: \u201eDani Albanca\u201c se vra\u0107aju ovog leta sa drugim izdanjem! -","robots":{"index":"index","follow":"follow","max-snippet":"max-snippet:-1","max-image-preview":"max-image-preview:large","max-video-preview":"max-video-preview:-1"},"canonical":"https:\/\/veritasinfo.org\/?p=4064&lang=sr","og_locale":"en_US","og_type":"article","og_title":"\u0110akovica ponovo Glas albanske kulture: \u201eDani Albanca\u201c se vra\u0107aju ovog leta sa drugim izdanjem! -","og_description":"Nakon izuzetnog uspeha prvog izdanja pro\u0161le godine, \u0110akovica ponovo otvara svoja vrata za festival \u201eDani Albanca\u201c \u2013 drugo izdanje, doga\u0111aj koji \u0107e se odr\u017eavati tokom","og_url":"https:\/\/veritasinfo.org\/?p=4064&lang=sr","article_published_time":"2025-07-17T05:21:22+00:00","og_image":[{"width":1536,"height":804,"url":"https:\/\/veritasinfo.org\/wp-content\/uploads\/2025\/07\/IMG_2109.jpeg","type":"image\/jpeg"}],"author":"admin","twitter_card":"summary_large_image","twitter_misc":{"Written by":"admin","Est. reading time":"2 minutes"},"schema":{"@context":"https:\/\/schema.org","@graph":[{"@type":"WebPage","@id":"https:\/\/veritasinfo.org\/?p=4064&lang=sr","url":"https:\/\/veritasinfo.org\/?p=4064&lang=sr","name":"\u0110akovica ponovo Glas albanske kulture: \u201eDani Albanca\u201c se vra\u0107aju ovog leta sa drugim izdanjem! -","isPartOf":{"@id":"https:\/\/veritasinfo.org\/#website"},"primaryImageOfPage":{"@id":"https:\/\/veritasinfo.org\/?p=4064&lang=sr#primaryimage"},"image":{"@id":"https:\/\/veritasinfo.org\/?p=4064&lang=sr#primaryimage"},"thumbnailUrl":"https:\/\/veritasinfo.org\/wp-content\/uploads\/2025\/07\/IMG_2109.jpeg","datePublished":"2025-07-17T05:21:22+00:00","author":{"@id":"https:\/\/veritasinfo.org\/#\/schema\/person\/7701f8c088bece422266b100a712374f"},"breadcrumb":{"@id":"https:\/\/veritasinfo.org\/?p=4064&lang=sr#breadcrumb"},"inLanguage":"en-US","potentialAction":[{"@type":"ReadAction","target":["https:\/\/veritasinfo.org\/?p=4064&lang=sr"]}]},{"@type":"ImageObject","inLanguage":"en-US","@id":"https:\/\/veritasinfo.org\/?p=4064&lang=sr#primaryimage","url":"https:\/\/veritasinfo.org\/wp-content\/uploads\/2025\/07\/IMG_2109.jpeg","contentUrl":"https:\/\/veritasinfo.org\/wp-content\/uploads\/2025\/07\/IMG_2109.jpeg","width":1536,"height":804},{"@type":"BreadcrumbList","@id":"https:\/\/veritasinfo.org\/?p=4064&lang=sr#breadcrumb","itemListElement":[{"@type":"ListItem","position":1,"name":"Home","item":"https:\/\/veritasinfo.org\/"},{"@type":"ListItem","position":2,"name":"\u0110akovica ponovo Glas albanske kulture: \u201eDani Albanca\u201c se vra\u0107aju ovog leta sa drugim izdanjem!"}]},{"@type":"WebSite","@id":"https:\/\/veritasinfo.org\/#website","url":"https:\/\/veritasinfo.org\/","name":"","description":"","potentialAction":[{"@type":"SearchAction","target":{"@type":"EntryPoint","urlTemplate":"https:\/\/veritasinfo.org\/?s={search_term_string}"},"query-input":{"@type":"PropertyValueSpecification","valueRequired":true,"valueName":"search_term_string"}}],"inLanguage":"en-US"},{"@type":"Person","@id":"https:\/\/veritasinfo.org\/#\/schema\/person\/7701f8c088bece422266b100a712374f","name":"admin","image":{"@type":"ImageObject","inLanguage":"en-US","@id":"https:\/\/veritasinfo.org\/#\/schema\/person\/image\/","url":"https:\/\/secure.gravatar.com\/avatar\/ea53aa3bf6c9a12d5fde8ce4deff43fef3885ae33cf60184161a50d6987cfd2f?s=96&d=mm&r=g","contentUrl":"https:\/\/secure.gravatar.com\/avatar\/ea53aa3bf6c9a12d5fde8ce4deff43fef3885ae33cf60184161a50d6987cfd2f?s=96&d=mm&r=g","caption":"admin"},"sameAs":["https:\/\/veritasinfo.org"],"url":"https:\/\/veritasinfo.org\/?author=1"}]}},"featured_image_urls":{"full":["https:\/\/veritasinfo.org\/wp-content\/uploads\/2025\/07\/IMG_2109.jpeg",1536,804,false],"thumbnail":["https:\/\/veritasinfo.org\/wp-content\/uploads\/2025\/07\/IMG_2109-150x150.jpeg",150,150,true],"medium":["https:\/\/veritasinfo.org\/wp-content\/uploads\/2025\/07\/IMG_2109-300x157.jpeg",300,157,true],"medium_large":["https:\/\/veritasinfo.org\/wp-content\/uploads\/2025\/07\/IMG_2109-768x402.jpeg",640,335,true],"large":["https:\/\/veritasinfo.org\/wp-content\/uploads\/2025\/07\/IMG_2109-1024x536.jpeg",640,335,true],"1536x1536":["https:\/\/veritasinfo.org\/wp-content\/uploads\/2025\/07\/IMG_2109.jpeg",1536,804,false],"2048x2048":["https:\/\/veritasinfo.org\/wp-content\/uploads\/2025\/07\/IMG_2109.jpeg",1536,804,false],"kreeti-slider-full":["https:\/\/veritasinfo.org\/wp-content\/uploads\/2025\/07\/IMG_2109.jpeg",1280,670,false],"kreeti-featured":["https:\/\/veritasinfo.org\/wp-content\/uploads\/2025\/07\/IMG_2109.jpeg",1024,536,false],"kreeti-medium":["https:\/\/veritasinfo.org\/wp-content\/uploads\/2025\/07\/IMG_2109.jpeg",720,377,false],"kreeti-medium-square":["https:\/\/veritasinfo.org\/wp-content\/uploads\/2025\/07\/IMG_2109.jpeg",350,183,false]},"author_info":{"info":["admin"]},"category_info":"<a href=\"https:\/\/veritasinfo.org\/?cat=34&#038;lang=sr\" rel=\"category\">Kultura<\/a>","tag_info":"Kultura","comment_count":"0","_links":{"self":[{"href":"https:\/\/veritasinfo.org\/index.php?rest_route=\/wp\/v2\/posts\/4064","targetHints":{"allow":["GET"]}}],"collection":[{"href":"https:\/\/veritasinfo.org\/index.php?rest_route=\/wp\/v2\/posts"}],"about":[{"href":"https:\/\/veritasinfo.org\/index.php?rest_route=\/wp\/v2\/types\/post"}],"author":[{"embeddable":true,"href":"https:\/\/veritasinfo.org\/index.php?rest_route=\/wp\/v2\/users\/1"}],"replies":[{"embeddable":true,"href":"https:\/\/veritasinfo.org\/index.php?rest_route=%2Fwp%2Fv2%2Fcomments&post=4064"}],"version-history":[{"count":1,"href":"https:\/\/veritasinfo.org\/index.php?rest_route=\/wp\/v2\/posts\/4064\/revisions"}],"predecessor-version":[{"id":4065,"href":"https:\/\/veritasinfo.org\/index.php?rest_route=\/wp\/v2\/posts\/4064\/revisions\/4065"}],"wp:featuredmedia":[{"embeddable":true,"href":"https:\/\/veritasinfo.org\/index.php?rest_route=\/wp\/v2\/media\/4060"}],"wp:attachment":[{"href":"https:\/\/veritasinfo.org\/index.php?rest_route=%2Fwp%2Fv2%2Fmedia&parent=4064"}],"wp:term":[{"taxonomy":"category","embeddable":true,"href":"https:\/\/veritasinfo.org\/index.php?rest_route=%2Fwp%2Fv2%2Fcategories&post=4064"},{"taxonomy":"post_tag","embeddable":true,"href":"https:\/\/veritasinfo.org\/index.php?rest_route=%2Fwp%2Fv2%2Ftags&post=4064"}],"curies":[{"name":"wp","href":"https:\/\/api.w.org\/{rel}","templated":true}]}}