{"id":4059,"date":"2025-07-17T07:20:53","date_gmt":"2025-07-17T05:20:53","guid":{"rendered":"https:\/\/veritasinfo.org\/?p=4059"},"modified":"2025-07-16T22:04:48","modified_gmt":"2025-07-16T20:04:48","slug":"4059","status":"publish","type":"post","link":"https:\/\/veritasinfo.org\/?p=4059","title":{"rendered":"Gjakova, p\u00ebrs\u00ebri Z\u00ebri i Kultur\u00ebs Shqiptare: \u201cDit\u00ebt e Shqiptarit\u201d rikthehet me Edicionin e Dyt\u00eb k\u00ebt\u00eb ver\u00eb!"},"content":{"rendered":"<p>Gjakov\u00eb, 17 Korrik 2025<br \/>\nPas suksesit t\u00eb jasht\u00ebzakonsh\u00ebm t\u00eb edicionit t\u00eb par\u00eb vitin e kaluar, Gjakova hap s\u00ebrish dyert p\u00ebr festivalin \u201cDit\u00ebt e Shqiptarit\u201d edicioni i dyt\u00eb, nj\u00eb ngjarje q\u00eb do t\u00eb shpaloset p\u00ebrgjat\u00eb kat\u00ebr fundjavave t\u00eb ver\u00ebs: 18-19 dhe 25-26 Korrik, si dhe 1-2 dhe 8-10 Gusht.<\/p>\n<p>Ky festival \u00ebsht\u00eb m\u00eb shum\u00eb se nj\u00eb fest\u00eb, \u00ebsht\u00eb nj\u00eb ur\u00eb q\u00eb lidh shqiptar\u00ebt nga t\u00eb gjitha trevat, nj\u00eb thirrje p\u00ebr ta jetuar dhe p\u00ebrjetuar identitetin komb\u00ebtar n\u00eb m\u00ebnyr\u00eb moderne dhe kreative.<span class=\"Apple-converted-space\">\u00a0<\/span><\/p>\n<p>Me aktivitete q\u00eb shtrihen nga muzika live, kolonia e piktor\u00ebve, filmi dokumentar, diskutimet tematike dhe deri te aktivitetet teatrale t\u00eb rralla, \u201cDit\u00ebt e Shqiptarit\u201d kthehet n\u00eb nj\u00eb platform\u00eb kulturore q\u00eb bashkon brez pas brezi, ve\u00e7an\u00ebrisht ata q\u00eb e vler\u00ebsojn\u00eb nj\u00eb p\u00ebrzierje t\u00eb rr\u00ebnj\u00ebve dhe ritmit t\u00eb koh\u00ebs.<\/p>\n<p>N\u00eb zem\u00ebr t\u00eb lagjes s\u00eb vjet\u00ebr t\u00eb Gjakov\u00ebs, \u00c7arshia e Madhe, n\u00eb parkun kulturor \u201cAli Podrimja\u201d, tek \u00c7arshia e Jupave e te Lumi Krena Gjakov\u00eb, vizitor\u00ebt do t\u00eb mund t\u00eb p\u00ebrjetojn\u00eb nj\u00eb mozaik t\u00eb aktiviteteve q\u00eb p\u00ebrfshijn\u00eb: 22 koncerte q\u00eb do t\u00eb ofrojn\u00eb muzik\u00eb nga artist\u00eb t\u00eb njohur shqiptar\u00eb si Marigona q\u00eb do t\u00eb vijn\u00eb me nj\u00eb koncert\u00eb pas nj\u00eb kohe shum\u00eb t\u00eb gjat\u00eb, Jericho, Blla Blla Blla, Elina Duni, Eda Zari, Eugent Bushpepa, Nezafete Shala, Don`t Listen to Your Neigbours, Vlashent Sata, Suad Mehmeti &amp; Djemt\u00eb e Ulqinit, Offchestra dhe shum\u00eb t\u00eb tjer\u00eb q\u00eb do t\u00eb elektrizojn\u00eb net\u00ebt e qytetit.<\/p>\n<p>Diskutime t\u00eb hapura me figura si Ermal hasimja, Kim Mehmeti, Ermonela Jaho dhe Jeta Xharra, q\u00eb sjellin reflektime mbi artin, kultur\u00ebn dhe identitetin. Ekspozita nga kolonia e piktor\u00ebve nga t\u00eb gjitha trevat shqiptare, duke i dh\u00ebn\u00eb jet\u00eb \u00c7arshis\u00eb s\u00eb Vjet\u00ebr p\u00ebrmes ngjyrave dhe frym\u00ebzimit artistik. Aktivitete sportive e artistike interaktive, nga k\u00ebrcimet nga Ura e Fshajt deri te performancat nd\u00ebrkomb\u00ebtare me hulahop, origami dhe parad\u00eb me makina e motor klasik.<span class=\"Apple-converted-space\">\u00a0<\/span><\/p>\n<p>\u201cDit\u00ebt e Shqiptarit\u201d nuk \u00ebsht\u00eb thjesht nj\u00eb festival, por nj\u00eb manifestim i p\u00ebrbashk\u00ebt kulturor, ku t\u00eb shkuar\u00ebs i jepet vler\u00eb p\u00ebrmes syve t\u00eb s\u00eb tashmes, nd\u00ebrsa e ardhmja nd\u00ebrtohet me art, dialog dhe bashkim.<\/p>\n<p>Edicioni i dyt\u00eb i festivalit \u00ebsht\u00eb mb\u00ebshtetur me partneritet nga Komuna e Gjakov\u00ebs, BPB Bank, Automita, Prishtina Ticket, Asgeto dhe shum\u00eb sponsor t\u00eb tjer\u00eb.<span class=\"Apple-converted-space\">\u00a0<\/span><\/p>\n<p>P\u00ebr m\u00eb shum\u00eb rreth festivalit ndiqni faqet e \u201cDit\u00ebt e Shqiptarit\u201d n\u00eb rrjete sociale sikurse Instagrami si dhe agjenden e plot\u00eb mund ta shihni k\u00ebtu: Agenda \u2013 Fondacioni p\u00ebr Gjakov\u00ebn Kultura shqiptare m\u00eb s\u00eb miri festohet n\u00eb Gjakov\u00eb!<\/p>\n","protected":false},"excerpt":{"rendered":"<p>Gjakov\u00eb, 17 Korrik 2025 Pas suksesit t\u00eb jasht\u00ebzakonsh\u00ebm t\u00eb edicionit t\u00eb par\u00eb vitin e kaluar, Gjakova hap s\u00ebrish dyert p\u00ebr festivalin \u201cDit\u00ebt e Shqiptarit\u201d edicioni<\/p>\n","protected":false},"author":1,"featured_media":4060,"comment_status":"open","ping_status":"open","sticky":false,"template":"","format":"standard","meta":{"footnotes":""},"categories":[54],"tags":[],"class_list":["post-4059","post","type-post","status-publish","format-standard","has-post-thumbnail","hentry","category-kulture-sq"],"yoast_head":"<!-- This site is optimized with the Yoast SEO plugin v25.3.1 - https:\/\/yoast.com\/wordpress\/plugins\/seo\/ -->\n<title>Gjakova, p\u00ebrs\u00ebri Z\u00ebri i Kultur\u00ebs Shqiptare: \u201cDit\u00ebt e Shqiptarit\u201d rikthehet me Edicionin e Dyt\u00eb k\u00ebt\u00eb ver\u00eb! -<\/title>\n<meta name=\"robots\" content=\"index, follow, max-snippet:-1, max-image-preview:large, max-video-preview:-1\" \/>\n<link rel=\"canonical\" href=\"https:\/\/veritasinfo.org\/?p=4059\" \/>\n<meta property=\"og:locale\" content=\"en_US\" \/>\n<meta property=\"og:type\" content=\"article\" \/>\n<meta property=\"og:title\" content=\"Gjakova, p\u00ebrs\u00ebri Z\u00ebri i Kultur\u00ebs Shqiptare: \u201cDit\u00ebt e Shqiptarit\u201d rikthehet me Edicionin e Dyt\u00eb k\u00ebt\u00eb ver\u00eb! -\" \/>\n<meta property=\"og:description\" content=\"Gjakov\u00eb, 17 Korrik 2025 Pas suksesit t\u00eb jasht\u00ebzakonsh\u00ebm t\u00eb edicionit t\u00eb par\u00eb vitin e kaluar, Gjakova hap s\u00ebrish dyert p\u00ebr festivalin \u201cDit\u00ebt e Shqiptarit\u201d edicioni\" \/>\n<meta property=\"og:url\" content=\"https:\/\/veritasinfo.org\/?p=4059\" \/>\n<meta property=\"article:published_time\" content=\"2025-07-17T05:20:53+00:00\" \/>\n<meta property=\"og:image\" content=\"https:\/\/veritasinfo.org\/wp-content\/uploads\/2025\/07\/IMG_2109.jpeg\" \/>\n\t<meta property=\"og:image:width\" content=\"1536\" \/>\n\t<meta property=\"og:image:height\" content=\"804\" \/>\n\t<meta property=\"og:image:type\" content=\"image\/jpeg\" \/>\n<meta name=\"author\" content=\"admin\" \/>\n<meta name=\"twitter:card\" content=\"summary_large_image\" \/>\n<meta name=\"twitter:label1\" content=\"Written by\" \/>\n\t<meta name=\"twitter:data1\" content=\"admin\" \/>\n\t<meta name=\"twitter:label2\" content=\"Est. reading time\" \/>\n\t<meta name=\"twitter:data2\" content=\"2 minutes\" \/>\n<script type=\"application\/ld+json\" class=\"yoast-schema-graph\">{\"@context\":\"https:\/\/schema.org\",\"@graph\":[{\"@type\":\"WebPage\",\"@id\":\"https:\/\/veritasinfo.org\/?p=4059\",\"url\":\"https:\/\/veritasinfo.org\/?p=4059\",\"name\":\"Gjakova, p\u00ebrs\u00ebri Z\u00ebri i Kultur\u00ebs Shqiptare: \u201cDit\u00ebt e Shqiptarit\u201d rikthehet me Edicionin e Dyt\u00eb k\u00ebt\u00eb ver\u00eb! -\",\"isPartOf\":{\"@id\":\"https:\/\/veritasinfo.org\/#website\"},\"primaryImageOfPage\":{\"@id\":\"https:\/\/veritasinfo.org\/?p=4059#primaryimage\"},\"image\":{\"@id\":\"https:\/\/veritasinfo.org\/?p=4059#primaryimage\"},\"thumbnailUrl\":\"https:\/\/veritasinfo.org\/wp-content\/uploads\/2025\/07\/IMG_2109.jpeg\",\"datePublished\":\"2025-07-17T05:20:53+00:00\",\"author\":{\"@id\":\"https:\/\/veritasinfo.org\/#\/schema\/person\/7701f8c088bece422266b100a712374f\"},\"breadcrumb\":{\"@id\":\"https:\/\/veritasinfo.org\/?p=4059#breadcrumb\"},\"inLanguage\":\"en-US\",\"potentialAction\":[{\"@type\":\"ReadAction\",\"target\":[\"https:\/\/veritasinfo.org\/?p=4059\"]}]},{\"@type\":\"ImageObject\",\"inLanguage\":\"en-US\",\"@id\":\"https:\/\/veritasinfo.org\/?p=4059#primaryimage\",\"url\":\"https:\/\/veritasinfo.org\/wp-content\/uploads\/2025\/07\/IMG_2109.jpeg\",\"contentUrl\":\"https:\/\/veritasinfo.org\/wp-content\/uploads\/2025\/07\/IMG_2109.jpeg\",\"width\":1536,\"height\":804},{\"@type\":\"BreadcrumbList\",\"@id\":\"https:\/\/veritasinfo.org\/?p=4059#breadcrumb\",\"itemListElement\":[{\"@type\":\"ListItem\",\"position\":1,\"name\":\"Home\",\"item\":\"https:\/\/veritasinfo.org\/\"},{\"@type\":\"ListItem\",\"position\":2,\"name\":\"Gjakova, p\u00ebrs\u00ebri Z\u00ebri i Kultur\u00ebs Shqiptare: \u201cDit\u00ebt e Shqiptarit\u201d rikthehet me Edicionin e Dyt\u00eb k\u00ebt\u00eb ver\u00eb!\"}]},{\"@type\":\"WebSite\",\"@id\":\"https:\/\/veritasinfo.org\/#website\",\"url\":\"https:\/\/veritasinfo.org\/\",\"name\":\"\",\"description\":\"\",\"potentialAction\":[{\"@type\":\"SearchAction\",\"target\":{\"@type\":\"EntryPoint\",\"urlTemplate\":\"https:\/\/veritasinfo.org\/?s={search_term_string}\"},\"query-input\":{\"@type\":\"PropertyValueSpecification\",\"valueRequired\":true,\"valueName\":\"search_term_string\"}}],\"inLanguage\":\"en-US\"},{\"@type\":\"Person\",\"@id\":\"https:\/\/veritasinfo.org\/#\/schema\/person\/7701f8c088bece422266b100a712374f\",\"name\":\"admin\",\"image\":{\"@type\":\"ImageObject\",\"inLanguage\":\"en-US\",\"@id\":\"https:\/\/veritasinfo.org\/#\/schema\/person\/image\/\",\"url\":\"https:\/\/secure.gravatar.com\/avatar\/ea53aa3bf6c9a12d5fde8ce4deff43fef3885ae33cf60184161a50d6987cfd2f?s=96&d=mm&r=g\",\"contentUrl\":\"https:\/\/secure.gravatar.com\/avatar\/ea53aa3bf6c9a12d5fde8ce4deff43fef3885ae33cf60184161a50d6987cfd2f?s=96&d=mm&r=g\",\"caption\":\"admin\"},\"sameAs\":[\"https:\/\/veritasinfo.org\"],\"url\":\"https:\/\/veritasinfo.org\/?author=1\"}]}<\/script>\n<!-- \/ Yoast SEO plugin. -->","yoast_head_json":{"title":"Gjakova, p\u00ebrs\u00ebri Z\u00ebri i Kultur\u00ebs Shqiptare: \u201cDit\u00ebt e Shqiptarit\u201d rikthehet me Edicionin e Dyt\u00eb k\u00ebt\u00eb ver\u00eb! -","robots":{"index":"index","follow":"follow","max-snippet":"max-snippet:-1","max-image-preview":"max-image-preview:large","max-video-preview":"max-video-preview:-1"},"canonical":"https:\/\/veritasinfo.org\/?p=4059","og_locale":"en_US","og_type":"article","og_title":"Gjakova, p\u00ebrs\u00ebri Z\u00ebri i Kultur\u00ebs Shqiptare: \u201cDit\u00ebt e Shqiptarit\u201d rikthehet me Edicionin e Dyt\u00eb k\u00ebt\u00eb ver\u00eb! -","og_description":"Gjakov\u00eb, 17 Korrik 2025 Pas suksesit t\u00eb jasht\u00ebzakonsh\u00ebm t\u00eb edicionit t\u00eb par\u00eb vitin e kaluar, Gjakova hap s\u00ebrish dyert p\u00ebr festivalin \u201cDit\u00ebt e Shqiptarit\u201d edicioni","og_url":"https:\/\/veritasinfo.org\/?p=4059","article_published_time":"2025-07-17T05:20:53+00:00","og_image":[{"width":1536,"height":804,"url":"https:\/\/veritasinfo.org\/wp-content\/uploads\/2025\/07\/IMG_2109.jpeg","type":"image\/jpeg"}],"author":"admin","twitter_card":"summary_large_image","twitter_misc":{"Written by":"admin","Est. reading time":"2 minutes"},"schema":{"@context":"https:\/\/schema.org","@graph":[{"@type":"WebPage","@id":"https:\/\/veritasinfo.org\/?p=4059","url":"https:\/\/veritasinfo.org\/?p=4059","name":"Gjakova, p\u00ebrs\u00ebri Z\u00ebri i Kultur\u00ebs Shqiptare: \u201cDit\u00ebt e Shqiptarit\u201d rikthehet me Edicionin e Dyt\u00eb k\u00ebt\u00eb ver\u00eb! -","isPartOf":{"@id":"https:\/\/veritasinfo.org\/#website"},"primaryImageOfPage":{"@id":"https:\/\/veritasinfo.org\/?p=4059#primaryimage"},"image":{"@id":"https:\/\/veritasinfo.org\/?p=4059#primaryimage"},"thumbnailUrl":"https:\/\/veritasinfo.org\/wp-content\/uploads\/2025\/07\/IMG_2109.jpeg","datePublished":"2025-07-17T05:20:53+00:00","author":{"@id":"https:\/\/veritasinfo.org\/#\/schema\/person\/7701f8c088bece422266b100a712374f"},"breadcrumb":{"@id":"https:\/\/veritasinfo.org\/?p=4059#breadcrumb"},"inLanguage":"en-US","potentialAction":[{"@type":"ReadAction","target":["https:\/\/veritasinfo.org\/?p=4059"]}]},{"@type":"ImageObject","inLanguage":"en-US","@id":"https:\/\/veritasinfo.org\/?p=4059#primaryimage","url":"https:\/\/veritasinfo.org\/wp-content\/uploads\/2025\/07\/IMG_2109.jpeg","contentUrl":"https:\/\/veritasinfo.org\/wp-content\/uploads\/2025\/07\/IMG_2109.jpeg","width":1536,"height":804},{"@type":"BreadcrumbList","@id":"https:\/\/veritasinfo.org\/?p=4059#breadcrumb","itemListElement":[{"@type":"ListItem","position":1,"name":"Home","item":"https:\/\/veritasinfo.org\/"},{"@type":"ListItem","position":2,"name":"Gjakova, p\u00ebrs\u00ebri Z\u00ebri i Kultur\u00ebs Shqiptare: \u201cDit\u00ebt e Shqiptarit\u201d rikthehet me Edicionin e Dyt\u00eb k\u00ebt\u00eb ver\u00eb!"}]},{"@type":"WebSite","@id":"https:\/\/veritasinfo.org\/#website","url":"https:\/\/veritasinfo.org\/","name":"","description":"","potentialAction":[{"@type":"SearchAction","target":{"@type":"EntryPoint","urlTemplate":"https:\/\/veritasinfo.org\/?s={search_term_string}"},"query-input":{"@type":"PropertyValueSpecification","valueRequired":true,"valueName":"search_term_string"}}],"inLanguage":"en-US"},{"@type":"Person","@id":"https:\/\/veritasinfo.org\/#\/schema\/person\/7701f8c088bece422266b100a712374f","name":"admin","image":{"@type":"ImageObject","inLanguage":"en-US","@id":"https:\/\/veritasinfo.org\/#\/schema\/person\/image\/","url":"https:\/\/secure.gravatar.com\/avatar\/ea53aa3bf6c9a12d5fde8ce4deff43fef3885ae33cf60184161a50d6987cfd2f?s=96&d=mm&r=g","contentUrl":"https:\/\/secure.gravatar.com\/avatar\/ea53aa3bf6c9a12d5fde8ce4deff43fef3885ae33cf60184161a50d6987cfd2f?s=96&d=mm&r=g","caption":"admin"},"sameAs":["https:\/\/veritasinfo.org"],"url":"https:\/\/veritasinfo.org\/?author=1"}]}},"featured_image_urls":{"full":["https:\/\/veritasinfo.org\/wp-content\/uploads\/2025\/07\/IMG_2109.jpeg",1536,804,false],"thumbnail":["https:\/\/veritasinfo.org\/wp-content\/uploads\/2025\/07\/IMG_2109-150x150.jpeg",150,150,true],"medium":["https:\/\/veritasinfo.org\/wp-content\/uploads\/2025\/07\/IMG_2109-300x157.jpeg",300,157,true],"medium_large":["https:\/\/veritasinfo.org\/wp-content\/uploads\/2025\/07\/IMG_2109-768x402.jpeg",640,335,true],"large":["https:\/\/veritasinfo.org\/wp-content\/uploads\/2025\/07\/IMG_2109-1024x536.jpeg",640,335,true],"1536x1536":["https:\/\/veritasinfo.org\/wp-content\/uploads\/2025\/07\/IMG_2109.jpeg",1536,804,false],"2048x2048":["https:\/\/veritasinfo.org\/wp-content\/uploads\/2025\/07\/IMG_2109.jpeg",1536,804,false],"kreeti-slider-full":["https:\/\/veritasinfo.org\/wp-content\/uploads\/2025\/07\/IMG_2109.jpeg",1280,670,false],"kreeti-featured":["https:\/\/veritasinfo.org\/wp-content\/uploads\/2025\/07\/IMG_2109.jpeg",1024,536,false],"kreeti-medium":["https:\/\/veritasinfo.org\/wp-content\/uploads\/2025\/07\/IMG_2109.jpeg",720,377,false],"kreeti-medium-square":["https:\/\/veritasinfo.org\/wp-content\/uploads\/2025\/07\/IMG_2109.jpeg",350,183,false]},"author_info":{"info":["admin"]},"category_info":"<a href=\"https:\/\/veritasinfo.org\/?cat=54\" rel=\"category\">Kultur\u00eb<\/a>","tag_info":"Kultur\u00eb","comment_count":"0","_links":{"self":[{"href":"https:\/\/veritasinfo.org\/index.php?rest_route=\/wp\/v2\/posts\/4059","targetHints":{"allow":["GET"]}}],"collection":[{"href":"https:\/\/veritasinfo.org\/index.php?rest_route=\/wp\/v2\/posts"}],"about":[{"href":"https:\/\/veritasinfo.org\/index.php?rest_route=\/wp\/v2\/types\/post"}],"author":[{"embeddable":true,"href":"https:\/\/veritasinfo.org\/index.php?rest_route=\/wp\/v2\/users\/1"}],"replies":[{"embeddable":true,"href":"https:\/\/veritasinfo.org\/index.php?rest_route=%2Fwp%2Fv2%2Fcomments&post=4059"}],"version-history":[{"count":2,"href":"https:\/\/veritasinfo.org\/index.php?rest_route=\/wp\/v2\/posts\/4059\/revisions"}],"predecessor-version":[{"id":4062,"href":"https:\/\/veritasinfo.org\/index.php?rest_route=\/wp\/v2\/posts\/4059\/revisions\/4062"}],"wp:featuredmedia":[{"embeddable":true,"href":"https:\/\/veritasinfo.org\/index.php?rest_route=\/wp\/v2\/media\/4060"}],"wp:attachment":[{"href":"https:\/\/veritasinfo.org\/index.php?rest_route=%2Fwp%2Fv2%2Fmedia&parent=4059"}],"wp:term":[{"taxonomy":"category","embeddable":true,"href":"https:\/\/veritasinfo.org\/index.php?rest_route=%2Fwp%2Fv2%2Fcategories&post=4059"},{"taxonomy":"post_tag","embeddable":true,"href":"https:\/\/veritasinfo.org\/index.php?rest_route=%2Fwp%2Fv2%2Ftags&post=4059"}],"curies":[{"name":"wp","href":"https:\/\/api.w.org\/{rel}","templated":true}]}}