{"id":40583,"date":"2026-03-30T11:27:53","date_gmt":"2026-03-30T09:27:53","guid":{"rendered":"https:\/\/veritasinfo.org\/?p=40583"},"modified":"2026-03-30T11:29:53","modified_gmt":"2026-03-30T09:29:53","slug":"kurti-do-tu-dergoj-ftesa-lidereve-opozitare-per-takim","status":"publish","type":"post","link":"https:\/\/veritasinfo.org\/?p=40583","title":{"rendered":"Kurti: Do t\u2019u d\u00ebrgoj ftesa lider\u00ebve opozitar\u00eb p\u00ebr takim"},"content":{"rendered":"<p>Prishtin\u00eb 30Mars 2026 11:27<\/p>\n<p>Kryeministri, Albin Kurti ka th\u00ebn\u00eb se do t\u2019u d\u00ebrgoj\u00eb ftesa lider\u00ebve t\u00eb partive opozitare p\u00ebr takime sa p\u00ebrket \u00e7\u00ebshtjes s\u00eb presidentit. Kurti insiston se p\u00ebr t\u00eb qen\u00eb t\u00eb sigurt p\u00ebr zgjedhjen e presidentin duket t\u00eb jen\u00eb s\u00eb paku 85 apo 86 vota n\u00eb Kuvend.<\/p>\n<p>Kreu i qeveris\u00eb tha se mbr\u00ebm\u00eb u kthye nga Parisi, pas takimit q\u00eb pati me presidentin francez, Emmanuel Macron, prandaj nuk e pati koh\u00ebn e mjaftueshme q\u00eb t\u2019i b\u00ebnte konsultimet e brendshme p\u00ebr takimet e ardhshme.<\/p>\n<p>\u201cPadyshim q\u00eb do t\u00eb b\u00ebj\u00eb ftesa p\u00ebr takime p\u00ebr kryetar\u00ebt e partive opozitare n\u00eb m\u00ebnyr\u00eb q\u00eb t\u00eb shohim se cilat jan\u00eb rrug\u00ebt, ashtu q\u00eb t\u00eb marrim numrin prej s\u00eb paku 80 deputet\u00ebve. E un\u00eb po e ritheksoj se nuk \u00ebsht\u00eb mir\u00eb q\u00eb t\u00eb jemi 80 ose 81, duhet t\u00eb jemi rreth 85 deri ne 86, n\u00eb m\u00ebnyr\u00eb q\u00eb t\u00eb jemi t\u00eb sigurt n\u00eb q\u00eb ta zgjedhim presidentin aty. Dhe p\u00ebr k\u00ebt\u00eb do t\u00eb b\u00ebj\u00eb edhe ftesa e do t\u00eb zhvillojm\u00eb edhe takime, por \u00e7far\u00eb ofertash e k\u00ebrkesash do t\u00eb ket\u00eb n\u00eb ato takim,e duhet t\u00eb presim q\u00eb t\u00eb ndodhin ato takime\u201d, tha Kurti n\u00eb konferenc\u00eb p\u00ebr media pas mbledhjes s\u00eb Qeveris\u00eb.<\/p>\n","protected":false},"excerpt":{"rendered":"<p>Prishtin\u00eb 30Mars 2026 11:27 Kryeministri, Albin Kurti ka th\u00ebn\u00eb se do t\u2019u d\u00ebrgoj\u00eb ftesa lider\u00ebve t\u00eb partive opozitare p\u00ebr takime sa p\u00ebrket \u00e7\u00ebshtjes s\u00eb presidentit.<\/p>\n","protected":false},"author":6,"featured_media":40584,"comment_status":"open","ping_status":"open","sticky":false,"template":"","format":"standard","meta":{"footnotes":""},"categories":[58],"tags":[],"class_list":["post-40583","post","type-post","status-publish","format-standard","has-post-thumbnail","hentry","category-politike-sq"],"yoast_head":"<!-- This site is optimized with the Yoast SEO plugin v25.3.1 - https:\/\/yoast.com\/wordpress\/plugins\/seo\/ -->\n<title>Kurti: Do t\u2019u d\u00ebrgoj ftesa lider\u00ebve opozitar\u00eb p\u00ebr takim -<\/title>\n<meta name=\"robots\" content=\"index, follow, max-snippet:-1, max-image-preview:large, max-video-preview:-1\" \/>\n<link rel=\"canonical\" href=\"https:\/\/veritasinfo.org\/?p=40583\" \/>\n<meta property=\"og:locale\" content=\"en_US\" \/>\n<meta property=\"og:type\" content=\"article\" \/>\n<meta property=\"og:title\" content=\"Kurti: Do t\u2019u d\u00ebrgoj ftesa lider\u00ebve opozitar\u00eb p\u00ebr takim -\" \/>\n<meta property=\"og:description\" content=\"Prishtin\u00eb 30Mars 2026 11:27 Kryeministri, Albin Kurti ka th\u00ebn\u00eb se do t\u2019u d\u00ebrgoj\u00eb ftesa lider\u00ebve t\u00eb partive opozitare p\u00ebr takime sa p\u00ebrket \u00e7\u00ebshtjes s\u00eb presidentit.\" \/>\n<meta property=\"og:url\" content=\"https:\/\/veritasinfo.org\/?p=40583\" \/>\n<meta property=\"article:published_time\" content=\"2026-03-30T09:27:53+00:00\" \/>\n<meta property=\"article:modified_time\" content=\"2026-03-30T09:29:53+00:00\" \/>\n<meta property=\"og:image\" content=\"https:\/\/veritasinfo.org\/wp-content\/uploads\/2026\/03\/albin-kurti-1.png\" \/>\n\t<meta property=\"og:image:width\" content=\"754\" \/>\n\t<meta property=\"og:image:height\" content=\"503\" \/>\n\t<meta property=\"og:image:type\" content=\"image\/png\" \/>\n<meta name=\"author\" content=\"US5\" \/>\n<meta name=\"twitter:card\" content=\"summary_large_image\" \/>\n<meta name=\"twitter:label1\" content=\"Written by\" \/>\n\t<meta name=\"twitter:data1\" content=\"US5\" \/>\n\t<meta name=\"twitter:label2\" content=\"Est. reading time\" \/>\n\t<meta name=\"twitter:data2\" content=\"2 minutes\" \/>\n<script type=\"application\/ld+json\" class=\"yoast-schema-graph\">{\"@context\":\"https:\/\/schema.org\",\"@graph\":[{\"@type\":\"WebPage\",\"@id\":\"https:\/\/veritasinfo.org\/?p=40583\",\"url\":\"https:\/\/veritasinfo.org\/?p=40583\",\"name\":\"Kurti: Do t\u2019u d\u00ebrgoj ftesa lider\u00ebve opozitar\u00eb p\u00ebr takim -\",\"isPartOf\":{\"@id\":\"https:\/\/veritasinfo.org\/#website\"},\"primaryImageOfPage\":{\"@id\":\"https:\/\/veritasinfo.org\/?p=40583#primaryimage\"},\"image\":{\"@id\":\"https:\/\/veritasinfo.org\/?p=40583#primaryimage\"},\"thumbnailUrl\":\"https:\/\/veritasinfo.org\/wp-content\/uploads\/2026\/03\/albin-kurti-1.png\",\"datePublished\":\"2026-03-30T09:27:53+00:00\",\"dateModified\":\"2026-03-30T09:29:53+00:00\",\"author\":{\"@id\":\"https:\/\/veritasinfo.org\/#\/schema\/person\/bc442336e35414d04494ab8fb45db4c6\"},\"breadcrumb\":{\"@id\":\"https:\/\/veritasinfo.org\/?p=40583#breadcrumb\"},\"inLanguage\":\"en-US\",\"potentialAction\":[{\"@type\":\"ReadAction\",\"target\":[\"https:\/\/veritasinfo.org\/?p=40583\"]}]},{\"@type\":\"ImageObject\",\"inLanguage\":\"en-US\",\"@id\":\"https:\/\/veritasinfo.org\/?p=40583#primaryimage\",\"url\":\"https:\/\/veritasinfo.org\/wp-content\/uploads\/2026\/03\/albin-kurti-1.png\",\"contentUrl\":\"https:\/\/veritasinfo.org\/wp-content\/uploads\/2026\/03\/albin-kurti-1.png\",\"width\":754,\"height\":503},{\"@type\":\"BreadcrumbList\",\"@id\":\"https:\/\/veritasinfo.org\/?p=40583#breadcrumb\",\"itemListElement\":[{\"@type\":\"ListItem\",\"position\":1,\"name\":\"Home\",\"item\":\"https:\/\/veritasinfo.org\/\"},{\"@type\":\"ListItem\",\"position\":2,\"name\":\"Kurti: Do t\u2019u d\u00ebrgoj ftesa lider\u00ebve opozitar\u00eb p\u00ebr takim\"}]},{\"@type\":\"WebSite\",\"@id\":\"https:\/\/veritasinfo.org\/#website\",\"url\":\"https:\/\/veritasinfo.org\/\",\"name\":\"\",\"description\":\"\",\"potentialAction\":[{\"@type\":\"SearchAction\",\"target\":{\"@type\":\"EntryPoint\",\"urlTemplate\":\"https:\/\/veritasinfo.org\/?s={search_term_string}\"},\"query-input\":{\"@type\":\"PropertyValueSpecification\",\"valueRequired\":true,\"valueName\":\"search_term_string\"}}],\"inLanguage\":\"en-US\"},{\"@type\":\"Person\",\"@id\":\"https:\/\/veritasinfo.org\/#\/schema\/person\/bc442336e35414d04494ab8fb45db4c6\",\"name\":\"US5\",\"image\":{\"@type\":\"ImageObject\",\"inLanguage\":\"en-US\",\"@id\":\"https:\/\/veritasinfo.org\/#\/schema\/person\/image\/\",\"url\":\"https:\/\/secure.gravatar.com\/avatar\/16a61e7272a0c5d001121ebb9e60e925d5816e4ac1e443ed3e640d9a6ae55d0c?s=96&d=mm&r=g\",\"contentUrl\":\"https:\/\/secure.gravatar.com\/avatar\/16a61e7272a0c5d001121ebb9e60e925d5816e4ac1e443ed3e640d9a6ae55d0c?s=96&d=mm&r=g\",\"caption\":\"US5\"},\"url\":\"https:\/\/veritasinfo.org\/?author=6\"}]}<\/script>\n<!-- \/ Yoast SEO plugin. -->","yoast_head_json":{"title":"Kurti: Do t\u2019u d\u00ebrgoj ftesa lider\u00ebve opozitar\u00eb p\u00ebr takim -","robots":{"index":"index","follow":"follow","max-snippet":"max-snippet:-1","max-image-preview":"max-image-preview:large","max-video-preview":"max-video-preview:-1"},"canonical":"https:\/\/veritasinfo.org\/?p=40583","og_locale":"en_US","og_type":"article","og_title":"Kurti: Do t\u2019u d\u00ebrgoj ftesa lider\u00ebve opozitar\u00eb p\u00ebr takim -","og_description":"Prishtin\u00eb 30Mars 2026 11:27 Kryeministri, Albin Kurti ka th\u00ebn\u00eb se do t\u2019u d\u00ebrgoj\u00eb ftesa lider\u00ebve t\u00eb partive opozitare p\u00ebr takime sa p\u00ebrket \u00e7\u00ebshtjes s\u00eb presidentit.","og_url":"https:\/\/veritasinfo.org\/?p=40583","article_published_time":"2026-03-30T09:27:53+00:00","article_modified_time":"2026-03-30T09:29:53+00:00","og_image":[{"width":754,"height":503,"url":"https:\/\/veritasinfo.org\/wp-content\/uploads\/2026\/03\/albin-kurti-1.png","type":"image\/png"}],"author":"US5","twitter_card":"summary_large_image","twitter_misc":{"Written by":"US5","Est. reading time":"2 minutes"},"schema":{"@context":"https:\/\/schema.org","@graph":[{"@type":"WebPage","@id":"https:\/\/veritasinfo.org\/?p=40583","url":"https:\/\/veritasinfo.org\/?p=40583","name":"Kurti: Do t\u2019u d\u00ebrgoj ftesa lider\u00ebve opozitar\u00eb p\u00ebr takim -","isPartOf":{"@id":"https:\/\/veritasinfo.org\/#website"},"primaryImageOfPage":{"@id":"https:\/\/veritasinfo.org\/?p=40583#primaryimage"},"image":{"@id":"https:\/\/veritasinfo.org\/?p=40583#primaryimage"},"thumbnailUrl":"https:\/\/veritasinfo.org\/wp-content\/uploads\/2026\/03\/albin-kurti-1.png","datePublished":"2026-03-30T09:27:53+00:00","dateModified":"2026-03-30T09:29:53+00:00","author":{"@id":"https:\/\/veritasinfo.org\/#\/schema\/person\/bc442336e35414d04494ab8fb45db4c6"},"breadcrumb":{"@id":"https:\/\/veritasinfo.org\/?p=40583#breadcrumb"},"inLanguage":"en-US","potentialAction":[{"@type":"ReadAction","target":["https:\/\/veritasinfo.org\/?p=40583"]}]},{"@type":"ImageObject","inLanguage":"en-US","@id":"https:\/\/veritasinfo.org\/?p=40583#primaryimage","url":"https:\/\/veritasinfo.org\/wp-content\/uploads\/2026\/03\/albin-kurti-1.png","contentUrl":"https:\/\/veritasinfo.org\/wp-content\/uploads\/2026\/03\/albin-kurti-1.png","width":754,"height":503},{"@type":"BreadcrumbList","@id":"https:\/\/veritasinfo.org\/?p=40583#breadcrumb","itemListElement":[{"@type":"ListItem","position":1,"name":"Home","item":"https:\/\/veritasinfo.org\/"},{"@type":"ListItem","position":2,"name":"Kurti: Do t\u2019u d\u00ebrgoj ftesa lider\u00ebve opozitar\u00eb p\u00ebr takim"}]},{"@type":"WebSite","@id":"https:\/\/veritasinfo.org\/#website","url":"https:\/\/veritasinfo.org\/","name":"","description":"","potentialAction":[{"@type":"SearchAction","target":{"@type":"EntryPoint","urlTemplate":"https:\/\/veritasinfo.org\/?s={search_term_string}"},"query-input":{"@type":"PropertyValueSpecification","valueRequired":true,"valueName":"search_term_string"}}],"inLanguage":"en-US"},{"@type":"Person","@id":"https:\/\/veritasinfo.org\/#\/schema\/person\/bc442336e35414d04494ab8fb45db4c6","name":"US5","image":{"@type":"ImageObject","inLanguage":"en-US","@id":"https:\/\/veritasinfo.org\/#\/schema\/person\/image\/","url":"https:\/\/secure.gravatar.com\/avatar\/16a61e7272a0c5d001121ebb9e60e925d5816e4ac1e443ed3e640d9a6ae55d0c?s=96&d=mm&r=g","contentUrl":"https:\/\/secure.gravatar.com\/avatar\/16a61e7272a0c5d001121ebb9e60e925d5816e4ac1e443ed3e640d9a6ae55d0c?s=96&d=mm&r=g","caption":"US5"},"url":"https:\/\/veritasinfo.org\/?author=6"}]}},"featured_image_urls":{"full":["https:\/\/veritasinfo.org\/wp-content\/uploads\/2026\/03\/albin-kurti-1.png",754,503,false],"thumbnail":["https:\/\/veritasinfo.org\/wp-content\/uploads\/2026\/03\/albin-kurti-1-150x150.png",150,150,true],"medium":["https:\/\/veritasinfo.org\/wp-content\/uploads\/2026\/03\/albin-kurti-1-300x200.png",300,200,true],"medium_large":["https:\/\/veritasinfo.org\/wp-content\/uploads\/2026\/03\/albin-kurti-1.png",640,427,false],"large":["https:\/\/veritasinfo.org\/wp-content\/uploads\/2026\/03\/albin-kurti-1.png",640,427,false],"1536x1536":["https:\/\/veritasinfo.org\/wp-content\/uploads\/2026\/03\/albin-kurti-1.png",754,503,false],"2048x2048":["https:\/\/veritasinfo.org\/wp-content\/uploads\/2026\/03\/albin-kurti-1.png",754,503,false],"kreeti-slider-full":["https:\/\/veritasinfo.org\/wp-content\/uploads\/2026\/03\/albin-kurti-1.png",754,503,false],"kreeti-featured":["https:\/\/veritasinfo.org\/wp-content\/uploads\/2026\/03\/albin-kurti-1.png",754,503,false],"kreeti-medium":["https:\/\/veritasinfo.org\/wp-content\/uploads\/2026\/03\/albin-kurti-1.png",720,480,false],"kreeti-medium-square":["https:\/\/veritasinfo.org\/wp-content\/uploads\/2026\/03\/albin-kurti-1.png",350,233,false]},"author_info":{"info":["US5"]},"category_info":"<a href=\"https:\/\/veritasinfo.org\/?cat=58\" rel=\"category\">Politik\u00eb<\/a>","tag_info":"Politik\u00eb","comment_count":"0","_links":{"self":[{"href":"https:\/\/veritasinfo.org\/index.php?rest_route=\/wp\/v2\/posts\/40583","targetHints":{"allow":["GET"]}}],"collection":[{"href":"https:\/\/veritasinfo.org\/index.php?rest_route=\/wp\/v2\/posts"}],"about":[{"href":"https:\/\/veritasinfo.org\/index.php?rest_route=\/wp\/v2\/types\/post"}],"author":[{"embeddable":true,"href":"https:\/\/veritasinfo.org\/index.php?rest_route=\/wp\/v2\/users\/6"}],"replies":[{"embeddable":true,"href":"https:\/\/veritasinfo.org\/index.php?rest_route=%2Fwp%2Fv2%2Fcomments&post=40583"}],"version-history":[{"count":1,"href":"https:\/\/veritasinfo.org\/index.php?rest_route=\/wp\/v2\/posts\/40583\/revisions"}],"predecessor-version":[{"id":40585,"href":"https:\/\/veritasinfo.org\/index.php?rest_route=\/wp\/v2\/posts\/40583\/revisions\/40585"}],"wp:featuredmedia":[{"embeddable":true,"href":"https:\/\/veritasinfo.org\/index.php?rest_route=\/wp\/v2\/media\/40584"}],"wp:attachment":[{"href":"https:\/\/veritasinfo.org\/index.php?rest_route=%2Fwp%2Fv2%2Fmedia&parent=40583"}],"wp:term":[{"taxonomy":"category","embeddable":true,"href":"https:\/\/veritasinfo.org\/index.php?rest_route=%2Fwp%2Fv2%2Fcategories&post=40583"},{"taxonomy":"post_tag","embeddable":true,"href":"https:\/\/veritasinfo.org\/index.php?rest_route=%2Fwp%2Fv2%2Ftags&post=40583"}],"curies":[{"name":"wp","href":"https:\/\/api.w.org\/{rel}","templated":true}]}}