{"id":40557,"date":"2026-03-30T10:39:53","date_gmt":"2026-03-30T08:39:53","guid":{"rendered":"https:\/\/veritasinfo.org\/?p=40557"},"modified":"2026-03-30T10:42:00","modified_gmt":"2026-03-30T08:42:00","slug":"kurti-me-macronin-folem-per-rrugen-e-kosoves-drejt-anetaresimit-ne-be","status":"publish","type":"post","link":"https:\/\/veritasinfo.org\/?p=40557","title":{"rendered":"Kurti: Me Macronin fol\u00ebm p\u00ebr rrug\u00ebn e Kosov\u00ebs drejt an\u00ebtar\u00ebsimit n\u00eb BE"},"content":{"rendered":"<p>Prishtin\u00eb, 30.03.2026 10:39<\/p>\n<p>Kryeministri Albin Kurti ka hapur mbledhjen e Qeveris\u00eb duke njoftuar kabinetin e tij p\u00ebr takimin q\u00eb ka pasur me presidentin francez, Emmanuel Macron, nw Pallatin Elysee n\u00eb Paris, takim q\u00eb tha se zgjati rreth dy or\u00eb.<\/p>\n<p>Kreu i Qeveris\u00eb tha se me shefin e shtetit francez pat\u00ebn bised\u00eb t\u00eb thell\u00eb e t\u00eb sinqert\u00eb, t\u00eb p\u00ebrqendruar n\u00eb tema t\u00eb bashk\u00ebpunimit e integrimit, t\u00eb siguris\u00eb e t\u00eb mbrojtjes.<\/p>\n<p>\u201cPasditen e s\u00eb premtes isha mysafir i presidentit t\u00eb Franc\u00ebs n\u00eb nj\u00eb takim dhe nj\u00eb drek\u00eb pune n\u00eb pallatin Elysee. Pritja e p\u00ebrzem\u00ebrt u p\u00ebrcoll me nj\u00eb diskutim t\u00eb thell\u00eb e t\u00eb sinqert\u00eb rreth dy or\u00eb q\u00eb u p\u00ebrqendrua n\u00eb tema t\u00eb bashk\u00ebpunimit e t\u00eb integrimit, t\u00eb siguris\u00eb e t\u00eb mbrojtjes, si dhe t\u00eb ekonomis\u00eb e zhvillimit\u201d, tha Kurti para kabinetit t\u00eb tij.<\/p>\n<p>Shefi i Qeveris\u00eb, gjithashtu tha se me presidentin Macron biseduan p\u00ebr rrug\u00ebn e Kosov\u00ebs drejt an\u00ebtar\u00ebsimit n\u00eb BE e n\u00eb organizata t\u00eb tjera nd\u00ebrkomb\u00ebtare.<\/p>\n<p>\u201cPastaj p\u00ebr rolin e r\u00ebnd\u00ebsish\u00ebm e t\u00eb vazhduesh\u00ebm t\u00eb NATO-s n\u00eb Kosov\u00eb, p\u00ebr bashk\u00ebveprimin me aleat\u00ebt veriatlantik dhe p\u00ebr sigurin\u00eb rajonale n\u00eb Ballkan\u201d, tha Kurti.<\/p>\n<p>Tutje kryeqeveritari, n\u00eb mbledhje t\u00eb ekzekutivit tha se n\u00eb k\u00ebt\u00eb takim rreth dyor\u00ebsh me presidentin e Franc\u00ebs, forcimi i kapaciteteve mbrojt\u00ebse dhe raportet me fqinjin verior ishin \u00e7\u00ebshtje t\u00eb cilat n\u00eb kontekst t\u00eb siguris\u00eb s\u00eb vendit i diskutuan bashk\u00eb.<\/p>\n","protected":false},"excerpt":{"rendered":"<p>Prishtin\u00eb, 30.03.2026 10:39 Kryeministri Albin Kurti ka hapur mbledhjen e Qeveris\u00eb duke njoftuar kabinetin e tij p\u00ebr takimin q\u00eb ka pasur me presidentin francez, Emmanuel<\/p>\n","protected":false},"author":7,"featured_media":40558,"comment_status":"open","ping_status":"open","sticky":false,"template":"","format":"standard","meta":{"footnotes":""},"categories":[58],"tags":[],"class_list":["post-40557","post","type-post","status-publish","format-standard","has-post-thumbnail","hentry","category-politike-sq"],"yoast_head":"<!-- This site is optimized with the Yoast SEO plugin v25.3.1 - https:\/\/yoast.com\/wordpress\/plugins\/seo\/ -->\n<title>Kurti: Me Macronin fol\u00ebm p\u00ebr rrug\u00ebn e Kosov\u00ebs drejt an\u00ebtar\u00ebsimit n\u00eb BE -<\/title>\n<meta name=\"robots\" content=\"index, follow, max-snippet:-1, max-image-preview:large, max-video-preview:-1\" \/>\n<link rel=\"canonical\" href=\"https:\/\/veritasinfo.org\/?p=40557\" \/>\n<meta property=\"og:locale\" content=\"en_US\" \/>\n<meta property=\"og:type\" content=\"article\" \/>\n<meta property=\"og:title\" content=\"Kurti: Me Macronin fol\u00ebm p\u00ebr rrug\u00ebn e Kosov\u00ebs drejt an\u00ebtar\u00ebsimit n\u00eb BE -\" \/>\n<meta property=\"og:description\" content=\"Prishtin\u00eb, 30.03.2026 10:39 Kryeministri Albin Kurti ka hapur mbledhjen e Qeveris\u00eb duke njoftuar kabinetin e tij p\u00ebr takimin q\u00eb ka pasur me presidentin francez, Emmanuel\" \/>\n<meta property=\"og:url\" content=\"https:\/\/veritasinfo.org\/?p=40557\" \/>\n<meta property=\"article:published_time\" content=\"2026-03-30T08:39:53+00:00\" \/>\n<meta property=\"article:modified_time\" content=\"2026-03-30T08:42:00+00:00\" \/>\n<meta property=\"og:image\" content=\"https:\/\/veritasinfo.org\/wp-content\/uploads\/2026\/03\/Mbledhja-e-Qeverise-1.jpg\" \/>\n\t<meta property=\"og:image:width\" content=\"2048\" \/>\n\t<meta property=\"og:image:height\" content=\"1365\" \/>\n\t<meta property=\"og:image:type\" content=\"image\/jpeg\" \/>\n<meta name=\"author\" content=\"US6\" \/>\n<meta name=\"twitter:card\" content=\"summary_large_image\" \/>\n<meta name=\"twitter:label1\" content=\"Written by\" \/>\n\t<meta name=\"twitter:data1\" content=\"US6\" \/>\n\t<meta name=\"twitter:label2\" content=\"Est. reading time\" \/>\n\t<meta name=\"twitter:data2\" content=\"1 minute\" \/>\n<script type=\"application\/ld+json\" class=\"yoast-schema-graph\">{\"@context\":\"https:\/\/schema.org\",\"@graph\":[{\"@type\":\"WebPage\",\"@id\":\"https:\/\/veritasinfo.org\/?p=40557\",\"url\":\"https:\/\/veritasinfo.org\/?p=40557\",\"name\":\"Kurti: Me Macronin fol\u00ebm p\u00ebr rrug\u00ebn e Kosov\u00ebs drejt an\u00ebtar\u00ebsimit n\u00eb BE -\",\"isPartOf\":{\"@id\":\"https:\/\/veritasinfo.org\/#website\"},\"primaryImageOfPage\":{\"@id\":\"https:\/\/veritasinfo.org\/?p=40557#primaryimage\"},\"image\":{\"@id\":\"https:\/\/veritasinfo.org\/?p=40557#primaryimage\"},\"thumbnailUrl\":\"https:\/\/veritasinfo.org\/wp-content\/uploads\/2026\/03\/Mbledhja-e-Qeverise-1.jpg\",\"datePublished\":\"2026-03-30T08:39:53+00:00\",\"dateModified\":\"2026-03-30T08:42:00+00:00\",\"author\":{\"@id\":\"https:\/\/veritasinfo.org\/#\/schema\/person\/fe199eede04c3937362892b7444747cc\"},\"breadcrumb\":{\"@id\":\"https:\/\/veritasinfo.org\/?p=40557#breadcrumb\"},\"inLanguage\":\"en-US\",\"potentialAction\":[{\"@type\":\"ReadAction\",\"target\":[\"https:\/\/veritasinfo.org\/?p=40557\"]}]},{\"@type\":\"ImageObject\",\"inLanguage\":\"en-US\",\"@id\":\"https:\/\/veritasinfo.org\/?p=40557#primaryimage\",\"url\":\"https:\/\/veritasinfo.org\/wp-content\/uploads\/2026\/03\/Mbledhja-e-Qeverise-1.jpg\",\"contentUrl\":\"https:\/\/veritasinfo.org\/wp-content\/uploads\/2026\/03\/Mbledhja-e-Qeverise-1.jpg\",\"width\":2048,\"height\":1365},{\"@type\":\"BreadcrumbList\",\"@id\":\"https:\/\/veritasinfo.org\/?p=40557#breadcrumb\",\"itemListElement\":[{\"@type\":\"ListItem\",\"position\":1,\"name\":\"Home\",\"item\":\"https:\/\/veritasinfo.org\/\"},{\"@type\":\"ListItem\",\"position\":2,\"name\":\"Kurti: Me Macronin fol\u00ebm p\u00ebr rrug\u00ebn e Kosov\u00ebs drejt an\u00ebtar\u00ebsimit n\u00eb BE\"}]},{\"@type\":\"WebSite\",\"@id\":\"https:\/\/veritasinfo.org\/#website\",\"url\":\"https:\/\/veritasinfo.org\/\",\"name\":\"\",\"description\":\"\",\"potentialAction\":[{\"@type\":\"SearchAction\",\"target\":{\"@type\":\"EntryPoint\",\"urlTemplate\":\"https:\/\/veritasinfo.org\/?s={search_term_string}\"},\"query-input\":{\"@type\":\"PropertyValueSpecification\",\"valueRequired\":true,\"valueName\":\"search_term_string\"}}],\"inLanguage\":\"en-US\"},{\"@type\":\"Person\",\"@id\":\"https:\/\/veritasinfo.org\/#\/schema\/person\/fe199eede04c3937362892b7444747cc\",\"name\":\"US6\",\"image\":{\"@type\":\"ImageObject\",\"inLanguage\":\"en-US\",\"@id\":\"https:\/\/veritasinfo.org\/#\/schema\/person\/image\/\",\"url\":\"https:\/\/secure.gravatar.com\/avatar\/cb16c3c31c9d23b9b8c705964598220b3014e42ff51eb540ff23cefa3ae8c15f?s=96&d=mm&r=g\",\"contentUrl\":\"https:\/\/secure.gravatar.com\/avatar\/cb16c3c31c9d23b9b8c705964598220b3014e42ff51eb540ff23cefa3ae8c15f?s=96&d=mm&r=g\",\"caption\":\"US6\"},\"url\":\"https:\/\/veritasinfo.org\/?author=7\"}]}<\/script>\n<!-- \/ Yoast SEO plugin. -->","yoast_head_json":{"title":"Kurti: Me Macronin fol\u00ebm p\u00ebr rrug\u00ebn e Kosov\u00ebs drejt an\u00ebtar\u00ebsimit n\u00eb BE -","robots":{"index":"index","follow":"follow","max-snippet":"max-snippet:-1","max-image-preview":"max-image-preview:large","max-video-preview":"max-video-preview:-1"},"canonical":"https:\/\/veritasinfo.org\/?p=40557","og_locale":"en_US","og_type":"article","og_title":"Kurti: Me Macronin fol\u00ebm p\u00ebr rrug\u00ebn e Kosov\u00ebs drejt an\u00ebtar\u00ebsimit n\u00eb BE -","og_description":"Prishtin\u00eb, 30.03.2026 10:39 Kryeministri Albin Kurti ka hapur mbledhjen e Qeveris\u00eb duke njoftuar kabinetin e tij p\u00ebr takimin q\u00eb ka pasur me presidentin francez, Emmanuel","og_url":"https:\/\/veritasinfo.org\/?p=40557","article_published_time":"2026-03-30T08:39:53+00:00","article_modified_time":"2026-03-30T08:42:00+00:00","og_image":[{"width":2048,"height":1365,"url":"https:\/\/veritasinfo.org\/wp-content\/uploads\/2026\/03\/Mbledhja-e-Qeverise-1.jpg","type":"image\/jpeg"}],"author":"US6","twitter_card":"summary_large_image","twitter_misc":{"Written by":"US6","Est. reading time":"1 minute"},"schema":{"@context":"https:\/\/schema.org","@graph":[{"@type":"WebPage","@id":"https:\/\/veritasinfo.org\/?p=40557","url":"https:\/\/veritasinfo.org\/?p=40557","name":"Kurti: Me Macronin fol\u00ebm p\u00ebr rrug\u00ebn e Kosov\u00ebs drejt an\u00ebtar\u00ebsimit n\u00eb BE -","isPartOf":{"@id":"https:\/\/veritasinfo.org\/#website"},"primaryImageOfPage":{"@id":"https:\/\/veritasinfo.org\/?p=40557#primaryimage"},"image":{"@id":"https:\/\/veritasinfo.org\/?p=40557#primaryimage"},"thumbnailUrl":"https:\/\/veritasinfo.org\/wp-content\/uploads\/2026\/03\/Mbledhja-e-Qeverise-1.jpg","datePublished":"2026-03-30T08:39:53+00:00","dateModified":"2026-03-30T08:42:00+00:00","author":{"@id":"https:\/\/veritasinfo.org\/#\/schema\/person\/fe199eede04c3937362892b7444747cc"},"breadcrumb":{"@id":"https:\/\/veritasinfo.org\/?p=40557#breadcrumb"},"inLanguage":"en-US","potentialAction":[{"@type":"ReadAction","target":["https:\/\/veritasinfo.org\/?p=40557"]}]},{"@type":"ImageObject","inLanguage":"en-US","@id":"https:\/\/veritasinfo.org\/?p=40557#primaryimage","url":"https:\/\/veritasinfo.org\/wp-content\/uploads\/2026\/03\/Mbledhja-e-Qeverise-1.jpg","contentUrl":"https:\/\/veritasinfo.org\/wp-content\/uploads\/2026\/03\/Mbledhja-e-Qeverise-1.jpg","width":2048,"height":1365},{"@type":"BreadcrumbList","@id":"https:\/\/veritasinfo.org\/?p=40557#breadcrumb","itemListElement":[{"@type":"ListItem","position":1,"name":"Home","item":"https:\/\/veritasinfo.org\/"},{"@type":"ListItem","position":2,"name":"Kurti: Me Macronin fol\u00ebm p\u00ebr rrug\u00ebn e Kosov\u00ebs drejt an\u00ebtar\u00ebsimit n\u00eb BE"}]},{"@type":"WebSite","@id":"https:\/\/veritasinfo.org\/#website","url":"https:\/\/veritasinfo.org\/","name":"","description":"","potentialAction":[{"@type":"SearchAction","target":{"@type":"EntryPoint","urlTemplate":"https:\/\/veritasinfo.org\/?s={search_term_string}"},"query-input":{"@type":"PropertyValueSpecification","valueRequired":true,"valueName":"search_term_string"}}],"inLanguage":"en-US"},{"@type":"Person","@id":"https:\/\/veritasinfo.org\/#\/schema\/person\/fe199eede04c3937362892b7444747cc","name":"US6","image":{"@type":"ImageObject","inLanguage":"en-US","@id":"https:\/\/veritasinfo.org\/#\/schema\/person\/image\/","url":"https:\/\/secure.gravatar.com\/avatar\/cb16c3c31c9d23b9b8c705964598220b3014e42ff51eb540ff23cefa3ae8c15f?s=96&d=mm&r=g","contentUrl":"https:\/\/secure.gravatar.com\/avatar\/cb16c3c31c9d23b9b8c705964598220b3014e42ff51eb540ff23cefa3ae8c15f?s=96&d=mm&r=g","caption":"US6"},"url":"https:\/\/veritasinfo.org\/?author=7"}]}},"featured_image_urls":{"full":["https:\/\/veritasinfo.org\/wp-content\/uploads\/2026\/03\/Mbledhja-e-Qeverise-1.jpg",2048,1365,false],"thumbnail":["https:\/\/veritasinfo.org\/wp-content\/uploads\/2026\/03\/Mbledhja-e-Qeverise-1-150x150.jpg",150,150,true],"medium":["https:\/\/veritasinfo.org\/wp-content\/uploads\/2026\/03\/Mbledhja-e-Qeverise-1-300x200.jpg",300,200,true],"medium_large":["https:\/\/veritasinfo.org\/wp-content\/uploads\/2026\/03\/Mbledhja-e-Qeverise-1-768x512.jpg",640,427,true],"large":["https:\/\/veritasinfo.org\/wp-content\/uploads\/2026\/03\/Mbledhja-e-Qeverise-1-1024x683.jpg",640,427,true],"1536x1536":["https:\/\/veritasinfo.org\/wp-content\/uploads\/2026\/03\/Mbledhja-e-Qeverise-1-1536x1024.jpg",1536,1024,true],"2048x2048":["https:\/\/veritasinfo.org\/wp-content\/uploads\/2026\/03\/Mbledhja-e-Qeverise-1.jpg",2048,1365,false],"kreeti-slider-full":["https:\/\/veritasinfo.org\/wp-content\/uploads\/2026\/03\/Mbledhja-e-Qeverise-1.jpg",1080,720,false],"kreeti-featured":["https:\/\/veritasinfo.org\/wp-content\/uploads\/2026\/03\/Mbledhja-e-Qeverise-1.jpg",1024,683,false],"kreeti-medium":["https:\/\/veritasinfo.org\/wp-content\/uploads\/2026\/03\/Mbledhja-e-Qeverise-1.jpg",720,480,false],"kreeti-medium-square":["https:\/\/veritasinfo.org\/wp-content\/uploads\/2026\/03\/Mbledhja-e-Qeverise-1.jpg",350,233,false]},"author_info":{"info":["US6"]},"category_info":"<a href=\"https:\/\/veritasinfo.org\/?cat=58\" rel=\"category\">Politik\u00eb<\/a>","tag_info":"Politik\u00eb","comment_count":"0","_links":{"self":[{"href":"https:\/\/veritasinfo.org\/index.php?rest_route=\/wp\/v2\/posts\/40557","targetHints":{"allow":["GET"]}}],"collection":[{"href":"https:\/\/veritasinfo.org\/index.php?rest_route=\/wp\/v2\/posts"}],"about":[{"href":"https:\/\/veritasinfo.org\/index.php?rest_route=\/wp\/v2\/types\/post"}],"author":[{"embeddable":true,"href":"https:\/\/veritasinfo.org\/index.php?rest_route=\/wp\/v2\/users\/7"}],"replies":[{"embeddable":true,"href":"https:\/\/veritasinfo.org\/index.php?rest_route=%2Fwp%2Fv2%2Fcomments&post=40557"}],"version-history":[{"count":1,"href":"https:\/\/veritasinfo.org\/index.php?rest_route=\/wp\/v2\/posts\/40557\/revisions"}],"predecessor-version":[{"id":40559,"href":"https:\/\/veritasinfo.org\/index.php?rest_route=\/wp\/v2\/posts\/40557\/revisions\/40559"}],"wp:featuredmedia":[{"embeddable":true,"href":"https:\/\/veritasinfo.org\/index.php?rest_route=\/wp\/v2\/media\/40558"}],"wp:attachment":[{"href":"https:\/\/veritasinfo.org\/index.php?rest_route=%2Fwp%2Fv2%2Fmedia&parent=40557"}],"wp:term":[{"taxonomy":"category","embeddable":true,"href":"https:\/\/veritasinfo.org\/index.php?rest_route=%2Fwp%2Fv2%2Fcategories&post=40557"},{"taxonomy":"post_tag","embeddable":true,"href":"https:\/\/veritasinfo.org\/index.php?rest_route=%2Fwp%2Fv2%2Ftags&post=40557"}],"curies":[{"name":"wp","href":"https:\/\/api.w.org\/{rel}","templated":true}]}}