{"id":40532,"date":"2026-03-30T07:36:42","date_gmt":"2026-03-30T05:36:42","guid":{"rendered":"https:\/\/veritasinfo.org\/?p=40532"},"modified":"2026-03-30T07:36:42","modified_gmt":"2026-03-30T05:36:42","slug":"dergimi-i-fsk-se-ne-gaza-sot-pritet-vendimi-nga-ana-e-qeverise","status":"publish","type":"post","link":"https:\/\/veritasinfo.org\/?p=40532","title":{"rendered":"D\u00ebrgimi i FSK-s\u00eb n\u00eb Gaza, sot pritet vendimi nga ana e Qeveris\u00eb"},"content":{"rendered":"<p>Prishtin\u00eb, 30.03.2026 07:33<\/p>\n<p>Qeveria e Kosov\u00ebs do t\u00eb mbaj\u00eb sot mbledhjen e saj t\u00eb shtat\u00eb, ku nd\u00ebr pikat kryesore t\u00eb rendit t\u00eb dit\u00ebs \u00ebsht\u00eb edhe shqyrtimi i propozim-vendimit p\u00ebr d\u00ebrgimin e Forc\u00ebs s\u00eb Siguris\u00eb s\u00eb Kosov\u00ebs (FSK) jasht\u00eb vendit, konkretisht n\u00eb kuad\u00ebr t\u00eb nj\u00eb misioni nd\u00ebrkomb\u00ebtar stabilizues n\u00eb Gaza.<\/p>\n<p>Sipas rendit t\u00eb dit\u00ebs, Ministria e Mbrojtjes do t\u00eb k\u00ebrkoj\u00eb nga Kuvendi i Republik\u00ebs s\u00eb Kosov\u00ebs miratimin p\u00ebr k\u00ebt\u00eb vendim, i cili parasheh angazhimin e FSK-s\u00eb si pjes\u00eb e p\u00ebrpjekjeve nd\u00ebrkomb\u00ebtare p\u00ebr ruajtjen e stabilitetit dhe siguris\u00eb n\u00eb k\u00ebt\u00eb zon\u00eb t\u00eb ndjeshme.<\/p>\n<p>Ky hap konsiderohet i r\u00ebnd\u00ebsish\u00ebm p\u00ebr rolin nd\u00ebrkomb\u00ebtar t\u00eb Kosov\u00ebs, duke d\u00ebshmuar gatishm\u00ebrin\u00eb e saj p\u00ebr t\u00eb kontribuar n\u00eb misione paqeruajt\u00ebse dhe operacione t\u00eb siguris\u00eb p\u00ebrtej kufijve t\u00eb vendit.<\/p>\n<p>N\u00eb t\u00eb nj\u00ebjt\u00ebn mbledhje, kabineti qeveritar do t\u00eb shqyrtoj\u00eb edhe nj\u00eb s\u00ebr\u00eb \u00e7\u00ebshtjesh t\u00eb tjera, p\u00ebrfshir\u00eb projektligje dhe vendime q\u00eb lidhen me financat publike, mjedisin, si dhe zhvillimin infrastrukturor.<\/p>\n<p>Megjithat\u00eb, fokusi kryesor mbetet te vendimi p\u00ebr d\u00ebrgimin e FSK-s\u00eb n\u00eb Gaza, i cili pritet t\u00eb diskutohet gjer\u00ebsisht edhe n\u00eb Kuvend, p\u00ebr shkak t\u00eb r\u00ebnd\u00ebsis\u00eb dhe ndjeshm\u00ebris\u00eb s\u00eb tij n\u00eb planin nd\u00ebrkomb\u00ebtar.<\/p>\n<p>Kosova \u00ebsht\u00eb zotuar se do t\u00eb d\u00ebrgoj\u00eb trupa n\u00eb k\u00ebt\u00eb vend t\u00eb shkat\u00ebrruar nga lufta n\u00eb kuad\u00ebr t\u00eb Forc\u00ebs Nd\u00ebrkomb\u00ebtare Stabilizuese (FNS), mekaniz\u00ebm q\u00eb \u00ebsht\u00eb parapar\u00eb t\u00eb formohet me themelimin e Bordit t\u00eb Paqes \u2013 nism\u00ebs s\u00eb presidentit amerikan, Donald Trump p\u00ebr arritjen e paqes n\u00eb bot\u00eb.<\/p>\n<p>Kosova \u00ebsht\u00eb zotuar se do t\u00eb d\u00ebrgoj\u00eb trupa n\u00eb k\u00ebt\u00eb vend t\u00eb shkat\u00ebrruar nga lufta n\u00eb kuad\u00ebr t\u00eb Forc\u00ebs Nd\u00ebrkomb\u00ebtare Stabilizuese (FNS), mekaniz\u00ebm q\u00eb \u00ebsht\u00eb parapar\u00eb t\u00eb formohet me themelimin e Bordit t\u00eb Paqes \u2013 nism\u00ebs s\u00eb presidentit amerikan, Donald Trump p\u00ebr arritjen e paqes n\u00eb bot\u00eb.<\/p>\n<p>Kjo nuk do t\u00eb ishte hera e par\u00eb q\u00eb pjes\u00ebtar\u00eb t\u00eb FSK-s\u00eb dislokohen jasht\u00eb vendit.<\/p>\n<p>M\u00eb 2021, kjo forc\u00eb u d\u00ebrgua n\u00eb mision n\u00eb Kuvajt n\u00eb kuad\u00ebr t\u00eb bashk\u00ebpunimit me forcat amerikane, nd\u00ebrsa m\u00eb 2022 n\u00eb Ishujt Falklands, n\u00eb bashk\u00ebpunim me Mbret\u00ebrin\u00eb e Bashkuar.<\/p>\n","protected":false},"excerpt":{"rendered":"<p>Prishtin\u00eb, 30.03.2026 07:33 Qeveria e Kosov\u00ebs do t\u00eb mbaj\u00eb sot mbledhjen e saj t\u00eb shtat\u00eb, ku nd\u00ebr pikat kryesore t\u00eb rendit t\u00eb dit\u00ebs \u00ebsht\u00eb edhe<\/p>\n","protected":false},"author":7,"featured_media":40533,"comment_status":"open","ping_status":"open","sticky":false,"template":"","format":"standard","meta":{"footnotes":""},"categories":[60],"tags":[],"class_list":["post-40532","post","type-post","status-publish","format-standard","has-post-thumbnail","hentry","category-shoqerore-sq"],"yoast_head":"<!-- This site is optimized with the Yoast SEO plugin v25.3.1 - https:\/\/yoast.com\/wordpress\/plugins\/seo\/ -->\n<title>D\u00ebrgimi i FSK-s\u00eb n\u00eb Gaza, sot pritet vendimi nga ana e Qeveris\u00eb -<\/title>\n<meta name=\"robots\" content=\"index, follow, max-snippet:-1, max-image-preview:large, max-video-preview:-1\" \/>\n<link rel=\"canonical\" href=\"https:\/\/veritasinfo.org\/?p=40532\" \/>\n<meta property=\"og:locale\" content=\"en_US\" \/>\n<meta property=\"og:type\" content=\"article\" \/>\n<meta property=\"og:title\" content=\"D\u00ebrgimi i FSK-s\u00eb n\u00eb Gaza, sot pritet vendimi nga ana e Qeveris\u00eb -\" \/>\n<meta property=\"og:description\" content=\"Prishtin\u00eb, 30.03.2026 07:33 Qeveria e Kosov\u00ebs do t\u00eb mbaj\u00eb sot mbledhjen e saj t\u00eb shtat\u00eb, ku nd\u00ebr pikat kryesore t\u00eb rendit t\u00eb dit\u00ebs \u00ebsht\u00eb edhe\" \/>\n<meta property=\"og:url\" content=\"https:\/\/veritasinfo.org\/?p=40532\" \/>\n<meta property=\"article:published_time\" content=\"2026-03-30T05:36:42+00:00\" \/>\n<meta property=\"og:image\" content=\"https:\/\/veritasinfo.org\/wp-content\/uploads\/2026\/03\/image-1-11.webp\" \/>\n\t<meta property=\"og:image:width\" content=\"1245\" \/>\n\t<meta property=\"og:image:height\" content=\"700\" \/>\n\t<meta property=\"og:image:type\" content=\"image\/webp\" \/>\n<meta name=\"author\" content=\"US6\" \/>\n<meta name=\"twitter:card\" content=\"summary_large_image\" \/>\n<meta name=\"twitter:label1\" content=\"Written by\" \/>\n\t<meta name=\"twitter:data1\" content=\"US6\" \/>\n\t<meta name=\"twitter:label2\" content=\"Est. reading time\" \/>\n\t<meta name=\"twitter:data2\" content=\"2 minutes\" \/>\n<script type=\"application\/ld+json\" class=\"yoast-schema-graph\">{\"@context\":\"https:\/\/schema.org\",\"@graph\":[{\"@type\":\"WebPage\",\"@id\":\"https:\/\/veritasinfo.org\/?p=40532\",\"url\":\"https:\/\/veritasinfo.org\/?p=40532\",\"name\":\"D\u00ebrgimi i FSK-s\u00eb n\u00eb Gaza, sot pritet vendimi nga ana e Qeveris\u00eb -\",\"isPartOf\":{\"@id\":\"https:\/\/veritasinfo.org\/#website\"},\"primaryImageOfPage\":{\"@id\":\"https:\/\/veritasinfo.org\/?p=40532#primaryimage\"},\"image\":{\"@id\":\"https:\/\/veritasinfo.org\/?p=40532#primaryimage\"},\"thumbnailUrl\":\"https:\/\/veritasinfo.org\/wp-content\/uploads\/2026\/03\/image-1-11.webp\",\"datePublished\":\"2026-03-30T05:36:42+00:00\",\"author\":{\"@id\":\"https:\/\/veritasinfo.org\/#\/schema\/person\/fe199eede04c3937362892b7444747cc\"},\"breadcrumb\":{\"@id\":\"https:\/\/veritasinfo.org\/?p=40532#breadcrumb\"},\"inLanguage\":\"en-US\",\"potentialAction\":[{\"@type\":\"ReadAction\",\"target\":[\"https:\/\/veritasinfo.org\/?p=40532\"]}]},{\"@type\":\"ImageObject\",\"inLanguage\":\"en-US\",\"@id\":\"https:\/\/veritasinfo.org\/?p=40532#primaryimage\",\"url\":\"https:\/\/veritasinfo.org\/wp-content\/uploads\/2026\/03\/image-1-11.webp\",\"contentUrl\":\"https:\/\/veritasinfo.org\/wp-content\/uploads\/2026\/03\/image-1-11.webp\",\"width\":1245,\"height\":700},{\"@type\":\"BreadcrumbList\",\"@id\":\"https:\/\/veritasinfo.org\/?p=40532#breadcrumb\",\"itemListElement\":[{\"@type\":\"ListItem\",\"position\":1,\"name\":\"Home\",\"item\":\"https:\/\/veritasinfo.org\/\"},{\"@type\":\"ListItem\",\"position\":2,\"name\":\"D\u00ebrgimi i FSK-s\u00eb n\u00eb Gaza, sot pritet vendimi nga ana e Qeveris\u00eb\"}]},{\"@type\":\"WebSite\",\"@id\":\"https:\/\/veritasinfo.org\/#website\",\"url\":\"https:\/\/veritasinfo.org\/\",\"name\":\"\",\"description\":\"\",\"potentialAction\":[{\"@type\":\"SearchAction\",\"target\":{\"@type\":\"EntryPoint\",\"urlTemplate\":\"https:\/\/veritasinfo.org\/?s={search_term_string}\"},\"query-input\":{\"@type\":\"PropertyValueSpecification\",\"valueRequired\":true,\"valueName\":\"search_term_string\"}}],\"inLanguage\":\"en-US\"},{\"@type\":\"Person\",\"@id\":\"https:\/\/veritasinfo.org\/#\/schema\/person\/fe199eede04c3937362892b7444747cc\",\"name\":\"US6\",\"image\":{\"@type\":\"ImageObject\",\"inLanguage\":\"en-US\",\"@id\":\"https:\/\/veritasinfo.org\/#\/schema\/person\/image\/\",\"url\":\"https:\/\/secure.gravatar.com\/avatar\/cb16c3c31c9d23b9b8c705964598220b3014e42ff51eb540ff23cefa3ae8c15f?s=96&d=mm&r=g\",\"contentUrl\":\"https:\/\/secure.gravatar.com\/avatar\/cb16c3c31c9d23b9b8c705964598220b3014e42ff51eb540ff23cefa3ae8c15f?s=96&d=mm&r=g\",\"caption\":\"US6\"},\"url\":\"https:\/\/veritasinfo.org\/?author=7\"}]}<\/script>\n<!-- \/ Yoast SEO plugin. -->","yoast_head_json":{"title":"D\u00ebrgimi i FSK-s\u00eb n\u00eb Gaza, sot pritet vendimi nga ana e Qeveris\u00eb -","robots":{"index":"index","follow":"follow","max-snippet":"max-snippet:-1","max-image-preview":"max-image-preview:large","max-video-preview":"max-video-preview:-1"},"canonical":"https:\/\/veritasinfo.org\/?p=40532","og_locale":"en_US","og_type":"article","og_title":"D\u00ebrgimi i FSK-s\u00eb n\u00eb Gaza, sot pritet vendimi nga ana e Qeveris\u00eb -","og_description":"Prishtin\u00eb, 30.03.2026 07:33 Qeveria e Kosov\u00ebs do t\u00eb mbaj\u00eb sot mbledhjen e saj t\u00eb shtat\u00eb, ku nd\u00ebr pikat kryesore t\u00eb rendit t\u00eb dit\u00ebs \u00ebsht\u00eb edhe","og_url":"https:\/\/veritasinfo.org\/?p=40532","article_published_time":"2026-03-30T05:36:42+00:00","og_image":[{"width":1245,"height":700,"url":"https:\/\/veritasinfo.org\/wp-content\/uploads\/2026\/03\/image-1-11.webp","type":"image\/webp"}],"author":"US6","twitter_card":"summary_large_image","twitter_misc":{"Written by":"US6","Est. reading time":"2 minutes"},"schema":{"@context":"https:\/\/schema.org","@graph":[{"@type":"WebPage","@id":"https:\/\/veritasinfo.org\/?p=40532","url":"https:\/\/veritasinfo.org\/?p=40532","name":"D\u00ebrgimi i FSK-s\u00eb n\u00eb Gaza, sot pritet vendimi nga ana e Qeveris\u00eb -","isPartOf":{"@id":"https:\/\/veritasinfo.org\/#website"},"primaryImageOfPage":{"@id":"https:\/\/veritasinfo.org\/?p=40532#primaryimage"},"image":{"@id":"https:\/\/veritasinfo.org\/?p=40532#primaryimage"},"thumbnailUrl":"https:\/\/veritasinfo.org\/wp-content\/uploads\/2026\/03\/image-1-11.webp","datePublished":"2026-03-30T05:36:42+00:00","author":{"@id":"https:\/\/veritasinfo.org\/#\/schema\/person\/fe199eede04c3937362892b7444747cc"},"breadcrumb":{"@id":"https:\/\/veritasinfo.org\/?p=40532#breadcrumb"},"inLanguage":"en-US","potentialAction":[{"@type":"ReadAction","target":["https:\/\/veritasinfo.org\/?p=40532"]}]},{"@type":"ImageObject","inLanguage":"en-US","@id":"https:\/\/veritasinfo.org\/?p=40532#primaryimage","url":"https:\/\/veritasinfo.org\/wp-content\/uploads\/2026\/03\/image-1-11.webp","contentUrl":"https:\/\/veritasinfo.org\/wp-content\/uploads\/2026\/03\/image-1-11.webp","width":1245,"height":700},{"@type":"BreadcrumbList","@id":"https:\/\/veritasinfo.org\/?p=40532#breadcrumb","itemListElement":[{"@type":"ListItem","position":1,"name":"Home","item":"https:\/\/veritasinfo.org\/"},{"@type":"ListItem","position":2,"name":"D\u00ebrgimi i FSK-s\u00eb n\u00eb Gaza, sot pritet vendimi nga ana e Qeveris\u00eb"}]},{"@type":"WebSite","@id":"https:\/\/veritasinfo.org\/#website","url":"https:\/\/veritasinfo.org\/","name":"","description":"","potentialAction":[{"@type":"SearchAction","target":{"@type":"EntryPoint","urlTemplate":"https:\/\/veritasinfo.org\/?s={search_term_string}"},"query-input":{"@type":"PropertyValueSpecification","valueRequired":true,"valueName":"search_term_string"}}],"inLanguage":"en-US"},{"@type":"Person","@id":"https:\/\/veritasinfo.org\/#\/schema\/person\/fe199eede04c3937362892b7444747cc","name":"US6","image":{"@type":"ImageObject","inLanguage":"en-US","@id":"https:\/\/veritasinfo.org\/#\/schema\/person\/image\/","url":"https:\/\/secure.gravatar.com\/avatar\/cb16c3c31c9d23b9b8c705964598220b3014e42ff51eb540ff23cefa3ae8c15f?s=96&d=mm&r=g","contentUrl":"https:\/\/secure.gravatar.com\/avatar\/cb16c3c31c9d23b9b8c705964598220b3014e42ff51eb540ff23cefa3ae8c15f?s=96&d=mm&r=g","caption":"US6"},"url":"https:\/\/veritasinfo.org\/?author=7"}]}},"featured_image_urls":{"full":["https:\/\/veritasinfo.org\/wp-content\/uploads\/2026\/03\/image-1-11.webp",1245,700,false],"thumbnail":["https:\/\/veritasinfo.org\/wp-content\/uploads\/2026\/03\/image-1-11-150x150.webp",150,150,true],"medium":["https:\/\/veritasinfo.org\/wp-content\/uploads\/2026\/03\/image-1-11-300x169.webp",300,169,true],"medium_large":["https:\/\/veritasinfo.org\/wp-content\/uploads\/2026\/03\/image-1-11-768x432.webp",640,360,true],"large":["https:\/\/veritasinfo.org\/wp-content\/uploads\/2026\/03\/image-1-11-1024x576.webp",640,360,true],"1536x1536":["https:\/\/veritasinfo.org\/wp-content\/uploads\/2026\/03\/image-1-11.webp",1245,700,false],"2048x2048":["https:\/\/veritasinfo.org\/wp-content\/uploads\/2026\/03\/image-1-11.webp",1245,700,false],"kreeti-slider-full":["https:\/\/veritasinfo.org\/wp-content\/uploads\/2026\/03\/image-1-11.webp",1245,700,false],"kreeti-featured":["https:\/\/veritasinfo.org\/wp-content\/uploads\/2026\/03\/image-1-11.webp",1024,576,false],"kreeti-medium":["https:\/\/veritasinfo.org\/wp-content\/uploads\/2026\/03\/image-1-11.webp",720,405,false],"kreeti-medium-square":["https:\/\/veritasinfo.org\/wp-content\/uploads\/2026\/03\/image-1-11.webp",350,197,false]},"author_info":{"info":["US6"]},"category_info":"<a href=\"https:\/\/veritasinfo.org\/?cat=60\" rel=\"category\">Shoq\u00ebrore<\/a>","tag_info":"Shoq\u00ebrore","comment_count":"0","_links":{"self":[{"href":"https:\/\/veritasinfo.org\/index.php?rest_route=\/wp\/v2\/posts\/40532","targetHints":{"allow":["GET"]}}],"collection":[{"href":"https:\/\/veritasinfo.org\/index.php?rest_route=\/wp\/v2\/posts"}],"about":[{"href":"https:\/\/veritasinfo.org\/index.php?rest_route=\/wp\/v2\/types\/post"}],"author":[{"embeddable":true,"href":"https:\/\/veritasinfo.org\/index.php?rest_route=\/wp\/v2\/users\/7"}],"replies":[{"embeddable":true,"href":"https:\/\/veritasinfo.org\/index.php?rest_route=%2Fwp%2Fv2%2Fcomments&post=40532"}],"version-history":[{"count":1,"href":"https:\/\/veritasinfo.org\/index.php?rest_route=\/wp\/v2\/posts\/40532\/revisions"}],"predecessor-version":[{"id":40534,"href":"https:\/\/veritasinfo.org\/index.php?rest_route=\/wp\/v2\/posts\/40532\/revisions\/40534"}],"wp:featuredmedia":[{"embeddable":true,"href":"https:\/\/veritasinfo.org\/index.php?rest_route=\/wp\/v2\/media\/40533"}],"wp:attachment":[{"href":"https:\/\/veritasinfo.org\/index.php?rest_route=%2Fwp%2Fv2%2Fmedia&parent=40532"}],"wp:term":[{"taxonomy":"category","embeddable":true,"href":"https:\/\/veritasinfo.org\/index.php?rest_route=%2Fwp%2Fv2%2Fcategories&post=40532"},{"taxonomy":"post_tag","embeddable":true,"href":"https:\/\/veritasinfo.org\/index.php?rest_route=%2Fwp%2Fv2%2Ftags&post=40532"}],"curies":[{"name":"wp","href":"https:\/\/api.w.org\/{rel}","templated":true}]}}