{"id":40457,"date":"2026-03-29T10:26:14","date_gmt":"2026-03-29T08:26:14","guid":{"rendered":"https:\/\/veritasinfo.org\/?p=40457"},"modified":"2026-03-29T10:26:14","modified_gmt":"2026-03-29T08:26:14","slug":"vuciq-aktivizon-milan-radoiciqin-dhe-rrjetin-e-tij-kriminal-per-te-manipuluar-zgjedhjet-lokale-ne-serbi","status":"publish","type":"post","link":"https:\/\/veritasinfo.org\/?p=40457","title":{"rendered":"Vu\u00e7iq aktivizon Milan Radoi\u00e7iqin dhe rrjetin e tij kriminal p\u00ebr t\u00eb manipuluar zgjedhjet lokale n\u00eb Serbi"},"content":{"rendered":"<p>Prishtin\u00eb, 29 mars 2026 10:25<\/p>\n<p>Presidenti i Serbis\u00eb, Aleksandar Vu\u00e7iq, ka urdh\u00ebruar aktivizimin e strukturave kriminale p\u00ebr t\u00eb ndikuar drejtp\u00ebrdrejt n\u00eb zgjedhjet komunale q\u00eb do t\u00eb mbahen sot, n\u00eb disa komuna t\u00eb Serbis\u00eb.<\/p>\n<p>K\u00ebshtu b\u00ebjn\u00eb t\u00eb ditur burime t\u00eb KosovaPress-it brenda institucioneve t\u00eb siguris\u00eb, teksa theksojn\u00eb se p\u00ebr shkak t\u00eb frik\u00ebs reale nga humbja e pushtetit n\u00eb disa komuna si Bor, Arangjelovac, Bajina Bashta, Kladovo, Knjazhevac, Kula, Lu\u00e7ani, Majdanpek dhe Smederevska Palanka, Vu\u00e7iq ka angazhuar drejtp\u00ebrdrejt t\u00eb akuzuarin p\u00ebr sulmin terrorist n\u00eb Banjsk\u00eb, Milan Radoi\u00e7iq dhe rrjetin e tij kriminal p\u00ebr t\u00eb ushtruar presion ndaj votuesve dhe p\u00ebrkrah\u00ebsve t\u00eb partive opozitare n\u00eb Serbi.<\/p>\n<p>I nj\u00ebjti burim ka th\u00ebn\u00eb se p\u00ebr k\u00ebt\u00eb q\u00ebllim jan\u00eb p\u00ebrfshir\u00eb edhe pjes\u00ebtar\u00ebt e \u201cmbrojtjes civile\u201d, dhe individ\u00eb nga strukturat ilegale serbe n\u00eb Kosov\u00eb.<\/p>\n<p>\u201cK\u00ebta persona, sipas informacioneve, pritet t\u00eb p\u00ebrdoren p\u00ebr t\u00eb deformuar procesin zgjedhor p\u00ebrmes k\u00ebrc\u00ebnimeve, blerjes s\u00eb vot\u00ebs dhe manipulimeve t\u00eb tjera t\u00eb organizuara.\u201d<\/p>\n<p>&nbsp;<\/p>\n","protected":false},"excerpt":{"rendered":"<p>Prishtin\u00eb, 29 mars 2026 10:25 Presidenti i Serbis\u00eb, Aleksandar Vu\u00e7iq, ka urdh\u00ebruar aktivizimin e strukturave kriminale p\u00ebr t\u00eb ndikuar drejtp\u00ebrdrejt n\u00eb zgjedhjet komunale q\u00eb do<\/p>\n","protected":false},"author":7,"featured_media":40458,"comment_status":"open","ping_status":"open","sticky":false,"template":"","format":"standard","meta":{"footnotes":""},"categories":[58],"tags":[],"class_list":["post-40457","post","type-post","status-publish","format-standard","has-post-thumbnail","hentry","category-politike-sq"],"yoast_head":"<!-- This site is optimized with the Yoast SEO plugin v25.3.1 - https:\/\/yoast.com\/wordpress\/plugins\/seo\/ -->\n<title>Vu\u00e7iq aktivizon Milan Radoi\u00e7iqin dhe rrjetin e tij kriminal p\u00ebr t\u00eb manipuluar zgjedhjet lokale n\u00eb Serbi -<\/title>\n<meta name=\"robots\" content=\"index, follow, max-snippet:-1, max-image-preview:large, max-video-preview:-1\" \/>\n<link rel=\"canonical\" href=\"https:\/\/veritasinfo.org\/?p=40457\" \/>\n<meta property=\"og:locale\" content=\"en_US\" \/>\n<meta property=\"og:type\" content=\"article\" \/>\n<meta property=\"og:title\" content=\"Vu\u00e7iq aktivizon Milan Radoi\u00e7iqin dhe rrjetin e tij kriminal p\u00ebr t\u00eb manipuluar zgjedhjet lokale n\u00eb Serbi -\" \/>\n<meta property=\"og:description\" content=\"Prishtin\u00eb, 29 mars 2026 10:25 Presidenti i Serbis\u00eb, Aleksandar Vu\u00e7iq, ka urdh\u00ebruar aktivizimin e strukturave kriminale p\u00ebr t\u00eb ndikuar drejtp\u00ebrdrejt n\u00eb zgjedhjet komunale q\u00eb do\" \/>\n<meta property=\"og:url\" content=\"https:\/\/veritasinfo.org\/?p=40457\" \/>\n<meta property=\"article:published_time\" content=\"2026-03-29T08:26:14+00:00\" \/>\n<meta property=\"og:image\" content=\"https:\/\/veritasinfo.org\/wp-content\/uploads\/2026\/03\/713881_milan-radoicic-aleksandar-vucic.webp\" \/>\n\t<meta property=\"og:image:width\" content=\"900\" \/>\n\t<meta property=\"og:image:height\" content=\"505\" \/>\n\t<meta property=\"og:image:type\" content=\"image\/webp\" \/>\n<meta name=\"author\" content=\"US6\" \/>\n<meta name=\"twitter:card\" content=\"summary_large_image\" \/>\n<meta name=\"twitter:label1\" content=\"Written by\" \/>\n\t<meta name=\"twitter:data1\" content=\"US6\" \/>\n\t<meta name=\"twitter:label2\" content=\"Est. reading time\" \/>\n\t<meta name=\"twitter:data2\" content=\"1 minute\" \/>\n<script type=\"application\/ld+json\" class=\"yoast-schema-graph\">{\"@context\":\"https:\/\/schema.org\",\"@graph\":[{\"@type\":\"WebPage\",\"@id\":\"https:\/\/veritasinfo.org\/?p=40457\",\"url\":\"https:\/\/veritasinfo.org\/?p=40457\",\"name\":\"Vu\u00e7iq aktivizon Milan Radoi\u00e7iqin dhe rrjetin e tij kriminal p\u00ebr t\u00eb manipuluar zgjedhjet lokale n\u00eb Serbi -\",\"isPartOf\":{\"@id\":\"https:\/\/veritasinfo.org\/#website\"},\"primaryImageOfPage\":{\"@id\":\"https:\/\/veritasinfo.org\/?p=40457#primaryimage\"},\"image\":{\"@id\":\"https:\/\/veritasinfo.org\/?p=40457#primaryimage\"},\"thumbnailUrl\":\"https:\/\/veritasinfo.org\/wp-content\/uploads\/2026\/03\/713881_milan-radoicic-aleksandar-vucic.webp\",\"datePublished\":\"2026-03-29T08:26:14+00:00\",\"author\":{\"@id\":\"https:\/\/veritasinfo.org\/#\/schema\/person\/fe199eede04c3937362892b7444747cc\"},\"breadcrumb\":{\"@id\":\"https:\/\/veritasinfo.org\/?p=40457#breadcrumb\"},\"inLanguage\":\"en-US\",\"potentialAction\":[{\"@type\":\"ReadAction\",\"target\":[\"https:\/\/veritasinfo.org\/?p=40457\"]}]},{\"@type\":\"ImageObject\",\"inLanguage\":\"en-US\",\"@id\":\"https:\/\/veritasinfo.org\/?p=40457#primaryimage\",\"url\":\"https:\/\/veritasinfo.org\/wp-content\/uploads\/2026\/03\/713881_milan-radoicic-aleksandar-vucic.webp\",\"contentUrl\":\"https:\/\/veritasinfo.org\/wp-content\/uploads\/2026\/03\/713881_milan-radoicic-aleksandar-vucic.webp\",\"width\":900,\"height\":505},{\"@type\":\"BreadcrumbList\",\"@id\":\"https:\/\/veritasinfo.org\/?p=40457#breadcrumb\",\"itemListElement\":[{\"@type\":\"ListItem\",\"position\":1,\"name\":\"Home\",\"item\":\"https:\/\/veritasinfo.org\/\"},{\"@type\":\"ListItem\",\"position\":2,\"name\":\"Vu\u00e7iq aktivizon Milan Radoi\u00e7iqin dhe rrjetin e tij kriminal p\u00ebr t\u00eb manipuluar zgjedhjet lokale n\u00eb Serbi\"}]},{\"@type\":\"WebSite\",\"@id\":\"https:\/\/veritasinfo.org\/#website\",\"url\":\"https:\/\/veritasinfo.org\/\",\"name\":\"\",\"description\":\"\",\"potentialAction\":[{\"@type\":\"SearchAction\",\"target\":{\"@type\":\"EntryPoint\",\"urlTemplate\":\"https:\/\/veritasinfo.org\/?s={search_term_string}\"},\"query-input\":{\"@type\":\"PropertyValueSpecification\",\"valueRequired\":true,\"valueName\":\"search_term_string\"}}],\"inLanguage\":\"en-US\"},{\"@type\":\"Person\",\"@id\":\"https:\/\/veritasinfo.org\/#\/schema\/person\/fe199eede04c3937362892b7444747cc\",\"name\":\"US6\",\"image\":{\"@type\":\"ImageObject\",\"inLanguage\":\"en-US\",\"@id\":\"https:\/\/veritasinfo.org\/#\/schema\/person\/image\/\",\"url\":\"https:\/\/secure.gravatar.com\/avatar\/cb16c3c31c9d23b9b8c705964598220b3014e42ff51eb540ff23cefa3ae8c15f?s=96&d=mm&r=g\",\"contentUrl\":\"https:\/\/secure.gravatar.com\/avatar\/cb16c3c31c9d23b9b8c705964598220b3014e42ff51eb540ff23cefa3ae8c15f?s=96&d=mm&r=g\",\"caption\":\"US6\"},\"url\":\"https:\/\/veritasinfo.org\/?author=7\"}]}<\/script>\n<!-- \/ Yoast SEO plugin. -->","yoast_head_json":{"title":"Vu\u00e7iq aktivizon Milan Radoi\u00e7iqin dhe rrjetin e tij kriminal p\u00ebr t\u00eb manipuluar zgjedhjet lokale n\u00eb Serbi -","robots":{"index":"index","follow":"follow","max-snippet":"max-snippet:-1","max-image-preview":"max-image-preview:large","max-video-preview":"max-video-preview:-1"},"canonical":"https:\/\/veritasinfo.org\/?p=40457","og_locale":"en_US","og_type":"article","og_title":"Vu\u00e7iq aktivizon Milan Radoi\u00e7iqin dhe rrjetin e tij kriminal p\u00ebr t\u00eb manipuluar zgjedhjet lokale n\u00eb Serbi -","og_description":"Prishtin\u00eb, 29 mars 2026 10:25 Presidenti i Serbis\u00eb, Aleksandar Vu\u00e7iq, ka urdh\u00ebruar aktivizimin e strukturave kriminale p\u00ebr t\u00eb ndikuar drejtp\u00ebrdrejt n\u00eb zgjedhjet komunale q\u00eb do","og_url":"https:\/\/veritasinfo.org\/?p=40457","article_published_time":"2026-03-29T08:26:14+00:00","og_image":[{"width":900,"height":505,"url":"https:\/\/veritasinfo.org\/wp-content\/uploads\/2026\/03\/713881_milan-radoicic-aleksandar-vucic.webp","type":"image\/webp"}],"author":"US6","twitter_card":"summary_large_image","twitter_misc":{"Written by":"US6","Est. reading time":"1 minute"},"schema":{"@context":"https:\/\/schema.org","@graph":[{"@type":"WebPage","@id":"https:\/\/veritasinfo.org\/?p=40457","url":"https:\/\/veritasinfo.org\/?p=40457","name":"Vu\u00e7iq aktivizon Milan Radoi\u00e7iqin dhe rrjetin e tij kriminal p\u00ebr t\u00eb manipuluar zgjedhjet lokale n\u00eb Serbi -","isPartOf":{"@id":"https:\/\/veritasinfo.org\/#website"},"primaryImageOfPage":{"@id":"https:\/\/veritasinfo.org\/?p=40457#primaryimage"},"image":{"@id":"https:\/\/veritasinfo.org\/?p=40457#primaryimage"},"thumbnailUrl":"https:\/\/veritasinfo.org\/wp-content\/uploads\/2026\/03\/713881_milan-radoicic-aleksandar-vucic.webp","datePublished":"2026-03-29T08:26:14+00:00","author":{"@id":"https:\/\/veritasinfo.org\/#\/schema\/person\/fe199eede04c3937362892b7444747cc"},"breadcrumb":{"@id":"https:\/\/veritasinfo.org\/?p=40457#breadcrumb"},"inLanguage":"en-US","potentialAction":[{"@type":"ReadAction","target":["https:\/\/veritasinfo.org\/?p=40457"]}]},{"@type":"ImageObject","inLanguage":"en-US","@id":"https:\/\/veritasinfo.org\/?p=40457#primaryimage","url":"https:\/\/veritasinfo.org\/wp-content\/uploads\/2026\/03\/713881_milan-radoicic-aleksandar-vucic.webp","contentUrl":"https:\/\/veritasinfo.org\/wp-content\/uploads\/2026\/03\/713881_milan-radoicic-aleksandar-vucic.webp","width":900,"height":505},{"@type":"BreadcrumbList","@id":"https:\/\/veritasinfo.org\/?p=40457#breadcrumb","itemListElement":[{"@type":"ListItem","position":1,"name":"Home","item":"https:\/\/veritasinfo.org\/"},{"@type":"ListItem","position":2,"name":"Vu\u00e7iq aktivizon Milan Radoi\u00e7iqin dhe rrjetin e tij kriminal p\u00ebr t\u00eb manipuluar zgjedhjet lokale n\u00eb Serbi"}]},{"@type":"WebSite","@id":"https:\/\/veritasinfo.org\/#website","url":"https:\/\/veritasinfo.org\/","name":"","description":"","potentialAction":[{"@type":"SearchAction","target":{"@type":"EntryPoint","urlTemplate":"https:\/\/veritasinfo.org\/?s={search_term_string}"},"query-input":{"@type":"PropertyValueSpecification","valueRequired":true,"valueName":"search_term_string"}}],"inLanguage":"en-US"},{"@type":"Person","@id":"https:\/\/veritasinfo.org\/#\/schema\/person\/fe199eede04c3937362892b7444747cc","name":"US6","image":{"@type":"ImageObject","inLanguage":"en-US","@id":"https:\/\/veritasinfo.org\/#\/schema\/person\/image\/","url":"https:\/\/secure.gravatar.com\/avatar\/cb16c3c31c9d23b9b8c705964598220b3014e42ff51eb540ff23cefa3ae8c15f?s=96&d=mm&r=g","contentUrl":"https:\/\/secure.gravatar.com\/avatar\/cb16c3c31c9d23b9b8c705964598220b3014e42ff51eb540ff23cefa3ae8c15f?s=96&d=mm&r=g","caption":"US6"},"url":"https:\/\/veritasinfo.org\/?author=7"}]}},"featured_image_urls":{"full":["https:\/\/veritasinfo.org\/wp-content\/uploads\/2026\/03\/713881_milan-radoicic-aleksandar-vucic.webp",900,505,false],"thumbnail":["https:\/\/veritasinfo.org\/wp-content\/uploads\/2026\/03\/713881_milan-radoicic-aleksandar-vucic-150x150.webp",150,150,true],"medium":["https:\/\/veritasinfo.org\/wp-content\/uploads\/2026\/03\/713881_milan-radoicic-aleksandar-vucic-300x168.webp",300,168,true],"medium_large":["https:\/\/veritasinfo.org\/wp-content\/uploads\/2026\/03\/713881_milan-radoicic-aleksandar-vucic-768x431.webp",640,359,true],"large":["https:\/\/veritasinfo.org\/wp-content\/uploads\/2026\/03\/713881_milan-radoicic-aleksandar-vucic.webp",640,359,false],"1536x1536":["https:\/\/veritasinfo.org\/wp-content\/uploads\/2026\/03\/713881_milan-radoicic-aleksandar-vucic.webp",900,505,false],"2048x2048":["https:\/\/veritasinfo.org\/wp-content\/uploads\/2026\/03\/713881_milan-radoicic-aleksandar-vucic.webp",900,505,false],"kreeti-slider-full":["https:\/\/veritasinfo.org\/wp-content\/uploads\/2026\/03\/713881_milan-radoicic-aleksandar-vucic.webp",900,505,false],"kreeti-featured":["https:\/\/veritasinfo.org\/wp-content\/uploads\/2026\/03\/713881_milan-radoicic-aleksandar-vucic.webp",900,505,false],"kreeti-medium":["https:\/\/veritasinfo.org\/wp-content\/uploads\/2026\/03\/713881_milan-radoicic-aleksandar-vucic.webp",720,404,false],"kreeti-medium-square":["https:\/\/veritasinfo.org\/wp-content\/uploads\/2026\/03\/713881_milan-radoicic-aleksandar-vucic.webp",350,196,false]},"author_info":{"info":["US6"]},"category_info":"<a href=\"https:\/\/veritasinfo.org\/?cat=58\" rel=\"category\">Politik\u00eb<\/a>","tag_info":"Politik\u00eb","comment_count":"0","_links":{"self":[{"href":"https:\/\/veritasinfo.org\/index.php?rest_route=\/wp\/v2\/posts\/40457","targetHints":{"allow":["GET"]}}],"collection":[{"href":"https:\/\/veritasinfo.org\/index.php?rest_route=\/wp\/v2\/posts"}],"about":[{"href":"https:\/\/veritasinfo.org\/index.php?rest_route=\/wp\/v2\/types\/post"}],"author":[{"embeddable":true,"href":"https:\/\/veritasinfo.org\/index.php?rest_route=\/wp\/v2\/users\/7"}],"replies":[{"embeddable":true,"href":"https:\/\/veritasinfo.org\/index.php?rest_route=%2Fwp%2Fv2%2Fcomments&post=40457"}],"version-history":[{"count":1,"href":"https:\/\/veritasinfo.org\/index.php?rest_route=\/wp\/v2\/posts\/40457\/revisions"}],"predecessor-version":[{"id":40459,"href":"https:\/\/veritasinfo.org\/index.php?rest_route=\/wp\/v2\/posts\/40457\/revisions\/40459"}],"wp:featuredmedia":[{"embeddable":true,"href":"https:\/\/veritasinfo.org\/index.php?rest_route=\/wp\/v2\/media\/40458"}],"wp:attachment":[{"href":"https:\/\/veritasinfo.org\/index.php?rest_route=%2Fwp%2Fv2%2Fmedia&parent=40457"}],"wp:term":[{"taxonomy":"category","embeddable":true,"href":"https:\/\/veritasinfo.org\/index.php?rest_route=%2Fwp%2Fv2%2Fcategories&post=40457"},{"taxonomy":"post_tag","embeddable":true,"href":"https:\/\/veritasinfo.org\/index.php?rest_route=%2Fwp%2Fv2%2Ftags&post=40457"}],"curies":[{"name":"wp","href":"https:\/\/api.w.org\/{rel}","templated":true}]}}