{"id":40452,"date":"2026-03-29T09:31:59","date_gmt":"2026-03-29T07:31:59","guid":{"rendered":"https:\/\/veritasinfo.org\/?p=40452"},"modified":"2026-03-29T09:31:59","modified_gmt":"2026-03-29T07:31:59","slug":"masakra-e-belegut-dhe-deshtimi-i-drejtesise-nderkombetare","status":"publish","type":"post","link":"https:\/\/veritasinfo.org\/?p=40452","title":{"rendered":"Masakra e Belegut dhe d\u00ebshtimi i drejt\u00ebsis\u00eb nd\u00ebrkomb\u00ebtare"},"content":{"rendered":"<p>Prishtin\u00eb, 29 mars 2026 09:31<\/p>\n<p>27 vjet m\u00eb par\u00eb, forca t\u00eb shumta policore, ushtarake dhe paramilitare serbe n\u00eb Beleg t\u00eb De\u00e7anit vran\u00eb dhe masakruan 46 shqiptar\u00eb.<\/p>\n<p>Kjo \u00ebsht\u00eb nj\u00ebra prej masakrave m\u00eb t\u00eb m\u00ebdha t\u00eb kryera nga forcat paramilitare serbe, t\u00eb cil\u00ebt m\u00eb 1999 filluan nj\u00eb ofensiv\u00eb t\u00eb eg\u00ebr ndaj popullat\u00ebs s\u00eb Irzniqit dhe Belegut, nj\u00eb dit\u00eb pasi ata p\u00ebsuan humbje nga Ushtria \u00c7lirimtare e Kosov\u00ebs.<\/p>\n<p>Edhe sot e k\u00ebsaj dit\u00eb fati i 33 t\u00eb pagjeturve t\u00eb k\u00ebtij fshati si dhe fshatrave t\u00eb tjera t\u00eb De\u00e7anit mbetet i pazgjidhur.<\/p>\n<p>Ndon\u00ebse ekipe t\u00eb hetuesis\u00eb, s\u00eb pari nga UNMIK, pastaj edhe EULEX, ishin marr\u00eb me rastin, duke mbledhur d\u00ebshmi t\u00eb shumta, deklarata t\u00eb d\u00ebshmitar\u00ebve t\u00eb drejtp\u00ebrdrejt t\u00eb prezantuara edhe n\u00eb Tribunalin e Hag\u00ebs, por edhe autopsin\u00eb e b\u00ebr\u00eb t\u00eb kufomave t\u00eb krimit, deri m\u00eb tash askush nuk \u00ebsht\u00eb arrestuar.<\/p>\n<p>&nbsp;<\/p>\n","protected":false},"excerpt":{"rendered":"<p>Prishtin\u00eb, 29 mars 2026 09:31 27 vjet m\u00eb par\u00eb, forca t\u00eb shumta policore, ushtarake dhe paramilitare serbe n\u00eb Beleg t\u00eb De\u00e7anit vran\u00eb dhe masakruan 46<\/p>\n","protected":false},"author":7,"featured_media":40453,"comment_status":"open","ping_status":"open","sticky":false,"template":"","format":"standard","meta":{"footnotes":""},"categories":[60],"tags":[],"class_list":["post-40452","post","type-post","status-publish","format-standard","has-post-thumbnail","hentry","category-shoqerore-sq"],"yoast_head":"<!-- This site is optimized with the Yoast SEO plugin v25.3.1 - https:\/\/yoast.com\/wordpress\/plugins\/seo\/ -->\n<title>Masakra e Belegut dhe d\u00ebshtimi i drejt\u00ebsis\u00eb nd\u00ebrkomb\u00ebtare -<\/title>\n<meta name=\"robots\" content=\"index, follow, max-snippet:-1, max-image-preview:large, max-video-preview:-1\" \/>\n<link rel=\"canonical\" href=\"https:\/\/veritasinfo.org\/?p=40452\" \/>\n<meta property=\"og:locale\" content=\"en_US\" \/>\n<meta property=\"og:type\" content=\"article\" \/>\n<meta property=\"og:title\" content=\"Masakra e Belegut dhe d\u00ebshtimi i drejt\u00ebsis\u00eb nd\u00ebrkomb\u00ebtare -\" \/>\n<meta property=\"og:description\" content=\"Prishtin\u00eb, 29 mars 2026 09:31 27 vjet m\u00eb par\u00eb, forca t\u00eb shumta policore, ushtarake dhe paramilitare serbe n\u00eb Beleg t\u00eb De\u00e7anit vran\u00eb dhe masakruan 46\" \/>\n<meta property=\"og:url\" content=\"https:\/\/veritasinfo.org\/?p=40452\" \/>\n<meta property=\"article:published_time\" content=\"2026-03-29T07:31:59+00:00\" \/>\n<meta property=\"og:image\" content=\"https:\/\/veritasinfo.org\/wp-content\/uploads\/2026\/03\/mas.png\" \/>\n\t<meta property=\"og:image:width\" content=\"891\" \/>\n\t<meta property=\"og:image:height\" content=\"541\" \/>\n\t<meta property=\"og:image:type\" content=\"image\/png\" \/>\n<meta name=\"author\" content=\"US6\" \/>\n<meta name=\"twitter:card\" content=\"summary_large_image\" \/>\n<meta name=\"twitter:label1\" content=\"Written by\" \/>\n\t<meta name=\"twitter:data1\" content=\"US6\" \/>\n\t<meta name=\"twitter:label2\" content=\"Est. reading time\" \/>\n\t<meta name=\"twitter:data2\" content=\"1 minute\" \/>\n<script type=\"application\/ld+json\" class=\"yoast-schema-graph\">{\"@context\":\"https:\/\/schema.org\",\"@graph\":[{\"@type\":\"WebPage\",\"@id\":\"https:\/\/veritasinfo.org\/?p=40452\",\"url\":\"https:\/\/veritasinfo.org\/?p=40452\",\"name\":\"Masakra e Belegut dhe d\u00ebshtimi i drejt\u00ebsis\u00eb nd\u00ebrkomb\u00ebtare -\",\"isPartOf\":{\"@id\":\"https:\/\/veritasinfo.org\/#website\"},\"primaryImageOfPage\":{\"@id\":\"https:\/\/veritasinfo.org\/?p=40452#primaryimage\"},\"image\":{\"@id\":\"https:\/\/veritasinfo.org\/?p=40452#primaryimage\"},\"thumbnailUrl\":\"https:\/\/veritasinfo.org\/wp-content\/uploads\/2026\/03\/mas.png\",\"datePublished\":\"2026-03-29T07:31:59+00:00\",\"author\":{\"@id\":\"https:\/\/veritasinfo.org\/#\/schema\/person\/fe199eede04c3937362892b7444747cc\"},\"breadcrumb\":{\"@id\":\"https:\/\/veritasinfo.org\/?p=40452#breadcrumb\"},\"inLanguage\":\"en-US\",\"potentialAction\":[{\"@type\":\"ReadAction\",\"target\":[\"https:\/\/veritasinfo.org\/?p=40452\"]}]},{\"@type\":\"ImageObject\",\"inLanguage\":\"en-US\",\"@id\":\"https:\/\/veritasinfo.org\/?p=40452#primaryimage\",\"url\":\"https:\/\/veritasinfo.org\/wp-content\/uploads\/2026\/03\/mas.png\",\"contentUrl\":\"https:\/\/veritasinfo.org\/wp-content\/uploads\/2026\/03\/mas.png\",\"width\":891,\"height\":541},{\"@type\":\"BreadcrumbList\",\"@id\":\"https:\/\/veritasinfo.org\/?p=40452#breadcrumb\",\"itemListElement\":[{\"@type\":\"ListItem\",\"position\":1,\"name\":\"Home\",\"item\":\"https:\/\/veritasinfo.org\/\"},{\"@type\":\"ListItem\",\"position\":2,\"name\":\"Masakra e Belegut dhe d\u00ebshtimi i drejt\u00ebsis\u00eb nd\u00ebrkomb\u00ebtare\"}]},{\"@type\":\"WebSite\",\"@id\":\"https:\/\/veritasinfo.org\/#website\",\"url\":\"https:\/\/veritasinfo.org\/\",\"name\":\"\",\"description\":\"\",\"potentialAction\":[{\"@type\":\"SearchAction\",\"target\":{\"@type\":\"EntryPoint\",\"urlTemplate\":\"https:\/\/veritasinfo.org\/?s={search_term_string}\"},\"query-input\":{\"@type\":\"PropertyValueSpecification\",\"valueRequired\":true,\"valueName\":\"search_term_string\"}}],\"inLanguage\":\"en-US\"},{\"@type\":\"Person\",\"@id\":\"https:\/\/veritasinfo.org\/#\/schema\/person\/fe199eede04c3937362892b7444747cc\",\"name\":\"US6\",\"image\":{\"@type\":\"ImageObject\",\"inLanguage\":\"en-US\",\"@id\":\"https:\/\/veritasinfo.org\/#\/schema\/person\/image\/\",\"url\":\"https:\/\/secure.gravatar.com\/avatar\/cb16c3c31c9d23b9b8c705964598220b3014e42ff51eb540ff23cefa3ae8c15f?s=96&d=mm&r=g\",\"contentUrl\":\"https:\/\/secure.gravatar.com\/avatar\/cb16c3c31c9d23b9b8c705964598220b3014e42ff51eb540ff23cefa3ae8c15f?s=96&d=mm&r=g\",\"caption\":\"US6\"},\"url\":\"https:\/\/veritasinfo.org\/?author=7\"}]}<\/script>\n<!-- \/ Yoast SEO plugin. -->","yoast_head_json":{"title":"Masakra e Belegut dhe d\u00ebshtimi i drejt\u00ebsis\u00eb nd\u00ebrkomb\u00ebtare -","robots":{"index":"index","follow":"follow","max-snippet":"max-snippet:-1","max-image-preview":"max-image-preview:large","max-video-preview":"max-video-preview:-1"},"canonical":"https:\/\/veritasinfo.org\/?p=40452","og_locale":"en_US","og_type":"article","og_title":"Masakra e Belegut dhe d\u00ebshtimi i drejt\u00ebsis\u00eb nd\u00ebrkomb\u00ebtare -","og_description":"Prishtin\u00eb, 29 mars 2026 09:31 27 vjet m\u00eb par\u00eb, forca t\u00eb shumta policore, ushtarake dhe paramilitare serbe n\u00eb Beleg t\u00eb De\u00e7anit vran\u00eb dhe masakruan 46","og_url":"https:\/\/veritasinfo.org\/?p=40452","article_published_time":"2026-03-29T07:31:59+00:00","og_image":[{"width":891,"height":541,"url":"https:\/\/veritasinfo.org\/wp-content\/uploads\/2026\/03\/mas.png","type":"image\/png"}],"author":"US6","twitter_card":"summary_large_image","twitter_misc":{"Written by":"US6","Est. reading time":"1 minute"},"schema":{"@context":"https:\/\/schema.org","@graph":[{"@type":"WebPage","@id":"https:\/\/veritasinfo.org\/?p=40452","url":"https:\/\/veritasinfo.org\/?p=40452","name":"Masakra e Belegut dhe d\u00ebshtimi i drejt\u00ebsis\u00eb nd\u00ebrkomb\u00ebtare -","isPartOf":{"@id":"https:\/\/veritasinfo.org\/#website"},"primaryImageOfPage":{"@id":"https:\/\/veritasinfo.org\/?p=40452#primaryimage"},"image":{"@id":"https:\/\/veritasinfo.org\/?p=40452#primaryimage"},"thumbnailUrl":"https:\/\/veritasinfo.org\/wp-content\/uploads\/2026\/03\/mas.png","datePublished":"2026-03-29T07:31:59+00:00","author":{"@id":"https:\/\/veritasinfo.org\/#\/schema\/person\/fe199eede04c3937362892b7444747cc"},"breadcrumb":{"@id":"https:\/\/veritasinfo.org\/?p=40452#breadcrumb"},"inLanguage":"en-US","potentialAction":[{"@type":"ReadAction","target":["https:\/\/veritasinfo.org\/?p=40452"]}]},{"@type":"ImageObject","inLanguage":"en-US","@id":"https:\/\/veritasinfo.org\/?p=40452#primaryimage","url":"https:\/\/veritasinfo.org\/wp-content\/uploads\/2026\/03\/mas.png","contentUrl":"https:\/\/veritasinfo.org\/wp-content\/uploads\/2026\/03\/mas.png","width":891,"height":541},{"@type":"BreadcrumbList","@id":"https:\/\/veritasinfo.org\/?p=40452#breadcrumb","itemListElement":[{"@type":"ListItem","position":1,"name":"Home","item":"https:\/\/veritasinfo.org\/"},{"@type":"ListItem","position":2,"name":"Masakra e Belegut dhe d\u00ebshtimi i drejt\u00ebsis\u00eb nd\u00ebrkomb\u00ebtare"}]},{"@type":"WebSite","@id":"https:\/\/veritasinfo.org\/#website","url":"https:\/\/veritasinfo.org\/","name":"","description":"","potentialAction":[{"@type":"SearchAction","target":{"@type":"EntryPoint","urlTemplate":"https:\/\/veritasinfo.org\/?s={search_term_string}"},"query-input":{"@type":"PropertyValueSpecification","valueRequired":true,"valueName":"search_term_string"}}],"inLanguage":"en-US"},{"@type":"Person","@id":"https:\/\/veritasinfo.org\/#\/schema\/person\/fe199eede04c3937362892b7444747cc","name":"US6","image":{"@type":"ImageObject","inLanguage":"en-US","@id":"https:\/\/veritasinfo.org\/#\/schema\/person\/image\/","url":"https:\/\/secure.gravatar.com\/avatar\/cb16c3c31c9d23b9b8c705964598220b3014e42ff51eb540ff23cefa3ae8c15f?s=96&d=mm&r=g","contentUrl":"https:\/\/secure.gravatar.com\/avatar\/cb16c3c31c9d23b9b8c705964598220b3014e42ff51eb540ff23cefa3ae8c15f?s=96&d=mm&r=g","caption":"US6"},"url":"https:\/\/veritasinfo.org\/?author=7"}]}},"featured_image_urls":{"full":["https:\/\/veritasinfo.org\/wp-content\/uploads\/2026\/03\/mas.png",891,541,false],"thumbnail":["https:\/\/veritasinfo.org\/wp-content\/uploads\/2026\/03\/mas-150x150.png",150,150,true],"medium":["https:\/\/veritasinfo.org\/wp-content\/uploads\/2026\/03\/mas-300x182.png",300,182,true],"medium_large":["https:\/\/veritasinfo.org\/wp-content\/uploads\/2026\/03\/mas-768x466.png",640,388,true],"large":["https:\/\/veritasinfo.org\/wp-content\/uploads\/2026\/03\/mas.png",640,389,false],"1536x1536":["https:\/\/veritasinfo.org\/wp-content\/uploads\/2026\/03\/mas.png",891,541,false],"2048x2048":["https:\/\/veritasinfo.org\/wp-content\/uploads\/2026\/03\/mas.png",891,541,false],"kreeti-slider-full":["https:\/\/veritasinfo.org\/wp-content\/uploads\/2026\/03\/mas.png",891,541,false],"kreeti-featured":["https:\/\/veritasinfo.org\/wp-content\/uploads\/2026\/03\/mas.png",891,541,false],"kreeti-medium":["https:\/\/veritasinfo.org\/wp-content\/uploads\/2026\/03\/mas.png",720,437,false],"kreeti-medium-square":["https:\/\/veritasinfo.org\/wp-content\/uploads\/2026\/03\/mas.png",350,213,false]},"author_info":{"info":["US6"]},"category_info":"<a href=\"https:\/\/veritasinfo.org\/?cat=60\" rel=\"category\">Shoq\u00ebrore<\/a>","tag_info":"Shoq\u00ebrore","comment_count":"0","_links":{"self":[{"href":"https:\/\/veritasinfo.org\/index.php?rest_route=\/wp\/v2\/posts\/40452","targetHints":{"allow":["GET"]}}],"collection":[{"href":"https:\/\/veritasinfo.org\/index.php?rest_route=\/wp\/v2\/posts"}],"about":[{"href":"https:\/\/veritasinfo.org\/index.php?rest_route=\/wp\/v2\/types\/post"}],"author":[{"embeddable":true,"href":"https:\/\/veritasinfo.org\/index.php?rest_route=\/wp\/v2\/users\/7"}],"replies":[{"embeddable":true,"href":"https:\/\/veritasinfo.org\/index.php?rest_route=%2Fwp%2Fv2%2Fcomments&post=40452"}],"version-history":[{"count":1,"href":"https:\/\/veritasinfo.org\/index.php?rest_route=\/wp\/v2\/posts\/40452\/revisions"}],"predecessor-version":[{"id":40454,"href":"https:\/\/veritasinfo.org\/index.php?rest_route=\/wp\/v2\/posts\/40452\/revisions\/40454"}],"wp:featuredmedia":[{"embeddable":true,"href":"https:\/\/veritasinfo.org\/index.php?rest_route=\/wp\/v2\/media\/40453"}],"wp:attachment":[{"href":"https:\/\/veritasinfo.org\/index.php?rest_route=%2Fwp%2Fv2%2Fmedia&parent=40452"}],"wp:term":[{"taxonomy":"category","embeddable":true,"href":"https:\/\/veritasinfo.org\/index.php?rest_route=%2Fwp%2Fv2%2Fcategories&post=40452"},{"taxonomy":"post_tag","embeddable":true,"href":"https:\/\/veritasinfo.org\/index.php?rest_route=%2Fwp%2Fv2%2Ftags&post=40452"}],"curies":[{"name":"wp","href":"https:\/\/api.w.org\/{rel}","templated":true}]}}