{"id":40445,"date":"2026-03-29T08:33:51","date_gmt":"2026-03-29T06:33:51","guid":{"rendered":"https:\/\/veritasinfo.org\/?p=40445"},"modified":"2026-03-29T08:33:51","modified_gmt":"2026-03-29T06:33:51","slug":"u-mbijetoi-16-plageve-bogujevci-qellim-i-serbeve-ishte-te-na-zhduknin-te-tere","status":"publish","type":"post","link":"https:\/\/veritasinfo.org\/?p=40445","title":{"rendered":"U mbijetoi 16 plag\u00ebve, Bogujevci: Q\u00ebllim i serb\u00ebve ishte t\u00eb na zhduknin t\u00eb t\u00ebr\u00eb"},"content":{"rendered":"<p>Prishtin\u00eb, 29 mars 2026 08:30<\/p>\n<p>Ishte 13 vje\u00e7 kur humbi 14 an\u00ebtar\u00eb t\u00eb familjes.<\/p>\n<p>E vet\u00eb u shp\u00ebtoi 16 plag\u00ebve q\u00eb mori nga plumbat e ushtris\u00eb serbe.<\/p>\n<p>Edhe ky p\u00ebrvjetor i 27-t\u00eb, ashtu si \u00e7do vit tjet\u00ebr, Saranda Bogujevcin e gjeti me dhimbje.<\/p>\n<p>Mir\u00ebpo ajo thot\u00eb se historia e luft\u00ebs, duhet mbajtur mend gjithmon\u00eb.<\/p>\n<p>\u201cAjo \u00e7far\u00eb duhet ta mbajm\u00eb n\u00eb mend \u00ebsht\u00eb q\u00eb kjo ka ndodhur me nj\u00eb q\u00ebllim dhe ka ndodhur me nj\u00eb q\u00ebllim p\u00ebr me t\u00eb zhduk\u00eb komplet. Serbia ka p\u00ebrdorur, dometh\u00ebn\u00eb, \u00e7do lloj forme t\u00eb dhun\u00ebs dhe t\u00eb krimit me u siguru q\u00eb nuk mbetet asnj\u00eb shqiptar k\u00ebtu. Dhe un\u00eb kam qen\u00eb 13 vje\u00e7, kam qen\u00eb d\u00ebshmitare e masakr\u00ebs, si un\u00eb, f\u00ebmij\u00ebt e axh\u00ebs dhe plot t\u00eb tjer\u00eb i mbajm\u00eb plag\u00ebt n\u00eb trup, po natyrisht q\u00eb dhe krejt familja i mban plag\u00ebt n\u00eb shpirt. Se \u00ebsht\u00eb e v\u00ebshtir\u00eb kur humb familjen n\u00eb form\u00ebn mizore n\u00eb t\u00eb cil\u00ebn ata e kan\u00eb b\u00ebr\u00eb\u201d, deklaroi ajo.<\/p>\n<p>N\u00eb masakr\u00ebn n\u00eb Podujev\u00eb kishte p\u00ebsuar edhe Enver Duriqi, i cili kishte humbur prind\u00ebrit, bashk\u00ebshorten dhe 4 f\u00ebmij\u00ebt.<\/p>\n<p>Ndon\u00ebse Duriqi vdiq vitin e kaluar, Bogujevci thekson se kujtimi p\u00ebr t\u00eb nuk shuhet kurr\u00eb.<\/p>\n<p>\u201cMe gjith\u00eb k\u00ebt\u00eb dhimbje sot ajo q\u00eb m\u00eb b\u00ebn t\u00eb lumtur \u00ebsht\u00eb kur i shoh q\u00eb familjet kan\u00eb ecur p\u00ebrpara, jan\u00eb rritur, po shtohen brezat, dhe kjo \u00ebsht\u00eb shum\u00eb e r\u00ebnd\u00ebsishme. Fatkeq\u00ebsisht, tash e dy p\u00ebrkujtime, axhen Enver nuk e kemi m\u00eb n\u00eb mesin ton\u00eb, q\u00eb e shton dhimbjen tutje. Po q\u00eb edhe kujtimin e tij dhe kujtimin e secilit familjar duhet ta mbajm\u00eb gjall\u00eb. Un\u00eb gjithmon\u00eb flas q\u00eb nuk kan\u00eb qen\u00eb vet\u00ebm disa an\u00ebtar\u00eb familjes, kan\u00eb pasur \u00ebndrra, kan\u00eb pasur karakteret e tyre, kan\u00eb pasur rolin e tyre brenda familjeve tona dhe shoq\u00ebris\u00eb, edhe f\u00ebmij\u00ebt\u201d.<\/p>\n<p>28 marsi i vitit \u201899-t\u00ebs ishte dit\u00eb e r\u00ebnd\u00eb edhe p\u00ebr v\u00ebllaun e Enverit, Shemsi Duriqin.<\/p>\n<p>\u201cShtat\u00eb an\u00ebtar\u00eb t\u00eb familjes jan\u00eb pik\u00ebrisht familja ime, jan\u00eb dy prind\u00ebrit, \u00ebsht\u00eb bashk\u00ebshortja e v\u00ebllait me kat\u00ebr f\u00ebmij\u00eb, me mosha t\u00eb reja nga 2 vje\u00e7 deri n\u00eb 13 vje\u00e7. Kjo \u00ebsht\u00eb nj\u00eb rast apo nj\u00eb masak\u00ebr mund t\u00eb themi me p\u00ebrmasa shum\u00eb t\u00eb m\u00ebdha n\u00eb komun\u00ebn e Podujev\u00ebs\u201d, thot\u00eb Duriqi.<\/p>\n<p>Ai rr\u00ebfen gjithashtu p\u00ebr forc\u00ebn e familjes p\u00ebr t\u00eb vazhduar jet\u00ebn, pavar\u00ebsisht tragjedis\u00eb s\u00eb p\u00ebrjetuar.<\/p>\n<p>\u201cSido q\u00eb t\u00eb jet\u00eb, prap\u00eb familjet kan\u00eb gjet ngush\u00ebllim, mb\u00ebshtetje, kan\u00eb fillu jet\u00ebn, e pik\u00ebrisht flasim p\u00ebr v\u00ebllaun, i cili edhe pse iu masakrua e t\u00ebr\u00eb familja \u2013 dy prind\u00ebrit, bashk\u00ebshortja dhe f\u00ebmija prap\u00eb u martua, krijoi familje t\u00eb re dhe tani g\u00ebzon edhe f\u00ebmij\u00eb t\u00eb tjer\u00eb t\u00eb cil\u00ebt i ka pag\u00ebzuar me emrat e tyre t\u00eb t\u00eb tjer\u00ebve\u201d.<\/p>\n<p>P\u00ebrve\u00e7 familjes Bogujevci e Duriqi, n\u00eb masakr\u00ebn e 28 marsit t\u00eb vitit 1999 n\u00eb Podujev\u00eb kishte p\u00ebsuar edhe familja Llugaliu.<\/p>\n","protected":false},"excerpt":{"rendered":"<p>Prishtin\u00eb, 29 mars 2026 08:30 Ishte 13 vje\u00e7 kur humbi 14 an\u00ebtar\u00eb t\u00eb familjes. E vet\u00eb u shp\u00ebtoi 16 plag\u00ebve q\u00eb mori nga plumbat e<\/p>\n","protected":false},"author":7,"featured_media":40447,"comment_status":"open","ping_status":"open","sticky":false,"template":"","format":"standard","meta":{"footnotes":""},"categories":[60],"tags":[],"class_list":["post-40445","post","type-post","status-publish","format-standard","has-post-thumbnail","hentry","category-shoqerore-sq"],"yoast_head":"<!-- This site is optimized with the Yoast SEO plugin v25.3.1 - https:\/\/yoast.com\/wordpress\/plugins\/seo\/ -->\n<title>U mbijetoi 16 plag\u00ebve, Bogujevci: Q\u00ebllim i serb\u00ebve ishte t\u00eb na zhduknin t\u00eb t\u00ebr\u00eb -<\/title>\n<meta name=\"robots\" content=\"index, follow, max-snippet:-1, max-image-preview:large, max-video-preview:-1\" \/>\n<link rel=\"canonical\" href=\"https:\/\/veritasinfo.org\/?p=40445\" \/>\n<meta property=\"og:locale\" content=\"en_US\" \/>\n<meta property=\"og:type\" content=\"article\" \/>\n<meta property=\"og:title\" content=\"U mbijetoi 16 plag\u00ebve, Bogujevci: Q\u00ebllim i serb\u00ebve ishte t\u00eb na zhduknin t\u00eb t\u00ebr\u00eb -\" \/>\n<meta property=\"og:description\" content=\"Prishtin\u00eb, 29 mars 2026 08:30 Ishte 13 vje\u00e7 kur humbi 14 an\u00ebtar\u00eb t\u00eb familjes. E vet\u00eb u shp\u00ebtoi 16 plag\u00ebve q\u00eb mori nga plumbat e\" \/>\n<meta property=\"og:url\" content=\"https:\/\/veritasinfo.org\/?p=40445\" \/>\n<meta property=\"article:published_time\" content=\"2026-03-29T06:33:51+00:00\" \/>\n<meta property=\"og:image\" content=\"https:\/\/veritasinfo.org\/wp-content\/uploads\/2026\/03\/auto_0501671212641.png\" \/>\n\t<meta property=\"og:image:width\" content=\"850\" \/>\n\t<meta property=\"og:image:height\" content=\"511\" \/>\n\t<meta property=\"og:image:type\" content=\"image\/png\" \/>\n<meta name=\"author\" content=\"US6\" \/>\n<meta name=\"twitter:card\" content=\"summary_large_image\" \/>\n<meta name=\"twitter:label1\" content=\"Written by\" \/>\n\t<meta name=\"twitter:data1\" content=\"US6\" \/>\n\t<meta name=\"twitter:label2\" content=\"Est. reading time\" \/>\n\t<meta name=\"twitter:data2\" content=\"3 minutes\" \/>\n<script type=\"application\/ld+json\" class=\"yoast-schema-graph\">{\"@context\":\"https:\/\/schema.org\",\"@graph\":[{\"@type\":\"WebPage\",\"@id\":\"https:\/\/veritasinfo.org\/?p=40445\",\"url\":\"https:\/\/veritasinfo.org\/?p=40445\",\"name\":\"U mbijetoi 16 plag\u00ebve, Bogujevci: Q\u00ebllim i serb\u00ebve ishte t\u00eb na zhduknin t\u00eb t\u00ebr\u00eb -\",\"isPartOf\":{\"@id\":\"https:\/\/veritasinfo.org\/#website\"},\"primaryImageOfPage\":{\"@id\":\"https:\/\/veritasinfo.org\/?p=40445#primaryimage\"},\"image\":{\"@id\":\"https:\/\/veritasinfo.org\/?p=40445#primaryimage\"},\"thumbnailUrl\":\"https:\/\/veritasinfo.org\/wp-content\/uploads\/2026\/03\/auto_0501671212641.png\",\"datePublished\":\"2026-03-29T06:33:51+00:00\",\"author\":{\"@id\":\"https:\/\/veritasinfo.org\/#\/schema\/person\/fe199eede04c3937362892b7444747cc\"},\"breadcrumb\":{\"@id\":\"https:\/\/veritasinfo.org\/?p=40445#breadcrumb\"},\"inLanguage\":\"en-US\",\"potentialAction\":[{\"@type\":\"ReadAction\",\"target\":[\"https:\/\/veritasinfo.org\/?p=40445\"]}]},{\"@type\":\"ImageObject\",\"inLanguage\":\"en-US\",\"@id\":\"https:\/\/veritasinfo.org\/?p=40445#primaryimage\",\"url\":\"https:\/\/veritasinfo.org\/wp-content\/uploads\/2026\/03\/auto_0501671212641.png\",\"contentUrl\":\"https:\/\/veritasinfo.org\/wp-content\/uploads\/2026\/03\/auto_0501671212641.png\",\"width\":850,\"height\":511},{\"@type\":\"BreadcrumbList\",\"@id\":\"https:\/\/veritasinfo.org\/?p=40445#breadcrumb\",\"itemListElement\":[{\"@type\":\"ListItem\",\"position\":1,\"name\":\"Home\",\"item\":\"https:\/\/veritasinfo.org\/\"},{\"@type\":\"ListItem\",\"position\":2,\"name\":\"U mbijetoi 16 plag\u00ebve, Bogujevci: Q\u00ebllim i serb\u00ebve ishte t\u00eb na zhduknin t\u00eb t\u00ebr\u00eb\"}]},{\"@type\":\"WebSite\",\"@id\":\"https:\/\/veritasinfo.org\/#website\",\"url\":\"https:\/\/veritasinfo.org\/\",\"name\":\"\",\"description\":\"\",\"potentialAction\":[{\"@type\":\"SearchAction\",\"target\":{\"@type\":\"EntryPoint\",\"urlTemplate\":\"https:\/\/veritasinfo.org\/?s={search_term_string}\"},\"query-input\":{\"@type\":\"PropertyValueSpecification\",\"valueRequired\":true,\"valueName\":\"search_term_string\"}}],\"inLanguage\":\"en-US\"},{\"@type\":\"Person\",\"@id\":\"https:\/\/veritasinfo.org\/#\/schema\/person\/fe199eede04c3937362892b7444747cc\",\"name\":\"US6\",\"image\":{\"@type\":\"ImageObject\",\"inLanguage\":\"en-US\",\"@id\":\"https:\/\/veritasinfo.org\/#\/schema\/person\/image\/\",\"url\":\"https:\/\/secure.gravatar.com\/avatar\/cb16c3c31c9d23b9b8c705964598220b3014e42ff51eb540ff23cefa3ae8c15f?s=96&d=mm&r=g\",\"contentUrl\":\"https:\/\/secure.gravatar.com\/avatar\/cb16c3c31c9d23b9b8c705964598220b3014e42ff51eb540ff23cefa3ae8c15f?s=96&d=mm&r=g\",\"caption\":\"US6\"},\"url\":\"https:\/\/veritasinfo.org\/?author=7\"}]}<\/script>\n<!-- \/ Yoast SEO plugin. -->","yoast_head_json":{"title":"U mbijetoi 16 plag\u00ebve, Bogujevci: Q\u00ebllim i serb\u00ebve ishte t\u00eb na zhduknin t\u00eb t\u00ebr\u00eb -","robots":{"index":"index","follow":"follow","max-snippet":"max-snippet:-1","max-image-preview":"max-image-preview:large","max-video-preview":"max-video-preview:-1"},"canonical":"https:\/\/veritasinfo.org\/?p=40445","og_locale":"en_US","og_type":"article","og_title":"U mbijetoi 16 plag\u00ebve, Bogujevci: Q\u00ebllim i serb\u00ebve ishte t\u00eb na zhduknin t\u00eb t\u00ebr\u00eb -","og_description":"Prishtin\u00eb, 29 mars 2026 08:30 Ishte 13 vje\u00e7 kur humbi 14 an\u00ebtar\u00eb t\u00eb familjes. E vet\u00eb u shp\u00ebtoi 16 plag\u00ebve q\u00eb mori nga plumbat e","og_url":"https:\/\/veritasinfo.org\/?p=40445","article_published_time":"2026-03-29T06:33:51+00:00","og_image":[{"width":850,"height":511,"url":"https:\/\/veritasinfo.org\/wp-content\/uploads\/2026\/03\/auto_0501671212641.png","type":"image\/png"}],"author":"US6","twitter_card":"summary_large_image","twitter_misc":{"Written by":"US6","Est. reading time":"3 minutes"},"schema":{"@context":"https:\/\/schema.org","@graph":[{"@type":"WebPage","@id":"https:\/\/veritasinfo.org\/?p=40445","url":"https:\/\/veritasinfo.org\/?p=40445","name":"U mbijetoi 16 plag\u00ebve, Bogujevci: Q\u00ebllim i serb\u00ebve ishte t\u00eb na zhduknin t\u00eb t\u00ebr\u00eb -","isPartOf":{"@id":"https:\/\/veritasinfo.org\/#website"},"primaryImageOfPage":{"@id":"https:\/\/veritasinfo.org\/?p=40445#primaryimage"},"image":{"@id":"https:\/\/veritasinfo.org\/?p=40445#primaryimage"},"thumbnailUrl":"https:\/\/veritasinfo.org\/wp-content\/uploads\/2026\/03\/auto_0501671212641.png","datePublished":"2026-03-29T06:33:51+00:00","author":{"@id":"https:\/\/veritasinfo.org\/#\/schema\/person\/fe199eede04c3937362892b7444747cc"},"breadcrumb":{"@id":"https:\/\/veritasinfo.org\/?p=40445#breadcrumb"},"inLanguage":"en-US","potentialAction":[{"@type":"ReadAction","target":["https:\/\/veritasinfo.org\/?p=40445"]}]},{"@type":"ImageObject","inLanguage":"en-US","@id":"https:\/\/veritasinfo.org\/?p=40445#primaryimage","url":"https:\/\/veritasinfo.org\/wp-content\/uploads\/2026\/03\/auto_0501671212641.png","contentUrl":"https:\/\/veritasinfo.org\/wp-content\/uploads\/2026\/03\/auto_0501671212641.png","width":850,"height":511},{"@type":"BreadcrumbList","@id":"https:\/\/veritasinfo.org\/?p=40445#breadcrumb","itemListElement":[{"@type":"ListItem","position":1,"name":"Home","item":"https:\/\/veritasinfo.org\/"},{"@type":"ListItem","position":2,"name":"U mbijetoi 16 plag\u00ebve, Bogujevci: Q\u00ebllim i serb\u00ebve ishte t\u00eb na zhduknin t\u00eb t\u00ebr\u00eb"}]},{"@type":"WebSite","@id":"https:\/\/veritasinfo.org\/#website","url":"https:\/\/veritasinfo.org\/","name":"","description":"","potentialAction":[{"@type":"SearchAction","target":{"@type":"EntryPoint","urlTemplate":"https:\/\/veritasinfo.org\/?s={search_term_string}"},"query-input":{"@type":"PropertyValueSpecification","valueRequired":true,"valueName":"search_term_string"}}],"inLanguage":"en-US"},{"@type":"Person","@id":"https:\/\/veritasinfo.org\/#\/schema\/person\/fe199eede04c3937362892b7444747cc","name":"US6","image":{"@type":"ImageObject","inLanguage":"en-US","@id":"https:\/\/veritasinfo.org\/#\/schema\/person\/image\/","url":"https:\/\/secure.gravatar.com\/avatar\/cb16c3c31c9d23b9b8c705964598220b3014e42ff51eb540ff23cefa3ae8c15f?s=96&d=mm&r=g","contentUrl":"https:\/\/secure.gravatar.com\/avatar\/cb16c3c31c9d23b9b8c705964598220b3014e42ff51eb540ff23cefa3ae8c15f?s=96&d=mm&r=g","caption":"US6"},"url":"https:\/\/veritasinfo.org\/?author=7"}]}},"featured_image_urls":{"full":["https:\/\/veritasinfo.org\/wp-content\/uploads\/2026\/03\/auto_0501671212641.png",850,511,false],"thumbnail":["https:\/\/veritasinfo.org\/wp-content\/uploads\/2026\/03\/auto_0501671212641-150x150.png",150,150,true],"medium":["https:\/\/veritasinfo.org\/wp-content\/uploads\/2026\/03\/auto_0501671212641-300x180.png",300,180,true],"medium_large":["https:\/\/veritasinfo.org\/wp-content\/uploads\/2026\/03\/auto_0501671212641-768x462.png",640,385,true],"large":["https:\/\/veritasinfo.org\/wp-content\/uploads\/2026\/03\/auto_0501671212641.png",640,385,false],"1536x1536":["https:\/\/veritasinfo.org\/wp-content\/uploads\/2026\/03\/auto_0501671212641.png",850,511,false],"2048x2048":["https:\/\/veritasinfo.org\/wp-content\/uploads\/2026\/03\/auto_0501671212641.png",850,511,false],"kreeti-slider-full":["https:\/\/veritasinfo.org\/wp-content\/uploads\/2026\/03\/auto_0501671212641.png",850,511,false],"kreeti-featured":["https:\/\/veritasinfo.org\/wp-content\/uploads\/2026\/03\/auto_0501671212641.png",850,511,false],"kreeti-medium":["https:\/\/veritasinfo.org\/wp-content\/uploads\/2026\/03\/auto_0501671212641.png",720,433,false],"kreeti-medium-square":["https:\/\/veritasinfo.org\/wp-content\/uploads\/2026\/03\/auto_0501671212641.png",350,210,false]},"author_info":{"info":["US6"]},"category_info":"<a href=\"https:\/\/veritasinfo.org\/?cat=60\" rel=\"category\">Shoq\u00ebrore<\/a>","tag_info":"Shoq\u00ebrore","comment_count":"0","_links":{"self":[{"href":"https:\/\/veritasinfo.org\/index.php?rest_route=\/wp\/v2\/posts\/40445","targetHints":{"allow":["GET"]}}],"collection":[{"href":"https:\/\/veritasinfo.org\/index.php?rest_route=\/wp\/v2\/posts"}],"about":[{"href":"https:\/\/veritasinfo.org\/index.php?rest_route=\/wp\/v2\/types\/post"}],"author":[{"embeddable":true,"href":"https:\/\/veritasinfo.org\/index.php?rest_route=\/wp\/v2\/users\/7"}],"replies":[{"embeddable":true,"href":"https:\/\/veritasinfo.org\/index.php?rest_route=%2Fwp%2Fv2%2Fcomments&post=40445"}],"version-history":[{"count":1,"href":"https:\/\/veritasinfo.org\/index.php?rest_route=\/wp\/v2\/posts\/40445\/revisions"}],"predecessor-version":[{"id":40448,"href":"https:\/\/veritasinfo.org\/index.php?rest_route=\/wp\/v2\/posts\/40445\/revisions\/40448"}],"wp:featuredmedia":[{"embeddable":true,"href":"https:\/\/veritasinfo.org\/index.php?rest_route=\/wp\/v2\/media\/40447"}],"wp:attachment":[{"href":"https:\/\/veritasinfo.org\/index.php?rest_route=%2Fwp%2Fv2%2Fmedia&parent=40445"}],"wp:term":[{"taxonomy":"category","embeddable":true,"href":"https:\/\/veritasinfo.org\/index.php?rest_route=%2Fwp%2Fv2%2Fcategories&post=40445"},{"taxonomy":"post_tag","embeddable":true,"href":"https:\/\/veritasinfo.org\/index.php?rest_route=%2Fwp%2Fv2%2Ftags&post=40445"}],"curies":[{"name":"wp","href":"https:\/\/api.w.org\/{rel}","templated":true}]}}