{"id":40438,"date":"2026-03-28T21:39:25","date_gmt":"2026-03-28T20:39:25","guid":{"rendered":"https:\/\/veritasinfo.org\/?p=40438"},"modified":"2026-03-28T21:39:25","modified_gmt":"2026-03-28T20:39:25","slug":"panairi-nderkombetar-i-turizmit-2026-hap-dyert-per-biznese-dhe-vizitore","status":"publish","type":"post","link":"https:\/\/veritasinfo.org\/?p=40438","title":{"rendered":"Panairi Nd\u00ebrkomb\u00ebtar i Turizmit 2026 hap dyert p\u00ebr biznese dhe vizitor\u00eb"},"content":{"rendered":"<p>Prishtin\u00eb, 28 mars 2026 21:37<\/p>\n<p>M\u00eb 17 dhe 18 prill 2026, n\u00eb Prishtin\u00eb do t\u00eb mbahet Panairi Nd\u00ebrkomb\u00ebtar i Turizmit KOSOVA 2026, nj\u00eb organizim nga\u00a0Unioni i Turizmit, q\u00eb synon t\u00eb sjell\u00eb n\u00eb nj\u00eb hap\u00ebsir\u00eb t\u00eb vetme akter\u00eb t\u00eb r\u00ebnd\u00ebsish\u00ebm t\u00eb industris\u00eb nga rajoni dhe m\u00eb gjer\u00eb.<\/p>\n<p>Ngjarja do t\u00eb zhvillohet n\u00eb Prishtina Mall dhe pritet t\u00eb mbledh\u00eb kompani, p\u00ebrfaq\u00ebsues biznesesh dhe vizitor\u00eb t\u00eb interesuar p\u00ebr tregun e udh\u00ebtimeve dhe sh\u00ebrbimeve turistike.<\/p>\n<p>Ky\u00a0panair\u00a0vjen n\u00eb nj\u00eb moment kur interesimi p\u00ebr udh\u00ebtim dhe bashk\u00ebpunime nd\u00ebrkomb\u00ebtare n\u00eb sektorin e turizmit \u00ebsht\u00eb n\u00eb rritje, duke krijuar nj\u00eb platform\u00eb ku ofertat, sh\u00ebrbimet dhe destinacionet prezantohen drejtp\u00ebrdrejt p\u00ebr publikun dhe partner\u00ebt potencial.<\/p>\n<p>Sipas\u00a0Unionit t\u00eb turizmit, mbi 400 kompani nga vende t\u00eb ndryshme do t\u00eb jen\u00eb pjes\u00eb e k\u00ebtij edicioni, duke p\u00ebrfshir\u00eb hotele, agjenci turistike, kompani transporti dhe destinacione turistike. P\u00ebr bizneset, panairi sh\u00ebrben si nj\u00eb mund\u00ebsi konkrete p\u00ebr prezantim t\u00eb drejtp\u00ebrdrejt\u00eb, krijim kontaktesh dhe zhvillim bashk\u00ebpunimesh p\u00ebrmes takimeve B2B.<\/p>\n<p>N\u00eb an\u00ebn tjet\u00ebr, vizitor\u00ebt do t\u00eb ken\u00eb mund\u00ebsi t\u00eb njihen me destinacione t\u00eb reja, t\u00eb krahasojn\u00eb oferta dhe t\u00eb p\u00ebrfitojn\u00eb nga prezantimet dhe paketat q\u00eb kompanit\u00eb do t\u00eb sjellin gjat\u00eb dy dit\u00ebve t\u00eb panairit. Pjes\u00eb e aktivitetit pritet t\u00eb jen\u00eb edhe oferta promocionale dhe shp\u00ebrblime nga kompani t\u00eb ndryshme t\u00eb sektorit.<\/p>\n<p>N\u00ebse jeni biznes q\u00eb vepron n\u00eb\u00a0turiz\u00ebm, kjo \u00ebsht\u00eb nj\u00eb mund\u00ebsi p\u00ebr t\u00eb prezantuar ofert\u00ebn tuaj para nj\u00eb audience t\u00eb gjer\u00eb dhe p\u00ebr t\u00eb krijuar lidhje t\u00eb reja profesionale. Nd\u00ebrsa p\u00ebr vizitor\u00ebt, panairi sjell nj\u00eb pasqyr\u00eb t\u00eb gjer\u00eb t\u00eb mund\u00ebsive p\u00ebr udh\u00ebtim n\u00eb nj\u00eb vend t\u00eb vet\u00ebm.<\/p>\n<p>&nbsp;<\/p>\n<p>&nbsp;<\/p>\n","protected":false},"excerpt":{"rendered":"<p>Prishtin\u00eb, 28 mars 2026 21:37 M\u00eb 17 dhe 18 prill 2026, n\u00eb Prishtin\u00eb do t\u00eb mbahet Panairi Nd\u00ebrkomb\u00ebtar i Turizmit KOSOVA 2026, nj\u00eb organizim nga\u00a0Unioni<\/p>\n","protected":false},"author":7,"featured_media":40439,"comment_status":"open","ping_status":"open","sticky":false,"template":"","format":"standard","meta":{"footnotes":""},"categories":[60],"tags":[],"class_list":["post-40438","post","type-post","status-publish","format-standard","has-post-thumbnail","hentry","category-shoqerore-sq"],"yoast_head":"<!-- This site is optimized with the Yoast SEO plugin v25.3.1 - https:\/\/yoast.com\/wordpress\/plugins\/seo\/ -->\n<title>Panairi Nd\u00ebrkomb\u00ebtar i Turizmit 2026 hap dyert p\u00ebr biznese dhe vizitor\u00eb -<\/title>\n<meta name=\"robots\" content=\"index, follow, max-snippet:-1, max-image-preview:large, max-video-preview:-1\" \/>\n<link rel=\"canonical\" href=\"https:\/\/veritasinfo.org\/?p=40438\" \/>\n<meta property=\"og:locale\" content=\"en_US\" \/>\n<meta property=\"og:type\" content=\"article\" \/>\n<meta property=\"og:title\" content=\"Panairi Nd\u00ebrkomb\u00ebtar i Turizmit 2026 hap dyert p\u00ebr biznese dhe vizitor\u00eb -\" \/>\n<meta property=\"og:description\" content=\"Prishtin\u00eb, 28 mars 2026 21:37 M\u00eb 17 dhe 18 prill 2026, n\u00eb Prishtin\u00eb do t\u00eb mbahet Panairi Nd\u00ebrkomb\u00ebtar i Turizmit KOSOVA 2026, nj\u00eb organizim nga\u00a0Unioni\" \/>\n<meta property=\"og:url\" content=\"https:\/\/veritasinfo.org\/?p=40438\" \/>\n<meta property=\"article:published_time\" content=\"2026-03-28T20:39:25+00:00\" \/>\n<meta property=\"og:image\" content=\"https:\/\/veritasinfo.org\/wp-content\/uploads\/2026\/03\/1-108.jpg\" \/>\n\t<meta property=\"og:image:width\" content=\"871\" \/>\n\t<meta property=\"og:image:height\" content=\"467\" \/>\n\t<meta property=\"og:image:type\" content=\"image\/jpeg\" \/>\n<meta name=\"author\" content=\"US6\" \/>\n<meta name=\"twitter:card\" content=\"summary_large_image\" \/>\n<meta name=\"twitter:label1\" content=\"Written by\" \/>\n\t<meta name=\"twitter:data1\" content=\"US6\" \/>\n\t<meta name=\"twitter:label2\" content=\"Est. reading time\" \/>\n\t<meta name=\"twitter:data2\" content=\"2 minutes\" \/>\n<script type=\"application\/ld+json\" class=\"yoast-schema-graph\">{\"@context\":\"https:\/\/schema.org\",\"@graph\":[{\"@type\":\"WebPage\",\"@id\":\"https:\/\/veritasinfo.org\/?p=40438\",\"url\":\"https:\/\/veritasinfo.org\/?p=40438\",\"name\":\"Panairi Nd\u00ebrkomb\u00ebtar i Turizmit 2026 hap dyert p\u00ebr biznese dhe vizitor\u00eb -\",\"isPartOf\":{\"@id\":\"https:\/\/veritasinfo.org\/#website\"},\"primaryImageOfPage\":{\"@id\":\"https:\/\/veritasinfo.org\/?p=40438#primaryimage\"},\"image\":{\"@id\":\"https:\/\/veritasinfo.org\/?p=40438#primaryimage\"},\"thumbnailUrl\":\"https:\/\/veritasinfo.org\/wp-content\/uploads\/2026\/03\/1-108.jpg\",\"datePublished\":\"2026-03-28T20:39:25+00:00\",\"author\":{\"@id\":\"https:\/\/veritasinfo.org\/#\/schema\/person\/fe199eede04c3937362892b7444747cc\"},\"breadcrumb\":{\"@id\":\"https:\/\/veritasinfo.org\/?p=40438#breadcrumb\"},\"inLanguage\":\"en-US\",\"potentialAction\":[{\"@type\":\"ReadAction\",\"target\":[\"https:\/\/veritasinfo.org\/?p=40438\"]}]},{\"@type\":\"ImageObject\",\"inLanguage\":\"en-US\",\"@id\":\"https:\/\/veritasinfo.org\/?p=40438#primaryimage\",\"url\":\"https:\/\/veritasinfo.org\/wp-content\/uploads\/2026\/03\/1-108.jpg\",\"contentUrl\":\"https:\/\/veritasinfo.org\/wp-content\/uploads\/2026\/03\/1-108.jpg\",\"width\":871,\"height\":467},{\"@type\":\"BreadcrumbList\",\"@id\":\"https:\/\/veritasinfo.org\/?p=40438#breadcrumb\",\"itemListElement\":[{\"@type\":\"ListItem\",\"position\":1,\"name\":\"Home\",\"item\":\"https:\/\/veritasinfo.org\/\"},{\"@type\":\"ListItem\",\"position\":2,\"name\":\"Panairi Nd\u00ebrkomb\u00ebtar i Turizmit 2026 hap dyert p\u00ebr biznese dhe vizitor\u00eb\"}]},{\"@type\":\"WebSite\",\"@id\":\"https:\/\/veritasinfo.org\/#website\",\"url\":\"https:\/\/veritasinfo.org\/\",\"name\":\"\",\"description\":\"\",\"potentialAction\":[{\"@type\":\"SearchAction\",\"target\":{\"@type\":\"EntryPoint\",\"urlTemplate\":\"https:\/\/veritasinfo.org\/?s={search_term_string}\"},\"query-input\":{\"@type\":\"PropertyValueSpecification\",\"valueRequired\":true,\"valueName\":\"search_term_string\"}}],\"inLanguage\":\"en-US\"},{\"@type\":\"Person\",\"@id\":\"https:\/\/veritasinfo.org\/#\/schema\/person\/fe199eede04c3937362892b7444747cc\",\"name\":\"US6\",\"image\":{\"@type\":\"ImageObject\",\"inLanguage\":\"en-US\",\"@id\":\"https:\/\/veritasinfo.org\/#\/schema\/person\/image\/\",\"url\":\"https:\/\/secure.gravatar.com\/avatar\/cb16c3c31c9d23b9b8c705964598220b3014e42ff51eb540ff23cefa3ae8c15f?s=96&d=mm&r=g\",\"contentUrl\":\"https:\/\/secure.gravatar.com\/avatar\/cb16c3c31c9d23b9b8c705964598220b3014e42ff51eb540ff23cefa3ae8c15f?s=96&d=mm&r=g\",\"caption\":\"US6\"},\"url\":\"https:\/\/veritasinfo.org\/?author=7\"}]}<\/script>\n<!-- \/ Yoast SEO plugin. -->","yoast_head_json":{"title":"Panairi Nd\u00ebrkomb\u00ebtar i Turizmit 2026 hap dyert p\u00ebr biznese dhe vizitor\u00eb -","robots":{"index":"index","follow":"follow","max-snippet":"max-snippet:-1","max-image-preview":"max-image-preview:large","max-video-preview":"max-video-preview:-1"},"canonical":"https:\/\/veritasinfo.org\/?p=40438","og_locale":"en_US","og_type":"article","og_title":"Panairi Nd\u00ebrkomb\u00ebtar i Turizmit 2026 hap dyert p\u00ebr biznese dhe vizitor\u00eb -","og_description":"Prishtin\u00eb, 28 mars 2026 21:37 M\u00eb 17 dhe 18 prill 2026, n\u00eb Prishtin\u00eb do t\u00eb mbahet Panairi Nd\u00ebrkomb\u00ebtar i Turizmit KOSOVA 2026, nj\u00eb organizim nga\u00a0Unioni","og_url":"https:\/\/veritasinfo.org\/?p=40438","article_published_time":"2026-03-28T20:39:25+00:00","og_image":[{"width":871,"height":467,"url":"https:\/\/veritasinfo.org\/wp-content\/uploads\/2026\/03\/1-108.jpg","type":"image\/jpeg"}],"author":"US6","twitter_card":"summary_large_image","twitter_misc":{"Written by":"US6","Est. reading time":"2 minutes"},"schema":{"@context":"https:\/\/schema.org","@graph":[{"@type":"WebPage","@id":"https:\/\/veritasinfo.org\/?p=40438","url":"https:\/\/veritasinfo.org\/?p=40438","name":"Panairi Nd\u00ebrkomb\u00ebtar i Turizmit 2026 hap dyert p\u00ebr biznese dhe vizitor\u00eb -","isPartOf":{"@id":"https:\/\/veritasinfo.org\/#website"},"primaryImageOfPage":{"@id":"https:\/\/veritasinfo.org\/?p=40438#primaryimage"},"image":{"@id":"https:\/\/veritasinfo.org\/?p=40438#primaryimage"},"thumbnailUrl":"https:\/\/veritasinfo.org\/wp-content\/uploads\/2026\/03\/1-108.jpg","datePublished":"2026-03-28T20:39:25+00:00","author":{"@id":"https:\/\/veritasinfo.org\/#\/schema\/person\/fe199eede04c3937362892b7444747cc"},"breadcrumb":{"@id":"https:\/\/veritasinfo.org\/?p=40438#breadcrumb"},"inLanguage":"en-US","potentialAction":[{"@type":"ReadAction","target":["https:\/\/veritasinfo.org\/?p=40438"]}]},{"@type":"ImageObject","inLanguage":"en-US","@id":"https:\/\/veritasinfo.org\/?p=40438#primaryimage","url":"https:\/\/veritasinfo.org\/wp-content\/uploads\/2026\/03\/1-108.jpg","contentUrl":"https:\/\/veritasinfo.org\/wp-content\/uploads\/2026\/03\/1-108.jpg","width":871,"height":467},{"@type":"BreadcrumbList","@id":"https:\/\/veritasinfo.org\/?p=40438#breadcrumb","itemListElement":[{"@type":"ListItem","position":1,"name":"Home","item":"https:\/\/veritasinfo.org\/"},{"@type":"ListItem","position":2,"name":"Panairi Nd\u00ebrkomb\u00ebtar i Turizmit 2026 hap dyert p\u00ebr biznese dhe vizitor\u00eb"}]},{"@type":"WebSite","@id":"https:\/\/veritasinfo.org\/#website","url":"https:\/\/veritasinfo.org\/","name":"","description":"","potentialAction":[{"@type":"SearchAction","target":{"@type":"EntryPoint","urlTemplate":"https:\/\/veritasinfo.org\/?s={search_term_string}"},"query-input":{"@type":"PropertyValueSpecification","valueRequired":true,"valueName":"search_term_string"}}],"inLanguage":"en-US"},{"@type":"Person","@id":"https:\/\/veritasinfo.org\/#\/schema\/person\/fe199eede04c3937362892b7444747cc","name":"US6","image":{"@type":"ImageObject","inLanguage":"en-US","@id":"https:\/\/veritasinfo.org\/#\/schema\/person\/image\/","url":"https:\/\/secure.gravatar.com\/avatar\/cb16c3c31c9d23b9b8c705964598220b3014e42ff51eb540ff23cefa3ae8c15f?s=96&d=mm&r=g","contentUrl":"https:\/\/secure.gravatar.com\/avatar\/cb16c3c31c9d23b9b8c705964598220b3014e42ff51eb540ff23cefa3ae8c15f?s=96&d=mm&r=g","caption":"US6"},"url":"https:\/\/veritasinfo.org\/?author=7"}]}},"featured_image_urls":{"full":["https:\/\/veritasinfo.org\/wp-content\/uploads\/2026\/03\/1-108.jpg",871,467,false],"thumbnail":["https:\/\/veritasinfo.org\/wp-content\/uploads\/2026\/03\/1-108-150x150.jpg",150,150,true],"medium":["https:\/\/veritasinfo.org\/wp-content\/uploads\/2026\/03\/1-108-300x161.jpg",300,161,true],"medium_large":["https:\/\/veritasinfo.org\/wp-content\/uploads\/2026\/03\/1-108-768x412.jpg",640,343,true],"large":["https:\/\/veritasinfo.org\/wp-content\/uploads\/2026\/03\/1-108.jpg",640,343,false],"1536x1536":["https:\/\/veritasinfo.org\/wp-content\/uploads\/2026\/03\/1-108.jpg",871,467,false],"2048x2048":["https:\/\/veritasinfo.org\/wp-content\/uploads\/2026\/03\/1-108.jpg",871,467,false],"kreeti-slider-full":["https:\/\/veritasinfo.org\/wp-content\/uploads\/2026\/03\/1-108.jpg",871,467,false],"kreeti-featured":["https:\/\/veritasinfo.org\/wp-content\/uploads\/2026\/03\/1-108.jpg",871,467,false],"kreeti-medium":["https:\/\/veritasinfo.org\/wp-content\/uploads\/2026\/03\/1-108.jpg",720,386,false],"kreeti-medium-square":["https:\/\/veritasinfo.org\/wp-content\/uploads\/2026\/03\/1-108.jpg",350,188,false]},"author_info":{"info":["US6"]},"category_info":"<a href=\"https:\/\/veritasinfo.org\/?cat=60\" rel=\"category\">Shoq\u00ebrore<\/a>","tag_info":"Shoq\u00ebrore","comment_count":"0","_links":{"self":[{"href":"https:\/\/veritasinfo.org\/index.php?rest_route=\/wp\/v2\/posts\/40438","targetHints":{"allow":["GET"]}}],"collection":[{"href":"https:\/\/veritasinfo.org\/index.php?rest_route=\/wp\/v2\/posts"}],"about":[{"href":"https:\/\/veritasinfo.org\/index.php?rest_route=\/wp\/v2\/types\/post"}],"author":[{"embeddable":true,"href":"https:\/\/veritasinfo.org\/index.php?rest_route=\/wp\/v2\/users\/7"}],"replies":[{"embeddable":true,"href":"https:\/\/veritasinfo.org\/index.php?rest_route=%2Fwp%2Fv2%2Fcomments&post=40438"}],"version-history":[{"count":1,"href":"https:\/\/veritasinfo.org\/index.php?rest_route=\/wp\/v2\/posts\/40438\/revisions"}],"predecessor-version":[{"id":40440,"href":"https:\/\/veritasinfo.org\/index.php?rest_route=\/wp\/v2\/posts\/40438\/revisions\/40440"}],"wp:featuredmedia":[{"embeddable":true,"href":"https:\/\/veritasinfo.org\/index.php?rest_route=\/wp\/v2\/media\/40439"}],"wp:attachment":[{"href":"https:\/\/veritasinfo.org\/index.php?rest_route=%2Fwp%2Fv2%2Fmedia&parent=40438"}],"wp:term":[{"taxonomy":"category","embeddable":true,"href":"https:\/\/veritasinfo.org\/index.php?rest_route=%2Fwp%2Fv2%2Fcategories&post=40438"},{"taxonomy":"post_tag","embeddable":true,"href":"https:\/\/veritasinfo.org\/index.php?rest_route=%2Fwp%2Fv2%2Ftags&post=40438"}],"curies":[{"name":"wp","href":"https:\/\/api.w.org\/{rel}","templated":true}]}}