{"id":40436,"date":"2026-03-28T19:54:06","date_gmt":"2026-03-28T18:54:06","guid":{"rendered":"https:\/\/veritasinfo.org\/?p=40436"},"modified":"2026-03-28T19:54:06","modified_gmt":"2026-03-28T18:54:06","slug":"isljami-vucic-se-ponasa-kao-agent-propagande-protiv-kurtija","status":"publish","type":"post","link":"https:\/\/veritasinfo.org\/?p=40436&lang=sr","title":{"rendered":"Isljami: Vu\u010dic\u0301 se pona\u0161a kao agent propagande protiv Kurtija"},"content":{"rendered":"<p>Pri\u0161tina, 28. mart 2026. 19:50<\/p>\n<p>Stru\u010dnjak za bezbednost Avni Isljami reagovao je na izjave predsednika Srbije Aleksandra Vu\u010dic\u0301a u vezi sa posetom kosovskog premijera Aljbina Kurtija Francuskoj, opisujuc\u0301i ih kao propagandne narative.<\/p>\n<p>Prema Islamiju, ove izjave nisu slu\u010dajne, vec\u0301 predstavljaju namerni pristup politi\u010dkom uticaju. Rekao je da Vu\u010dic\u0301 deluje na sli\u010dan na\u010din kao agent srpskih tajnih slu\u017ebi, poput BIA, koristec\u0301i propagandu kao sredstvo za uticaj na javno mnjenje.<\/p>\n<p>U svojoj reakciji, Isljami je uporedio srpskog predsednika sa \u201eumornim\u201c politi\u010dkim analiti\u010darem, koji stalno komentari\u0161e Kurtijeve aktivnosti i diplomatiju.<\/p>\n<p>Tako\u0111e je naglasio da je, za razliku od ovog pristupa, premijer Kurti, prema njemu, evropski lider koji u\u017eiva prihvatanje i uva\u017eavanje na me\u0111unarodnoj sceni.<\/p>\n<p>\u201ePona\u0161a se kao agent BIA (ili mo\u017eda UDB-e ili OZNE) koji je sada u penziji i postao politi\u010dki analiti\u010dar, koji koristi propagandu kao sredstvo za politi\u010dki uticaj.<\/p>\n<p>Kurti je evropski lider koji je me\u0111unarodno prihvac\u0301en i po\u0161tovan, dok je Vu\u010dic\u0301 ostao umorni politi\u010dki komentator koji analizira Kurtijeve aktivnosti i diplomatiju\u201c, napisao je na Fejsbuku<\/p>\n","protected":false},"excerpt":{"rendered":"<p>Pri\u0161tina, 28. mart 2026. 19:50 Stru\u010dnjak za bezbednost Avni Isljami reagovao je na izjave predsednika Srbije Aleksandra Vu\u010dic\u0301a u vezi sa posetom kosovskog premijera Aljbina<\/p>\n","protected":false},"author":7,"featured_media":40434,"comment_status":"open","ping_status":"open","sticky":false,"template":"","format":"standard","meta":{"footnotes":""},"categories":[28],"tags":[],"class_list":["post-40436","post","type-post","status-publish","format-standard","has-post-thumbnail","hentry","category-politika"],"yoast_head":"<!-- This site is optimized with the Yoast SEO plugin v25.3.1 - https:\/\/yoast.com\/wordpress\/plugins\/seo\/ -->\n<title>Isljami: Vu\u010dic\u0301 se pona\u0161a kao agent propagande protiv Kurtija -<\/title>\n<meta name=\"robots\" content=\"index, follow, max-snippet:-1, max-image-preview:large, max-video-preview:-1\" \/>\n<link rel=\"canonical\" href=\"https:\/\/veritasinfo.org\/?p=40436&lang=sr\" \/>\n<meta property=\"og:locale\" content=\"en_US\" \/>\n<meta property=\"og:type\" content=\"article\" \/>\n<meta property=\"og:title\" content=\"Isljami: Vu\u010dic\u0301 se pona\u0161a kao agent propagande protiv Kurtija -\" \/>\n<meta property=\"og:description\" content=\"Pri\u0161tina, 28. mart 2026. 19:50 Stru\u010dnjak za bezbednost Avni Isljami reagovao je na izjave predsednika Srbije Aleksandra Vu\u010dic\u0301a u vezi sa posetom kosovskog premijera Aljbina\" \/>\n<meta property=\"og:url\" content=\"https:\/\/veritasinfo.org\/?p=40436&amp;lang=sr\" \/>\n<meta property=\"article:published_time\" content=\"2026-03-28T18:54:06+00:00\" \/>\n<meta property=\"og:image\" content=\"https:\/\/veritasinfo.org\/wp-content\/uploads\/2026\/03\/images-1-11.jpeg\" \/>\n\t<meta property=\"og:image:width\" content=\"447\" \/>\n\t<meta property=\"og:image:height\" content=\"447\" \/>\n\t<meta property=\"og:image:type\" content=\"image\/jpeg\" \/>\n<meta name=\"author\" content=\"US6\" \/>\n<meta name=\"twitter:card\" content=\"summary_large_image\" \/>\n<meta name=\"twitter:label1\" content=\"Written by\" \/>\n\t<meta name=\"twitter:data1\" content=\"US6\" \/>\n\t<meta name=\"twitter:label2\" content=\"Est. reading time\" \/>\n\t<meta name=\"twitter:data2\" content=\"1 minute\" \/>\n<script type=\"application\/ld+json\" class=\"yoast-schema-graph\">{\"@context\":\"https:\/\/schema.org\",\"@graph\":[{\"@type\":\"WebPage\",\"@id\":\"https:\/\/veritasinfo.org\/?p=40436&lang=sr\",\"url\":\"https:\/\/veritasinfo.org\/?p=40436&lang=sr\",\"name\":\"Isljami: Vu\u010dic\u0301 se pona\u0161a kao agent propagande protiv Kurtija -\",\"isPartOf\":{\"@id\":\"https:\/\/veritasinfo.org\/#website\"},\"primaryImageOfPage\":{\"@id\":\"https:\/\/veritasinfo.org\/?p=40436&lang=sr#primaryimage\"},\"image\":{\"@id\":\"https:\/\/veritasinfo.org\/?p=40436&lang=sr#primaryimage\"},\"thumbnailUrl\":\"https:\/\/veritasinfo.org\/wp-content\/uploads\/2026\/03\/images-1-11.jpeg\",\"datePublished\":\"2026-03-28T18:54:06+00:00\",\"author\":{\"@id\":\"https:\/\/veritasinfo.org\/#\/schema\/person\/fe199eede04c3937362892b7444747cc\"},\"breadcrumb\":{\"@id\":\"https:\/\/veritasinfo.org\/?p=40436&lang=sr#breadcrumb\"},\"inLanguage\":\"en-US\",\"potentialAction\":[{\"@type\":\"ReadAction\",\"target\":[\"https:\/\/veritasinfo.org\/?p=40436&lang=sr\"]}]},{\"@type\":\"ImageObject\",\"inLanguage\":\"en-US\",\"@id\":\"https:\/\/veritasinfo.org\/?p=40436&lang=sr#primaryimage\",\"url\":\"https:\/\/veritasinfo.org\/wp-content\/uploads\/2026\/03\/images-1-11.jpeg\",\"contentUrl\":\"https:\/\/veritasinfo.org\/wp-content\/uploads\/2026\/03\/images-1-11.jpeg\",\"width\":447,\"height\":447},{\"@type\":\"BreadcrumbList\",\"@id\":\"https:\/\/veritasinfo.org\/?p=40436&lang=sr#breadcrumb\",\"itemListElement\":[{\"@type\":\"ListItem\",\"position\":1,\"name\":\"Home\",\"item\":\"https:\/\/veritasinfo.org\/\"},{\"@type\":\"ListItem\",\"position\":2,\"name\":\"Isljami: Vu\u010dic\u0301 se pona\u0161a kao agent propagande protiv Kurtija\"}]},{\"@type\":\"WebSite\",\"@id\":\"https:\/\/veritasinfo.org\/#website\",\"url\":\"https:\/\/veritasinfo.org\/\",\"name\":\"\",\"description\":\"\",\"potentialAction\":[{\"@type\":\"SearchAction\",\"target\":{\"@type\":\"EntryPoint\",\"urlTemplate\":\"https:\/\/veritasinfo.org\/?s={search_term_string}\"},\"query-input\":{\"@type\":\"PropertyValueSpecification\",\"valueRequired\":true,\"valueName\":\"search_term_string\"}}],\"inLanguage\":\"en-US\"},{\"@type\":\"Person\",\"@id\":\"https:\/\/veritasinfo.org\/#\/schema\/person\/fe199eede04c3937362892b7444747cc\",\"name\":\"US6\",\"image\":{\"@type\":\"ImageObject\",\"inLanguage\":\"en-US\",\"@id\":\"https:\/\/veritasinfo.org\/#\/schema\/person\/image\/\",\"url\":\"https:\/\/secure.gravatar.com\/avatar\/cb16c3c31c9d23b9b8c705964598220b3014e42ff51eb540ff23cefa3ae8c15f?s=96&d=mm&r=g\",\"contentUrl\":\"https:\/\/secure.gravatar.com\/avatar\/cb16c3c31c9d23b9b8c705964598220b3014e42ff51eb540ff23cefa3ae8c15f?s=96&d=mm&r=g\",\"caption\":\"US6\"},\"url\":\"https:\/\/veritasinfo.org\/?author=7\"}]}<\/script>\n<!-- \/ Yoast SEO plugin. -->","yoast_head_json":{"title":"Isljami: Vu\u010dic\u0301 se pona\u0161a kao agent propagande protiv Kurtija -","robots":{"index":"index","follow":"follow","max-snippet":"max-snippet:-1","max-image-preview":"max-image-preview:large","max-video-preview":"max-video-preview:-1"},"canonical":"https:\/\/veritasinfo.org\/?p=40436&lang=sr","og_locale":"en_US","og_type":"article","og_title":"Isljami: Vu\u010dic\u0301 se pona\u0161a kao agent propagande protiv Kurtija -","og_description":"Pri\u0161tina, 28. mart 2026. 19:50 Stru\u010dnjak za bezbednost Avni Isljami reagovao je na izjave predsednika Srbije Aleksandra Vu\u010dic\u0301a u vezi sa posetom kosovskog premijera Aljbina","og_url":"https:\/\/veritasinfo.org\/?p=40436&lang=sr","article_published_time":"2026-03-28T18:54:06+00:00","og_image":[{"width":447,"height":447,"url":"https:\/\/veritasinfo.org\/wp-content\/uploads\/2026\/03\/images-1-11.jpeg","type":"image\/jpeg"}],"author":"US6","twitter_card":"summary_large_image","twitter_misc":{"Written by":"US6","Est. reading time":"1 minute"},"schema":{"@context":"https:\/\/schema.org","@graph":[{"@type":"WebPage","@id":"https:\/\/veritasinfo.org\/?p=40436&lang=sr","url":"https:\/\/veritasinfo.org\/?p=40436&lang=sr","name":"Isljami: Vu\u010dic\u0301 se pona\u0161a kao agent propagande protiv Kurtija -","isPartOf":{"@id":"https:\/\/veritasinfo.org\/#website"},"primaryImageOfPage":{"@id":"https:\/\/veritasinfo.org\/?p=40436&lang=sr#primaryimage"},"image":{"@id":"https:\/\/veritasinfo.org\/?p=40436&lang=sr#primaryimage"},"thumbnailUrl":"https:\/\/veritasinfo.org\/wp-content\/uploads\/2026\/03\/images-1-11.jpeg","datePublished":"2026-03-28T18:54:06+00:00","author":{"@id":"https:\/\/veritasinfo.org\/#\/schema\/person\/fe199eede04c3937362892b7444747cc"},"breadcrumb":{"@id":"https:\/\/veritasinfo.org\/?p=40436&lang=sr#breadcrumb"},"inLanguage":"en-US","potentialAction":[{"@type":"ReadAction","target":["https:\/\/veritasinfo.org\/?p=40436&lang=sr"]}]},{"@type":"ImageObject","inLanguage":"en-US","@id":"https:\/\/veritasinfo.org\/?p=40436&lang=sr#primaryimage","url":"https:\/\/veritasinfo.org\/wp-content\/uploads\/2026\/03\/images-1-11.jpeg","contentUrl":"https:\/\/veritasinfo.org\/wp-content\/uploads\/2026\/03\/images-1-11.jpeg","width":447,"height":447},{"@type":"BreadcrumbList","@id":"https:\/\/veritasinfo.org\/?p=40436&lang=sr#breadcrumb","itemListElement":[{"@type":"ListItem","position":1,"name":"Home","item":"https:\/\/veritasinfo.org\/"},{"@type":"ListItem","position":2,"name":"Isljami: Vu\u010dic\u0301 se pona\u0161a kao agent propagande protiv Kurtija"}]},{"@type":"WebSite","@id":"https:\/\/veritasinfo.org\/#website","url":"https:\/\/veritasinfo.org\/","name":"","description":"","potentialAction":[{"@type":"SearchAction","target":{"@type":"EntryPoint","urlTemplate":"https:\/\/veritasinfo.org\/?s={search_term_string}"},"query-input":{"@type":"PropertyValueSpecification","valueRequired":true,"valueName":"search_term_string"}}],"inLanguage":"en-US"},{"@type":"Person","@id":"https:\/\/veritasinfo.org\/#\/schema\/person\/fe199eede04c3937362892b7444747cc","name":"US6","image":{"@type":"ImageObject","inLanguage":"en-US","@id":"https:\/\/veritasinfo.org\/#\/schema\/person\/image\/","url":"https:\/\/secure.gravatar.com\/avatar\/cb16c3c31c9d23b9b8c705964598220b3014e42ff51eb540ff23cefa3ae8c15f?s=96&d=mm&r=g","contentUrl":"https:\/\/secure.gravatar.com\/avatar\/cb16c3c31c9d23b9b8c705964598220b3014e42ff51eb540ff23cefa3ae8c15f?s=96&d=mm&r=g","caption":"US6"},"url":"https:\/\/veritasinfo.org\/?author=7"}]}},"featured_image_urls":{"full":["https:\/\/veritasinfo.org\/wp-content\/uploads\/2026\/03\/images-1-11.jpeg",447,447,false],"thumbnail":["https:\/\/veritasinfo.org\/wp-content\/uploads\/2026\/03\/images-1-11-150x150.jpeg",150,150,true],"medium":["https:\/\/veritasinfo.org\/wp-content\/uploads\/2026\/03\/images-1-11-300x300.jpeg",300,300,true],"medium_large":["https:\/\/veritasinfo.org\/wp-content\/uploads\/2026\/03\/images-1-11.jpeg",447,447,false],"large":["https:\/\/veritasinfo.org\/wp-content\/uploads\/2026\/03\/images-1-11.jpeg",447,447,false],"1536x1536":["https:\/\/veritasinfo.org\/wp-content\/uploads\/2026\/03\/images-1-11.jpeg",447,447,false],"2048x2048":["https:\/\/veritasinfo.org\/wp-content\/uploads\/2026\/03\/images-1-11.jpeg",447,447,false],"kreeti-slider-full":["https:\/\/veritasinfo.org\/wp-content\/uploads\/2026\/03\/images-1-11.jpeg",447,447,false],"kreeti-featured":["https:\/\/veritasinfo.org\/wp-content\/uploads\/2026\/03\/images-1-11.jpeg",447,447,false],"kreeti-medium":["https:\/\/veritasinfo.org\/wp-content\/uploads\/2026\/03\/images-1-11.jpeg",447,447,false],"kreeti-medium-square":["https:\/\/veritasinfo.org\/wp-content\/uploads\/2026\/03\/images-1-11.jpeg",350,350,false]},"author_info":{"info":["US6"]},"category_info":"<a href=\"https:\/\/veritasinfo.org\/?cat=28&#038;lang=sr\" rel=\"category\">Politika<\/a>","tag_info":"Politika","comment_count":"0","_links":{"self":[{"href":"https:\/\/veritasinfo.org\/index.php?rest_route=\/wp\/v2\/posts\/40436","targetHints":{"allow":["GET"]}}],"collection":[{"href":"https:\/\/veritasinfo.org\/index.php?rest_route=\/wp\/v2\/posts"}],"about":[{"href":"https:\/\/veritasinfo.org\/index.php?rest_route=\/wp\/v2\/types\/post"}],"author":[{"embeddable":true,"href":"https:\/\/veritasinfo.org\/index.php?rest_route=\/wp\/v2\/users\/7"}],"replies":[{"embeddable":true,"href":"https:\/\/veritasinfo.org\/index.php?rest_route=%2Fwp%2Fv2%2Fcomments&post=40436"}],"version-history":[{"count":2,"href":"https:\/\/veritasinfo.org\/index.php?rest_route=\/wp\/v2\/posts\/40436\/revisions"}],"predecessor-version":[{"id":40444,"href":"https:\/\/veritasinfo.org\/index.php?rest_route=\/wp\/v2\/posts\/40436\/revisions\/40444"}],"wp:featuredmedia":[{"embeddable":true,"href":"https:\/\/veritasinfo.org\/index.php?rest_route=\/wp\/v2\/media\/40434"}],"wp:attachment":[{"href":"https:\/\/veritasinfo.org\/index.php?rest_route=%2Fwp%2Fv2%2Fmedia&parent=40436"}],"wp:term":[{"taxonomy":"category","embeddable":true,"href":"https:\/\/veritasinfo.org\/index.php?rest_route=%2Fwp%2Fv2%2Fcategories&post=40436"},{"taxonomy":"post_tag","embeddable":true,"href":"https:\/\/veritasinfo.org\/index.php?rest_route=%2Fwp%2Fv2%2Ftags&post=40436"}],"curies":[{"name":"wp","href":"https:\/\/api.w.org\/{rel}","templated":true}]}}