{"id":40425,"date":"2026-03-28T17:24:57","date_gmt":"2026-03-28T16:24:57","guid":{"rendered":"https:\/\/veritasinfo.org\/?p=40425"},"modified":"2026-03-28T17:24:57","modified_gmt":"2026-03-28T16:24:57","slug":"shala-serbia-po-synon-rikthim-territorial-nderkombetaret-ne-heshtje","status":"publish","type":"post","link":"https:\/\/veritasinfo.org\/?p=40425","title":{"rendered":"Shala: Serbia po synon rikthim territorial, nd\u00ebrkomb\u00ebtar\u00ebt n\u00eb heshtje"},"content":{"rendered":"<p>Prishtin\u00eb 28 Mars 2026 17:23<\/p>\n<p>Eksperti i siguris\u00eb, Drizan Shala, ka deklaruar se veprimet e fundit t\u00eb ushtris\u00eb s\u00eb Serbis\u00eb dhe aktivitetet ushtarake pran\u00eb kufirit me Kosov\u00ebn d\u00ebshmojn\u00eb p\u00ebr nj\u00eb munges\u00eb reagimi nga faktori nd\u00ebrkomb\u00ebtar.<\/p>\n<p>Shala n\u00eb nj\u00eb intervist\u00eb p\u00ebr Ekonomia, theksoi se, p\u00ebrve\u00e7 pranis\u00eb ushtarake n\u00eb brezin kufitar dhe aktiviteteve n\u00eb Kosov\u00ebn Lindore, shqet\u00ebsuese mbetet edhe furnizimi i Serbis\u00eb me armatim nga Kina, duke shtuar se k\u00ebto zhvillime nuk duhet t\u00eb kalojn\u00eb pa reagim nga nd\u00ebrkomb\u00ebtar\u00ebt.<\/p>\n<p>\u201cPra, sa i p\u00ebrket veprimeve t\u00eb fundit nga ana e ushtris\u00eb s\u00eb Serbis\u00eb, sa i p\u00ebrket edhe aktivitetit ushtarak n\u00eb brezin kufitar me Republik\u00ebn e Kosov\u00ebs n\u00eb pjes\u00ebn e Kosov\u00ebs Lindore, nj\u00ebkoh\u00ebsisht edhe \u00e7\u00ebshtjet me armatimet q\u00eb jan\u00eb duke bler\u00eb n\u00eb koh\u00ebt e fundit nga Kina, e d\u00ebshmon nj\u00eb fakt nj\u00eb heshtje t\u00eb faktorit nd\u00ebrkomb\u00ebtar, i cili padyshim nuk do t\u00eb duhej q\u00eb t\u00eb kaloj\u00eb pa u diktuar dhe pa reaguar. Sepse mos harrojm\u00eb nj\u00eb gj\u00eb, nj\u00eb shtet i cili ka shpallur neutralitetin dhe nj\u00ebkoh\u00ebsisht ka pretendime territoriale n\u00eb Ballkanin Per\u00ebndimor \u00ebsht\u00eb vet\u00ebm Serbia. Nj\u00eb shtet i cili ka nj\u00eb orientim pro-rus dhe pro-Pekinit \u00ebsht\u00eb vet\u00ebm Serbia. Pra, k\u00ebto dy elemente do t\u00eb duhej t\u00eb ishin faktor reagues nga faktori nd\u00ebrkomb\u00ebtar, por q\u00eb n\u00eb fakt nuk ka ndodhur nj\u00eb gj\u00eb e till\u00eb. \u201d, tha ai.<\/p>\n<p>Shala theksoi se k\u00ebto veprime tregojn\u00eb se Kosova po p\u00ebrballet me operacione psikologjike dhe informative ushtarake, duke shtuar se ato reflektojn\u00eb nj\u00eb q\u00ebllim m\u00eb t\u00eb gjer\u00eb t\u00eb Serbis\u00eb p\u00ebr rikthim n\u00eb territore, sipas dokumenteve t\u00eb saj zyrtare.<\/p>\n<p>\u201cN\u00eb aspektin tjet\u00ebr, ushtrimet e tilla n\u00eb nj\u00eb zon\u00eb ku veprimet jan\u00eb t\u00ebr\u00ebsisht nj\u00eb mesazh dhe nj\u00eb veprim informativ ushtarak, nj\u00eb mesazh ndaj popullat\u00ebs me shumic\u00eb shqiptare, pra \u00ebsht\u00eb nj\u00eb tregues q\u00eb Kosova \u00ebsht\u00eb duke rr\u00ebshqitur n\u00eb nj\u00eb ballafaqim t\u00eb operacioneve psikologjike informative ushtarake, por nj\u00ebkoh\u00ebsisht \u00ebsht\u00eb nj\u00eb veprim i cili tregon nj\u00eb p\u00ebrmas\u00eb m\u00eb t\u00eb gjer\u00eb, sepse Serbia ka nj\u00eb q\u00ebllim dhe nj\u00eb synim q\u00eb \u00ebsht\u00eb rikthimi i saj n\u00eb territorin sipas dokumenteve t\u00eb tyre zyrtare\u201d, tha ai.<\/p>\n<p>Shala, po ashtu vler\u00ebsoi se k\u00ebrc\u00ebnimet e vazhdueshme nga Beogradi zyrtar ndaj Kosov\u00ebs jan\u00eb pjes\u00eb e nj\u00eb strategjie t\u00eb mir\u00ebfillt\u00eb shtet\u00ebrore, q\u00eb p\u00ebrfshin dimensione ushtarake, informative dhe politike.<\/p>\n<p>\u201cSa i p\u00ebrket k\u00ebrc\u00ebnimeve permanente t\u00eb narrativ\u00ebs s\u00eb Beogradit zyrtar, tanim\u00eb k\u00ebto k\u00ebrc\u00ebnime jan\u00eb n\u00eb vazhd\u00ebn e nj\u00eb strategjie t\u00eb mir\u00ebfillt\u00eb nga ana e Beogradit zyrtar. K\u00ebrc\u00ebnimet e tilla edhe ndaj krer\u00ebve institucional\u00eb t\u00eb Republik\u00ebs s\u00eb Kosov\u00ebs, k\u00ebrc\u00ebnime n\u00eb forma t\u00eb ndryshme ushtarake, sh\u00ebrbimeve informative dhe elementeve t\u00eb tjera edhe t\u00eb atyre politike, e jep indicien e asaj q\u00eb Beogradi tanim\u00eb \u00ebsht\u00eb rikthyer n\u00eb qend\u00ebr t\u00eb veprimeve destruktive, dezinformuese, q\u00ebllimshme, asimetrike ndaj Republik\u00ebs s\u00eb Kosov\u00ebs dhe vendeve t\u00eb tjera\u201d, tha ai.<\/p>\n<p>Dit\u00eb m\u00eb par\u00eb, kryeministri i vendit, Albin Kurti \u00ebsht\u00eb deklaruar lidhur st\u00ebrvitjet e ushtar\u00ebve serb\u00eb n\u00eb kufi me Kosov\u00ebn.<\/p>\n<p>Kurti tha se ky \u00ebsht\u00eb nj\u00eb provokim i Serbis\u00eb, q\u00eb d\u00ebshiron t\u00eb cenoj\u00eb integritetin territorial dhe sovranitetin shtet\u00ebror t\u00eb Kosov\u00ebs, por n\u00eb t\u00eb nj\u00ebjt\u00ebn koh\u00eb sipas tij, tregon pasigurin\u00eb e tyre.<\/p>\n","protected":false},"excerpt":{"rendered":"<p>Prishtin\u00eb 28 Mars 2026 17:23 Eksperti i siguris\u00eb, Drizan Shala, ka deklaruar se veprimet e fundit t\u00eb ushtris\u00eb s\u00eb Serbis\u00eb dhe aktivitetet ushtarake pran\u00eb kufirit<\/p>\n","protected":false},"author":6,"featured_media":40426,"comment_status":"open","ping_status":"open","sticky":false,"template":"","format":"standard","meta":{"footnotes":""},"categories":[60],"tags":[],"class_list":["post-40425","post","type-post","status-publish","format-standard","has-post-thumbnail","hentry","category-shoqerore-sq"],"yoast_head":"<!-- This site is optimized with the Yoast SEO plugin v25.3.1 - https:\/\/yoast.com\/wordpress\/plugins\/seo\/ -->\n<title>Shala: Serbia po synon rikthim territorial, nd\u00ebrkomb\u00ebtar\u00ebt n\u00eb heshtje -<\/title>\n<meta name=\"robots\" content=\"index, follow, max-snippet:-1, max-image-preview:large, max-video-preview:-1\" \/>\n<link rel=\"canonical\" href=\"https:\/\/veritasinfo.org\/?p=40425\" \/>\n<meta property=\"og:locale\" content=\"en_US\" \/>\n<meta property=\"og:type\" content=\"article\" \/>\n<meta property=\"og:title\" content=\"Shala: Serbia po synon rikthim territorial, nd\u00ebrkomb\u00ebtar\u00ebt n\u00eb heshtje -\" \/>\n<meta property=\"og:description\" content=\"Prishtin\u00eb 28 Mars 2026 17:23 Eksperti i siguris\u00eb, Drizan Shala, ka deklaruar se veprimet e fundit t\u00eb ushtris\u00eb s\u00eb Serbis\u00eb dhe aktivitetet ushtarake pran\u00eb kufirit\" \/>\n<meta property=\"og:url\" content=\"https:\/\/veritasinfo.org\/?p=40425\" \/>\n<meta property=\"article:published_time\" content=\"2026-03-28T16:24:57+00:00\" \/>\n<meta property=\"og:image\" content=\"https:\/\/veritasinfo.org\/wp-content\/uploads\/2026\/03\/652833112_2018018498815562_4414606171217237403_n-1536x1152-1.jpg\" \/>\n\t<meta property=\"og:image:width\" content=\"1536\" \/>\n\t<meta property=\"og:image:height\" content=\"1152\" \/>\n\t<meta property=\"og:image:type\" content=\"image\/jpeg\" \/>\n<meta name=\"author\" content=\"US5\" \/>\n<meta name=\"twitter:card\" content=\"summary_large_image\" \/>\n<meta name=\"twitter:label1\" content=\"Written by\" \/>\n\t<meta name=\"twitter:data1\" content=\"US5\" \/>\n\t<meta name=\"twitter:label2\" content=\"Est. reading time\" \/>\n\t<meta name=\"twitter:data2\" content=\"1 minute\" \/>\n<script type=\"application\/ld+json\" class=\"yoast-schema-graph\">{\"@context\":\"https:\/\/schema.org\",\"@graph\":[{\"@type\":\"WebPage\",\"@id\":\"https:\/\/veritasinfo.org\/?p=40425\",\"url\":\"https:\/\/veritasinfo.org\/?p=40425\",\"name\":\"Shala: Serbia po synon rikthim territorial, nd\u00ebrkomb\u00ebtar\u00ebt n\u00eb heshtje -\",\"isPartOf\":{\"@id\":\"https:\/\/veritasinfo.org\/#website\"},\"primaryImageOfPage\":{\"@id\":\"https:\/\/veritasinfo.org\/?p=40425#primaryimage\"},\"image\":{\"@id\":\"https:\/\/veritasinfo.org\/?p=40425#primaryimage\"},\"thumbnailUrl\":\"https:\/\/veritasinfo.org\/wp-content\/uploads\/2026\/03\/652833112_2018018498815562_4414606171217237403_n-1536x1152-1.jpg\",\"datePublished\":\"2026-03-28T16:24:57+00:00\",\"author\":{\"@id\":\"https:\/\/veritasinfo.org\/#\/schema\/person\/bc442336e35414d04494ab8fb45db4c6\"},\"breadcrumb\":{\"@id\":\"https:\/\/veritasinfo.org\/?p=40425#breadcrumb\"},\"inLanguage\":\"en-US\",\"potentialAction\":[{\"@type\":\"ReadAction\",\"target\":[\"https:\/\/veritasinfo.org\/?p=40425\"]}]},{\"@type\":\"ImageObject\",\"inLanguage\":\"en-US\",\"@id\":\"https:\/\/veritasinfo.org\/?p=40425#primaryimage\",\"url\":\"https:\/\/veritasinfo.org\/wp-content\/uploads\/2026\/03\/652833112_2018018498815562_4414606171217237403_n-1536x1152-1.jpg\",\"contentUrl\":\"https:\/\/veritasinfo.org\/wp-content\/uploads\/2026\/03\/652833112_2018018498815562_4414606171217237403_n-1536x1152-1.jpg\",\"width\":1536,\"height\":1152},{\"@type\":\"BreadcrumbList\",\"@id\":\"https:\/\/veritasinfo.org\/?p=40425#breadcrumb\",\"itemListElement\":[{\"@type\":\"ListItem\",\"position\":1,\"name\":\"Home\",\"item\":\"https:\/\/veritasinfo.org\/\"},{\"@type\":\"ListItem\",\"position\":2,\"name\":\"Shala: Serbia po synon rikthim territorial, nd\u00ebrkomb\u00ebtar\u00ebt n\u00eb heshtje\"}]},{\"@type\":\"WebSite\",\"@id\":\"https:\/\/veritasinfo.org\/#website\",\"url\":\"https:\/\/veritasinfo.org\/\",\"name\":\"\",\"description\":\"\",\"potentialAction\":[{\"@type\":\"SearchAction\",\"target\":{\"@type\":\"EntryPoint\",\"urlTemplate\":\"https:\/\/veritasinfo.org\/?s={search_term_string}\"},\"query-input\":{\"@type\":\"PropertyValueSpecification\",\"valueRequired\":true,\"valueName\":\"search_term_string\"}}],\"inLanguage\":\"en-US\"},{\"@type\":\"Person\",\"@id\":\"https:\/\/veritasinfo.org\/#\/schema\/person\/bc442336e35414d04494ab8fb45db4c6\",\"name\":\"US5\",\"image\":{\"@type\":\"ImageObject\",\"inLanguage\":\"en-US\",\"@id\":\"https:\/\/veritasinfo.org\/#\/schema\/person\/image\/\",\"url\":\"https:\/\/secure.gravatar.com\/avatar\/16a61e7272a0c5d001121ebb9e60e925d5816e4ac1e443ed3e640d9a6ae55d0c?s=96&d=mm&r=g\",\"contentUrl\":\"https:\/\/secure.gravatar.com\/avatar\/16a61e7272a0c5d001121ebb9e60e925d5816e4ac1e443ed3e640d9a6ae55d0c?s=96&d=mm&r=g\",\"caption\":\"US5\"},\"url\":\"https:\/\/veritasinfo.org\/?author=6\"}]}<\/script>\n<!-- \/ Yoast SEO plugin. -->","yoast_head_json":{"title":"Shala: Serbia po synon rikthim territorial, nd\u00ebrkomb\u00ebtar\u00ebt n\u00eb heshtje -","robots":{"index":"index","follow":"follow","max-snippet":"max-snippet:-1","max-image-preview":"max-image-preview:large","max-video-preview":"max-video-preview:-1"},"canonical":"https:\/\/veritasinfo.org\/?p=40425","og_locale":"en_US","og_type":"article","og_title":"Shala: Serbia po synon rikthim territorial, nd\u00ebrkomb\u00ebtar\u00ebt n\u00eb heshtje -","og_description":"Prishtin\u00eb 28 Mars 2026 17:23 Eksperti i siguris\u00eb, Drizan Shala, ka deklaruar se veprimet e fundit t\u00eb ushtris\u00eb s\u00eb Serbis\u00eb dhe aktivitetet ushtarake pran\u00eb kufirit","og_url":"https:\/\/veritasinfo.org\/?p=40425","article_published_time":"2026-03-28T16:24:57+00:00","og_image":[{"width":1536,"height":1152,"url":"https:\/\/veritasinfo.org\/wp-content\/uploads\/2026\/03\/652833112_2018018498815562_4414606171217237403_n-1536x1152-1.jpg","type":"image\/jpeg"}],"author":"US5","twitter_card":"summary_large_image","twitter_misc":{"Written by":"US5","Est. reading time":"1 minute"},"schema":{"@context":"https:\/\/schema.org","@graph":[{"@type":"WebPage","@id":"https:\/\/veritasinfo.org\/?p=40425","url":"https:\/\/veritasinfo.org\/?p=40425","name":"Shala: Serbia po synon rikthim territorial, nd\u00ebrkomb\u00ebtar\u00ebt n\u00eb heshtje -","isPartOf":{"@id":"https:\/\/veritasinfo.org\/#website"},"primaryImageOfPage":{"@id":"https:\/\/veritasinfo.org\/?p=40425#primaryimage"},"image":{"@id":"https:\/\/veritasinfo.org\/?p=40425#primaryimage"},"thumbnailUrl":"https:\/\/veritasinfo.org\/wp-content\/uploads\/2026\/03\/652833112_2018018498815562_4414606171217237403_n-1536x1152-1.jpg","datePublished":"2026-03-28T16:24:57+00:00","author":{"@id":"https:\/\/veritasinfo.org\/#\/schema\/person\/bc442336e35414d04494ab8fb45db4c6"},"breadcrumb":{"@id":"https:\/\/veritasinfo.org\/?p=40425#breadcrumb"},"inLanguage":"en-US","potentialAction":[{"@type":"ReadAction","target":["https:\/\/veritasinfo.org\/?p=40425"]}]},{"@type":"ImageObject","inLanguage":"en-US","@id":"https:\/\/veritasinfo.org\/?p=40425#primaryimage","url":"https:\/\/veritasinfo.org\/wp-content\/uploads\/2026\/03\/652833112_2018018498815562_4414606171217237403_n-1536x1152-1.jpg","contentUrl":"https:\/\/veritasinfo.org\/wp-content\/uploads\/2026\/03\/652833112_2018018498815562_4414606171217237403_n-1536x1152-1.jpg","width":1536,"height":1152},{"@type":"BreadcrumbList","@id":"https:\/\/veritasinfo.org\/?p=40425#breadcrumb","itemListElement":[{"@type":"ListItem","position":1,"name":"Home","item":"https:\/\/veritasinfo.org\/"},{"@type":"ListItem","position":2,"name":"Shala: Serbia po synon rikthim territorial, nd\u00ebrkomb\u00ebtar\u00ebt n\u00eb heshtje"}]},{"@type":"WebSite","@id":"https:\/\/veritasinfo.org\/#website","url":"https:\/\/veritasinfo.org\/","name":"","description":"","potentialAction":[{"@type":"SearchAction","target":{"@type":"EntryPoint","urlTemplate":"https:\/\/veritasinfo.org\/?s={search_term_string}"},"query-input":{"@type":"PropertyValueSpecification","valueRequired":true,"valueName":"search_term_string"}}],"inLanguage":"en-US"},{"@type":"Person","@id":"https:\/\/veritasinfo.org\/#\/schema\/person\/bc442336e35414d04494ab8fb45db4c6","name":"US5","image":{"@type":"ImageObject","inLanguage":"en-US","@id":"https:\/\/veritasinfo.org\/#\/schema\/person\/image\/","url":"https:\/\/secure.gravatar.com\/avatar\/16a61e7272a0c5d001121ebb9e60e925d5816e4ac1e443ed3e640d9a6ae55d0c?s=96&d=mm&r=g","contentUrl":"https:\/\/secure.gravatar.com\/avatar\/16a61e7272a0c5d001121ebb9e60e925d5816e4ac1e443ed3e640d9a6ae55d0c?s=96&d=mm&r=g","caption":"US5"},"url":"https:\/\/veritasinfo.org\/?author=6"}]}},"featured_image_urls":{"full":["https:\/\/veritasinfo.org\/wp-content\/uploads\/2026\/03\/652833112_2018018498815562_4414606171217237403_n-1536x1152-1.jpg",1536,1152,false],"thumbnail":["https:\/\/veritasinfo.org\/wp-content\/uploads\/2026\/03\/652833112_2018018498815562_4414606171217237403_n-1536x1152-1-150x150.jpg",150,150,true],"medium":["https:\/\/veritasinfo.org\/wp-content\/uploads\/2026\/03\/652833112_2018018498815562_4414606171217237403_n-1536x1152-1-300x225.jpg",300,225,true],"medium_large":["https:\/\/veritasinfo.org\/wp-content\/uploads\/2026\/03\/652833112_2018018498815562_4414606171217237403_n-1536x1152-1-768x576.jpg",640,480,true],"large":["https:\/\/veritasinfo.org\/wp-content\/uploads\/2026\/03\/652833112_2018018498815562_4414606171217237403_n-1536x1152-1-1024x768.jpg",640,480,true],"1536x1536":["https:\/\/veritasinfo.org\/wp-content\/uploads\/2026\/03\/652833112_2018018498815562_4414606171217237403_n-1536x1152-1.jpg",1536,1152,false],"2048x2048":["https:\/\/veritasinfo.org\/wp-content\/uploads\/2026\/03\/652833112_2018018498815562_4414606171217237403_n-1536x1152-1.jpg",1536,1152,false],"kreeti-slider-full":["https:\/\/veritasinfo.org\/wp-content\/uploads\/2026\/03\/652833112_2018018498815562_4414606171217237403_n-1536x1152-1.jpg",960,720,false],"kreeti-featured":["https:\/\/veritasinfo.org\/wp-content\/uploads\/2026\/03\/652833112_2018018498815562_4414606171217237403_n-1536x1152-1.jpg",1024,768,false],"kreeti-medium":["https:\/\/veritasinfo.org\/wp-content\/uploads\/2026\/03\/652833112_2018018498815562_4414606171217237403_n-1536x1152-1.jpg",707,530,false],"kreeti-medium-square":["https:\/\/veritasinfo.org\/wp-content\/uploads\/2026\/03\/652833112_2018018498815562_4414606171217237403_n-1536x1152-1.jpg",350,263,false]},"author_info":{"info":["US5"]},"category_info":"<a href=\"https:\/\/veritasinfo.org\/?cat=60\" rel=\"category\">Shoq\u00ebrore<\/a>","tag_info":"Shoq\u00ebrore","comment_count":"0","_links":{"self":[{"href":"https:\/\/veritasinfo.org\/index.php?rest_route=\/wp\/v2\/posts\/40425","targetHints":{"allow":["GET"]}}],"collection":[{"href":"https:\/\/veritasinfo.org\/index.php?rest_route=\/wp\/v2\/posts"}],"about":[{"href":"https:\/\/veritasinfo.org\/index.php?rest_route=\/wp\/v2\/types\/post"}],"author":[{"embeddable":true,"href":"https:\/\/veritasinfo.org\/index.php?rest_route=\/wp\/v2\/users\/6"}],"replies":[{"embeddable":true,"href":"https:\/\/veritasinfo.org\/index.php?rest_route=%2Fwp%2Fv2%2Fcomments&post=40425"}],"version-history":[{"count":2,"href":"https:\/\/veritasinfo.org\/index.php?rest_route=\/wp\/v2\/posts\/40425\/revisions"}],"predecessor-version":[{"id":40428,"href":"https:\/\/veritasinfo.org\/index.php?rest_route=\/wp\/v2\/posts\/40425\/revisions\/40428"}],"wp:featuredmedia":[{"embeddable":true,"href":"https:\/\/veritasinfo.org\/index.php?rest_route=\/wp\/v2\/media\/40426"}],"wp:attachment":[{"href":"https:\/\/veritasinfo.org\/index.php?rest_route=%2Fwp%2Fv2%2Fmedia&parent=40425"}],"wp:term":[{"taxonomy":"category","embeddable":true,"href":"https:\/\/veritasinfo.org\/index.php?rest_route=%2Fwp%2Fv2%2Fcategories&post=40425"},{"taxonomy":"post_tag","embeddable":true,"href":"https:\/\/veritasinfo.org\/index.php?rest_route=%2Fwp%2Fv2%2Ftags&post=40425"}],"curies":[{"name":"wp","href":"https:\/\/api.w.org\/{rel}","templated":true}]}}