{"id":4040,"date":"2025-07-16T18:09:35","date_gmt":"2025-07-16T16:09:35","guid":{"rendered":"https:\/\/veritasinfo.org\/?p=4040"},"modified":"2025-07-16T18:12:24","modified_gmt":"2025-07-16T16:12:24","slug":"kercenohet-serish-presidentja-vjosa-osmani-do-te-vras-ty-dhe-familjen-tende","status":"publish","type":"post","link":"https:\/\/veritasinfo.org\/?p=4040","title":{"rendered":"K\u00ebrc\u00ebnohet s\u00ebrish Presidentja Vjosa Osmani: \u201cDo t\u00eb vras ty dhe familjen t\u00ebnde\u201d"},"content":{"rendered":"<p>Prishtin\u00eb, 16 Korrik 2025<\/p>\n<p><strong>Presidentja e Kosov\u00ebs Vjosa Osmani \u00ebsht\u00eb k\u00ebrc\u00ebnuar s\u00ebrish me jet\u00eb p\u00ebrmes e-mailit. <\/strong><\/p>\n<p>E-maili k\u00ebrc\u00ebnues \u00ebsht\u00eb d\u00ebrguar n\u00eb adres\u00ebn e Presidenc\u00ebs nga nj\u00eb person i identifikuar me emrin Betim Ibrahimi.<\/p>\n<p>Gazeta Online Reporteri.net ka siguruar e-mailet k\u00ebrc\u00ebnuese ndaj Presidentes Osmani.<\/p>\n<div class=\"nmes\">\n<div class=\"reklama-nmes\">\n<div id=\"beacon_4bb24738b8\"><img decoding=\"async\" src=\"https:\/\/reporteri.net\/reklamap\/www\/delivery\/lg.php?bannerid=0&amp;campaignid=0&amp;zoneid=17&amp;loc=https%3A%2F%2Freporteri.net%2Flajme%2Fkercenohet-serish-presidentja-vjosa-osmani-do-te-vras-ty-dhe-familjen-tende%2F%3Ffbclid%3DIwQ0xDSwLkqXlleHRuA2FlbQIxMQABHu59TtKpYn3lBbdhzDWCaITcp19_38Mv2qNnYtxFdTVSEjdg4AMc04nnyjlN_aem_b-Xqwx52evzlxZzPj3605g&amp;cb=4bb24738b8\" alt=\"\" width=\"0\" height=\"0\" \/><\/div>\n<\/div>\n<\/div>\n<p>K\u00ebrc\u00ebnimi i b\u00ebr\u00eb n\u00eb nj\u00eb zinxhir emailash, nd\u00ebr t\u00eb tjera p\u00ebrfshin k\u00ebrc\u00ebnim t\u00eb drejtp\u00ebrdrejt\u00eb me jet\u00eb ndaj Presidentes dhe familjes s\u00eb saj dhe n\u00eb t\u00eb cilin n\u00eb anglisht, shkruan: \u201cI\u2019ll come and shoot you\u2026 and your family too\u2026\u201d, q\u00eb do t\u00eb thot\u00eb \u201cdo t\u00eb vij t\u00eb t\u00eb vras ty\u2026 e po ashtu familjen t\u00ebnde\u201d.<br \/>\n<img fetchpriority=\"high\" decoding=\"async\" class=\"alignnone wp-image-1115628 size-full\" src=\"https:\/\/reporteri.net\/wp-content\/uploads\/2025\/07\/WhatsApp-Image-2025-07-16-at-17.30.59.png\" sizes=\"(max-width: 904px) 100vw, 904px\" srcset=\"https:\/\/reporteri.net\/wp-content\/uploads\/2025\/07\/WhatsApp-Image-2025-07-16-at-17.30.59.png 904w, https:\/\/reporteri.net\/wp-content\/uploads\/2025\/07\/WhatsApp-Image-2025-07-16-at-17.30.59-212x300.png 212w, https:\/\/reporteri.net\/wp-content\/uploads\/2025\/07\/WhatsApp-Image-2025-07-16-at-17.30.59-723x1024.png 723w, https:\/\/reporteri.net\/wp-content\/uploads\/2025\/07\/WhatsApp-Image-2025-07-16-at-17.30.59-768x1087.png 768w\" alt=\"\" width=\"904\" height=\"1280\" \/><\/p>\n<p><img decoding=\"async\" class=\"alignnone wp-image-1115627 size-full lazyload\" data-src=\"https:\/\/reporteri.net\/wp-content\/uploads\/2025\/07\/WhatsApp-Image-2025-07-16-at-17.31.00.png\" data-sizes=\"(max-width: 1078px) 100vw, 1078px\" data-srcset=\"https:\/\/reporteri.net\/wp-content\/uploads\/2025\/07\/WhatsApp-Image-2025-07-16-at-17.31.00.png 1078w, https:\/\/reporteri.net\/wp-content\/uploads\/2025\/07\/WhatsApp-Image-2025-07-16-at-17.31.00-253x300.png 253w, https:\/\/reporteri.net\/wp-content\/uploads\/2025\/07\/WhatsApp-Image-2025-07-16-at-17.31.00-862x1024.png 862w, https:\/\/reporteri.net\/wp-content\/uploads\/2025\/07\/WhatsApp-Image-2025-07-16-at-17.31.00-768x912.png 768w\" alt=\"\" width=\"1078\" height=\"1280\" src=\"data:image\/gif;base64,R0lGODlhAQABAAAAACH5BAEKAAEALAAAAAABAAEAAAICTAEAOw==\" style=\"--smush-placeholder-width: 1078px; --smush-placeholder-aspect-ratio: 1078\/1280;\" \/><\/p>\n<p>Burime nga Presidenca sqarojn\u00eb se p\u00ebr dhjet\u00ebra k\u00ebrc\u00ebnime deri tani ndaj Presidentes dhe familjes s\u00eb saj, nuk ka pasur as t\u00eb arrestuar e as raste kur k\u00ebrc\u00ebnuesit kan\u00eb dal\u00eb para drejt\u00ebsis\u00eb.<\/p>\n","protected":false},"excerpt":{"rendered":"<p>Prishtin\u00eb, 16 Korrik 2025 Presidentja e Kosov\u00ebs Vjosa Osmani \u00ebsht\u00eb k\u00ebrc\u00ebnuar s\u00ebrish me jet\u00eb p\u00ebrmes e-mailit. E-maili k\u00ebrc\u00ebnues \u00ebsht\u00eb d\u00ebrguar n\u00eb adres\u00ebn e Presidenc\u00ebs nga<\/p>\n","protected":false},"author":1,"featured_media":4043,"comment_status":"open","ping_status":"open","sticky":false,"template":"","format":"standard","meta":{"footnotes":""},"categories":[60],"tags":[],"class_list":["post-4040","post","type-post","status-publish","format-standard","has-post-thumbnail","hentry","category-shoqerore-sq"],"yoast_head":"<!-- This site is optimized with the Yoast SEO plugin v25.3.1 - https:\/\/yoast.com\/wordpress\/plugins\/seo\/ -->\n<title>K\u00ebrc\u00ebnohet s\u00ebrish Presidentja Vjosa Osmani: \u201cDo t\u00eb vras ty dhe familjen t\u00ebnde\u201d -<\/title>\n<meta name=\"robots\" content=\"index, follow, max-snippet:-1, max-image-preview:large, max-video-preview:-1\" \/>\n<link rel=\"canonical\" href=\"https:\/\/veritasinfo.org\/?p=4040\" \/>\n<meta property=\"og:locale\" content=\"en_US\" \/>\n<meta property=\"og:type\" content=\"article\" \/>\n<meta property=\"og:title\" content=\"K\u00ebrc\u00ebnohet s\u00ebrish Presidentja Vjosa Osmani: \u201cDo t\u00eb vras ty dhe familjen t\u00ebnde\u201d -\" \/>\n<meta property=\"og:description\" content=\"Prishtin\u00eb, 16 Korrik 2025 Presidentja e Kosov\u00ebs Vjosa Osmani \u00ebsht\u00eb k\u00ebrc\u00ebnuar s\u00ebrish me jet\u00eb p\u00ebrmes e-mailit. E-maili k\u00ebrc\u00ebnues \u00ebsht\u00eb d\u00ebrguar n\u00eb adres\u00ebn e Presidenc\u00ebs nga\" \/>\n<meta property=\"og:url\" content=\"https:\/\/veritasinfo.org\/?p=4040\" \/>\n<meta property=\"article:published_time\" content=\"2025-07-16T16:09:35+00:00\" \/>\n<meta property=\"article:modified_time\" content=\"2025-07-16T16:12:24+00:00\" \/>\n<meta property=\"og:image\" content=\"https:\/\/veritasinfo.org\/wp-content\/uploads\/2025\/07\/IMG_2099.png\" \/>\n\t<meta property=\"og:image:width\" content=\"816\" \/>\n\t<meta property=\"og:image:height\" content=\"519\" \/>\n\t<meta property=\"og:image:type\" content=\"image\/png\" \/>\n<meta name=\"author\" content=\"admin\" \/>\n<meta name=\"twitter:card\" content=\"summary_large_image\" \/>\n<meta name=\"twitter:label1\" content=\"Written by\" \/>\n\t<meta name=\"twitter:data1\" content=\"admin\" \/>\n\t<meta name=\"twitter:label2\" content=\"Est. reading time\" \/>\n\t<meta name=\"twitter:data2\" content=\"2 minutes\" \/>\n<script type=\"application\/ld+json\" class=\"yoast-schema-graph\">{\"@context\":\"https:\/\/schema.org\",\"@graph\":[{\"@type\":\"WebPage\",\"@id\":\"https:\/\/veritasinfo.org\/?p=4040\",\"url\":\"https:\/\/veritasinfo.org\/?p=4040\",\"name\":\"K\u00ebrc\u00ebnohet s\u00ebrish Presidentja Vjosa Osmani: \u201cDo t\u00eb vras ty dhe familjen t\u00ebnde\u201d -\",\"isPartOf\":{\"@id\":\"https:\/\/veritasinfo.org\/#website\"},\"primaryImageOfPage\":{\"@id\":\"https:\/\/veritasinfo.org\/?p=4040#primaryimage\"},\"image\":{\"@id\":\"https:\/\/veritasinfo.org\/?p=4040#primaryimage\"},\"thumbnailUrl\":\"https:\/\/veritasinfo.org\/wp-content\/uploads\/2025\/07\/IMG_2099.png\",\"datePublished\":\"2025-07-16T16:09:35+00:00\",\"dateModified\":\"2025-07-16T16:12:24+00:00\",\"author\":{\"@id\":\"https:\/\/veritasinfo.org\/#\/schema\/person\/7701f8c088bece422266b100a712374f\"},\"breadcrumb\":{\"@id\":\"https:\/\/veritasinfo.org\/?p=4040#breadcrumb\"},\"inLanguage\":\"en-US\",\"potentialAction\":[{\"@type\":\"ReadAction\",\"target\":[\"https:\/\/veritasinfo.org\/?p=4040\"]}]},{\"@type\":\"ImageObject\",\"inLanguage\":\"en-US\",\"@id\":\"https:\/\/veritasinfo.org\/?p=4040#primaryimage\",\"url\":\"https:\/\/veritasinfo.org\/wp-content\/uploads\/2025\/07\/IMG_2099.png\",\"contentUrl\":\"https:\/\/veritasinfo.org\/wp-content\/uploads\/2025\/07\/IMG_2099.png\",\"width\":816,\"height\":519},{\"@type\":\"BreadcrumbList\",\"@id\":\"https:\/\/veritasinfo.org\/?p=4040#breadcrumb\",\"itemListElement\":[{\"@type\":\"ListItem\",\"position\":1,\"name\":\"Home\",\"item\":\"https:\/\/veritasinfo.org\/\"},{\"@type\":\"ListItem\",\"position\":2,\"name\":\"K\u00ebrc\u00ebnohet s\u00ebrish Presidentja Vjosa Osmani: \u201cDo t\u00eb vras ty dhe familjen t\u00ebnde\u201d\"}]},{\"@type\":\"WebSite\",\"@id\":\"https:\/\/veritasinfo.org\/#website\",\"url\":\"https:\/\/veritasinfo.org\/\",\"name\":\"\",\"description\":\"\",\"potentialAction\":[{\"@type\":\"SearchAction\",\"target\":{\"@type\":\"EntryPoint\",\"urlTemplate\":\"https:\/\/veritasinfo.org\/?s={search_term_string}\"},\"query-input\":{\"@type\":\"PropertyValueSpecification\",\"valueRequired\":true,\"valueName\":\"search_term_string\"}}],\"inLanguage\":\"en-US\"},{\"@type\":\"Person\",\"@id\":\"https:\/\/veritasinfo.org\/#\/schema\/person\/7701f8c088bece422266b100a712374f\",\"name\":\"admin\",\"image\":{\"@type\":\"ImageObject\",\"inLanguage\":\"en-US\",\"@id\":\"https:\/\/veritasinfo.org\/#\/schema\/person\/image\/\",\"url\":\"https:\/\/secure.gravatar.com\/avatar\/ea53aa3bf6c9a12d5fde8ce4deff43fef3885ae33cf60184161a50d6987cfd2f?s=96&d=mm&r=g\",\"contentUrl\":\"https:\/\/secure.gravatar.com\/avatar\/ea53aa3bf6c9a12d5fde8ce4deff43fef3885ae33cf60184161a50d6987cfd2f?s=96&d=mm&r=g\",\"caption\":\"admin\"},\"sameAs\":[\"https:\/\/veritasinfo.org\"],\"url\":\"https:\/\/veritasinfo.org\/?author=1\"}]}<\/script>\n<!-- \/ Yoast SEO plugin. -->","yoast_head_json":{"title":"K\u00ebrc\u00ebnohet s\u00ebrish Presidentja Vjosa Osmani: \u201cDo t\u00eb vras ty dhe familjen t\u00ebnde\u201d -","robots":{"index":"index","follow":"follow","max-snippet":"max-snippet:-1","max-image-preview":"max-image-preview:large","max-video-preview":"max-video-preview:-1"},"canonical":"https:\/\/veritasinfo.org\/?p=4040","og_locale":"en_US","og_type":"article","og_title":"K\u00ebrc\u00ebnohet s\u00ebrish Presidentja Vjosa Osmani: \u201cDo t\u00eb vras ty dhe familjen t\u00ebnde\u201d -","og_description":"Prishtin\u00eb, 16 Korrik 2025 Presidentja e Kosov\u00ebs Vjosa Osmani \u00ebsht\u00eb k\u00ebrc\u00ebnuar s\u00ebrish me jet\u00eb p\u00ebrmes e-mailit. E-maili k\u00ebrc\u00ebnues \u00ebsht\u00eb d\u00ebrguar n\u00eb adres\u00ebn e Presidenc\u00ebs nga","og_url":"https:\/\/veritasinfo.org\/?p=4040","article_published_time":"2025-07-16T16:09:35+00:00","article_modified_time":"2025-07-16T16:12:24+00:00","og_image":[{"width":816,"height":519,"url":"https:\/\/veritasinfo.org\/wp-content\/uploads\/2025\/07\/IMG_2099.png","type":"image\/png"}],"author":"admin","twitter_card":"summary_large_image","twitter_misc":{"Written by":"admin","Est. reading time":"2 minutes"},"schema":{"@context":"https:\/\/schema.org","@graph":[{"@type":"WebPage","@id":"https:\/\/veritasinfo.org\/?p=4040","url":"https:\/\/veritasinfo.org\/?p=4040","name":"K\u00ebrc\u00ebnohet s\u00ebrish Presidentja Vjosa Osmani: \u201cDo t\u00eb vras ty dhe familjen t\u00ebnde\u201d -","isPartOf":{"@id":"https:\/\/veritasinfo.org\/#website"},"primaryImageOfPage":{"@id":"https:\/\/veritasinfo.org\/?p=4040#primaryimage"},"image":{"@id":"https:\/\/veritasinfo.org\/?p=4040#primaryimage"},"thumbnailUrl":"https:\/\/veritasinfo.org\/wp-content\/uploads\/2025\/07\/IMG_2099.png","datePublished":"2025-07-16T16:09:35+00:00","dateModified":"2025-07-16T16:12:24+00:00","author":{"@id":"https:\/\/veritasinfo.org\/#\/schema\/person\/7701f8c088bece422266b100a712374f"},"breadcrumb":{"@id":"https:\/\/veritasinfo.org\/?p=4040#breadcrumb"},"inLanguage":"en-US","potentialAction":[{"@type":"ReadAction","target":["https:\/\/veritasinfo.org\/?p=4040"]}]},{"@type":"ImageObject","inLanguage":"en-US","@id":"https:\/\/veritasinfo.org\/?p=4040#primaryimage","url":"https:\/\/veritasinfo.org\/wp-content\/uploads\/2025\/07\/IMG_2099.png","contentUrl":"https:\/\/veritasinfo.org\/wp-content\/uploads\/2025\/07\/IMG_2099.png","width":816,"height":519},{"@type":"BreadcrumbList","@id":"https:\/\/veritasinfo.org\/?p=4040#breadcrumb","itemListElement":[{"@type":"ListItem","position":1,"name":"Home","item":"https:\/\/veritasinfo.org\/"},{"@type":"ListItem","position":2,"name":"K\u00ebrc\u00ebnohet s\u00ebrish Presidentja Vjosa Osmani: \u201cDo t\u00eb vras ty dhe familjen t\u00ebnde\u201d"}]},{"@type":"WebSite","@id":"https:\/\/veritasinfo.org\/#website","url":"https:\/\/veritasinfo.org\/","name":"","description":"","potentialAction":[{"@type":"SearchAction","target":{"@type":"EntryPoint","urlTemplate":"https:\/\/veritasinfo.org\/?s={search_term_string}"},"query-input":{"@type":"PropertyValueSpecification","valueRequired":true,"valueName":"search_term_string"}}],"inLanguage":"en-US"},{"@type":"Person","@id":"https:\/\/veritasinfo.org\/#\/schema\/person\/7701f8c088bece422266b100a712374f","name":"admin","image":{"@type":"ImageObject","inLanguage":"en-US","@id":"https:\/\/veritasinfo.org\/#\/schema\/person\/image\/","url":"https:\/\/secure.gravatar.com\/avatar\/ea53aa3bf6c9a12d5fde8ce4deff43fef3885ae33cf60184161a50d6987cfd2f?s=96&d=mm&r=g","contentUrl":"https:\/\/secure.gravatar.com\/avatar\/ea53aa3bf6c9a12d5fde8ce4deff43fef3885ae33cf60184161a50d6987cfd2f?s=96&d=mm&r=g","caption":"admin"},"sameAs":["https:\/\/veritasinfo.org"],"url":"https:\/\/veritasinfo.org\/?author=1"}]}},"featured_image_urls":{"full":["https:\/\/veritasinfo.org\/wp-content\/uploads\/2025\/07\/IMG_2099.png",816,519,false],"thumbnail":["https:\/\/veritasinfo.org\/wp-content\/uploads\/2025\/07\/IMG_2099-150x150.png",150,150,true],"medium":["https:\/\/veritasinfo.org\/wp-content\/uploads\/2025\/07\/IMG_2099-300x191.png",300,191,true],"medium_large":["https:\/\/veritasinfo.org\/wp-content\/uploads\/2025\/07\/IMG_2099-768x488.png",640,407,true],"large":["https:\/\/veritasinfo.org\/wp-content\/uploads\/2025\/07\/IMG_2099.png",640,407,false],"1536x1536":["https:\/\/veritasinfo.org\/wp-content\/uploads\/2025\/07\/IMG_2099.png",816,519,false],"2048x2048":["https:\/\/veritasinfo.org\/wp-content\/uploads\/2025\/07\/IMG_2099.png",816,519,false],"kreeti-slider-full":["https:\/\/veritasinfo.org\/wp-content\/uploads\/2025\/07\/IMG_2099.png",816,519,false],"kreeti-featured":["https:\/\/veritasinfo.org\/wp-content\/uploads\/2025\/07\/IMG_2099.png",816,519,false],"kreeti-medium":["https:\/\/veritasinfo.org\/wp-content\/uploads\/2025\/07\/IMG_2099.png",720,458,false],"kreeti-medium-square":["https:\/\/veritasinfo.org\/wp-content\/uploads\/2025\/07\/IMG_2099.png",350,223,false]},"author_info":{"info":["admin"]},"category_info":"<a href=\"https:\/\/veritasinfo.org\/?cat=60\" rel=\"category\">Shoq\u00ebrore<\/a>","tag_info":"Shoq\u00ebrore","comment_count":"0","_links":{"self":[{"href":"https:\/\/veritasinfo.org\/index.php?rest_route=\/wp\/v2\/posts\/4040","targetHints":{"allow":["GET"]}}],"collection":[{"href":"https:\/\/veritasinfo.org\/index.php?rest_route=\/wp\/v2\/posts"}],"about":[{"href":"https:\/\/veritasinfo.org\/index.php?rest_route=\/wp\/v2\/types\/post"}],"author":[{"embeddable":true,"href":"https:\/\/veritasinfo.org\/index.php?rest_route=\/wp\/v2\/users\/1"}],"replies":[{"embeddable":true,"href":"https:\/\/veritasinfo.org\/index.php?rest_route=%2Fwp%2Fv2%2Fcomments&post=4040"}],"version-history":[{"count":2,"href":"https:\/\/veritasinfo.org\/index.php?rest_route=\/wp\/v2\/posts\/4040\/revisions"}],"predecessor-version":[{"id":4046,"href":"https:\/\/veritasinfo.org\/index.php?rest_route=\/wp\/v2\/posts\/4040\/revisions\/4046"}],"wp:featuredmedia":[{"embeddable":true,"href":"https:\/\/veritasinfo.org\/index.php?rest_route=\/wp\/v2\/media\/4043"}],"wp:attachment":[{"href":"https:\/\/veritasinfo.org\/index.php?rest_route=%2Fwp%2Fv2%2Fmedia&parent=4040"}],"wp:term":[{"taxonomy":"category","embeddable":true,"href":"https:\/\/veritasinfo.org\/index.php?rest_route=%2Fwp%2Fv2%2Fcategories&post=4040"},{"taxonomy":"post_tag","embeddable":true,"href":"https:\/\/veritasinfo.org\/index.php?rest_route=%2Fwp%2Fv2%2Ftags&post=4040"}],"curies":[{"name":"wp","href":"https:\/\/api.w.org\/{rel}","templated":true}]}}