{"id":40339,"date":"2026-03-28T10:35:45","date_gmt":"2026-03-28T09:35:45","guid":{"rendered":"https:\/\/veritasinfo.org\/?p=40339"},"modified":"2026-03-28T10:35:45","modified_gmt":"2026-03-28T09:35:45","slug":"kosovo-i-kolumbija-jacaju-odnose-potpisana-tri-sporazuma","status":"publish","type":"post","link":"https:\/\/veritasinfo.org\/?p=40339&lang=sr","title":{"rendered":"Kosovo i Kolumbija ja\u010daju odnose, potpisana tri sporazuma"},"content":{"rendered":"<p>Pri\u0161tina, 28. mart 2026. 10:33<\/p>\n<p>Zamenik ministra spoljnih poslova i dijaspore, Kre\u0161nik Ahmeti, odr\u017eao je sastanak sa svojom koleginicom iz Republike Kolumbije, Paulom Andreom Seron Arboledom, gde je potvr\u0111ena zajedni\u010dka posvec\u0301enost unapre\u0111enju bilateralnih odnosa i saradnje u oblastima od obostranog interesa.<\/p>\n<p>Ministarstvo saop\u0161tava da su tokom ovog sastanka strane potpisale tri va\u017ena sporazuma, kao \u0161to su Sporazum o ukidanju viza za nosioce diplomatskih i slu\u017ebenih paso\u0161a; Sporazum o politi\u010dkim konsultacijama izme\u0111u dva ministarstva spoljnih poslova; Memorandum o saradnji izme\u0111u dve diplomatske akademije.<\/p>\n<p>Ovi sporazumi, prema saop\u0161tenju, predstavljaju va\u017ean korak ka produbljivanju institucionalne saradnje i ja\u010danju veza izme\u0111u dve zemlje.<\/p>\n<p>\u201eTokom sastanka razmatrana je i moguc\u0301nost ukidanja viza za nosioce redovnih paso\u0161a, u kom slu\u010daju je kolumbijskoj strani predat po\u010detni nacrt o ovom pitanju, kao konkretan korak ka olak\u0161avanju kretanja gra\u0111ana i daljem pribli\u017eavanju dve zemlje\u201c, navodi se u saop\u0161tenju.<\/p>\n<p>Tako\u0111e je objavljeno da su se strane slo\u017eile da u bliskoj buduc\u0301nosti odr\u017ee prvu rundu politi\u010dkih konsultacija u Pri\u0161tini, u okviru potpisanog sporazuma, sa ciljem konkretizacije saradnje u razli\u010ditim oblastima.<\/p>\n<p>Tokom boravka u Kolumbiji, zamenik ministra Ahmeti se sastao i sa zamenikom ministra nacionalne odbrane, Havijerom Bakerom, sa kojim je razgovarao o moguc\u0301nostima za produbljivanje saradnje u oblasti bezbednosti i odbrane.<\/p>\n<p>Tokom radnog ru\u010dka, odr\u017eao je sastanke i sa predstavnicima ministarstava kulture, prosvete, sporta i poljoprivrede, gde su razmotrena najnovija de\u0161avanja u ovim sektorima i identifikovane konkretne moguc\u0301nosti za dalju saradnju.<\/p>\n<p>Sastanci u Kolumbiji zavr\u0161avaju posetu zamenika ministra Ahmetija ovom regionu, tokom koje su odr\u017eani va\u017eni sastanci i potpisano je ukupno \u0161est razli\u010ditih sporazuma, koji doprinose ja\u010danju prisustva i partnerstava Republike Kosovo u Latinskoj Americi, saop\u0161tava MIP.<\/p>\n","protected":false},"excerpt":{"rendered":"<p>Pri\u0161tina, 28. mart 2026. 10:33 Zamenik ministra spoljnih poslova i dijaspore, Kre\u0161nik Ahmeti, odr\u017eao je sastanak sa svojom koleginicom iz Republike Kolumbije, Paulom Andreom Seron<\/p>\n","protected":false},"author":6,"featured_media":40340,"comment_status":"open","ping_status":"open","sticky":false,"template":"","format":"standard","meta":{"footnotes":""},"categories":[28],"tags":[],"class_list":["post-40339","post","type-post","status-publish","format-standard","has-post-thumbnail","hentry","category-politika"],"yoast_head":"<!-- This site is optimized with the Yoast SEO plugin v25.3.1 - https:\/\/yoast.com\/wordpress\/plugins\/seo\/ -->\n<title>Kosovo i Kolumbija ja\u010daju odnose, potpisana tri sporazuma -<\/title>\n<meta name=\"robots\" content=\"index, follow, max-snippet:-1, max-image-preview:large, max-video-preview:-1\" \/>\n<link rel=\"canonical\" href=\"https:\/\/veritasinfo.org\/?p=40339&lang=sr\" \/>\n<meta property=\"og:locale\" content=\"en_US\" \/>\n<meta property=\"og:type\" content=\"article\" \/>\n<meta property=\"og:title\" content=\"Kosovo i Kolumbija ja\u010daju odnose, potpisana tri sporazuma -\" \/>\n<meta property=\"og:description\" content=\"Pri\u0161tina, 28. mart 2026. 10:33 Zamenik ministra spoljnih poslova i dijaspore, Kre\u0161nik Ahmeti, odr\u017eao je sastanak sa svojom koleginicom iz Republike Kolumbije, Paulom Andreom Seron\" \/>\n<meta property=\"og:url\" content=\"https:\/\/veritasinfo.org\/?p=40339&amp;lang=sr\" \/>\n<meta property=\"article:published_time\" content=\"2026-03-28T09:35:45+00:00\" \/>\n<meta property=\"og:image\" content=\"https:\/\/veritasinfo.org\/wp-content\/uploads\/2026\/03\/720954-YgXB6nNYkE-1.jpg\" \/>\n\t<meta property=\"og:image:width\" content=\"780\" \/>\n\t<meta property=\"og:image:height\" content=\"500\" \/>\n\t<meta property=\"og:image:type\" content=\"image\/jpeg\" \/>\n<meta name=\"author\" content=\"US5\" \/>\n<meta name=\"twitter:card\" content=\"summary_large_image\" \/>\n<meta name=\"twitter:label1\" content=\"Written by\" \/>\n\t<meta name=\"twitter:data1\" content=\"US5\" \/>\n<script type=\"application\/ld+json\" class=\"yoast-schema-graph\">{\"@context\":\"https:\/\/schema.org\",\"@graph\":[{\"@type\":\"WebPage\",\"@id\":\"https:\/\/veritasinfo.org\/?p=40339&lang=sr\",\"url\":\"https:\/\/veritasinfo.org\/?p=40339&lang=sr\",\"name\":\"Kosovo i Kolumbija ja\u010daju odnose, potpisana tri sporazuma -\",\"isPartOf\":{\"@id\":\"https:\/\/veritasinfo.org\/#website\"},\"primaryImageOfPage\":{\"@id\":\"https:\/\/veritasinfo.org\/?p=40339&lang=sr#primaryimage\"},\"image\":{\"@id\":\"https:\/\/veritasinfo.org\/?p=40339&lang=sr#primaryimage\"},\"thumbnailUrl\":\"https:\/\/veritasinfo.org\/wp-content\/uploads\/2026\/03\/720954-YgXB6nNYkE-1.jpg\",\"datePublished\":\"2026-03-28T09:35:45+00:00\",\"author\":{\"@id\":\"https:\/\/veritasinfo.org\/#\/schema\/person\/bc442336e35414d04494ab8fb45db4c6\"},\"breadcrumb\":{\"@id\":\"https:\/\/veritasinfo.org\/?p=40339&lang=sr#breadcrumb\"},\"inLanguage\":\"en-US\",\"potentialAction\":[{\"@type\":\"ReadAction\",\"target\":[\"https:\/\/veritasinfo.org\/?p=40339&lang=sr\"]}]},{\"@type\":\"ImageObject\",\"inLanguage\":\"en-US\",\"@id\":\"https:\/\/veritasinfo.org\/?p=40339&lang=sr#primaryimage\",\"url\":\"https:\/\/veritasinfo.org\/wp-content\/uploads\/2026\/03\/720954-YgXB6nNYkE-1.jpg\",\"contentUrl\":\"https:\/\/veritasinfo.org\/wp-content\/uploads\/2026\/03\/720954-YgXB6nNYkE-1.jpg\",\"width\":780,\"height\":500},{\"@type\":\"BreadcrumbList\",\"@id\":\"https:\/\/veritasinfo.org\/?p=40339&lang=sr#breadcrumb\",\"itemListElement\":[{\"@type\":\"ListItem\",\"position\":1,\"name\":\"Home\",\"item\":\"https:\/\/veritasinfo.org\/\"},{\"@type\":\"ListItem\",\"position\":2,\"name\":\"Kosovo i Kolumbija ja\u010daju odnose, potpisana tri sporazuma\"}]},{\"@type\":\"WebSite\",\"@id\":\"https:\/\/veritasinfo.org\/#website\",\"url\":\"https:\/\/veritasinfo.org\/\",\"name\":\"\",\"description\":\"\",\"potentialAction\":[{\"@type\":\"SearchAction\",\"target\":{\"@type\":\"EntryPoint\",\"urlTemplate\":\"https:\/\/veritasinfo.org\/?s={search_term_string}\"},\"query-input\":{\"@type\":\"PropertyValueSpecification\",\"valueRequired\":true,\"valueName\":\"search_term_string\"}}],\"inLanguage\":\"en-US\"},{\"@type\":\"Person\",\"@id\":\"https:\/\/veritasinfo.org\/#\/schema\/person\/bc442336e35414d04494ab8fb45db4c6\",\"name\":\"US5\",\"image\":{\"@type\":\"ImageObject\",\"inLanguage\":\"en-US\",\"@id\":\"https:\/\/veritasinfo.org\/#\/schema\/person\/image\/\",\"url\":\"https:\/\/secure.gravatar.com\/avatar\/16a61e7272a0c5d001121ebb9e60e925d5816e4ac1e443ed3e640d9a6ae55d0c?s=96&d=mm&r=g\",\"contentUrl\":\"https:\/\/secure.gravatar.com\/avatar\/16a61e7272a0c5d001121ebb9e60e925d5816e4ac1e443ed3e640d9a6ae55d0c?s=96&d=mm&r=g\",\"caption\":\"US5\"},\"url\":\"https:\/\/veritasinfo.org\/?author=6\"}]}<\/script>\n<!-- \/ Yoast SEO plugin. -->","yoast_head_json":{"title":"Kosovo i Kolumbija ja\u010daju odnose, potpisana tri sporazuma -","robots":{"index":"index","follow":"follow","max-snippet":"max-snippet:-1","max-image-preview":"max-image-preview:large","max-video-preview":"max-video-preview:-1"},"canonical":"https:\/\/veritasinfo.org\/?p=40339&lang=sr","og_locale":"en_US","og_type":"article","og_title":"Kosovo i Kolumbija ja\u010daju odnose, potpisana tri sporazuma -","og_description":"Pri\u0161tina, 28. mart 2026. 10:33 Zamenik ministra spoljnih poslova i dijaspore, Kre\u0161nik Ahmeti, odr\u017eao je sastanak sa svojom koleginicom iz Republike Kolumbije, Paulom Andreom Seron","og_url":"https:\/\/veritasinfo.org\/?p=40339&lang=sr","article_published_time":"2026-03-28T09:35:45+00:00","og_image":[{"width":780,"height":500,"url":"https:\/\/veritasinfo.org\/wp-content\/uploads\/2026\/03\/720954-YgXB6nNYkE-1.jpg","type":"image\/jpeg"}],"author":"US5","twitter_card":"summary_large_image","twitter_misc":{"Written by":"US5"},"schema":{"@context":"https:\/\/schema.org","@graph":[{"@type":"WebPage","@id":"https:\/\/veritasinfo.org\/?p=40339&lang=sr","url":"https:\/\/veritasinfo.org\/?p=40339&lang=sr","name":"Kosovo i Kolumbija ja\u010daju odnose, potpisana tri sporazuma -","isPartOf":{"@id":"https:\/\/veritasinfo.org\/#website"},"primaryImageOfPage":{"@id":"https:\/\/veritasinfo.org\/?p=40339&lang=sr#primaryimage"},"image":{"@id":"https:\/\/veritasinfo.org\/?p=40339&lang=sr#primaryimage"},"thumbnailUrl":"https:\/\/veritasinfo.org\/wp-content\/uploads\/2026\/03\/720954-YgXB6nNYkE-1.jpg","datePublished":"2026-03-28T09:35:45+00:00","author":{"@id":"https:\/\/veritasinfo.org\/#\/schema\/person\/bc442336e35414d04494ab8fb45db4c6"},"breadcrumb":{"@id":"https:\/\/veritasinfo.org\/?p=40339&lang=sr#breadcrumb"},"inLanguage":"en-US","potentialAction":[{"@type":"ReadAction","target":["https:\/\/veritasinfo.org\/?p=40339&lang=sr"]}]},{"@type":"ImageObject","inLanguage":"en-US","@id":"https:\/\/veritasinfo.org\/?p=40339&lang=sr#primaryimage","url":"https:\/\/veritasinfo.org\/wp-content\/uploads\/2026\/03\/720954-YgXB6nNYkE-1.jpg","contentUrl":"https:\/\/veritasinfo.org\/wp-content\/uploads\/2026\/03\/720954-YgXB6nNYkE-1.jpg","width":780,"height":500},{"@type":"BreadcrumbList","@id":"https:\/\/veritasinfo.org\/?p=40339&lang=sr#breadcrumb","itemListElement":[{"@type":"ListItem","position":1,"name":"Home","item":"https:\/\/veritasinfo.org\/"},{"@type":"ListItem","position":2,"name":"Kosovo i Kolumbija ja\u010daju odnose, potpisana tri sporazuma"}]},{"@type":"WebSite","@id":"https:\/\/veritasinfo.org\/#website","url":"https:\/\/veritasinfo.org\/","name":"","description":"","potentialAction":[{"@type":"SearchAction","target":{"@type":"EntryPoint","urlTemplate":"https:\/\/veritasinfo.org\/?s={search_term_string}"},"query-input":{"@type":"PropertyValueSpecification","valueRequired":true,"valueName":"search_term_string"}}],"inLanguage":"en-US"},{"@type":"Person","@id":"https:\/\/veritasinfo.org\/#\/schema\/person\/bc442336e35414d04494ab8fb45db4c6","name":"US5","image":{"@type":"ImageObject","inLanguage":"en-US","@id":"https:\/\/veritasinfo.org\/#\/schema\/person\/image\/","url":"https:\/\/secure.gravatar.com\/avatar\/16a61e7272a0c5d001121ebb9e60e925d5816e4ac1e443ed3e640d9a6ae55d0c?s=96&d=mm&r=g","contentUrl":"https:\/\/secure.gravatar.com\/avatar\/16a61e7272a0c5d001121ebb9e60e925d5816e4ac1e443ed3e640d9a6ae55d0c?s=96&d=mm&r=g","caption":"US5"},"url":"https:\/\/veritasinfo.org\/?author=6"}]}},"featured_image_urls":{"full":["https:\/\/veritasinfo.org\/wp-content\/uploads\/2026\/03\/720954-YgXB6nNYkE-1.jpg",780,500,false],"thumbnail":["https:\/\/veritasinfo.org\/wp-content\/uploads\/2026\/03\/720954-YgXB6nNYkE-1-150x150.jpg",150,150,true],"medium":["https:\/\/veritasinfo.org\/wp-content\/uploads\/2026\/03\/720954-YgXB6nNYkE-1-300x192.jpg",300,192,true],"medium_large":["https:\/\/veritasinfo.org\/wp-content\/uploads\/2026\/03\/720954-YgXB6nNYkE-1-768x492.jpg",640,410,true],"large":["https:\/\/veritasinfo.org\/wp-content\/uploads\/2026\/03\/720954-YgXB6nNYkE-1.jpg",640,410,false],"1536x1536":["https:\/\/veritasinfo.org\/wp-content\/uploads\/2026\/03\/720954-YgXB6nNYkE-1.jpg",780,500,false],"2048x2048":["https:\/\/veritasinfo.org\/wp-content\/uploads\/2026\/03\/720954-YgXB6nNYkE-1.jpg",780,500,false],"kreeti-slider-full":["https:\/\/veritasinfo.org\/wp-content\/uploads\/2026\/03\/720954-YgXB6nNYkE-1.jpg",780,500,false],"kreeti-featured":["https:\/\/veritasinfo.org\/wp-content\/uploads\/2026\/03\/720954-YgXB6nNYkE-1.jpg",780,500,false],"kreeti-medium":["https:\/\/veritasinfo.org\/wp-content\/uploads\/2026\/03\/720954-YgXB6nNYkE-1.jpg",720,462,false],"kreeti-medium-square":["https:\/\/veritasinfo.org\/wp-content\/uploads\/2026\/03\/720954-YgXB6nNYkE-1.jpg",350,224,false]},"author_info":{"info":["US5"]},"category_info":"<a href=\"https:\/\/veritasinfo.org\/?cat=28&#038;lang=sr\" rel=\"category\">Politika<\/a>","tag_info":"Politika","comment_count":"0","_links":{"self":[{"href":"https:\/\/veritasinfo.org\/index.php?rest_route=\/wp\/v2\/posts\/40339","targetHints":{"allow":["GET"]}}],"collection":[{"href":"https:\/\/veritasinfo.org\/index.php?rest_route=\/wp\/v2\/posts"}],"about":[{"href":"https:\/\/veritasinfo.org\/index.php?rest_route=\/wp\/v2\/types\/post"}],"author":[{"embeddable":true,"href":"https:\/\/veritasinfo.org\/index.php?rest_route=\/wp\/v2\/users\/6"}],"replies":[{"embeddable":true,"href":"https:\/\/veritasinfo.org\/index.php?rest_route=%2Fwp%2Fv2%2Fcomments&post=40339"}],"version-history":[{"count":1,"href":"https:\/\/veritasinfo.org\/index.php?rest_route=\/wp\/v2\/posts\/40339\/revisions"}],"predecessor-version":[{"id":40341,"href":"https:\/\/veritasinfo.org\/index.php?rest_route=\/wp\/v2\/posts\/40339\/revisions\/40341"}],"wp:featuredmedia":[{"embeddable":true,"href":"https:\/\/veritasinfo.org\/index.php?rest_route=\/wp\/v2\/media\/40340"}],"wp:attachment":[{"href":"https:\/\/veritasinfo.org\/index.php?rest_route=%2Fwp%2Fv2%2Fmedia&parent=40339"}],"wp:term":[{"taxonomy":"category","embeddable":true,"href":"https:\/\/veritasinfo.org\/index.php?rest_route=%2Fwp%2Fv2%2Fcategories&post=40339"},{"taxonomy":"post_tag","embeddable":true,"href":"https:\/\/veritasinfo.org\/index.php?rest_route=%2Fwp%2Fv2%2Ftags&post=40339"}],"curies":[{"name":"wp","href":"https:\/\/api.w.org\/{rel}","templated":true}]}}