{"id":40327,"date":"2026-03-28T09:40:43","date_gmt":"2026-03-28T08:40:43","guid":{"rendered":"https:\/\/veritasinfo.org\/?p=40327"},"modified":"2026-03-28T09:40:43","modified_gmt":"2026-03-28T08:40:43","slug":"27-vjetori-i-masakres-se-izbices-krimi-qe-kerkon-ende-drejtesi","status":"publish","type":"post","link":"https:\/\/veritasinfo.org\/?p=40327","title":{"rendered":"27 vjetori i Masakr\u00ebs s\u00eb Izbic\u00ebs: Krimi q\u00eb k\u00ebrkon ende drejt\u00ebsi"},"content":{"rendered":"<p>Skenderaj 28 mars 2026 09:37<\/p>\n<p>Sot sh\u00ebnohet 27 vjetori i masakr\u00ebs s\u00eb Izbic\u00ebs, nj\u00eb prej ngjarjeve m\u00eb tragjike dhe m\u00eb t\u00eb dhimbshme t\u00eb luft\u00ebs n\u00eb Kosov\u00eb, ku forcat serbe ekzekutuan qindra civil\u00eb shqiptar\u00eb n\u00eb mars t\u00eb vitit 1999.<br \/>\nMasakra ndodhi n\u00eb fshatin Izbic\u00eb t\u00eb Skenderajt, ku mij\u00ebra civil\u00eb ishin strehuar, duke besuar se do t\u00eb gjenin siguri nga ofensivat ushtarake. Megjithat\u00eb, forcat serbe rrethuan zon\u00ebn dhe ndan\u00eb burrat nga grat\u00eb dhe f\u00ebmij\u00ebt. M\u00eb pas, qindra burra dhe djem u ekzekutuan n\u00eb m\u00ebnyr\u00eb t\u00eb organizuar, duke l\u00ebn\u00eb pas nj\u00eb nga varrezat masive m\u00eb t\u00eb m\u00ebdha t\u00eb luft\u00ebs n\u00eb Kosov\u00eb.<br \/>\nSipas t\u00eb dh\u00ebnave t\u00eb organizatave vendore dhe nd\u00ebrkomb\u00ebtare, mbi 147 civil\u00eb u vran\u00eb n\u00eb k\u00ebt\u00eb masak\u00ebr, nd\u00ebrsa trupat e shum\u00eb prej tyre u zhvarros\u00ebn m\u00eb von\u00eb nga autoritetet serbe p\u00ebr t\u2019u fshehur n\u00eb varreza masive n\u00eb territorin e Serbis\u00eb.<br \/>\nN\u00eb p\u00ebrvjetorin e k\u00ebsaj ngjarjeje, familjar\u00eb t\u00eb viktimave, p\u00ebrfaq\u00ebsues institucional\u00eb dhe qytetar\u00eb b\u00ebjn\u00eb homazhe n\u00eb Izbic\u00eb, duke kujtuar t\u00eb r\u00ebn\u00ebt dhe duke k\u00ebrkuar drejt\u00ebsi p\u00ebr krimet e kryera. Ata theksojn\u00eb se, pavar\u00ebsisht kalimit t\u00eb viteve, shum\u00eb nga p\u00ebrgjegj\u00ebsit p\u00ebr k\u00ebt\u00eb masak\u00ebr ende nuk jan\u00eb p\u00ebrballur me drejt\u00ebsin\u00eb.<br \/>\nMasakra e Izbic\u00ebs mbetet simbol i vuajtjeve dhe sakrific\u00ebs s\u00eb popullit t\u00eb Kosov\u00ebs gjat\u00eb luft\u00ebs, si dhe nj\u00eb kujtes\u00eb e p\u00ebrhershme p\u00ebr nevoj\u00ebn e drejt\u00ebsis\u00eb dhe t\u00eb mos-harres\u00ebs.<\/p>\n","protected":false},"excerpt":{"rendered":"<p>Skenderaj 28 mars 2026 09:37 Sot sh\u00ebnohet 27 vjetori i masakr\u00ebs s\u00eb Izbic\u00ebs, nj\u00eb prej ngjarjeve m\u00eb tragjike dhe m\u00eb t\u00eb dhimbshme t\u00eb luft\u00ebs n\u00eb<\/p>\n","protected":false},"author":6,"featured_media":40328,"comment_status":"open","ping_status":"open","sticky":false,"template":"","format":"standard","meta":{"footnotes":""},"categories":[60],"tags":[],"class_list":["post-40327","post","type-post","status-publish","format-standard","has-post-thumbnail","hentry","category-shoqerore-sq"],"yoast_head":"<!-- This site is optimized with the Yoast SEO plugin v25.3.1 - https:\/\/yoast.com\/wordpress\/plugins\/seo\/ -->\n<title>27 vjetori i Masakr\u00ebs s\u00eb Izbic\u00ebs: Krimi q\u00eb k\u00ebrkon ende drejt\u00ebsi -<\/title>\n<meta name=\"robots\" content=\"index, follow, max-snippet:-1, max-image-preview:large, max-video-preview:-1\" \/>\n<link rel=\"canonical\" href=\"https:\/\/veritasinfo.org\/?p=40327\" \/>\n<meta property=\"og:locale\" content=\"en_US\" \/>\n<meta property=\"og:type\" content=\"article\" \/>\n<meta property=\"og:title\" content=\"27 vjetori i Masakr\u00ebs s\u00eb Izbic\u00ebs: Krimi q\u00eb k\u00ebrkon ende drejt\u00ebsi -\" \/>\n<meta property=\"og:description\" content=\"Skenderaj 28 mars 2026 09:37 Sot sh\u00ebnohet 27 vjetori i masakr\u00ebs s\u00eb Izbic\u00ebs, nj\u00eb prej ngjarjeve m\u00eb tragjike dhe m\u00eb t\u00eb dhimbshme t\u00eb luft\u00ebs n\u00eb\" \/>\n<meta property=\"og:url\" content=\"https:\/\/veritasinfo.org\/?p=40327\" \/>\n<meta property=\"article:published_time\" content=\"2026-03-28T08:40:43+00:00\" \/>\n<meta property=\"og:image\" content=\"https:\/\/veritasinfo.org\/wp-content\/uploads\/2026\/03\/IMG-20260328-WA0002.jpg\" \/>\n\t<meta property=\"og:image:width\" content=\"218\" \/>\n\t<meta property=\"og:image:height\" content=\"175\" \/>\n\t<meta property=\"og:image:type\" content=\"image\/jpeg\" \/>\n<meta name=\"author\" content=\"US5\" \/>\n<meta name=\"twitter:card\" content=\"summary_large_image\" \/>\n<meta name=\"twitter:label1\" content=\"Written by\" \/>\n\t<meta name=\"twitter:data1\" content=\"US5\" \/>\n\t<meta name=\"twitter:label2\" content=\"Est. reading time\" \/>\n\t<meta name=\"twitter:data2\" content=\"1 minute\" \/>\n<script type=\"application\/ld+json\" class=\"yoast-schema-graph\">{\"@context\":\"https:\/\/schema.org\",\"@graph\":[{\"@type\":\"WebPage\",\"@id\":\"https:\/\/veritasinfo.org\/?p=40327\",\"url\":\"https:\/\/veritasinfo.org\/?p=40327\",\"name\":\"27 vjetori i Masakr\u00ebs s\u00eb Izbic\u00ebs: Krimi q\u00eb k\u00ebrkon ende drejt\u00ebsi -\",\"isPartOf\":{\"@id\":\"https:\/\/veritasinfo.org\/#website\"},\"primaryImageOfPage\":{\"@id\":\"https:\/\/veritasinfo.org\/?p=40327#primaryimage\"},\"image\":{\"@id\":\"https:\/\/veritasinfo.org\/?p=40327#primaryimage\"},\"thumbnailUrl\":\"https:\/\/veritasinfo.org\/wp-content\/uploads\/2026\/03\/IMG-20260328-WA0002.jpg\",\"datePublished\":\"2026-03-28T08:40:43+00:00\",\"author\":{\"@id\":\"https:\/\/veritasinfo.org\/#\/schema\/person\/bc442336e35414d04494ab8fb45db4c6\"},\"breadcrumb\":{\"@id\":\"https:\/\/veritasinfo.org\/?p=40327#breadcrumb\"},\"inLanguage\":\"en-US\",\"potentialAction\":[{\"@type\":\"ReadAction\",\"target\":[\"https:\/\/veritasinfo.org\/?p=40327\"]}]},{\"@type\":\"ImageObject\",\"inLanguage\":\"en-US\",\"@id\":\"https:\/\/veritasinfo.org\/?p=40327#primaryimage\",\"url\":\"https:\/\/veritasinfo.org\/wp-content\/uploads\/2026\/03\/IMG-20260328-WA0002.jpg\",\"contentUrl\":\"https:\/\/veritasinfo.org\/wp-content\/uploads\/2026\/03\/IMG-20260328-WA0002.jpg\",\"width\":218,\"height\":175},{\"@type\":\"BreadcrumbList\",\"@id\":\"https:\/\/veritasinfo.org\/?p=40327#breadcrumb\",\"itemListElement\":[{\"@type\":\"ListItem\",\"position\":1,\"name\":\"Home\",\"item\":\"https:\/\/veritasinfo.org\/\"},{\"@type\":\"ListItem\",\"position\":2,\"name\":\"27 vjetori i Masakr\u00ebs s\u00eb Izbic\u00ebs: Krimi q\u00eb k\u00ebrkon ende drejt\u00ebsi\"}]},{\"@type\":\"WebSite\",\"@id\":\"https:\/\/veritasinfo.org\/#website\",\"url\":\"https:\/\/veritasinfo.org\/\",\"name\":\"\",\"description\":\"\",\"potentialAction\":[{\"@type\":\"SearchAction\",\"target\":{\"@type\":\"EntryPoint\",\"urlTemplate\":\"https:\/\/veritasinfo.org\/?s={search_term_string}\"},\"query-input\":{\"@type\":\"PropertyValueSpecification\",\"valueRequired\":true,\"valueName\":\"search_term_string\"}}],\"inLanguage\":\"en-US\"},{\"@type\":\"Person\",\"@id\":\"https:\/\/veritasinfo.org\/#\/schema\/person\/bc442336e35414d04494ab8fb45db4c6\",\"name\":\"US5\",\"image\":{\"@type\":\"ImageObject\",\"inLanguage\":\"en-US\",\"@id\":\"https:\/\/veritasinfo.org\/#\/schema\/person\/image\/\",\"url\":\"https:\/\/secure.gravatar.com\/avatar\/16a61e7272a0c5d001121ebb9e60e925d5816e4ac1e443ed3e640d9a6ae55d0c?s=96&d=mm&r=g\",\"contentUrl\":\"https:\/\/secure.gravatar.com\/avatar\/16a61e7272a0c5d001121ebb9e60e925d5816e4ac1e443ed3e640d9a6ae55d0c?s=96&d=mm&r=g\",\"caption\":\"US5\"},\"url\":\"https:\/\/veritasinfo.org\/?author=6\"}]}<\/script>\n<!-- \/ Yoast SEO plugin. -->","yoast_head_json":{"title":"27 vjetori i Masakr\u00ebs s\u00eb Izbic\u00ebs: Krimi q\u00eb k\u00ebrkon ende drejt\u00ebsi -","robots":{"index":"index","follow":"follow","max-snippet":"max-snippet:-1","max-image-preview":"max-image-preview:large","max-video-preview":"max-video-preview:-1"},"canonical":"https:\/\/veritasinfo.org\/?p=40327","og_locale":"en_US","og_type":"article","og_title":"27 vjetori i Masakr\u00ebs s\u00eb Izbic\u00ebs: Krimi q\u00eb k\u00ebrkon ende drejt\u00ebsi -","og_description":"Skenderaj 28 mars 2026 09:37 Sot sh\u00ebnohet 27 vjetori i masakr\u00ebs s\u00eb Izbic\u00ebs, nj\u00eb prej ngjarjeve m\u00eb tragjike dhe m\u00eb t\u00eb dhimbshme t\u00eb luft\u00ebs n\u00eb","og_url":"https:\/\/veritasinfo.org\/?p=40327","article_published_time":"2026-03-28T08:40:43+00:00","og_image":[{"width":218,"height":175,"url":"https:\/\/veritasinfo.org\/wp-content\/uploads\/2026\/03\/IMG-20260328-WA0002.jpg","type":"image\/jpeg"}],"author":"US5","twitter_card":"summary_large_image","twitter_misc":{"Written by":"US5","Est. reading time":"1 minute"},"schema":{"@context":"https:\/\/schema.org","@graph":[{"@type":"WebPage","@id":"https:\/\/veritasinfo.org\/?p=40327","url":"https:\/\/veritasinfo.org\/?p=40327","name":"27 vjetori i Masakr\u00ebs s\u00eb Izbic\u00ebs: Krimi q\u00eb k\u00ebrkon ende drejt\u00ebsi -","isPartOf":{"@id":"https:\/\/veritasinfo.org\/#website"},"primaryImageOfPage":{"@id":"https:\/\/veritasinfo.org\/?p=40327#primaryimage"},"image":{"@id":"https:\/\/veritasinfo.org\/?p=40327#primaryimage"},"thumbnailUrl":"https:\/\/veritasinfo.org\/wp-content\/uploads\/2026\/03\/IMG-20260328-WA0002.jpg","datePublished":"2026-03-28T08:40:43+00:00","author":{"@id":"https:\/\/veritasinfo.org\/#\/schema\/person\/bc442336e35414d04494ab8fb45db4c6"},"breadcrumb":{"@id":"https:\/\/veritasinfo.org\/?p=40327#breadcrumb"},"inLanguage":"en-US","potentialAction":[{"@type":"ReadAction","target":["https:\/\/veritasinfo.org\/?p=40327"]}]},{"@type":"ImageObject","inLanguage":"en-US","@id":"https:\/\/veritasinfo.org\/?p=40327#primaryimage","url":"https:\/\/veritasinfo.org\/wp-content\/uploads\/2026\/03\/IMG-20260328-WA0002.jpg","contentUrl":"https:\/\/veritasinfo.org\/wp-content\/uploads\/2026\/03\/IMG-20260328-WA0002.jpg","width":218,"height":175},{"@type":"BreadcrumbList","@id":"https:\/\/veritasinfo.org\/?p=40327#breadcrumb","itemListElement":[{"@type":"ListItem","position":1,"name":"Home","item":"https:\/\/veritasinfo.org\/"},{"@type":"ListItem","position":2,"name":"27 vjetori i Masakr\u00ebs s\u00eb Izbic\u00ebs: Krimi q\u00eb k\u00ebrkon ende drejt\u00ebsi"}]},{"@type":"WebSite","@id":"https:\/\/veritasinfo.org\/#website","url":"https:\/\/veritasinfo.org\/","name":"","description":"","potentialAction":[{"@type":"SearchAction","target":{"@type":"EntryPoint","urlTemplate":"https:\/\/veritasinfo.org\/?s={search_term_string}"},"query-input":{"@type":"PropertyValueSpecification","valueRequired":true,"valueName":"search_term_string"}}],"inLanguage":"en-US"},{"@type":"Person","@id":"https:\/\/veritasinfo.org\/#\/schema\/person\/bc442336e35414d04494ab8fb45db4c6","name":"US5","image":{"@type":"ImageObject","inLanguage":"en-US","@id":"https:\/\/veritasinfo.org\/#\/schema\/person\/image\/","url":"https:\/\/secure.gravatar.com\/avatar\/16a61e7272a0c5d001121ebb9e60e925d5816e4ac1e443ed3e640d9a6ae55d0c?s=96&d=mm&r=g","contentUrl":"https:\/\/secure.gravatar.com\/avatar\/16a61e7272a0c5d001121ebb9e60e925d5816e4ac1e443ed3e640d9a6ae55d0c?s=96&d=mm&r=g","caption":"US5"},"url":"https:\/\/veritasinfo.org\/?author=6"}]}},"featured_image_urls":{"full":["https:\/\/veritasinfo.org\/wp-content\/uploads\/2026\/03\/IMG-20260328-WA0002.jpg",218,175,false],"thumbnail":["https:\/\/veritasinfo.org\/wp-content\/uploads\/2026\/03\/IMG-20260328-WA0002-150x150.jpg",150,150,true],"medium":["https:\/\/veritasinfo.org\/wp-content\/uploads\/2026\/03\/IMG-20260328-WA0002.jpg",218,175,false],"medium_large":["https:\/\/veritasinfo.org\/wp-content\/uploads\/2026\/03\/IMG-20260328-WA0002.jpg",218,175,false],"large":["https:\/\/veritasinfo.org\/wp-content\/uploads\/2026\/03\/IMG-20260328-WA0002.jpg",218,175,false],"1536x1536":["https:\/\/veritasinfo.org\/wp-content\/uploads\/2026\/03\/IMG-20260328-WA0002.jpg",218,175,false],"2048x2048":["https:\/\/veritasinfo.org\/wp-content\/uploads\/2026\/03\/IMG-20260328-WA0002.jpg",218,175,false],"kreeti-slider-full":["https:\/\/veritasinfo.org\/wp-content\/uploads\/2026\/03\/IMG-20260328-WA0002.jpg",218,175,false],"kreeti-featured":["https:\/\/veritasinfo.org\/wp-content\/uploads\/2026\/03\/IMG-20260328-WA0002.jpg",218,175,false],"kreeti-medium":["https:\/\/veritasinfo.org\/wp-content\/uploads\/2026\/03\/IMG-20260328-WA0002.jpg",218,175,false],"kreeti-medium-square":["https:\/\/veritasinfo.org\/wp-content\/uploads\/2026\/03\/IMG-20260328-WA0002.jpg",218,175,false]},"author_info":{"info":["US5"]},"category_info":"<a href=\"https:\/\/veritasinfo.org\/?cat=60\" rel=\"category\">Shoq\u00ebrore<\/a>","tag_info":"Shoq\u00ebrore","comment_count":"0","_links":{"self":[{"href":"https:\/\/veritasinfo.org\/index.php?rest_route=\/wp\/v2\/posts\/40327","targetHints":{"allow":["GET"]}}],"collection":[{"href":"https:\/\/veritasinfo.org\/index.php?rest_route=\/wp\/v2\/posts"}],"about":[{"href":"https:\/\/veritasinfo.org\/index.php?rest_route=\/wp\/v2\/types\/post"}],"author":[{"embeddable":true,"href":"https:\/\/veritasinfo.org\/index.php?rest_route=\/wp\/v2\/users\/6"}],"replies":[{"embeddable":true,"href":"https:\/\/veritasinfo.org\/index.php?rest_route=%2Fwp%2Fv2%2Fcomments&post=40327"}],"version-history":[{"count":1,"href":"https:\/\/veritasinfo.org\/index.php?rest_route=\/wp\/v2\/posts\/40327\/revisions"}],"predecessor-version":[{"id":40329,"href":"https:\/\/veritasinfo.org\/index.php?rest_route=\/wp\/v2\/posts\/40327\/revisions\/40329"}],"wp:featuredmedia":[{"embeddable":true,"href":"https:\/\/veritasinfo.org\/index.php?rest_route=\/wp\/v2\/media\/40328"}],"wp:attachment":[{"href":"https:\/\/veritasinfo.org\/index.php?rest_route=%2Fwp%2Fv2%2Fmedia&parent=40327"}],"wp:term":[{"taxonomy":"category","embeddable":true,"href":"https:\/\/veritasinfo.org\/index.php?rest_route=%2Fwp%2Fv2%2Fcategories&post=40327"},{"taxonomy":"post_tag","embeddable":true,"href":"https:\/\/veritasinfo.org\/index.php?rest_route=%2Fwp%2Fv2%2Ftags&post=40327"}],"curies":[{"name":"wp","href":"https:\/\/api.w.org\/{rel}","templated":true}]}}