{"id":40320,"date":"2026-03-28T09:27:08","date_gmt":"2026-03-28T08:27:08","guid":{"rendered":"https:\/\/veritasinfo.org\/?p=40320"},"modified":"2026-03-28T09:27:08","modified_gmt":"2026-03-28T08:27:08","slug":"pas-reagimeve-sot-largohet-nga-sheshi-ekspozita-masakrat-ne-kosove-1998-1999","status":"publish","type":"post","link":"https:\/\/veritasinfo.org\/?p=40320","title":{"rendered":"Pas reagimeve, sot largohet nga sheshi ekspozita \u201cMasakrat n\u00eb Kosov\u00eb 1998\u20131999\u201d"},"content":{"rendered":"<p>Prishtin\u00eb 28 Mars 2026 9:26<\/p>\n<p>Komuna e Prishtin\u00ebs ka b\u00ebr\u00eb t\u00eb ditur se ekspozita \u201cMasakrat n\u00eb Kosov\u00eb 1998\u20131999\u201d sot do t\u00eb largohet nga sheshi \u201cN\u00ebn\u00eb Tereza\u201d.<\/p>\n<p>Largimi i ekspozit\u00ebs b\u00ebhet n\u00eb ora 10:00, pas reagimeve t\u00eb shumta q\u00eb ngjalli kjo ekspozit\u00eb<\/p>\n<p>Reagon Shk\u00eblzen Gashi: Ekspozita u bazua n\u00eb list\u00ebn e Kandiqit, mungon lista zyrtare e viktimave<\/p>\n<p>\u201cJu njoftojm\u00eb se sot, me dat\u00eb 28.03.2026, duke filluar nga ora 10:00, ekipet e Kryeqytetit do t\u00eb nd\u00ebrmarrin aksionin p\u00ebr heqjen e tabel\u00ebs s\u00eb ekspozit\u00ebs \u2018Masakrat n\u00eb Kosov\u00eb 1998\u20131999 n\u00eb sheshin \u2018N\u00ebn\u00eb Tereza\u2019\u201d, thuhet n\u00eb njoftim.<\/p>\n<p>Tutje b\u00ebhet e ditur se ky veprim vjen pas vendimit t\u00eb kryetarit t\u00eb Kryeqytetit, P\u00ebrparim Rama, p\u00ebr pezullimin e lejes s\u00eb ekspozimit, p\u00ebr shkak t\u00eb pasakt\u00ebsive t\u00eb evidentuara n\u00eb p\u00ebrmbajtjen e ekspozit\u00ebs.<\/p>\n<p>Ndryshe, lidhur me k\u00ebt\u00eb ekspozit\u00eb pati reagime t\u00eb shumta.<\/p>\n<p>Ministri p\u00ebr Pun\u00eb, Familje dhe Vlerat e Luft\u00ebs \u00c7lirimtare, Andin Hoti, ka reaguar ndaj ekspozimit t\u00eb materialeve n\u00eb sheshin e Prishtin\u00ebs, duke e cil\u00ebsuar t\u00eb papranueshme paraqitjen e pasakt\u00eb t\u00eb krimeve t\u00eb luft\u00ebs n\u00eb Kosov\u00eb.<\/p>\n<p>Ministri Hoti: Ekspozita n\u00eb Prishtin\u00eb shtremb\u00ebron t\u00eb v\u00ebrtet\u00ebn p\u00ebr krimet e luft\u00ebs, Prokuroria t\u00eb veproj\u00eb<\/p>\n<p>Sipas tij, n\u00eb kuad\u00ebr t\u00eb ekspozit\u00ebs p\u00ebr luft\u00ebn 1998\/99 jan\u00eb evidentuar raste ku faktet jan\u00eb shtremb\u00ebruar, duke rrezikuar t\u00eb relativizojn\u00eb krimet dhe t\u00eb p\u00ebrforcojn\u00eb narrativa t\u00eb rreme.<\/p>\n<p>Hoti ka p\u00ebrmendur ve\u00e7an\u00ebrisht Masakr\u00ebn e Krush\u00ebs s\u00eb Madhe, ku sipas tij \u00ebsht\u00eb paraqitur gabimisht se grat\u00eb dhe f\u00ebmij\u00ebt jan\u00eb lejuar t\u00eb largohen, nd\u00ebrkoh\u00eb q\u00eb n\u00eb k\u00ebt\u00eb masak\u00ebr jan\u00eb vrar\u00eb edhe gra, p\u00ebrfshir\u00eb shtatz\u00ebna.<\/p>\n","protected":false},"excerpt":{"rendered":"<p>Prishtin\u00eb 28 Mars 2026 9:26 Komuna e Prishtin\u00ebs ka b\u00ebr\u00eb t\u00eb ditur se ekspozita \u201cMasakrat n\u00eb Kosov\u00eb 1998\u20131999\u201d sot do t\u00eb largohet nga sheshi \u201cN\u00ebn\u00eb<\/p>\n","protected":false},"author":6,"featured_media":40321,"comment_status":"open","ping_status":"open","sticky":false,"template":"","format":"standard","meta":{"footnotes":""},"categories":[60],"tags":[],"class_list":["post-40320","post","type-post","status-publish","format-standard","has-post-thumbnail","hentry","category-shoqerore-sq"],"yoast_head":"<!-- This site is optimized with the Yoast SEO plugin v25.3.1 - https:\/\/yoast.com\/wordpress\/plugins\/seo\/ -->\n<title>Pas reagimeve, sot largohet nga sheshi ekspozita \u201cMasakrat n\u00eb Kosov\u00eb 1998\u20131999\u201d -<\/title>\n<meta name=\"robots\" content=\"index, follow, max-snippet:-1, max-image-preview:large, max-video-preview:-1\" \/>\n<link rel=\"canonical\" href=\"https:\/\/veritasinfo.org\/?p=40320\" \/>\n<meta property=\"og:locale\" content=\"en_US\" \/>\n<meta property=\"og:type\" content=\"article\" \/>\n<meta property=\"og:title\" content=\"Pas reagimeve, sot largohet nga sheshi ekspozita \u201cMasakrat n\u00eb Kosov\u00eb 1998\u20131999\u201d -\" \/>\n<meta property=\"og:description\" content=\"Prishtin\u00eb 28 Mars 2026 9:26 Komuna e Prishtin\u00ebs ka b\u00ebr\u00eb t\u00eb ditur se ekspozita \u201cMasakrat n\u00eb Kosov\u00eb 1998\u20131999\u201d sot do t\u00eb largohet nga sheshi \u201cN\u00ebn\u00eb\" \/>\n<meta property=\"og:url\" content=\"https:\/\/veritasinfo.org\/?p=40320\" \/>\n<meta property=\"article:published_time\" content=\"2026-03-28T08:27:08+00:00\" \/>\n<meta property=\"og:image\" content=\"https:\/\/veritasinfo.org\/wp-content\/uploads\/2026\/03\/image-7-1.webp\" \/>\n\t<meta property=\"og:image:width\" content=\"1245\" \/>\n\t<meta property=\"og:image:height\" content=\"700\" \/>\n\t<meta property=\"og:image:type\" content=\"image\/webp\" \/>\n<meta name=\"author\" content=\"US5\" \/>\n<meta name=\"twitter:card\" content=\"summary_large_image\" \/>\n<meta name=\"twitter:label1\" content=\"Written by\" \/>\n\t<meta name=\"twitter:data1\" content=\"US5\" \/>\n\t<meta name=\"twitter:label2\" content=\"Est. reading time\" \/>\n\t<meta name=\"twitter:data2\" content=\"2 minutes\" \/>\n<script type=\"application\/ld+json\" class=\"yoast-schema-graph\">{\"@context\":\"https:\/\/schema.org\",\"@graph\":[{\"@type\":\"WebPage\",\"@id\":\"https:\/\/veritasinfo.org\/?p=40320\",\"url\":\"https:\/\/veritasinfo.org\/?p=40320\",\"name\":\"Pas reagimeve, sot largohet nga sheshi ekspozita \u201cMasakrat n\u00eb Kosov\u00eb 1998\u20131999\u201d -\",\"isPartOf\":{\"@id\":\"https:\/\/veritasinfo.org\/#website\"},\"primaryImageOfPage\":{\"@id\":\"https:\/\/veritasinfo.org\/?p=40320#primaryimage\"},\"image\":{\"@id\":\"https:\/\/veritasinfo.org\/?p=40320#primaryimage\"},\"thumbnailUrl\":\"https:\/\/veritasinfo.org\/wp-content\/uploads\/2026\/03\/image-7-1.webp\",\"datePublished\":\"2026-03-28T08:27:08+00:00\",\"author\":{\"@id\":\"https:\/\/veritasinfo.org\/#\/schema\/person\/bc442336e35414d04494ab8fb45db4c6\"},\"breadcrumb\":{\"@id\":\"https:\/\/veritasinfo.org\/?p=40320#breadcrumb\"},\"inLanguage\":\"en-US\",\"potentialAction\":[{\"@type\":\"ReadAction\",\"target\":[\"https:\/\/veritasinfo.org\/?p=40320\"]}]},{\"@type\":\"ImageObject\",\"inLanguage\":\"en-US\",\"@id\":\"https:\/\/veritasinfo.org\/?p=40320#primaryimage\",\"url\":\"https:\/\/veritasinfo.org\/wp-content\/uploads\/2026\/03\/image-7-1.webp\",\"contentUrl\":\"https:\/\/veritasinfo.org\/wp-content\/uploads\/2026\/03\/image-7-1.webp\",\"width\":1245,\"height\":700},{\"@type\":\"BreadcrumbList\",\"@id\":\"https:\/\/veritasinfo.org\/?p=40320#breadcrumb\",\"itemListElement\":[{\"@type\":\"ListItem\",\"position\":1,\"name\":\"Home\",\"item\":\"https:\/\/veritasinfo.org\/\"},{\"@type\":\"ListItem\",\"position\":2,\"name\":\"Pas reagimeve, sot largohet nga sheshi ekspozita \u201cMasakrat n\u00eb Kosov\u00eb 1998\u20131999\u201d\"}]},{\"@type\":\"WebSite\",\"@id\":\"https:\/\/veritasinfo.org\/#website\",\"url\":\"https:\/\/veritasinfo.org\/\",\"name\":\"\",\"description\":\"\",\"potentialAction\":[{\"@type\":\"SearchAction\",\"target\":{\"@type\":\"EntryPoint\",\"urlTemplate\":\"https:\/\/veritasinfo.org\/?s={search_term_string}\"},\"query-input\":{\"@type\":\"PropertyValueSpecification\",\"valueRequired\":true,\"valueName\":\"search_term_string\"}}],\"inLanguage\":\"en-US\"},{\"@type\":\"Person\",\"@id\":\"https:\/\/veritasinfo.org\/#\/schema\/person\/bc442336e35414d04494ab8fb45db4c6\",\"name\":\"US5\",\"image\":{\"@type\":\"ImageObject\",\"inLanguage\":\"en-US\",\"@id\":\"https:\/\/veritasinfo.org\/#\/schema\/person\/image\/\",\"url\":\"https:\/\/secure.gravatar.com\/avatar\/16a61e7272a0c5d001121ebb9e60e925d5816e4ac1e443ed3e640d9a6ae55d0c?s=96&d=mm&r=g\",\"contentUrl\":\"https:\/\/secure.gravatar.com\/avatar\/16a61e7272a0c5d001121ebb9e60e925d5816e4ac1e443ed3e640d9a6ae55d0c?s=96&d=mm&r=g\",\"caption\":\"US5\"},\"url\":\"https:\/\/veritasinfo.org\/?author=6\"}]}<\/script>\n<!-- \/ Yoast SEO plugin. -->","yoast_head_json":{"title":"Pas reagimeve, sot largohet nga sheshi ekspozita \u201cMasakrat n\u00eb Kosov\u00eb 1998\u20131999\u201d -","robots":{"index":"index","follow":"follow","max-snippet":"max-snippet:-1","max-image-preview":"max-image-preview:large","max-video-preview":"max-video-preview:-1"},"canonical":"https:\/\/veritasinfo.org\/?p=40320","og_locale":"en_US","og_type":"article","og_title":"Pas reagimeve, sot largohet nga sheshi ekspozita \u201cMasakrat n\u00eb Kosov\u00eb 1998\u20131999\u201d -","og_description":"Prishtin\u00eb 28 Mars 2026 9:26 Komuna e Prishtin\u00ebs ka b\u00ebr\u00eb t\u00eb ditur se ekspozita \u201cMasakrat n\u00eb Kosov\u00eb 1998\u20131999\u201d sot do t\u00eb largohet nga sheshi \u201cN\u00ebn\u00eb","og_url":"https:\/\/veritasinfo.org\/?p=40320","article_published_time":"2026-03-28T08:27:08+00:00","og_image":[{"width":1245,"height":700,"url":"https:\/\/veritasinfo.org\/wp-content\/uploads\/2026\/03\/image-7-1.webp","type":"image\/webp"}],"author":"US5","twitter_card":"summary_large_image","twitter_misc":{"Written by":"US5","Est. reading time":"2 minutes"},"schema":{"@context":"https:\/\/schema.org","@graph":[{"@type":"WebPage","@id":"https:\/\/veritasinfo.org\/?p=40320","url":"https:\/\/veritasinfo.org\/?p=40320","name":"Pas reagimeve, sot largohet nga sheshi ekspozita \u201cMasakrat n\u00eb Kosov\u00eb 1998\u20131999\u201d -","isPartOf":{"@id":"https:\/\/veritasinfo.org\/#website"},"primaryImageOfPage":{"@id":"https:\/\/veritasinfo.org\/?p=40320#primaryimage"},"image":{"@id":"https:\/\/veritasinfo.org\/?p=40320#primaryimage"},"thumbnailUrl":"https:\/\/veritasinfo.org\/wp-content\/uploads\/2026\/03\/image-7-1.webp","datePublished":"2026-03-28T08:27:08+00:00","author":{"@id":"https:\/\/veritasinfo.org\/#\/schema\/person\/bc442336e35414d04494ab8fb45db4c6"},"breadcrumb":{"@id":"https:\/\/veritasinfo.org\/?p=40320#breadcrumb"},"inLanguage":"en-US","potentialAction":[{"@type":"ReadAction","target":["https:\/\/veritasinfo.org\/?p=40320"]}]},{"@type":"ImageObject","inLanguage":"en-US","@id":"https:\/\/veritasinfo.org\/?p=40320#primaryimage","url":"https:\/\/veritasinfo.org\/wp-content\/uploads\/2026\/03\/image-7-1.webp","contentUrl":"https:\/\/veritasinfo.org\/wp-content\/uploads\/2026\/03\/image-7-1.webp","width":1245,"height":700},{"@type":"BreadcrumbList","@id":"https:\/\/veritasinfo.org\/?p=40320#breadcrumb","itemListElement":[{"@type":"ListItem","position":1,"name":"Home","item":"https:\/\/veritasinfo.org\/"},{"@type":"ListItem","position":2,"name":"Pas reagimeve, sot largohet nga sheshi ekspozita \u201cMasakrat n\u00eb Kosov\u00eb 1998\u20131999\u201d"}]},{"@type":"WebSite","@id":"https:\/\/veritasinfo.org\/#website","url":"https:\/\/veritasinfo.org\/","name":"","description":"","potentialAction":[{"@type":"SearchAction","target":{"@type":"EntryPoint","urlTemplate":"https:\/\/veritasinfo.org\/?s={search_term_string}"},"query-input":{"@type":"PropertyValueSpecification","valueRequired":true,"valueName":"search_term_string"}}],"inLanguage":"en-US"},{"@type":"Person","@id":"https:\/\/veritasinfo.org\/#\/schema\/person\/bc442336e35414d04494ab8fb45db4c6","name":"US5","image":{"@type":"ImageObject","inLanguage":"en-US","@id":"https:\/\/veritasinfo.org\/#\/schema\/person\/image\/","url":"https:\/\/secure.gravatar.com\/avatar\/16a61e7272a0c5d001121ebb9e60e925d5816e4ac1e443ed3e640d9a6ae55d0c?s=96&d=mm&r=g","contentUrl":"https:\/\/secure.gravatar.com\/avatar\/16a61e7272a0c5d001121ebb9e60e925d5816e4ac1e443ed3e640d9a6ae55d0c?s=96&d=mm&r=g","caption":"US5"},"url":"https:\/\/veritasinfo.org\/?author=6"}]}},"featured_image_urls":{"full":["https:\/\/veritasinfo.org\/wp-content\/uploads\/2026\/03\/image-7-1.webp",1245,700,false],"thumbnail":["https:\/\/veritasinfo.org\/wp-content\/uploads\/2026\/03\/image-7-1-150x150.webp",150,150,true],"medium":["https:\/\/veritasinfo.org\/wp-content\/uploads\/2026\/03\/image-7-1-300x169.webp",300,169,true],"medium_large":["https:\/\/veritasinfo.org\/wp-content\/uploads\/2026\/03\/image-7-1-768x432.webp",640,360,true],"large":["https:\/\/veritasinfo.org\/wp-content\/uploads\/2026\/03\/image-7-1-1024x576.webp",640,360,true],"1536x1536":["https:\/\/veritasinfo.org\/wp-content\/uploads\/2026\/03\/image-7-1.webp",1245,700,false],"2048x2048":["https:\/\/veritasinfo.org\/wp-content\/uploads\/2026\/03\/image-7-1.webp",1245,700,false],"kreeti-slider-full":["https:\/\/veritasinfo.org\/wp-content\/uploads\/2026\/03\/image-7-1.webp",1245,700,false],"kreeti-featured":["https:\/\/veritasinfo.org\/wp-content\/uploads\/2026\/03\/image-7-1.webp",1024,576,false],"kreeti-medium":["https:\/\/veritasinfo.org\/wp-content\/uploads\/2026\/03\/image-7-1.webp",720,405,false],"kreeti-medium-square":["https:\/\/veritasinfo.org\/wp-content\/uploads\/2026\/03\/image-7-1.webp",350,197,false]},"author_info":{"info":["US5"]},"category_info":"<a href=\"https:\/\/veritasinfo.org\/?cat=60\" rel=\"category\">Shoq\u00ebrore<\/a>","tag_info":"Shoq\u00ebrore","comment_count":"0","_links":{"self":[{"href":"https:\/\/veritasinfo.org\/index.php?rest_route=\/wp\/v2\/posts\/40320","targetHints":{"allow":["GET"]}}],"collection":[{"href":"https:\/\/veritasinfo.org\/index.php?rest_route=\/wp\/v2\/posts"}],"about":[{"href":"https:\/\/veritasinfo.org\/index.php?rest_route=\/wp\/v2\/types\/post"}],"author":[{"embeddable":true,"href":"https:\/\/veritasinfo.org\/index.php?rest_route=\/wp\/v2\/users\/6"}],"replies":[{"embeddable":true,"href":"https:\/\/veritasinfo.org\/index.php?rest_route=%2Fwp%2Fv2%2Fcomments&post=40320"}],"version-history":[{"count":2,"href":"https:\/\/veritasinfo.org\/index.php?rest_route=\/wp\/v2\/posts\/40320\/revisions"}],"predecessor-version":[{"id":40323,"href":"https:\/\/veritasinfo.org\/index.php?rest_route=\/wp\/v2\/posts\/40320\/revisions\/40323"}],"wp:featuredmedia":[{"embeddable":true,"href":"https:\/\/veritasinfo.org\/index.php?rest_route=\/wp\/v2\/media\/40321"}],"wp:attachment":[{"href":"https:\/\/veritasinfo.org\/index.php?rest_route=%2Fwp%2Fv2%2Fmedia&parent=40320"}],"wp:term":[{"taxonomy":"category","embeddable":true,"href":"https:\/\/veritasinfo.org\/index.php?rest_route=%2Fwp%2Fv2%2Fcategories&post=40320"},{"taxonomy":"post_tag","embeddable":true,"href":"https:\/\/veritasinfo.org\/index.php?rest_route=%2Fwp%2Fv2%2Ftags&post=40320"}],"curies":[{"name":"wp","href":"https:\/\/api.w.org\/{rel}","templated":true}]}}