{"id":40306,"date":"2026-03-28T07:06:45","date_gmt":"2026-03-28T06:06:45","guid":{"rendered":"https:\/\/veritasinfo.org\/?p=40306"},"modified":"2026-03-28T07:06:45","modified_gmt":"2026-03-28T06:06:45","slug":"parlament-izdao-pojasnjenje-o-izlozbi-o-masakru-na-kosovu","status":"publish","type":"post","link":"https:\/\/veritasinfo.org\/?p=40306&lang=sr","title":{"rendered":"Parlament izdao poja\u0161njenje o izlo\u017ebi o masakru na Kosovu"},"content":{"rendered":"<p>Pri\u0161tina, 28. mart 2026. 07:03<\/p>\n<p>Kosovski parlament izdao je poja\u0161njenje u vezi sa izlo\u017ebom o masakru na Kosovu, koja je izazvala kritike da sadr\u017ei neta\u010dne informacije.<\/p>\n<p>Skup\u0161tina je saop\u0161tila da je podr\u0161ka pru\u017eena uz po\u0161tovanje osnovnih principa umetni\u010dke slobode, autorskih prava i kreativnih prava<\/p>\n<p>\u201eU vezi sa nedavnim reakcijama na izlo\u017ebu, nagla\u0161avamo da Skup\u0161tina, u skladu sa svojim mandatom i uobi\u010dajenim institucionalnim praksama, podr\u017eava inicijative koje se bave pitanjima od javnog interesa, uklju\u010dujuc\u0301i kolektivno sec\u0301anje, ratnu dokumentaciju i odavanje po\u010dasti \u017ertvama. Po\u0161tujuc\u0301i osnovna na\u010dela umetni\u010dke slobode, autorskih prava i kreativnih prava, ova podr\u0161ka se pru\u017ea bez me\u0161anja u sadr\u017eaj takvih projekata. Sadr\u017eaj i stavovi predstavljeni u okviru izlo\u017ebe ostaju odgovornost njenih autora i organizatora. Ovo je standardna praksa u podr\u0161ci kulturnim projektima i ne mo\u017ee se pogre\u0161no protuma\u010diti kao podr\u0161ka ili ure\u0111ivanje predstavljenog narativa. Istovremeno, za\u0161tita dostojanstva \u017ertava i kolektivnog sec\u0301anja ostaje zajedni\u010dka institucionalna i dru\u0161tvena obaveza, koja zahteva odgovoran i odr\u017eiv tretman. Me\u0111utim, u ovom slu\u010daju, Skup\u0161tina c\u0301e se obratiti zabrinutostima iznetim \u201eorganizatorima izlo\u017ebe\u201c, navodi se u obja\u0161njenju.<\/p>\n","protected":false},"excerpt":{"rendered":"<p>Pri\u0161tina, 28. mart 2026. 07:03 Kosovski parlament izdao je poja\u0161njenje u vezi sa izlo\u017ebom o masakru na Kosovu, koja je izazvala kritike da sadr\u017ei neta\u010dne<\/p>\n","protected":false},"author":7,"featured_media":40304,"comment_status":"open","ping_status":"open","sticky":false,"template":"","format":"standard","meta":{"footnotes":""},"categories":[28],"tags":[],"class_list":["post-40306","post","type-post","status-publish","format-standard","has-post-thumbnail","hentry","category-politika"],"yoast_head":"<!-- This site is optimized with the Yoast SEO plugin v25.3.1 - https:\/\/yoast.com\/wordpress\/plugins\/seo\/ -->\n<title>Parlament izdao poja\u0161njenje o izlo\u017ebi o masakru na Kosovu -<\/title>\n<meta name=\"robots\" content=\"index, follow, max-snippet:-1, max-image-preview:large, max-video-preview:-1\" \/>\n<link rel=\"canonical\" href=\"https:\/\/veritasinfo.org\/?p=40306&lang=sr\" \/>\n<meta property=\"og:locale\" content=\"en_US\" \/>\n<meta property=\"og:type\" content=\"article\" \/>\n<meta property=\"og:title\" content=\"Parlament izdao poja\u0161njenje o izlo\u017ebi o masakru na Kosovu -\" \/>\n<meta property=\"og:description\" content=\"Pri\u0161tina, 28. mart 2026. 07:03 Kosovski parlament izdao je poja\u0161njenje u vezi sa izlo\u017ebom o masakru na Kosovu, koja je izazvala kritike da sadr\u017ei neta\u010dne\" \/>\n<meta property=\"og:url\" content=\"https:\/\/veritasinfo.org\/?p=40306&amp;lang=sr\" \/>\n<meta property=\"article:published_time\" content=\"2026-03-28T06:06:45+00:00\" \/>\n<meta property=\"og:image\" content=\"https:\/\/veritasinfo.org\/wp-content\/uploads\/2026\/03\/images-1-10.jpeg\" \/>\n\t<meta property=\"og:image:width\" content=\"586\" \/>\n\t<meta property=\"og:image:height\" content=\"341\" \/>\n\t<meta property=\"og:image:type\" content=\"image\/jpeg\" \/>\n<meta name=\"author\" content=\"US6\" \/>\n<meta name=\"twitter:card\" content=\"summary_large_image\" \/>\n<meta name=\"twitter:label1\" content=\"Written by\" \/>\n\t<meta name=\"twitter:data1\" content=\"US6\" \/>\n\t<meta name=\"twitter:label2\" content=\"Est. reading time\" \/>\n\t<meta name=\"twitter:data2\" content=\"1 minute\" \/>\n<script type=\"application\/ld+json\" class=\"yoast-schema-graph\">{\"@context\":\"https:\/\/schema.org\",\"@graph\":[{\"@type\":\"WebPage\",\"@id\":\"https:\/\/veritasinfo.org\/?p=40306&lang=sr\",\"url\":\"https:\/\/veritasinfo.org\/?p=40306&lang=sr\",\"name\":\"Parlament izdao poja\u0161njenje o izlo\u017ebi o masakru na Kosovu -\",\"isPartOf\":{\"@id\":\"https:\/\/veritasinfo.org\/#website\"},\"primaryImageOfPage\":{\"@id\":\"https:\/\/veritasinfo.org\/?p=40306&lang=sr#primaryimage\"},\"image\":{\"@id\":\"https:\/\/veritasinfo.org\/?p=40306&lang=sr#primaryimage\"},\"thumbnailUrl\":\"https:\/\/veritasinfo.org\/wp-content\/uploads\/2026\/03\/images-1-10.jpeg\",\"datePublished\":\"2026-03-28T06:06:45+00:00\",\"author\":{\"@id\":\"https:\/\/veritasinfo.org\/#\/schema\/person\/fe199eede04c3937362892b7444747cc\"},\"breadcrumb\":{\"@id\":\"https:\/\/veritasinfo.org\/?p=40306&lang=sr#breadcrumb\"},\"inLanguage\":\"en-US\",\"potentialAction\":[{\"@type\":\"ReadAction\",\"target\":[\"https:\/\/veritasinfo.org\/?p=40306&lang=sr\"]}]},{\"@type\":\"ImageObject\",\"inLanguage\":\"en-US\",\"@id\":\"https:\/\/veritasinfo.org\/?p=40306&lang=sr#primaryimage\",\"url\":\"https:\/\/veritasinfo.org\/wp-content\/uploads\/2026\/03\/images-1-10.jpeg\",\"contentUrl\":\"https:\/\/veritasinfo.org\/wp-content\/uploads\/2026\/03\/images-1-10.jpeg\",\"width\":586,\"height\":341},{\"@type\":\"BreadcrumbList\",\"@id\":\"https:\/\/veritasinfo.org\/?p=40306&lang=sr#breadcrumb\",\"itemListElement\":[{\"@type\":\"ListItem\",\"position\":1,\"name\":\"Home\",\"item\":\"https:\/\/veritasinfo.org\/\"},{\"@type\":\"ListItem\",\"position\":2,\"name\":\"Parlament izdao poja\u0161njenje o izlo\u017ebi o masakru na Kosovu\"}]},{\"@type\":\"WebSite\",\"@id\":\"https:\/\/veritasinfo.org\/#website\",\"url\":\"https:\/\/veritasinfo.org\/\",\"name\":\"\",\"description\":\"\",\"potentialAction\":[{\"@type\":\"SearchAction\",\"target\":{\"@type\":\"EntryPoint\",\"urlTemplate\":\"https:\/\/veritasinfo.org\/?s={search_term_string}\"},\"query-input\":{\"@type\":\"PropertyValueSpecification\",\"valueRequired\":true,\"valueName\":\"search_term_string\"}}],\"inLanguage\":\"en-US\"},{\"@type\":\"Person\",\"@id\":\"https:\/\/veritasinfo.org\/#\/schema\/person\/fe199eede04c3937362892b7444747cc\",\"name\":\"US6\",\"image\":{\"@type\":\"ImageObject\",\"inLanguage\":\"en-US\",\"@id\":\"https:\/\/veritasinfo.org\/#\/schema\/person\/image\/\",\"url\":\"https:\/\/secure.gravatar.com\/avatar\/cb16c3c31c9d23b9b8c705964598220b3014e42ff51eb540ff23cefa3ae8c15f?s=96&d=mm&r=g\",\"contentUrl\":\"https:\/\/secure.gravatar.com\/avatar\/cb16c3c31c9d23b9b8c705964598220b3014e42ff51eb540ff23cefa3ae8c15f?s=96&d=mm&r=g\",\"caption\":\"US6\"},\"url\":\"https:\/\/veritasinfo.org\/?author=7\"}]}<\/script>\n<!-- \/ Yoast SEO plugin. -->","yoast_head_json":{"title":"Parlament izdao poja\u0161njenje o izlo\u017ebi o masakru na Kosovu -","robots":{"index":"index","follow":"follow","max-snippet":"max-snippet:-1","max-image-preview":"max-image-preview:large","max-video-preview":"max-video-preview:-1"},"canonical":"https:\/\/veritasinfo.org\/?p=40306&lang=sr","og_locale":"en_US","og_type":"article","og_title":"Parlament izdao poja\u0161njenje o izlo\u017ebi o masakru na Kosovu -","og_description":"Pri\u0161tina, 28. mart 2026. 07:03 Kosovski parlament izdao je poja\u0161njenje u vezi sa izlo\u017ebom o masakru na Kosovu, koja je izazvala kritike da sadr\u017ei neta\u010dne","og_url":"https:\/\/veritasinfo.org\/?p=40306&lang=sr","article_published_time":"2026-03-28T06:06:45+00:00","og_image":[{"width":586,"height":341,"url":"https:\/\/veritasinfo.org\/wp-content\/uploads\/2026\/03\/images-1-10.jpeg","type":"image\/jpeg"}],"author":"US6","twitter_card":"summary_large_image","twitter_misc":{"Written by":"US6","Est. reading time":"1 minute"},"schema":{"@context":"https:\/\/schema.org","@graph":[{"@type":"WebPage","@id":"https:\/\/veritasinfo.org\/?p=40306&lang=sr","url":"https:\/\/veritasinfo.org\/?p=40306&lang=sr","name":"Parlament izdao poja\u0161njenje o izlo\u017ebi o masakru na Kosovu -","isPartOf":{"@id":"https:\/\/veritasinfo.org\/#website"},"primaryImageOfPage":{"@id":"https:\/\/veritasinfo.org\/?p=40306&lang=sr#primaryimage"},"image":{"@id":"https:\/\/veritasinfo.org\/?p=40306&lang=sr#primaryimage"},"thumbnailUrl":"https:\/\/veritasinfo.org\/wp-content\/uploads\/2026\/03\/images-1-10.jpeg","datePublished":"2026-03-28T06:06:45+00:00","author":{"@id":"https:\/\/veritasinfo.org\/#\/schema\/person\/fe199eede04c3937362892b7444747cc"},"breadcrumb":{"@id":"https:\/\/veritasinfo.org\/?p=40306&lang=sr#breadcrumb"},"inLanguage":"en-US","potentialAction":[{"@type":"ReadAction","target":["https:\/\/veritasinfo.org\/?p=40306&lang=sr"]}]},{"@type":"ImageObject","inLanguage":"en-US","@id":"https:\/\/veritasinfo.org\/?p=40306&lang=sr#primaryimage","url":"https:\/\/veritasinfo.org\/wp-content\/uploads\/2026\/03\/images-1-10.jpeg","contentUrl":"https:\/\/veritasinfo.org\/wp-content\/uploads\/2026\/03\/images-1-10.jpeg","width":586,"height":341},{"@type":"BreadcrumbList","@id":"https:\/\/veritasinfo.org\/?p=40306&lang=sr#breadcrumb","itemListElement":[{"@type":"ListItem","position":1,"name":"Home","item":"https:\/\/veritasinfo.org\/"},{"@type":"ListItem","position":2,"name":"Parlament izdao poja\u0161njenje o izlo\u017ebi o masakru na Kosovu"}]},{"@type":"WebSite","@id":"https:\/\/veritasinfo.org\/#website","url":"https:\/\/veritasinfo.org\/","name":"","description":"","potentialAction":[{"@type":"SearchAction","target":{"@type":"EntryPoint","urlTemplate":"https:\/\/veritasinfo.org\/?s={search_term_string}"},"query-input":{"@type":"PropertyValueSpecification","valueRequired":true,"valueName":"search_term_string"}}],"inLanguage":"en-US"},{"@type":"Person","@id":"https:\/\/veritasinfo.org\/#\/schema\/person\/fe199eede04c3937362892b7444747cc","name":"US6","image":{"@type":"ImageObject","inLanguage":"en-US","@id":"https:\/\/veritasinfo.org\/#\/schema\/person\/image\/","url":"https:\/\/secure.gravatar.com\/avatar\/cb16c3c31c9d23b9b8c705964598220b3014e42ff51eb540ff23cefa3ae8c15f?s=96&d=mm&r=g","contentUrl":"https:\/\/secure.gravatar.com\/avatar\/cb16c3c31c9d23b9b8c705964598220b3014e42ff51eb540ff23cefa3ae8c15f?s=96&d=mm&r=g","caption":"US6"},"url":"https:\/\/veritasinfo.org\/?author=7"}]}},"featured_image_urls":{"full":["https:\/\/veritasinfo.org\/wp-content\/uploads\/2026\/03\/images-1-10.jpeg",586,341,false],"thumbnail":["https:\/\/veritasinfo.org\/wp-content\/uploads\/2026\/03\/images-1-10-150x150.jpeg",150,150,true],"medium":["https:\/\/veritasinfo.org\/wp-content\/uploads\/2026\/03\/images-1-10-300x175.jpeg",300,175,true],"medium_large":["https:\/\/veritasinfo.org\/wp-content\/uploads\/2026\/03\/images-1-10.jpeg",586,341,false],"large":["https:\/\/veritasinfo.org\/wp-content\/uploads\/2026\/03\/images-1-10.jpeg",586,341,false],"1536x1536":["https:\/\/veritasinfo.org\/wp-content\/uploads\/2026\/03\/images-1-10.jpeg",586,341,false],"2048x2048":["https:\/\/veritasinfo.org\/wp-content\/uploads\/2026\/03\/images-1-10.jpeg",586,341,false],"kreeti-slider-full":["https:\/\/veritasinfo.org\/wp-content\/uploads\/2026\/03\/images-1-10.jpeg",586,341,false],"kreeti-featured":["https:\/\/veritasinfo.org\/wp-content\/uploads\/2026\/03\/images-1-10.jpeg",586,341,false],"kreeti-medium":["https:\/\/veritasinfo.org\/wp-content\/uploads\/2026\/03\/images-1-10.jpeg",586,341,false],"kreeti-medium-square":["https:\/\/veritasinfo.org\/wp-content\/uploads\/2026\/03\/images-1-10.jpeg",350,204,false]},"author_info":{"info":["US6"]},"category_info":"<a href=\"https:\/\/veritasinfo.org\/?cat=28&#038;lang=sr\" rel=\"category\">Politika<\/a>","tag_info":"Politika","comment_count":"0","_links":{"self":[{"href":"https:\/\/veritasinfo.org\/index.php?rest_route=\/wp\/v2\/posts\/40306","targetHints":{"allow":["GET"]}}],"collection":[{"href":"https:\/\/veritasinfo.org\/index.php?rest_route=\/wp\/v2\/posts"}],"about":[{"href":"https:\/\/veritasinfo.org\/index.php?rest_route=\/wp\/v2\/types\/post"}],"author":[{"embeddable":true,"href":"https:\/\/veritasinfo.org\/index.php?rest_route=\/wp\/v2\/users\/7"}],"replies":[{"embeddable":true,"href":"https:\/\/veritasinfo.org\/index.php?rest_route=%2Fwp%2Fv2%2Fcomments&post=40306"}],"version-history":[{"count":1,"href":"https:\/\/veritasinfo.org\/index.php?rest_route=\/wp\/v2\/posts\/40306\/revisions"}],"predecessor-version":[{"id":40307,"href":"https:\/\/veritasinfo.org\/index.php?rest_route=\/wp\/v2\/posts\/40306\/revisions\/40307"}],"wp:featuredmedia":[{"embeddable":true,"href":"https:\/\/veritasinfo.org\/index.php?rest_route=\/wp\/v2\/media\/40304"}],"wp:attachment":[{"href":"https:\/\/veritasinfo.org\/index.php?rest_route=%2Fwp%2Fv2%2Fmedia&parent=40306"}],"wp:term":[{"taxonomy":"category","embeddable":true,"href":"https:\/\/veritasinfo.org\/index.php?rest_route=%2Fwp%2Fv2%2Fcategories&post=40306"},{"taxonomy":"post_tag","embeddable":true,"href":"https:\/\/veritasinfo.org\/index.php?rest_route=%2Fwp%2Fv2%2Ftags&post=40306"}],"curies":[{"name":"wp","href":"https:\/\/api.w.org\/{rel}","templated":true}]}}