{"id":40283,"date":"2026-03-27T20:03:05","date_gmt":"2026-03-27T19:03:05","guid":{"rendered":"https:\/\/veritasinfo.org\/?p=40283"},"modified":"2026-03-27T20:03:05","modified_gmt":"2026-03-27T19:03:05","slug":"kurti-se-sastao-sa-makronom-u-parizu-razgovarao-o-bezbednosti-dijalogu-i-integraciji-kosova-u-eu","status":"publish","type":"post","link":"https:\/\/veritasinfo.org\/?p=40283&lang=sr","title":{"rendered":"Kurti se sastao sa Makronom u Parizu, razgovarao o bezbednosti, dijalogu i integraciji Kosova u EU"},"content":{"rendered":"<p>Pri\u0161tina, 27. mart 2026. 19:59<\/p>\n<p>Premijer Kosova, Albin Kurti, odr\u017eao je posetu i radni ru\u010dak sa predsednikom Republike Francuske, Emanuelom Makronom, koji ga je do\u010dekao u Jelisejskoj palati u Parizu.<\/p>\n<p>Makron je jo\u0161 jednom \u010destitao Kurtiju na reizboru i novom mandatu \u0161efa Vlade Republike Kosovo.<\/p>\n<p>Kurti je izrazio zahvalnost na kontinuiranom doprinosu Francuske Kosovu.<\/p>\n<p>\u201eSastanku su prisustvovali i francuski ministar delegat za Evropu, Bend\u017eamin Hadad, kao i ambasador Republike Kosovo u Francuskoj, Mehdi Halimi, i generalni konzul Republike Kosovo u Strazburu, Ljuljzim Hiseni\u201c, navodi se u saop\u0161tenju Vlade.<\/p>\n<p>Na sastanku je nagla\u0161ena kontinuirana pozitivna uloga NATO-a na Kosovu, odnosno KFOR-a, kao i misija Evropske unije.<\/p>\n<p>Na sastanku je razgovarano o integraciji i bezbednosti u Evropi. Kurti je naglasio da Kosovo ostaje u potpunosti uskla\u0111eno sa spoljnom i bezbednosnom politikom EU.<\/p>\n<p>\u201eIstakao je napredak u sveobuhvatnim reformama, sa napretkom u 35 od 38 oblasti, kako je utvrdio i najnoviji Izve\u0161taj EU za na\u0161u zemlju, svrstavajuc\u0301i Kosovo me\u0111u najuspe\u0161nije zemlje u regionu. Ovde je premijer Kurti zatra\u017eio podr\u0161ku Francuske za evropske integracije i \u010dlanstvo Kosova u me\u0111unarodnim organizacijama\u201c, navodi se, izme\u0111u ostalog, u saop\u0161tenju.<\/p>\n<p>U me\u0111uvremenu, Kurti je govorio i o bezbednosti Kosova, koja je pre svega bezbednost njegovih granica, zatim o kontinuiranoj izgradnji lokalnih odbrambenih kapaciteta, odnosima sa severnim susedom Srbijom u vezi sa procesom dijaloga u Briselu i sprovo\u0111enjem sporazuma o punoj normalizaciji, zatim o saradnji sa severnoatlantskim saveznicima i regionalnoj bezbednosti na Balkanu.<\/p>\n<p>\u201eTako\u0111e, razgovarano je o planovima i investicijama u obrazovanje, kao i o organizaciji novih poslovnih foruma Kosovo-Francuska, nakon uspe\u0161nog odr\u017eanog u februaru ove godine u Pri\u0161tini. U tom kontekstu, Mediteranske igre 2030. godine koje c\u0301e se odr\u017eati na Kosovu poziv su na podr\u0161ku i posvec\u0301enost Francuske u pripremama za njihovu organizaciju izme\u0111u Kosova i Francuske\u201c, navodi se u saop\u0161tenju.<\/p>\n","protected":false},"excerpt":{"rendered":"<p>Pri\u0161tina, 27. mart 2026. 19:59 Premijer Kosova, Albin Kurti, odr\u017eao je posetu i radni ru\u010dak sa predsednikom Republike Francuske, Emanuelom Makronom, koji ga je do\u010dekao<\/p>\n","protected":false},"author":7,"featured_media":40281,"comment_status":"open","ping_status":"open","sticky":false,"template":"","format":"standard","meta":{"footnotes":""},"categories":[28],"tags":[],"class_list":["post-40283","post","type-post","status-publish","format-standard","has-post-thumbnail","hentry","category-politika"],"yoast_head":"<!-- This site is optimized with the Yoast SEO plugin v25.3.1 - https:\/\/yoast.com\/wordpress\/plugins\/seo\/ -->\n<title>Kurti se sastao sa Makronom u Parizu, razgovarao o bezbednosti, dijalogu i integraciji Kosova u EU -<\/title>\n<meta name=\"robots\" content=\"index, follow, max-snippet:-1, max-image-preview:large, max-video-preview:-1\" \/>\n<link rel=\"canonical\" href=\"https:\/\/veritasinfo.org\/?p=40283&lang=sr\" \/>\n<meta property=\"og:locale\" content=\"en_US\" \/>\n<meta property=\"og:type\" content=\"article\" \/>\n<meta property=\"og:title\" content=\"Kurti se sastao sa Makronom u Parizu, razgovarao o bezbednosti, dijalogu i integraciji Kosova u EU -\" \/>\n<meta property=\"og:description\" content=\"Pri\u0161tina, 27. mart 2026. 19:59 Premijer Kosova, Albin Kurti, odr\u017eao je posetu i radni ru\u010dak sa predsednikom Republike Francuske, Emanuelom Makronom, koji ga je do\u010dekao\" \/>\n<meta property=\"og:url\" content=\"https:\/\/veritasinfo.org\/?p=40283&amp;lang=sr\" \/>\n<meta property=\"article:published_time\" content=\"2026-03-27T19:03:05+00:00\" \/>\n<meta property=\"og:image\" content=\"https:\/\/veritasinfo.org\/wp-content\/uploads\/2026\/03\/Screenshot_20260327_200027_Chrome.jpg\" \/>\n\t<meta property=\"og:image:width\" content=\"976\" \/>\n\t<meta property=\"og:image:height\" content=\"588\" \/>\n\t<meta property=\"og:image:type\" content=\"image\/jpeg\" \/>\n<meta name=\"author\" content=\"US6\" \/>\n<meta name=\"twitter:card\" content=\"summary_large_image\" \/>\n<meta name=\"twitter:label1\" content=\"Written by\" \/>\n\t<meta name=\"twitter:data1\" content=\"US6\" \/>\n\t<meta name=\"twitter:label2\" content=\"Est. reading time\" \/>\n\t<meta name=\"twitter:data2\" content=\"2 minutes\" \/>\n<script type=\"application\/ld+json\" class=\"yoast-schema-graph\">{\"@context\":\"https:\/\/schema.org\",\"@graph\":[{\"@type\":\"WebPage\",\"@id\":\"https:\/\/veritasinfo.org\/?p=40283&lang=sr\",\"url\":\"https:\/\/veritasinfo.org\/?p=40283&lang=sr\",\"name\":\"Kurti se sastao sa Makronom u Parizu, razgovarao o bezbednosti, dijalogu i integraciji Kosova u EU -\",\"isPartOf\":{\"@id\":\"https:\/\/veritasinfo.org\/#website\"},\"primaryImageOfPage\":{\"@id\":\"https:\/\/veritasinfo.org\/?p=40283&lang=sr#primaryimage\"},\"image\":{\"@id\":\"https:\/\/veritasinfo.org\/?p=40283&lang=sr#primaryimage\"},\"thumbnailUrl\":\"https:\/\/veritasinfo.org\/wp-content\/uploads\/2026\/03\/Screenshot_20260327_200027_Chrome.jpg\",\"datePublished\":\"2026-03-27T19:03:05+00:00\",\"author\":{\"@id\":\"https:\/\/veritasinfo.org\/#\/schema\/person\/fe199eede04c3937362892b7444747cc\"},\"breadcrumb\":{\"@id\":\"https:\/\/veritasinfo.org\/?p=40283&lang=sr#breadcrumb\"},\"inLanguage\":\"en-US\",\"potentialAction\":[{\"@type\":\"ReadAction\",\"target\":[\"https:\/\/veritasinfo.org\/?p=40283&lang=sr\"]}]},{\"@type\":\"ImageObject\",\"inLanguage\":\"en-US\",\"@id\":\"https:\/\/veritasinfo.org\/?p=40283&lang=sr#primaryimage\",\"url\":\"https:\/\/veritasinfo.org\/wp-content\/uploads\/2026\/03\/Screenshot_20260327_200027_Chrome.jpg\",\"contentUrl\":\"https:\/\/veritasinfo.org\/wp-content\/uploads\/2026\/03\/Screenshot_20260327_200027_Chrome.jpg\",\"width\":976,\"height\":588},{\"@type\":\"BreadcrumbList\",\"@id\":\"https:\/\/veritasinfo.org\/?p=40283&lang=sr#breadcrumb\",\"itemListElement\":[{\"@type\":\"ListItem\",\"position\":1,\"name\":\"Home\",\"item\":\"https:\/\/veritasinfo.org\/\"},{\"@type\":\"ListItem\",\"position\":2,\"name\":\"Kurti se sastao sa Makronom u Parizu, razgovarao o bezbednosti, dijalogu i integraciji Kosova u EU\"}]},{\"@type\":\"WebSite\",\"@id\":\"https:\/\/veritasinfo.org\/#website\",\"url\":\"https:\/\/veritasinfo.org\/\",\"name\":\"\",\"description\":\"\",\"potentialAction\":[{\"@type\":\"SearchAction\",\"target\":{\"@type\":\"EntryPoint\",\"urlTemplate\":\"https:\/\/veritasinfo.org\/?s={search_term_string}\"},\"query-input\":{\"@type\":\"PropertyValueSpecification\",\"valueRequired\":true,\"valueName\":\"search_term_string\"}}],\"inLanguage\":\"en-US\"},{\"@type\":\"Person\",\"@id\":\"https:\/\/veritasinfo.org\/#\/schema\/person\/fe199eede04c3937362892b7444747cc\",\"name\":\"US6\",\"image\":{\"@type\":\"ImageObject\",\"inLanguage\":\"en-US\",\"@id\":\"https:\/\/veritasinfo.org\/#\/schema\/person\/image\/\",\"url\":\"https:\/\/secure.gravatar.com\/avatar\/cb16c3c31c9d23b9b8c705964598220b3014e42ff51eb540ff23cefa3ae8c15f?s=96&d=mm&r=g\",\"contentUrl\":\"https:\/\/secure.gravatar.com\/avatar\/cb16c3c31c9d23b9b8c705964598220b3014e42ff51eb540ff23cefa3ae8c15f?s=96&d=mm&r=g\",\"caption\":\"US6\"},\"url\":\"https:\/\/veritasinfo.org\/?author=7\"}]}<\/script>\n<!-- \/ Yoast SEO plugin. -->","yoast_head_json":{"title":"Kurti se sastao sa Makronom u Parizu, razgovarao o bezbednosti, dijalogu i integraciji Kosova u EU -","robots":{"index":"index","follow":"follow","max-snippet":"max-snippet:-1","max-image-preview":"max-image-preview:large","max-video-preview":"max-video-preview:-1"},"canonical":"https:\/\/veritasinfo.org\/?p=40283&lang=sr","og_locale":"en_US","og_type":"article","og_title":"Kurti se sastao sa Makronom u Parizu, razgovarao o bezbednosti, dijalogu i integraciji Kosova u EU -","og_description":"Pri\u0161tina, 27. mart 2026. 19:59 Premijer Kosova, Albin Kurti, odr\u017eao je posetu i radni ru\u010dak sa predsednikom Republike Francuske, Emanuelom Makronom, koji ga je do\u010dekao","og_url":"https:\/\/veritasinfo.org\/?p=40283&lang=sr","article_published_time":"2026-03-27T19:03:05+00:00","og_image":[{"width":976,"height":588,"url":"https:\/\/veritasinfo.org\/wp-content\/uploads\/2026\/03\/Screenshot_20260327_200027_Chrome.jpg","type":"image\/jpeg"}],"author":"US6","twitter_card":"summary_large_image","twitter_misc":{"Written by":"US6","Est. reading time":"2 minutes"},"schema":{"@context":"https:\/\/schema.org","@graph":[{"@type":"WebPage","@id":"https:\/\/veritasinfo.org\/?p=40283&lang=sr","url":"https:\/\/veritasinfo.org\/?p=40283&lang=sr","name":"Kurti se sastao sa Makronom u Parizu, razgovarao o bezbednosti, dijalogu i integraciji Kosova u EU -","isPartOf":{"@id":"https:\/\/veritasinfo.org\/#website"},"primaryImageOfPage":{"@id":"https:\/\/veritasinfo.org\/?p=40283&lang=sr#primaryimage"},"image":{"@id":"https:\/\/veritasinfo.org\/?p=40283&lang=sr#primaryimage"},"thumbnailUrl":"https:\/\/veritasinfo.org\/wp-content\/uploads\/2026\/03\/Screenshot_20260327_200027_Chrome.jpg","datePublished":"2026-03-27T19:03:05+00:00","author":{"@id":"https:\/\/veritasinfo.org\/#\/schema\/person\/fe199eede04c3937362892b7444747cc"},"breadcrumb":{"@id":"https:\/\/veritasinfo.org\/?p=40283&lang=sr#breadcrumb"},"inLanguage":"en-US","potentialAction":[{"@type":"ReadAction","target":["https:\/\/veritasinfo.org\/?p=40283&lang=sr"]}]},{"@type":"ImageObject","inLanguage":"en-US","@id":"https:\/\/veritasinfo.org\/?p=40283&lang=sr#primaryimage","url":"https:\/\/veritasinfo.org\/wp-content\/uploads\/2026\/03\/Screenshot_20260327_200027_Chrome.jpg","contentUrl":"https:\/\/veritasinfo.org\/wp-content\/uploads\/2026\/03\/Screenshot_20260327_200027_Chrome.jpg","width":976,"height":588},{"@type":"BreadcrumbList","@id":"https:\/\/veritasinfo.org\/?p=40283&lang=sr#breadcrumb","itemListElement":[{"@type":"ListItem","position":1,"name":"Home","item":"https:\/\/veritasinfo.org\/"},{"@type":"ListItem","position":2,"name":"Kurti se sastao sa Makronom u Parizu, razgovarao o bezbednosti, dijalogu i integraciji Kosova u EU"}]},{"@type":"WebSite","@id":"https:\/\/veritasinfo.org\/#website","url":"https:\/\/veritasinfo.org\/","name":"","description":"","potentialAction":[{"@type":"SearchAction","target":{"@type":"EntryPoint","urlTemplate":"https:\/\/veritasinfo.org\/?s={search_term_string}"},"query-input":{"@type":"PropertyValueSpecification","valueRequired":true,"valueName":"search_term_string"}}],"inLanguage":"en-US"},{"@type":"Person","@id":"https:\/\/veritasinfo.org\/#\/schema\/person\/fe199eede04c3937362892b7444747cc","name":"US6","image":{"@type":"ImageObject","inLanguage":"en-US","@id":"https:\/\/veritasinfo.org\/#\/schema\/person\/image\/","url":"https:\/\/secure.gravatar.com\/avatar\/cb16c3c31c9d23b9b8c705964598220b3014e42ff51eb540ff23cefa3ae8c15f?s=96&d=mm&r=g","contentUrl":"https:\/\/secure.gravatar.com\/avatar\/cb16c3c31c9d23b9b8c705964598220b3014e42ff51eb540ff23cefa3ae8c15f?s=96&d=mm&r=g","caption":"US6"},"url":"https:\/\/veritasinfo.org\/?author=7"}]}},"featured_image_urls":{"full":["https:\/\/veritasinfo.org\/wp-content\/uploads\/2026\/03\/Screenshot_20260327_200027_Chrome.jpg",976,588,false],"thumbnail":["https:\/\/veritasinfo.org\/wp-content\/uploads\/2026\/03\/Screenshot_20260327_200027_Chrome-150x150.jpg",150,150,true],"medium":["https:\/\/veritasinfo.org\/wp-content\/uploads\/2026\/03\/Screenshot_20260327_200027_Chrome-300x181.jpg",300,181,true],"medium_large":["https:\/\/veritasinfo.org\/wp-content\/uploads\/2026\/03\/Screenshot_20260327_200027_Chrome-768x463.jpg",640,386,true],"large":["https:\/\/veritasinfo.org\/wp-content\/uploads\/2026\/03\/Screenshot_20260327_200027_Chrome.jpg",640,386,false],"1536x1536":["https:\/\/veritasinfo.org\/wp-content\/uploads\/2026\/03\/Screenshot_20260327_200027_Chrome.jpg",976,588,false],"2048x2048":["https:\/\/veritasinfo.org\/wp-content\/uploads\/2026\/03\/Screenshot_20260327_200027_Chrome.jpg",976,588,false],"kreeti-slider-full":["https:\/\/veritasinfo.org\/wp-content\/uploads\/2026\/03\/Screenshot_20260327_200027_Chrome.jpg",976,588,false],"kreeti-featured":["https:\/\/veritasinfo.org\/wp-content\/uploads\/2026\/03\/Screenshot_20260327_200027_Chrome.jpg",976,588,false],"kreeti-medium":["https:\/\/veritasinfo.org\/wp-content\/uploads\/2026\/03\/Screenshot_20260327_200027_Chrome.jpg",720,434,false],"kreeti-medium-square":["https:\/\/veritasinfo.org\/wp-content\/uploads\/2026\/03\/Screenshot_20260327_200027_Chrome.jpg",350,211,false]},"author_info":{"info":["US6"]},"category_info":"<a href=\"https:\/\/veritasinfo.org\/?cat=28&#038;lang=sr\" rel=\"category\">Politika<\/a>","tag_info":"Politika","comment_count":"0","_links":{"self":[{"href":"https:\/\/veritasinfo.org\/index.php?rest_route=\/wp\/v2\/posts\/40283","targetHints":{"allow":["GET"]}}],"collection":[{"href":"https:\/\/veritasinfo.org\/index.php?rest_route=\/wp\/v2\/posts"}],"about":[{"href":"https:\/\/veritasinfo.org\/index.php?rest_route=\/wp\/v2\/types\/post"}],"author":[{"embeddable":true,"href":"https:\/\/veritasinfo.org\/index.php?rest_route=\/wp\/v2\/users\/7"}],"replies":[{"embeddable":true,"href":"https:\/\/veritasinfo.org\/index.php?rest_route=%2Fwp%2Fv2%2Fcomments&post=40283"}],"version-history":[{"count":1,"href":"https:\/\/veritasinfo.org\/index.php?rest_route=\/wp\/v2\/posts\/40283\/revisions"}],"predecessor-version":[{"id":40284,"href":"https:\/\/veritasinfo.org\/index.php?rest_route=\/wp\/v2\/posts\/40283\/revisions\/40284"}],"wp:featuredmedia":[{"embeddable":true,"href":"https:\/\/veritasinfo.org\/index.php?rest_route=\/wp\/v2\/media\/40281"}],"wp:attachment":[{"href":"https:\/\/veritasinfo.org\/index.php?rest_route=%2Fwp%2Fv2%2Fmedia&parent=40283"}],"wp:term":[{"taxonomy":"category","embeddable":true,"href":"https:\/\/veritasinfo.org\/index.php?rest_route=%2Fwp%2Fv2%2Fcategories&post=40283"},{"taxonomy":"post_tag","embeddable":true,"href":"https:\/\/veritasinfo.org\/index.php?rest_route=%2Fwp%2Fv2%2Ftags&post=40283"}],"curies":[{"name":"wp","href":"https:\/\/api.w.org\/{rel}","templated":true}]}}