{"id":40280,"date":"2026-03-27T20:01:03","date_gmt":"2026-03-27T19:01:03","guid":{"rendered":"https:\/\/veritasinfo.org\/?p=40280"},"modified":"2026-03-27T20:01:03","modified_gmt":"2026-03-27T19:01:03","slug":"kurti-takon-macronin-ne-paris-diskutuan-per-sigurine-dialogun-dhe-integrimin-e-kosoves-ne-be","status":"publish","type":"post","link":"https:\/\/veritasinfo.org\/?p=40280","title":{"rendered":"Kurti takon Macronin n\u00eb Paris, diskutuan p\u00ebr sigurin\u00eb, dialogun dhe integrimin e Kosov\u00ebs n\u00eb BE"},"content":{"rendered":"<p>Prishtin\u00eb, 27 mars 2026 19:59<\/p>\n<p>Kryeministri i Kosov\u00ebs, Albin Kurti, ka zhvilluar nj\u00eb vizit\u00eb dhe takim me drek\u00eb pune me Presidentin e Republik\u00ebs s\u00eb Franc\u00ebs, Emmanuel Macron, i cili e mir\u00ebpriti n\u00eb Pallatin Elize n\u00eb Paris.<\/p>\n<p>Macron e uroi edhe nj\u00ebher\u00eb Kurtin p\u00ebr rizgjedhjen dhe mandatin e ri n\u00eb krye t\u00eb Qeveris\u00eb s\u00eb Republik\u00ebs s\u00eb Kosov\u00ebs.<\/p>\n<p>Kurti shprehu fal\u00ebnderimin p\u00ebr kontributin e vazhduesh\u00ebm t\u00eb Franc\u00ebs ndaj Kosov\u00ebs.<\/p>\n<p>\u201cN\u00eb takim mor\u00ebn pjes\u00eb edhe Ministri Francez i Deleguar p\u00ebr Evrop\u00ebn, Benjamin Haddad, si dhe Ambasadori i Republik\u00ebs s\u00eb Kosov\u00ebs n\u00eb Franc\u00eb, Mehdi Halimi, e Konsulli i P\u00ebrgjithsh\u00ebm i Republik\u00ebs s\u00eb Kosov\u00ebs n\u00eb Strasburg, Lulzim Hiseni\u201d, thuhet n\u00eb komunikat\u00ebn e Qeveris\u00eb.<\/p>\n<p>N\u00eb k\u00ebt\u00eb takim \u00ebsht\u00eb theksuar roli pozitiv i vazhduesh\u00ebm i NATO-s n\u00eb Kosov\u00eb, p\u00ebrkat\u00ebsisht i KFOR-it, si dhe i misioneve t\u00eb Bashkimit Evropian.<\/p>\n<p>N\u00eb takim u diskutua p\u00ebr integrimet dhe sigurin\u00eb n\u00eb Evrop\u00eb. Kurti theksoi se Kosova mbetet e harmonizuar plot\u00ebsisht me politik\u00ebn e jashtme dhe t\u00eb siguris\u00eb s\u00eb BE-s\u00eb.<\/p>\n<p>\u201cAi n\u00ebnvizoi progresin n\u00eb reformat e gjithanshme, me progres n\u00eb 35 nga 38 fusha, si\u00e7 e konstatoi edhe vet\u00eb Raporti i fundit i BE-s\u00eb p\u00ebr vendin ton\u00eb, duke e renditur Kosov\u00ebn nd\u00ebr vendet m\u00eb t\u00eb suksesshme n\u00eb rajon. K\u00ebtu, Kryeministri Kurti k\u00ebrkoi mb\u00ebshtetjen e Franc\u00ebs p\u00ebr integrimin evropian t\u00eb Kosov\u00ebs dhe p\u00ebr an\u00ebtar\u00ebsimin n\u00eb organizata nd\u00ebrkomb\u00ebtare\u201d, thuhet nd\u00ebr t\u00eb tjera n\u00eb komunikat\u00eb.<\/p>\n<p>Nd\u00ebrkoh\u00eb, Kurti foli edhe p\u00ebr sigurin\u00eb e Kosov\u00ebs q\u00eb para s\u00eb gjithash \u00ebsht\u00eb siguri e kufijve t\u00eb saj, pastaj p\u00ebr ngritjen e kapaciteteve vendore mbrojt\u00ebse q\u00eb po b\u00ebhet, raportet me fqinjin verior Serbin\u00eb nd\u00ebrlidhur me procesin e dialogut n\u00eb Bruksel dhe zbatimin e marr\u00ebveshjes p\u00ebr normalizim t\u00eb plot\u00eb, pastaj p\u00ebr bashk\u00ebveprimin me aleat\u00ebt veri-atlantik\u00eb dhe p\u00ebr sigurin\u00eb rajonale n\u00eb Ballkan.<\/p>\n<p>\u201cGjithashtu, u bisedua p\u00ebr planet dhe investimet n\u00eb edukim, si dhe organizimin e forumeve t\u00eb reja t\u00eb bizneseve Kosov\u00eb\u2013Franc\u00eb, pas atij t\u00eb suksessh\u00ebm t\u00eb mbajtur n\u00eb muajin shkurt sivjet n\u00eb Prishtin\u00eb. N\u00eb k\u00ebt\u00eb kontekst, Loj\u00ebrat Mesdhetare 2030 q\u00eb do t\u00eb mbahen n\u00eb Kosov\u00eb jan\u00eb thirrje p\u00ebr mb\u00ebshtetjen dhe angazhimin e Franc\u00ebs n\u00eb p\u00ebrgatitjet p\u00ebr organizimin e tyre nd\u00ebrmjet Kosov\u00ebs dhe Franc\u00ebs\u201d, thuhet n\u00eb komunikat\u00eb<\/p>\n","protected":false},"excerpt":{"rendered":"<p>Prishtin\u00eb, 27 mars 2026 19:59 Kryeministri i Kosov\u00ebs, Albin Kurti, ka zhvilluar nj\u00eb vizit\u00eb dhe takim me drek\u00eb pune me Presidentin e Republik\u00ebs s\u00eb Franc\u00ebs,<\/p>\n","protected":false},"author":7,"featured_media":40281,"comment_status":"open","ping_status":"open","sticky":false,"template":"","format":"standard","meta":{"footnotes":""},"categories":[58],"tags":[],"class_list":["post-40280","post","type-post","status-publish","format-standard","has-post-thumbnail","hentry","category-politike-sq"],"yoast_head":"<!-- This site is optimized with the Yoast SEO plugin v25.3.1 - https:\/\/yoast.com\/wordpress\/plugins\/seo\/ -->\n<title>Kurti takon Macronin n\u00eb Paris, diskutuan p\u00ebr sigurin\u00eb, dialogun dhe integrimin e Kosov\u00ebs n\u00eb BE -<\/title>\n<meta name=\"robots\" content=\"index, follow, max-snippet:-1, max-image-preview:large, max-video-preview:-1\" \/>\n<link rel=\"canonical\" href=\"https:\/\/veritasinfo.org\/?p=40280\" \/>\n<meta property=\"og:locale\" content=\"en_US\" \/>\n<meta property=\"og:type\" content=\"article\" \/>\n<meta property=\"og:title\" content=\"Kurti takon Macronin n\u00eb Paris, diskutuan p\u00ebr sigurin\u00eb, dialogun dhe integrimin e Kosov\u00ebs n\u00eb BE -\" \/>\n<meta property=\"og:description\" content=\"Prishtin\u00eb, 27 mars 2026 19:59 Kryeministri i Kosov\u00ebs, Albin Kurti, ka zhvilluar nj\u00eb vizit\u00eb dhe takim me drek\u00eb pune me Presidentin e Republik\u00ebs s\u00eb Franc\u00ebs,\" \/>\n<meta property=\"og:url\" content=\"https:\/\/veritasinfo.org\/?p=40280\" \/>\n<meta property=\"article:published_time\" content=\"2026-03-27T19:01:03+00:00\" \/>\n<meta property=\"og:image\" content=\"https:\/\/veritasinfo.org\/wp-content\/uploads\/2026\/03\/Screenshot_20260327_200027_Chrome.jpg\" \/>\n\t<meta property=\"og:image:width\" content=\"976\" \/>\n\t<meta property=\"og:image:height\" content=\"588\" \/>\n\t<meta property=\"og:image:type\" content=\"image\/jpeg\" \/>\n<meta name=\"author\" content=\"US6\" \/>\n<meta name=\"twitter:card\" content=\"summary_large_image\" \/>\n<meta name=\"twitter:label1\" content=\"Written by\" \/>\n\t<meta name=\"twitter:data1\" content=\"US6\" \/>\n\t<meta name=\"twitter:label2\" content=\"Est. reading time\" \/>\n\t<meta name=\"twitter:data2\" content=\"2 minutes\" \/>\n<script type=\"application\/ld+json\" class=\"yoast-schema-graph\">{\"@context\":\"https:\/\/schema.org\",\"@graph\":[{\"@type\":\"WebPage\",\"@id\":\"https:\/\/veritasinfo.org\/?p=40280\",\"url\":\"https:\/\/veritasinfo.org\/?p=40280\",\"name\":\"Kurti takon Macronin n\u00eb Paris, diskutuan p\u00ebr sigurin\u00eb, dialogun dhe integrimin e Kosov\u00ebs n\u00eb BE -\",\"isPartOf\":{\"@id\":\"https:\/\/veritasinfo.org\/#website\"},\"primaryImageOfPage\":{\"@id\":\"https:\/\/veritasinfo.org\/?p=40280#primaryimage\"},\"image\":{\"@id\":\"https:\/\/veritasinfo.org\/?p=40280#primaryimage\"},\"thumbnailUrl\":\"https:\/\/veritasinfo.org\/wp-content\/uploads\/2026\/03\/Screenshot_20260327_200027_Chrome.jpg\",\"datePublished\":\"2026-03-27T19:01:03+00:00\",\"author\":{\"@id\":\"https:\/\/veritasinfo.org\/#\/schema\/person\/fe199eede04c3937362892b7444747cc\"},\"breadcrumb\":{\"@id\":\"https:\/\/veritasinfo.org\/?p=40280#breadcrumb\"},\"inLanguage\":\"en-US\",\"potentialAction\":[{\"@type\":\"ReadAction\",\"target\":[\"https:\/\/veritasinfo.org\/?p=40280\"]}]},{\"@type\":\"ImageObject\",\"inLanguage\":\"en-US\",\"@id\":\"https:\/\/veritasinfo.org\/?p=40280#primaryimage\",\"url\":\"https:\/\/veritasinfo.org\/wp-content\/uploads\/2026\/03\/Screenshot_20260327_200027_Chrome.jpg\",\"contentUrl\":\"https:\/\/veritasinfo.org\/wp-content\/uploads\/2026\/03\/Screenshot_20260327_200027_Chrome.jpg\",\"width\":976,\"height\":588},{\"@type\":\"BreadcrumbList\",\"@id\":\"https:\/\/veritasinfo.org\/?p=40280#breadcrumb\",\"itemListElement\":[{\"@type\":\"ListItem\",\"position\":1,\"name\":\"Home\",\"item\":\"https:\/\/veritasinfo.org\/\"},{\"@type\":\"ListItem\",\"position\":2,\"name\":\"Kurti takon Macronin n\u00eb Paris, diskutuan p\u00ebr sigurin\u00eb, dialogun dhe integrimin e Kosov\u00ebs n\u00eb BE\"}]},{\"@type\":\"WebSite\",\"@id\":\"https:\/\/veritasinfo.org\/#website\",\"url\":\"https:\/\/veritasinfo.org\/\",\"name\":\"\",\"description\":\"\",\"potentialAction\":[{\"@type\":\"SearchAction\",\"target\":{\"@type\":\"EntryPoint\",\"urlTemplate\":\"https:\/\/veritasinfo.org\/?s={search_term_string}\"},\"query-input\":{\"@type\":\"PropertyValueSpecification\",\"valueRequired\":true,\"valueName\":\"search_term_string\"}}],\"inLanguage\":\"en-US\"},{\"@type\":\"Person\",\"@id\":\"https:\/\/veritasinfo.org\/#\/schema\/person\/fe199eede04c3937362892b7444747cc\",\"name\":\"US6\",\"image\":{\"@type\":\"ImageObject\",\"inLanguage\":\"en-US\",\"@id\":\"https:\/\/veritasinfo.org\/#\/schema\/person\/image\/\",\"url\":\"https:\/\/secure.gravatar.com\/avatar\/cb16c3c31c9d23b9b8c705964598220b3014e42ff51eb540ff23cefa3ae8c15f?s=96&d=mm&r=g\",\"contentUrl\":\"https:\/\/secure.gravatar.com\/avatar\/cb16c3c31c9d23b9b8c705964598220b3014e42ff51eb540ff23cefa3ae8c15f?s=96&d=mm&r=g\",\"caption\":\"US6\"},\"url\":\"https:\/\/veritasinfo.org\/?author=7\"}]}<\/script>\n<!-- \/ Yoast SEO plugin. -->","yoast_head_json":{"title":"Kurti takon Macronin n\u00eb Paris, diskutuan p\u00ebr sigurin\u00eb, dialogun dhe integrimin e Kosov\u00ebs n\u00eb BE -","robots":{"index":"index","follow":"follow","max-snippet":"max-snippet:-1","max-image-preview":"max-image-preview:large","max-video-preview":"max-video-preview:-1"},"canonical":"https:\/\/veritasinfo.org\/?p=40280","og_locale":"en_US","og_type":"article","og_title":"Kurti takon Macronin n\u00eb Paris, diskutuan p\u00ebr sigurin\u00eb, dialogun dhe integrimin e Kosov\u00ebs n\u00eb BE -","og_description":"Prishtin\u00eb, 27 mars 2026 19:59 Kryeministri i Kosov\u00ebs, Albin Kurti, ka zhvilluar nj\u00eb vizit\u00eb dhe takim me drek\u00eb pune me Presidentin e Republik\u00ebs s\u00eb Franc\u00ebs,","og_url":"https:\/\/veritasinfo.org\/?p=40280","article_published_time":"2026-03-27T19:01:03+00:00","og_image":[{"width":976,"height":588,"url":"https:\/\/veritasinfo.org\/wp-content\/uploads\/2026\/03\/Screenshot_20260327_200027_Chrome.jpg","type":"image\/jpeg"}],"author":"US6","twitter_card":"summary_large_image","twitter_misc":{"Written by":"US6","Est. reading time":"2 minutes"},"schema":{"@context":"https:\/\/schema.org","@graph":[{"@type":"WebPage","@id":"https:\/\/veritasinfo.org\/?p=40280","url":"https:\/\/veritasinfo.org\/?p=40280","name":"Kurti takon Macronin n\u00eb Paris, diskutuan p\u00ebr sigurin\u00eb, dialogun dhe integrimin e Kosov\u00ebs n\u00eb BE -","isPartOf":{"@id":"https:\/\/veritasinfo.org\/#website"},"primaryImageOfPage":{"@id":"https:\/\/veritasinfo.org\/?p=40280#primaryimage"},"image":{"@id":"https:\/\/veritasinfo.org\/?p=40280#primaryimage"},"thumbnailUrl":"https:\/\/veritasinfo.org\/wp-content\/uploads\/2026\/03\/Screenshot_20260327_200027_Chrome.jpg","datePublished":"2026-03-27T19:01:03+00:00","author":{"@id":"https:\/\/veritasinfo.org\/#\/schema\/person\/fe199eede04c3937362892b7444747cc"},"breadcrumb":{"@id":"https:\/\/veritasinfo.org\/?p=40280#breadcrumb"},"inLanguage":"en-US","potentialAction":[{"@type":"ReadAction","target":["https:\/\/veritasinfo.org\/?p=40280"]}]},{"@type":"ImageObject","inLanguage":"en-US","@id":"https:\/\/veritasinfo.org\/?p=40280#primaryimage","url":"https:\/\/veritasinfo.org\/wp-content\/uploads\/2026\/03\/Screenshot_20260327_200027_Chrome.jpg","contentUrl":"https:\/\/veritasinfo.org\/wp-content\/uploads\/2026\/03\/Screenshot_20260327_200027_Chrome.jpg","width":976,"height":588},{"@type":"BreadcrumbList","@id":"https:\/\/veritasinfo.org\/?p=40280#breadcrumb","itemListElement":[{"@type":"ListItem","position":1,"name":"Home","item":"https:\/\/veritasinfo.org\/"},{"@type":"ListItem","position":2,"name":"Kurti takon Macronin n\u00eb Paris, diskutuan p\u00ebr sigurin\u00eb, dialogun dhe integrimin e Kosov\u00ebs n\u00eb BE"}]},{"@type":"WebSite","@id":"https:\/\/veritasinfo.org\/#website","url":"https:\/\/veritasinfo.org\/","name":"","description":"","potentialAction":[{"@type":"SearchAction","target":{"@type":"EntryPoint","urlTemplate":"https:\/\/veritasinfo.org\/?s={search_term_string}"},"query-input":{"@type":"PropertyValueSpecification","valueRequired":true,"valueName":"search_term_string"}}],"inLanguage":"en-US"},{"@type":"Person","@id":"https:\/\/veritasinfo.org\/#\/schema\/person\/fe199eede04c3937362892b7444747cc","name":"US6","image":{"@type":"ImageObject","inLanguage":"en-US","@id":"https:\/\/veritasinfo.org\/#\/schema\/person\/image\/","url":"https:\/\/secure.gravatar.com\/avatar\/cb16c3c31c9d23b9b8c705964598220b3014e42ff51eb540ff23cefa3ae8c15f?s=96&d=mm&r=g","contentUrl":"https:\/\/secure.gravatar.com\/avatar\/cb16c3c31c9d23b9b8c705964598220b3014e42ff51eb540ff23cefa3ae8c15f?s=96&d=mm&r=g","caption":"US6"},"url":"https:\/\/veritasinfo.org\/?author=7"}]}},"featured_image_urls":{"full":["https:\/\/veritasinfo.org\/wp-content\/uploads\/2026\/03\/Screenshot_20260327_200027_Chrome.jpg",976,588,false],"thumbnail":["https:\/\/veritasinfo.org\/wp-content\/uploads\/2026\/03\/Screenshot_20260327_200027_Chrome-150x150.jpg",150,150,true],"medium":["https:\/\/veritasinfo.org\/wp-content\/uploads\/2026\/03\/Screenshot_20260327_200027_Chrome-300x181.jpg",300,181,true],"medium_large":["https:\/\/veritasinfo.org\/wp-content\/uploads\/2026\/03\/Screenshot_20260327_200027_Chrome-768x463.jpg",640,386,true],"large":["https:\/\/veritasinfo.org\/wp-content\/uploads\/2026\/03\/Screenshot_20260327_200027_Chrome.jpg",640,386,false],"1536x1536":["https:\/\/veritasinfo.org\/wp-content\/uploads\/2026\/03\/Screenshot_20260327_200027_Chrome.jpg",976,588,false],"2048x2048":["https:\/\/veritasinfo.org\/wp-content\/uploads\/2026\/03\/Screenshot_20260327_200027_Chrome.jpg",976,588,false],"kreeti-slider-full":["https:\/\/veritasinfo.org\/wp-content\/uploads\/2026\/03\/Screenshot_20260327_200027_Chrome.jpg",976,588,false],"kreeti-featured":["https:\/\/veritasinfo.org\/wp-content\/uploads\/2026\/03\/Screenshot_20260327_200027_Chrome.jpg",976,588,false],"kreeti-medium":["https:\/\/veritasinfo.org\/wp-content\/uploads\/2026\/03\/Screenshot_20260327_200027_Chrome.jpg",720,434,false],"kreeti-medium-square":["https:\/\/veritasinfo.org\/wp-content\/uploads\/2026\/03\/Screenshot_20260327_200027_Chrome.jpg",350,211,false]},"author_info":{"info":["US6"]},"category_info":"<a href=\"https:\/\/veritasinfo.org\/?cat=58\" rel=\"category\">Politik\u00eb<\/a>","tag_info":"Politik\u00eb","comment_count":"0","_links":{"self":[{"href":"https:\/\/veritasinfo.org\/index.php?rest_route=\/wp\/v2\/posts\/40280","targetHints":{"allow":["GET"]}}],"collection":[{"href":"https:\/\/veritasinfo.org\/index.php?rest_route=\/wp\/v2\/posts"}],"about":[{"href":"https:\/\/veritasinfo.org\/index.php?rest_route=\/wp\/v2\/types\/post"}],"author":[{"embeddable":true,"href":"https:\/\/veritasinfo.org\/index.php?rest_route=\/wp\/v2\/users\/7"}],"replies":[{"embeddable":true,"href":"https:\/\/veritasinfo.org\/index.php?rest_route=%2Fwp%2Fv2%2Fcomments&post=40280"}],"version-history":[{"count":1,"href":"https:\/\/veritasinfo.org\/index.php?rest_route=\/wp\/v2\/posts\/40280\/revisions"}],"predecessor-version":[{"id":40282,"href":"https:\/\/veritasinfo.org\/index.php?rest_route=\/wp\/v2\/posts\/40280\/revisions\/40282"}],"wp:featuredmedia":[{"embeddable":true,"href":"https:\/\/veritasinfo.org\/index.php?rest_route=\/wp\/v2\/media\/40281"}],"wp:attachment":[{"href":"https:\/\/veritasinfo.org\/index.php?rest_route=%2Fwp%2Fv2%2Fmedia&parent=40280"}],"wp:term":[{"taxonomy":"category","embeddable":true,"href":"https:\/\/veritasinfo.org\/index.php?rest_route=%2Fwp%2Fv2%2Fcategories&post=40280"},{"taxonomy":"post_tag","embeddable":true,"href":"https:\/\/veritasinfo.org\/index.php?rest_route=%2Fwp%2Fv2%2Ftags&post=40280"}],"curies":[{"name":"wp","href":"https:\/\/api.w.org\/{rel}","templated":true}]}}