{"id":40275,"date":"2026-03-27T18:30:30","date_gmt":"2026-03-27T17:30:30","guid":{"rendered":"https:\/\/veritasinfo.org\/?p=40275"},"modified":"2026-03-27T18:30:30","modified_gmt":"2026-03-27T17:30:30","slug":"shba-ja-dhe-kosova-bisedojne-per-zgjerimin-e-mundesive-ne-fushen-e-energjise-dhe-minierave","status":"publish","type":"post","link":"https:\/\/veritasinfo.org\/?p=40275","title":{"rendered":"ShBA-ja dhe Kosova bisedojn\u00eb p\u00ebr zgjerimin e mund\u00ebsive n\u00eb fush\u00ebn e energjis\u00eb dhe minierave"},"content":{"rendered":"<p>Prishtin\u00eb, 27 mars 2026 18:29<\/p>\n<p>E ngarkuara me pun\u00eb n\u00eb Ambasad\u00ebn amerikane n\u00eb Prishtin\u00eb, Anu Prattipati, ka biseduar me ministren e Ekonomis\u00eb t\u00eb Kosov\u00ebs, Artane Rizvanolli, p\u00ebr zgjerimin e mund\u00ebsive mes dy shteteve n\u00eb fush\u00ebn e energjis\u00eb dhe minierave.\u201cAjo riktheksoi angazhimin e Ambasad\u00ebs p\u00ebr t\u00eb krijuar mund\u00ebsi p\u00ebr bizneset amerikane, ve\u00e7mas t\u00eb atyre q\u00eb operojn\u00eb n\u00eb sektorin e gazit t\u00eb l\u00ebngsh\u00ebm natyror dhe at\u00eb t\u00eb minierave. Mezi presim vazhdimin e bashk\u00ebpunimit n\u00eb fushat q\u00eb promovojn\u00eb prosperitet t\u00eb nd\u00ebrsjell\u00eb\u201d, shkroi Ambasada n\u00eb nj\u00eb postim n\u00eb rrjetet sociale.<\/p>\n<p>Aktualisht, Kosova nuk ka rrjet gazsjell\u00ebsish p\u00ebr shp\u00ebrndarjen e gazit natyror e as sistem t\u00eb nd\u00ebrtuar institucional p\u00ebr menaxhimin e k\u00ebtij sektori.P\u00ebr furnizim me energji elektrike, vendi mbetet i varur nga qymyri, pasi rreth 90 p\u00ebr qind e energjis\u00eb elektrike prodhohet nga termocentralet Kosova A dhe B, q\u00eb jan\u00eb t\u00eb vjetra.<\/p>\n<p>S\u00eb voni, ministrja Rizvanolli shprehu gatishm\u00ebri p\u00ebr furnizim me gaz nga SHBA-ja gjat\u00eb Samitit Trans-Atlantik p\u00ebr Sigurin\u00eb e Gazit, t\u00eb mbajtur n\u00eb Uashington m\u00eb 24 shkurt.<\/p>\n<p>Gjat\u00eb samitit, Rizvanolli tha se p\u00ebr Kosov\u00ebn p\u00ebrballueshm\u00ebria e energjis\u00eb mbetet prioritet ky\u00e7 dhe shteti ndjek nj\u00eb qasje t\u00eb dyfisht\u00eb: \u201crehabilitimin e kapaciteteve ekzistuese dhe eksplorimin e teknologjive t\u00eb reja, p\u00ebrfshir\u00eb gazifikimin e th\u00ebngjillit, duke shprehur gatishm\u00ebri p\u00ebr bashk\u00ebpunim me Qeverin\u00eb dhe kompanit\u00eb amerikane\u201d.<\/p>\n<p>Nd\u00ebrkaq, n\u00eb Strategjin\u00eb e Energjis\u00eb t\u00eb Kosov\u00ebs p\u00ebr periudh\u00ebn 2022-2031 parashikohet mund\u00ebsia q\u00eb vendi t\u00eb lidhet me rrjetet rajonale t\u00eb gazit n\u00eb t\u00eb ardhmen.Megjithat\u00eb, p\u00ebr shkak se vendi nuk ka dalje n\u00eb det, \u00ebsht\u00eb m\u00eb e v\u00ebshtir\u00eb q\u00eb t\u00eb nd\u00ebrtoj\u00eb infrastruktur\u00eb t\u00eb gazit pa bashk\u00ebpunim me shtetet fqinje.<\/p>\n<p>Nj\u00eb nga opsionet \u00ebsht\u00eb lidhja me infrastruktur\u00ebn e planifikuar n\u00eb Shqip\u00ebri ose Greqi, ve\u00e7an\u00ebrisht p\u00ebrmes gazsjell\u00ebsit TAP, ose p\u00ebrmes terminalit t\u00eb gazit t\u00eb l\u00ebngsh\u00ebm n\u00eb Vlor\u00eb.ShBA-ja, nd\u00ebrkaq, synon ta rris\u00eb pranin\u00eb n\u00eb tregun evropian t\u00eb gazit p\u00ebrmes t\u00eb ashtuquajturit Korridori Vertikal, duke p\u00ebrdorur ose zgjeruar infrastruktur\u00ebn ekzistuese energjetike n\u00eb rajon.<\/p>\n<p>Edhe pse nuk ka rrjet t\u00eb gazsjell\u00ebsve, gazi natyror p\u00ebrdoret n\u00eb Kosov\u00eb n\u00eb forma t\u00eb tjera.Ai importohet kryesisht n\u00eb bombola ose cisterna dhe p\u00ebrdoret n\u00eb sektorin e gastronomis\u00eb, p\u00ebr ngrohjen e disa sht\u00ebpive dhe n\u00eb nj\u00eb mas\u00eb m\u00eb t\u00eb vog\u00ebl si karburant p\u00ebr automjete.<\/p>\n<p>K\u00ebto forma t\u00eb gazit jan\u00eb zakonisht gaz i l\u00ebngsh\u00ebm i naft\u00ebs, i cili nuk lidhet me rrjete t\u00eb m\u00ebdha t\u00eb furnizimit energjetik.Sipas t\u00eb dh\u00ebnave q\u00eb Dogana e Kosov\u00ebs ia d\u00ebrgoi Radios Evropa e Lir\u00eb m\u00eb her\u00ebt gjat\u00eb k\u00ebtij muaji, vlera totale e gazit t\u00eb importuar kishte arritur n\u00eb 19 milion\u00eb euro gjat\u00eb vitit t\u00eb kaluar. Rreth 2.5 milion\u00eb euro gaz jan\u00eb importuar nga Shtetet e Bashkuara t\u00eb Amerik\u00ebs, mbi dy milion\u00eb euro nga Arabia Saudite, nd\u00ebrsa pjesa tjet\u00ebr nga vende si Kuvajti, Algjeria dhe disa shtete t\u00eb Evrop\u00ebs.<\/p>\n<p>Tema e gazit n\u00eb Kosov\u00eb daton q\u00eb sa vjet. M\u00eb 2021, Qeveria e Kosov\u00ebs kishte vendosur q\u00eb t\u00eb mos e \u00e7onte p\u00ebrpara projektin p\u00ebr nd\u00ebrtimin e infrastruktur\u00ebs s\u00eb gazit n\u00eb Kosov\u00eb, t\u00eb financuar nga Korporata e Sfidave t\u00eb Mij\u00ebvje\u00e7arit e Qeveris\u00eb s\u00eb ShBA-s\u00eb (MCC).Nj\u00eb arsye p\u00ebr mos \u00e7uar p\u00ebrpara projektin, Rizvanolli at\u00ebbot\u00eb kishte p\u00ebrmendur edhe \u00e7\u00ebshtjen e kostos s\u00eb projektit.<\/p>\n","protected":false},"excerpt":{"rendered":"<p>Prishtin\u00eb, 27 mars 2026 18:29 E ngarkuara me pun\u00eb n\u00eb Ambasad\u00ebn amerikane n\u00eb Prishtin\u00eb, Anu Prattipati, ka biseduar me ministren e Ekonomis\u00eb t\u00eb Kosov\u00ebs, Artane<\/p>\n","protected":false},"author":7,"featured_media":40276,"comment_status":"open","ping_status":"open","sticky":false,"template":"","format":"standard","meta":{"footnotes":""},"categories":[58],"tags":[],"class_list":["post-40275","post","type-post","status-publish","format-standard","has-post-thumbnail","hentry","category-politike-sq"],"yoast_head":"<!-- This site is optimized with the Yoast SEO plugin v25.3.1 - https:\/\/yoast.com\/wordpress\/plugins\/seo\/ -->\n<title>ShBA-ja dhe Kosova bisedojn\u00eb p\u00ebr zgjerimin e mund\u00ebsive n\u00eb fush\u00ebn e energjis\u00eb dhe minierave -<\/title>\n<meta name=\"robots\" content=\"index, follow, max-snippet:-1, max-image-preview:large, max-video-preview:-1\" \/>\n<link rel=\"canonical\" href=\"https:\/\/veritasinfo.org\/?p=40275\" \/>\n<meta property=\"og:locale\" content=\"en_US\" \/>\n<meta property=\"og:type\" content=\"article\" \/>\n<meta property=\"og:title\" content=\"ShBA-ja dhe Kosova bisedojn\u00eb p\u00ebr zgjerimin e mund\u00ebsive n\u00eb fush\u00ebn e energjis\u00eb dhe minierave -\" \/>\n<meta property=\"og:description\" content=\"Prishtin\u00eb, 27 mars 2026 18:29 E ngarkuara me pun\u00eb n\u00eb Ambasad\u00ebn amerikane n\u00eb Prishtin\u00eb, Anu Prattipati, ka biseduar me ministren e Ekonomis\u00eb t\u00eb Kosov\u00ebs, Artane\" \/>\n<meta property=\"og:url\" content=\"https:\/\/veritasinfo.org\/?p=40275\" \/>\n<meta property=\"article:published_time\" content=\"2026-03-27T17:30:30+00:00\" \/>\n<meta property=\"og:image\" content=\"https:\/\/veritasinfo.org\/wp-content\/uploads\/2026\/03\/prattipati-rizvanolli.jpg\" \/>\n\t<meta property=\"og:image:width\" content=\"800\" \/>\n\t<meta property=\"og:image:height\" content=\"533\" \/>\n\t<meta property=\"og:image:type\" content=\"image\/jpeg\" \/>\n<meta name=\"author\" content=\"US6\" \/>\n<meta name=\"twitter:card\" content=\"summary_large_image\" \/>\n<meta name=\"twitter:label1\" content=\"Written by\" \/>\n\t<meta name=\"twitter:data1\" content=\"US6\" \/>\n\t<meta name=\"twitter:label2\" content=\"Est. reading time\" \/>\n\t<meta name=\"twitter:data2\" content=\"3 minutes\" \/>\n<script type=\"application\/ld+json\" class=\"yoast-schema-graph\">{\"@context\":\"https:\/\/schema.org\",\"@graph\":[{\"@type\":\"WebPage\",\"@id\":\"https:\/\/veritasinfo.org\/?p=40275\",\"url\":\"https:\/\/veritasinfo.org\/?p=40275\",\"name\":\"ShBA-ja dhe Kosova bisedojn\u00eb p\u00ebr zgjerimin e mund\u00ebsive n\u00eb fush\u00ebn e energjis\u00eb dhe minierave -\",\"isPartOf\":{\"@id\":\"https:\/\/veritasinfo.org\/#website\"},\"primaryImageOfPage\":{\"@id\":\"https:\/\/veritasinfo.org\/?p=40275#primaryimage\"},\"image\":{\"@id\":\"https:\/\/veritasinfo.org\/?p=40275#primaryimage\"},\"thumbnailUrl\":\"https:\/\/veritasinfo.org\/wp-content\/uploads\/2026\/03\/prattipati-rizvanolli.jpg\",\"datePublished\":\"2026-03-27T17:30:30+00:00\",\"author\":{\"@id\":\"https:\/\/veritasinfo.org\/#\/schema\/person\/fe199eede04c3937362892b7444747cc\"},\"breadcrumb\":{\"@id\":\"https:\/\/veritasinfo.org\/?p=40275#breadcrumb\"},\"inLanguage\":\"en-US\",\"potentialAction\":[{\"@type\":\"ReadAction\",\"target\":[\"https:\/\/veritasinfo.org\/?p=40275\"]}]},{\"@type\":\"ImageObject\",\"inLanguage\":\"en-US\",\"@id\":\"https:\/\/veritasinfo.org\/?p=40275#primaryimage\",\"url\":\"https:\/\/veritasinfo.org\/wp-content\/uploads\/2026\/03\/prattipati-rizvanolli.jpg\",\"contentUrl\":\"https:\/\/veritasinfo.org\/wp-content\/uploads\/2026\/03\/prattipati-rizvanolli.jpg\",\"width\":800,\"height\":533},{\"@type\":\"BreadcrumbList\",\"@id\":\"https:\/\/veritasinfo.org\/?p=40275#breadcrumb\",\"itemListElement\":[{\"@type\":\"ListItem\",\"position\":1,\"name\":\"Home\",\"item\":\"https:\/\/veritasinfo.org\/\"},{\"@type\":\"ListItem\",\"position\":2,\"name\":\"ShBA-ja dhe Kosova bisedojn\u00eb p\u00ebr zgjerimin e mund\u00ebsive n\u00eb fush\u00ebn e energjis\u00eb dhe minierave\"}]},{\"@type\":\"WebSite\",\"@id\":\"https:\/\/veritasinfo.org\/#website\",\"url\":\"https:\/\/veritasinfo.org\/\",\"name\":\"\",\"description\":\"\",\"potentialAction\":[{\"@type\":\"SearchAction\",\"target\":{\"@type\":\"EntryPoint\",\"urlTemplate\":\"https:\/\/veritasinfo.org\/?s={search_term_string}\"},\"query-input\":{\"@type\":\"PropertyValueSpecification\",\"valueRequired\":true,\"valueName\":\"search_term_string\"}}],\"inLanguage\":\"en-US\"},{\"@type\":\"Person\",\"@id\":\"https:\/\/veritasinfo.org\/#\/schema\/person\/fe199eede04c3937362892b7444747cc\",\"name\":\"US6\",\"image\":{\"@type\":\"ImageObject\",\"inLanguage\":\"en-US\",\"@id\":\"https:\/\/veritasinfo.org\/#\/schema\/person\/image\/\",\"url\":\"https:\/\/secure.gravatar.com\/avatar\/cb16c3c31c9d23b9b8c705964598220b3014e42ff51eb540ff23cefa3ae8c15f?s=96&d=mm&r=g\",\"contentUrl\":\"https:\/\/secure.gravatar.com\/avatar\/cb16c3c31c9d23b9b8c705964598220b3014e42ff51eb540ff23cefa3ae8c15f?s=96&d=mm&r=g\",\"caption\":\"US6\"},\"url\":\"https:\/\/veritasinfo.org\/?author=7\"}]}<\/script>\n<!-- \/ Yoast SEO plugin. -->","yoast_head_json":{"title":"ShBA-ja dhe Kosova bisedojn\u00eb p\u00ebr zgjerimin e mund\u00ebsive n\u00eb fush\u00ebn e energjis\u00eb dhe minierave -","robots":{"index":"index","follow":"follow","max-snippet":"max-snippet:-1","max-image-preview":"max-image-preview:large","max-video-preview":"max-video-preview:-1"},"canonical":"https:\/\/veritasinfo.org\/?p=40275","og_locale":"en_US","og_type":"article","og_title":"ShBA-ja dhe Kosova bisedojn\u00eb p\u00ebr zgjerimin e mund\u00ebsive n\u00eb fush\u00ebn e energjis\u00eb dhe minierave -","og_description":"Prishtin\u00eb, 27 mars 2026 18:29 E ngarkuara me pun\u00eb n\u00eb Ambasad\u00ebn amerikane n\u00eb Prishtin\u00eb, Anu Prattipati, ka biseduar me ministren e Ekonomis\u00eb t\u00eb Kosov\u00ebs, Artane","og_url":"https:\/\/veritasinfo.org\/?p=40275","article_published_time":"2026-03-27T17:30:30+00:00","og_image":[{"width":800,"height":533,"url":"https:\/\/veritasinfo.org\/wp-content\/uploads\/2026\/03\/prattipati-rizvanolli.jpg","type":"image\/jpeg"}],"author":"US6","twitter_card":"summary_large_image","twitter_misc":{"Written by":"US6","Est. reading time":"3 minutes"},"schema":{"@context":"https:\/\/schema.org","@graph":[{"@type":"WebPage","@id":"https:\/\/veritasinfo.org\/?p=40275","url":"https:\/\/veritasinfo.org\/?p=40275","name":"ShBA-ja dhe Kosova bisedojn\u00eb p\u00ebr zgjerimin e mund\u00ebsive n\u00eb fush\u00ebn e energjis\u00eb dhe minierave -","isPartOf":{"@id":"https:\/\/veritasinfo.org\/#website"},"primaryImageOfPage":{"@id":"https:\/\/veritasinfo.org\/?p=40275#primaryimage"},"image":{"@id":"https:\/\/veritasinfo.org\/?p=40275#primaryimage"},"thumbnailUrl":"https:\/\/veritasinfo.org\/wp-content\/uploads\/2026\/03\/prattipati-rizvanolli.jpg","datePublished":"2026-03-27T17:30:30+00:00","author":{"@id":"https:\/\/veritasinfo.org\/#\/schema\/person\/fe199eede04c3937362892b7444747cc"},"breadcrumb":{"@id":"https:\/\/veritasinfo.org\/?p=40275#breadcrumb"},"inLanguage":"en-US","potentialAction":[{"@type":"ReadAction","target":["https:\/\/veritasinfo.org\/?p=40275"]}]},{"@type":"ImageObject","inLanguage":"en-US","@id":"https:\/\/veritasinfo.org\/?p=40275#primaryimage","url":"https:\/\/veritasinfo.org\/wp-content\/uploads\/2026\/03\/prattipati-rizvanolli.jpg","contentUrl":"https:\/\/veritasinfo.org\/wp-content\/uploads\/2026\/03\/prattipati-rizvanolli.jpg","width":800,"height":533},{"@type":"BreadcrumbList","@id":"https:\/\/veritasinfo.org\/?p=40275#breadcrumb","itemListElement":[{"@type":"ListItem","position":1,"name":"Home","item":"https:\/\/veritasinfo.org\/"},{"@type":"ListItem","position":2,"name":"ShBA-ja dhe Kosova bisedojn\u00eb p\u00ebr zgjerimin e mund\u00ebsive n\u00eb fush\u00ebn e energjis\u00eb dhe minierave"}]},{"@type":"WebSite","@id":"https:\/\/veritasinfo.org\/#website","url":"https:\/\/veritasinfo.org\/","name":"","description":"","potentialAction":[{"@type":"SearchAction","target":{"@type":"EntryPoint","urlTemplate":"https:\/\/veritasinfo.org\/?s={search_term_string}"},"query-input":{"@type":"PropertyValueSpecification","valueRequired":true,"valueName":"search_term_string"}}],"inLanguage":"en-US"},{"@type":"Person","@id":"https:\/\/veritasinfo.org\/#\/schema\/person\/fe199eede04c3937362892b7444747cc","name":"US6","image":{"@type":"ImageObject","inLanguage":"en-US","@id":"https:\/\/veritasinfo.org\/#\/schema\/person\/image\/","url":"https:\/\/secure.gravatar.com\/avatar\/cb16c3c31c9d23b9b8c705964598220b3014e42ff51eb540ff23cefa3ae8c15f?s=96&d=mm&r=g","contentUrl":"https:\/\/secure.gravatar.com\/avatar\/cb16c3c31c9d23b9b8c705964598220b3014e42ff51eb540ff23cefa3ae8c15f?s=96&d=mm&r=g","caption":"US6"},"url":"https:\/\/veritasinfo.org\/?author=7"}]}},"featured_image_urls":{"full":["https:\/\/veritasinfo.org\/wp-content\/uploads\/2026\/03\/prattipati-rizvanolli.jpg",800,533,false],"thumbnail":["https:\/\/veritasinfo.org\/wp-content\/uploads\/2026\/03\/prattipati-rizvanolli-150x150.jpg",150,150,true],"medium":["https:\/\/veritasinfo.org\/wp-content\/uploads\/2026\/03\/prattipati-rizvanolli-300x200.jpg",300,200,true],"medium_large":["https:\/\/veritasinfo.org\/wp-content\/uploads\/2026\/03\/prattipati-rizvanolli-768x512.jpg",640,427,true],"large":["https:\/\/veritasinfo.org\/wp-content\/uploads\/2026\/03\/prattipati-rizvanolli.jpg",640,426,false],"1536x1536":["https:\/\/veritasinfo.org\/wp-content\/uploads\/2026\/03\/prattipati-rizvanolli.jpg",800,533,false],"2048x2048":["https:\/\/veritasinfo.org\/wp-content\/uploads\/2026\/03\/prattipati-rizvanolli.jpg",800,533,false],"kreeti-slider-full":["https:\/\/veritasinfo.org\/wp-content\/uploads\/2026\/03\/prattipati-rizvanolli.jpg",800,533,false],"kreeti-featured":["https:\/\/veritasinfo.org\/wp-content\/uploads\/2026\/03\/prattipati-rizvanolli.jpg",800,533,false],"kreeti-medium":["https:\/\/veritasinfo.org\/wp-content\/uploads\/2026\/03\/prattipati-rizvanolli.jpg",720,480,false],"kreeti-medium-square":["https:\/\/veritasinfo.org\/wp-content\/uploads\/2026\/03\/prattipati-rizvanolli.jpg",350,233,false]},"author_info":{"info":["US6"]},"category_info":"<a href=\"https:\/\/veritasinfo.org\/?cat=58\" rel=\"category\">Politik\u00eb<\/a>","tag_info":"Politik\u00eb","comment_count":"0","_links":{"self":[{"href":"https:\/\/veritasinfo.org\/index.php?rest_route=\/wp\/v2\/posts\/40275","targetHints":{"allow":["GET"]}}],"collection":[{"href":"https:\/\/veritasinfo.org\/index.php?rest_route=\/wp\/v2\/posts"}],"about":[{"href":"https:\/\/veritasinfo.org\/index.php?rest_route=\/wp\/v2\/types\/post"}],"author":[{"embeddable":true,"href":"https:\/\/veritasinfo.org\/index.php?rest_route=\/wp\/v2\/users\/7"}],"replies":[{"embeddable":true,"href":"https:\/\/veritasinfo.org\/index.php?rest_route=%2Fwp%2Fv2%2Fcomments&post=40275"}],"version-history":[{"count":1,"href":"https:\/\/veritasinfo.org\/index.php?rest_route=\/wp\/v2\/posts\/40275\/revisions"}],"predecessor-version":[{"id":40277,"href":"https:\/\/veritasinfo.org\/index.php?rest_route=\/wp\/v2\/posts\/40275\/revisions\/40277"}],"wp:featuredmedia":[{"embeddable":true,"href":"https:\/\/veritasinfo.org\/index.php?rest_route=\/wp\/v2\/media\/40276"}],"wp:attachment":[{"href":"https:\/\/veritasinfo.org\/index.php?rest_route=%2Fwp%2Fv2%2Fmedia&parent=40275"}],"wp:term":[{"taxonomy":"category","embeddable":true,"href":"https:\/\/veritasinfo.org\/index.php?rest_route=%2Fwp%2Fv2%2Fcategories&post=40275"},{"taxonomy":"post_tag","embeddable":true,"href":"https:\/\/veritasinfo.org\/index.php?rest_route=%2Fwp%2Fv2%2Ftags&post=40275"}],"curies":[{"name":"wp","href":"https:\/\/api.w.org\/{rel}","templated":true}]}}