{"id":40264,"date":"2026-03-27T17:27:45","date_gmt":"2026-03-27T16:27:45","guid":{"rendered":"https:\/\/veritasinfo.org\/?p=40264"},"modified":"2026-03-27T17:27:45","modified_gmt":"2026-03-27T16:27:45","slug":"pak-dite-para-ndeshjes-jetike-osmani-takohet-me-ambasadorin-turk","status":"publish","type":"post","link":"https:\/\/veritasinfo.org\/?p=40264","title":{"rendered":"Pak dit\u00eb para ndeshjes jetike, Osmani takohet me ambasadorin turk"},"content":{"rendered":"<p>Prishtin\u00eb 27 Mars 2026 17:27<\/p>\n<p>Presidentja Vjosa Osmani priti n\u00eb takim ambasadorin e Turqis\u00eb n\u00eb Kosov\u00eb, Sabri Tun\u00e7 Ang\u0131l\u0131, me t\u00eb cilin diskutoi p\u00ebr marr\u00ebdh\u00ebniet e shk\u00eblqyeshme dypal\u00ebshe dhe zhvillimet aktuale.<\/p>\n<p>Ajo shprehu mir\u00ebnjohje t\u00eb thell\u00eb p\u00ebr mb\u00ebshtetjen e vazhdueshme t\u00eb Turqis\u00eb ndaj Kosov\u00ebs, si historikisht ashtu edhe gjat\u00eb mandatit t\u00eb saj, ve\u00e7an\u00ebrisht n\u00eb fush\u00ebn e mbrojtjes dhe diplomacis\u00eb. Presidentja vler\u00ebsoi rolin e Turqis\u00eb n\u00eb forcimin e kapaciteteve t\u00eb FSK-s\u00eb dhe n\u00eb p\u00ebrkrahjen e Kosov\u00ebs n\u00eb procesin e njohjeve nd\u00ebrkomb\u00ebtare.<\/p>\n<p>Nj\u00eb fal\u00ebnderim i ve\u00e7ant\u00eb iu drejtua Presidentit Recep Tayyip Erdo\u011fan p\u00ebr p\u00ebrkushtimin e tij ndaj Kosov\u00ebs, si dhe ambasadorit Ang\u0131l\u0131 dhe Ambasad\u00ebs s\u00eb Turqis\u00eb p\u00ebr angazhimin dhe mb\u00ebshtetjen e vazhdueshme.<\/p>\n<p>T\u00eb dy pal\u00ebt riafirmuan p\u00ebrkushtimin p\u00ebr forcimin e m\u00ebtejm\u00eb t\u00eb partneritetit n\u00eb funksion t\u00eb paqes, stabilitetit dhe zhvillimit.<\/p>\n<p>N\u00eb fund t\u00eb takimit, u p\u00ebrmend edhe ndeshja e ardhshme kualifikuese p\u00ebr FIFA World Cup 2026 qualifiers nd\u00ebrmjet Kosov\u00ebs dhe Turqis\u00eb, me \u00e7\u2019rast u shpreh d\u00ebshira q\u00eb kjo p\u00ebrballje t\u00eb karakterizohet nga fryma sportive dhe respekti i nd\u00ebrsjell\u00eb.<\/p>\n","protected":false},"excerpt":{"rendered":"<p>Prishtin\u00eb 27 Mars 2026 17:27 Presidentja Vjosa Osmani priti n\u00eb takim ambasadorin e Turqis\u00eb n\u00eb Kosov\u00eb, Sabri Tun\u00e7 Ang\u0131l\u0131, me t\u00eb cilin diskutoi p\u00ebr marr\u00ebdh\u00ebniet<\/p>\n","protected":false},"author":6,"featured_media":40265,"comment_status":"open","ping_status":"open","sticky":false,"template":"","format":"standard","meta":{"footnotes":""},"categories":[60],"tags":[],"class_list":["post-40264","post","type-post","status-publish","format-standard","has-post-thumbnail","hentry","category-shoqerore-sq"],"yoast_head":"<!-- This site is optimized with the Yoast SEO plugin v25.3.1 - https:\/\/yoast.com\/wordpress\/plugins\/seo\/ -->\n<title>Pak dit\u00eb para ndeshjes jetike, Osmani takohet me ambasadorin turk -<\/title>\n<meta name=\"robots\" content=\"index, follow, max-snippet:-1, max-image-preview:large, max-video-preview:-1\" \/>\n<link rel=\"canonical\" href=\"https:\/\/veritasinfo.org\/?p=40264\" \/>\n<meta property=\"og:locale\" content=\"en_US\" \/>\n<meta property=\"og:type\" content=\"article\" \/>\n<meta property=\"og:title\" content=\"Pak dit\u00eb para ndeshjes jetike, Osmani takohet me ambasadorin turk -\" \/>\n<meta property=\"og:description\" content=\"Prishtin\u00eb 27 Mars 2026 17:27 Presidentja Vjosa Osmani priti n\u00eb takim ambasadorin e Turqis\u00eb n\u00eb Kosov\u00eb, Sabri Tun\u00e7 Ang\u0131l\u0131, me t\u00eb cilin diskutoi p\u00ebr marr\u00ebdh\u00ebniet\" \/>\n<meta property=\"og:url\" content=\"https:\/\/veritasinfo.org\/?p=40264\" \/>\n<meta property=\"article:published_time\" content=\"2026-03-27T16:27:45+00:00\" \/>\n<meta property=\"og:image\" content=\"https:\/\/veritasinfo.org\/wp-content\/uploads\/2026\/03\/Presidentja-Vjosa-Osmani-priti-ne-takim-ambasadorin-e-Turqise-ne-Kosove-Sabri-Tunc-Angili-1.jpg\" \/>\n\t<meta property=\"og:image:width\" content=\"1280\" \/>\n\t<meta property=\"og:image:height\" content=\"978\" \/>\n\t<meta property=\"og:image:type\" content=\"image\/jpeg\" \/>\n<meta name=\"author\" content=\"US5\" \/>\n<meta name=\"twitter:card\" content=\"summary_large_image\" \/>\n<meta name=\"twitter:label1\" content=\"Written by\" \/>\n\t<meta name=\"twitter:data1\" content=\"US5\" \/>\n\t<meta name=\"twitter:label2\" content=\"Est. reading time\" \/>\n\t<meta name=\"twitter:data2\" content=\"1 minute\" \/>\n<script type=\"application\/ld+json\" class=\"yoast-schema-graph\">{\"@context\":\"https:\/\/schema.org\",\"@graph\":[{\"@type\":\"WebPage\",\"@id\":\"https:\/\/veritasinfo.org\/?p=40264\",\"url\":\"https:\/\/veritasinfo.org\/?p=40264\",\"name\":\"Pak dit\u00eb para ndeshjes jetike, Osmani takohet me ambasadorin turk -\",\"isPartOf\":{\"@id\":\"https:\/\/veritasinfo.org\/#website\"},\"primaryImageOfPage\":{\"@id\":\"https:\/\/veritasinfo.org\/?p=40264#primaryimage\"},\"image\":{\"@id\":\"https:\/\/veritasinfo.org\/?p=40264#primaryimage\"},\"thumbnailUrl\":\"https:\/\/veritasinfo.org\/wp-content\/uploads\/2026\/03\/Presidentja-Vjosa-Osmani-priti-ne-takim-ambasadorin-e-Turqise-ne-Kosove-Sabri-Tunc-Angili-1.jpg\",\"datePublished\":\"2026-03-27T16:27:45+00:00\",\"author\":{\"@id\":\"https:\/\/veritasinfo.org\/#\/schema\/person\/bc442336e35414d04494ab8fb45db4c6\"},\"breadcrumb\":{\"@id\":\"https:\/\/veritasinfo.org\/?p=40264#breadcrumb\"},\"inLanguage\":\"en-US\",\"potentialAction\":[{\"@type\":\"ReadAction\",\"target\":[\"https:\/\/veritasinfo.org\/?p=40264\"]}]},{\"@type\":\"ImageObject\",\"inLanguage\":\"en-US\",\"@id\":\"https:\/\/veritasinfo.org\/?p=40264#primaryimage\",\"url\":\"https:\/\/veritasinfo.org\/wp-content\/uploads\/2026\/03\/Presidentja-Vjosa-Osmani-priti-ne-takim-ambasadorin-e-Turqise-ne-Kosove-Sabri-Tunc-Angili-1.jpg\",\"contentUrl\":\"https:\/\/veritasinfo.org\/wp-content\/uploads\/2026\/03\/Presidentja-Vjosa-Osmani-priti-ne-takim-ambasadorin-e-Turqise-ne-Kosove-Sabri-Tunc-Angili-1.jpg\",\"width\":1280,\"height\":978},{\"@type\":\"BreadcrumbList\",\"@id\":\"https:\/\/veritasinfo.org\/?p=40264#breadcrumb\",\"itemListElement\":[{\"@type\":\"ListItem\",\"position\":1,\"name\":\"Home\",\"item\":\"https:\/\/veritasinfo.org\/\"},{\"@type\":\"ListItem\",\"position\":2,\"name\":\"Pak dit\u00eb para ndeshjes jetike, Osmani takohet me ambasadorin turk\"}]},{\"@type\":\"WebSite\",\"@id\":\"https:\/\/veritasinfo.org\/#website\",\"url\":\"https:\/\/veritasinfo.org\/\",\"name\":\"\",\"description\":\"\",\"potentialAction\":[{\"@type\":\"SearchAction\",\"target\":{\"@type\":\"EntryPoint\",\"urlTemplate\":\"https:\/\/veritasinfo.org\/?s={search_term_string}\"},\"query-input\":{\"@type\":\"PropertyValueSpecification\",\"valueRequired\":true,\"valueName\":\"search_term_string\"}}],\"inLanguage\":\"en-US\"},{\"@type\":\"Person\",\"@id\":\"https:\/\/veritasinfo.org\/#\/schema\/person\/bc442336e35414d04494ab8fb45db4c6\",\"name\":\"US5\",\"image\":{\"@type\":\"ImageObject\",\"inLanguage\":\"en-US\",\"@id\":\"https:\/\/veritasinfo.org\/#\/schema\/person\/image\/\",\"url\":\"https:\/\/secure.gravatar.com\/avatar\/16a61e7272a0c5d001121ebb9e60e925d5816e4ac1e443ed3e640d9a6ae55d0c?s=96&d=mm&r=g\",\"contentUrl\":\"https:\/\/secure.gravatar.com\/avatar\/16a61e7272a0c5d001121ebb9e60e925d5816e4ac1e443ed3e640d9a6ae55d0c?s=96&d=mm&r=g\",\"caption\":\"US5\"},\"url\":\"https:\/\/veritasinfo.org\/?author=6\"}]}<\/script>\n<!-- \/ Yoast SEO plugin. -->","yoast_head_json":{"title":"Pak dit\u00eb para ndeshjes jetike, Osmani takohet me ambasadorin turk -","robots":{"index":"index","follow":"follow","max-snippet":"max-snippet:-1","max-image-preview":"max-image-preview:large","max-video-preview":"max-video-preview:-1"},"canonical":"https:\/\/veritasinfo.org\/?p=40264","og_locale":"en_US","og_type":"article","og_title":"Pak dit\u00eb para ndeshjes jetike, Osmani takohet me ambasadorin turk -","og_description":"Prishtin\u00eb 27 Mars 2026 17:27 Presidentja Vjosa Osmani priti n\u00eb takim ambasadorin e Turqis\u00eb n\u00eb Kosov\u00eb, Sabri Tun\u00e7 Ang\u0131l\u0131, me t\u00eb cilin diskutoi p\u00ebr marr\u00ebdh\u00ebniet","og_url":"https:\/\/veritasinfo.org\/?p=40264","article_published_time":"2026-03-27T16:27:45+00:00","og_image":[{"width":1280,"height":978,"url":"https:\/\/veritasinfo.org\/wp-content\/uploads\/2026\/03\/Presidentja-Vjosa-Osmani-priti-ne-takim-ambasadorin-e-Turqise-ne-Kosove-Sabri-Tunc-Angili-1.jpg","type":"image\/jpeg"}],"author":"US5","twitter_card":"summary_large_image","twitter_misc":{"Written by":"US5","Est. reading time":"1 minute"},"schema":{"@context":"https:\/\/schema.org","@graph":[{"@type":"WebPage","@id":"https:\/\/veritasinfo.org\/?p=40264","url":"https:\/\/veritasinfo.org\/?p=40264","name":"Pak dit\u00eb para ndeshjes jetike, Osmani takohet me ambasadorin turk -","isPartOf":{"@id":"https:\/\/veritasinfo.org\/#website"},"primaryImageOfPage":{"@id":"https:\/\/veritasinfo.org\/?p=40264#primaryimage"},"image":{"@id":"https:\/\/veritasinfo.org\/?p=40264#primaryimage"},"thumbnailUrl":"https:\/\/veritasinfo.org\/wp-content\/uploads\/2026\/03\/Presidentja-Vjosa-Osmani-priti-ne-takim-ambasadorin-e-Turqise-ne-Kosove-Sabri-Tunc-Angili-1.jpg","datePublished":"2026-03-27T16:27:45+00:00","author":{"@id":"https:\/\/veritasinfo.org\/#\/schema\/person\/bc442336e35414d04494ab8fb45db4c6"},"breadcrumb":{"@id":"https:\/\/veritasinfo.org\/?p=40264#breadcrumb"},"inLanguage":"en-US","potentialAction":[{"@type":"ReadAction","target":["https:\/\/veritasinfo.org\/?p=40264"]}]},{"@type":"ImageObject","inLanguage":"en-US","@id":"https:\/\/veritasinfo.org\/?p=40264#primaryimage","url":"https:\/\/veritasinfo.org\/wp-content\/uploads\/2026\/03\/Presidentja-Vjosa-Osmani-priti-ne-takim-ambasadorin-e-Turqise-ne-Kosove-Sabri-Tunc-Angili-1.jpg","contentUrl":"https:\/\/veritasinfo.org\/wp-content\/uploads\/2026\/03\/Presidentja-Vjosa-Osmani-priti-ne-takim-ambasadorin-e-Turqise-ne-Kosove-Sabri-Tunc-Angili-1.jpg","width":1280,"height":978},{"@type":"BreadcrumbList","@id":"https:\/\/veritasinfo.org\/?p=40264#breadcrumb","itemListElement":[{"@type":"ListItem","position":1,"name":"Home","item":"https:\/\/veritasinfo.org\/"},{"@type":"ListItem","position":2,"name":"Pak dit\u00eb para ndeshjes jetike, Osmani takohet me ambasadorin turk"}]},{"@type":"WebSite","@id":"https:\/\/veritasinfo.org\/#website","url":"https:\/\/veritasinfo.org\/","name":"","description":"","potentialAction":[{"@type":"SearchAction","target":{"@type":"EntryPoint","urlTemplate":"https:\/\/veritasinfo.org\/?s={search_term_string}"},"query-input":{"@type":"PropertyValueSpecification","valueRequired":true,"valueName":"search_term_string"}}],"inLanguage":"en-US"},{"@type":"Person","@id":"https:\/\/veritasinfo.org\/#\/schema\/person\/bc442336e35414d04494ab8fb45db4c6","name":"US5","image":{"@type":"ImageObject","inLanguage":"en-US","@id":"https:\/\/veritasinfo.org\/#\/schema\/person\/image\/","url":"https:\/\/secure.gravatar.com\/avatar\/16a61e7272a0c5d001121ebb9e60e925d5816e4ac1e443ed3e640d9a6ae55d0c?s=96&d=mm&r=g","contentUrl":"https:\/\/secure.gravatar.com\/avatar\/16a61e7272a0c5d001121ebb9e60e925d5816e4ac1e443ed3e640d9a6ae55d0c?s=96&d=mm&r=g","caption":"US5"},"url":"https:\/\/veritasinfo.org\/?author=6"}]}},"featured_image_urls":{"full":["https:\/\/veritasinfo.org\/wp-content\/uploads\/2026\/03\/Presidentja-Vjosa-Osmani-priti-ne-takim-ambasadorin-e-Turqise-ne-Kosove-Sabri-Tunc-Angili-1.jpg",1280,978,false],"thumbnail":["https:\/\/veritasinfo.org\/wp-content\/uploads\/2026\/03\/Presidentja-Vjosa-Osmani-priti-ne-takim-ambasadorin-e-Turqise-ne-Kosove-Sabri-Tunc-Angili-1-150x150.jpg",150,150,true],"medium":["https:\/\/veritasinfo.org\/wp-content\/uploads\/2026\/03\/Presidentja-Vjosa-Osmani-priti-ne-takim-ambasadorin-e-Turqise-ne-Kosove-Sabri-Tunc-Angili-1-300x229.jpg",300,229,true],"medium_large":["https:\/\/veritasinfo.org\/wp-content\/uploads\/2026\/03\/Presidentja-Vjosa-Osmani-priti-ne-takim-ambasadorin-e-Turqise-ne-Kosove-Sabri-Tunc-Angili-1-768x587.jpg",640,489,true],"large":["https:\/\/veritasinfo.org\/wp-content\/uploads\/2026\/03\/Presidentja-Vjosa-Osmani-priti-ne-takim-ambasadorin-e-Turqise-ne-Kosove-Sabri-Tunc-Angili-1-1024x782.jpg",640,489,true],"1536x1536":["https:\/\/veritasinfo.org\/wp-content\/uploads\/2026\/03\/Presidentja-Vjosa-Osmani-priti-ne-takim-ambasadorin-e-Turqise-ne-Kosove-Sabri-Tunc-Angili-1.jpg",1280,978,false],"2048x2048":["https:\/\/veritasinfo.org\/wp-content\/uploads\/2026\/03\/Presidentja-Vjosa-Osmani-priti-ne-takim-ambasadorin-e-Turqise-ne-Kosove-Sabri-Tunc-Angili-1.jpg",1280,978,false],"kreeti-slider-full":["https:\/\/veritasinfo.org\/wp-content\/uploads\/2026\/03\/Presidentja-Vjosa-Osmani-priti-ne-takim-ambasadorin-e-Turqise-ne-Kosove-Sabri-Tunc-Angili-1.jpg",942,720,false],"kreeti-featured":["https:\/\/veritasinfo.org\/wp-content\/uploads\/2026\/03\/Presidentja-Vjosa-Osmani-priti-ne-takim-ambasadorin-e-Turqise-ne-Kosove-Sabri-Tunc-Angili-1.jpg",1024,782,false],"kreeti-medium":["https:\/\/veritasinfo.org\/wp-content\/uploads\/2026\/03\/Presidentja-Vjosa-Osmani-priti-ne-takim-ambasadorin-e-Turqise-ne-Kosove-Sabri-Tunc-Angili-1.jpg",694,530,false],"kreeti-medium-square":["https:\/\/veritasinfo.org\/wp-content\/uploads\/2026\/03\/Presidentja-Vjosa-Osmani-priti-ne-takim-ambasadorin-e-Turqise-ne-Kosove-Sabri-Tunc-Angili-1.jpg",350,267,false]},"author_info":{"info":["US5"]},"category_info":"<a href=\"https:\/\/veritasinfo.org\/?cat=60\" rel=\"category\">Shoq\u00ebrore<\/a>","tag_info":"Shoq\u00ebrore","comment_count":"0","_links":{"self":[{"href":"https:\/\/veritasinfo.org\/index.php?rest_route=\/wp\/v2\/posts\/40264","targetHints":{"allow":["GET"]}}],"collection":[{"href":"https:\/\/veritasinfo.org\/index.php?rest_route=\/wp\/v2\/posts"}],"about":[{"href":"https:\/\/veritasinfo.org\/index.php?rest_route=\/wp\/v2\/types\/post"}],"author":[{"embeddable":true,"href":"https:\/\/veritasinfo.org\/index.php?rest_route=\/wp\/v2\/users\/6"}],"replies":[{"embeddable":true,"href":"https:\/\/veritasinfo.org\/index.php?rest_route=%2Fwp%2Fv2%2Fcomments&post=40264"}],"version-history":[{"count":1,"href":"https:\/\/veritasinfo.org\/index.php?rest_route=\/wp\/v2\/posts\/40264\/revisions"}],"predecessor-version":[{"id":40266,"href":"https:\/\/veritasinfo.org\/index.php?rest_route=\/wp\/v2\/posts\/40264\/revisions\/40266"}],"wp:featuredmedia":[{"embeddable":true,"href":"https:\/\/veritasinfo.org\/index.php?rest_route=\/wp\/v2\/media\/40265"}],"wp:attachment":[{"href":"https:\/\/veritasinfo.org\/index.php?rest_route=%2Fwp%2Fv2%2Fmedia&parent=40264"}],"wp:term":[{"taxonomy":"category","embeddable":true,"href":"https:\/\/veritasinfo.org\/index.php?rest_route=%2Fwp%2Fv2%2Fcategories&post=40264"},{"taxonomy":"post_tag","embeddable":true,"href":"https:\/\/veritasinfo.org\/index.php?rest_route=%2Fwp%2Fv2%2Ftags&post=40264"}],"curies":[{"name":"wp","href":"https:\/\/api.w.org\/{rel}","templated":true}]}}