{"id":40258,"date":"2026-03-27T17:22:14","date_gmt":"2026-03-27T16:22:14","guid":{"rendered":"https:\/\/veritasinfo.org\/?p=40258"},"modified":"2026-03-27T17:22:14","modified_gmt":"2026-03-27T16:22:14","slug":"paga-e-13-te-del-me-31-mars","status":"publish","type":"post","link":"https:\/\/veritasinfo.org\/?p=40258","title":{"rendered":"Paga e 13-t\u00eb del me 31 mars"},"content":{"rendered":"<p>Prishtin\u00eb 27 Mars 2026 17:21<\/p>\n<p>Deputeti i LVV-s\u00eb, Fatos Geci, i cili \u00ebsht\u00eb edhe an\u00ebtar n\u00eb Komisionin p\u00ebr Buxhet e Financa, ka th\u00ebn\u00eb se rroga e 13-t\u00eb do t\u00eb shp\u00ebrndahet me dat\u00ebn 31 mars.<\/p>\n<p>Ai ka th\u00ebn\u00eb se ka pasur informacione t\u00eb pasakta lidhur me k\u00ebt\u00eb dhe se paga e 13-t\u00eb do t\u00eb jepet n\u00eb fund t\u00eb k\u00ebtij muaji.<\/p>\n<p>\u201cNjoftim p\u00ebr qytetar\u00ebt<\/p>\n<p>Rroga e 13-t\u00eb do t\u00eb shp\u00ebrndahet t\u00eb mart\u00ebn, m\u00eb 31 mars, pasi q\u00eb koh\u00ebve t\u00eb fundit disa institucione dhe individ\u00eb kan\u00eb shp\u00ebrndar\u00eb informacione t\u00eb pav\u00ebrteta lidhur me k\u00ebt\u00eb \u00e7\u00ebshtje. Urime!\u201d, ka shkruar ai.<\/p>\n","protected":false},"excerpt":{"rendered":"<p>Prishtin\u00eb 27 Mars 2026 17:21 Deputeti i LVV-s\u00eb, Fatos Geci, i cili \u00ebsht\u00eb edhe an\u00ebtar n\u00eb Komisionin p\u00ebr Buxhet e Financa, ka th\u00ebn\u00eb se rroga<\/p>\n","protected":false},"author":6,"featured_media":40259,"comment_status":"open","ping_status":"open","sticky":false,"template":"","format":"standard","meta":{"footnotes":""},"categories":[60],"tags":[],"class_list":["post-40258","post","type-post","status-publish","format-standard","has-post-thumbnail","hentry","category-shoqerore-sq"],"yoast_head":"<!-- This site is optimized with the Yoast SEO plugin v25.3.1 - https:\/\/yoast.com\/wordpress\/plugins\/seo\/ -->\n<title>Paga e 13-t\u00eb del me 31 mars -<\/title>\n<meta name=\"robots\" content=\"index, follow, max-snippet:-1, max-image-preview:large, max-video-preview:-1\" \/>\n<link rel=\"canonical\" href=\"https:\/\/veritasinfo.org\/?p=40258\" \/>\n<meta property=\"og:locale\" content=\"en_US\" \/>\n<meta property=\"og:type\" content=\"article\" \/>\n<meta property=\"og:title\" content=\"Paga e 13-t\u00eb del me 31 mars -\" \/>\n<meta property=\"og:description\" content=\"Prishtin\u00eb 27 Mars 2026 17:21 Deputeti i LVV-s\u00eb, Fatos Geci, i cili \u00ebsht\u00eb edhe an\u00ebtar n\u00eb Komisionin p\u00ebr Buxhet e Financa, ka th\u00ebn\u00eb se rroga\" \/>\n<meta property=\"og:url\" content=\"https:\/\/veritasinfo.org\/?p=40258\" \/>\n<meta property=\"article:published_time\" content=\"2026-03-27T16:22:14+00:00\" \/>\n<meta property=\"og:image\" content=\"https:\/\/veritasinfo.org\/wp-content\/uploads\/2026\/03\/image-1-3-1.webp\" \/>\n\t<meta property=\"og:image:width\" content=\"1245\" \/>\n\t<meta property=\"og:image:height\" content=\"699\" \/>\n\t<meta property=\"og:image:type\" content=\"image\/webp\" \/>\n<meta name=\"author\" content=\"US5\" \/>\n<meta name=\"twitter:card\" content=\"summary_large_image\" \/>\n<meta name=\"twitter:label1\" content=\"Written by\" \/>\n\t<meta name=\"twitter:data1\" content=\"US5\" \/>\n<script type=\"application\/ld+json\" class=\"yoast-schema-graph\">{\"@context\":\"https:\/\/schema.org\",\"@graph\":[{\"@type\":\"WebPage\",\"@id\":\"https:\/\/veritasinfo.org\/?p=40258\",\"url\":\"https:\/\/veritasinfo.org\/?p=40258\",\"name\":\"Paga e 13-t\u00eb del me 31 mars -\",\"isPartOf\":{\"@id\":\"https:\/\/veritasinfo.org\/#website\"},\"primaryImageOfPage\":{\"@id\":\"https:\/\/veritasinfo.org\/?p=40258#primaryimage\"},\"image\":{\"@id\":\"https:\/\/veritasinfo.org\/?p=40258#primaryimage\"},\"thumbnailUrl\":\"https:\/\/veritasinfo.org\/wp-content\/uploads\/2026\/03\/image-1-3-1.webp\",\"datePublished\":\"2026-03-27T16:22:14+00:00\",\"author\":{\"@id\":\"https:\/\/veritasinfo.org\/#\/schema\/person\/bc442336e35414d04494ab8fb45db4c6\"},\"breadcrumb\":{\"@id\":\"https:\/\/veritasinfo.org\/?p=40258#breadcrumb\"},\"inLanguage\":\"en-US\",\"potentialAction\":[{\"@type\":\"ReadAction\",\"target\":[\"https:\/\/veritasinfo.org\/?p=40258\"]}]},{\"@type\":\"ImageObject\",\"inLanguage\":\"en-US\",\"@id\":\"https:\/\/veritasinfo.org\/?p=40258#primaryimage\",\"url\":\"https:\/\/veritasinfo.org\/wp-content\/uploads\/2026\/03\/image-1-3-1.webp\",\"contentUrl\":\"https:\/\/veritasinfo.org\/wp-content\/uploads\/2026\/03\/image-1-3-1.webp\",\"width\":1245,\"height\":699},{\"@type\":\"BreadcrumbList\",\"@id\":\"https:\/\/veritasinfo.org\/?p=40258#breadcrumb\",\"itemListElement\":[{\"@type\":\"ListItem\",\"position\":1,\"name\":\"Home\",\"item\":\"https:\/\/veritasinfo.org\/\"},{\"@type\":\"ListItem\",\"position\":2,\"name\":\"Paga e 13-t\u00eb del me 31 mars\"}]},{\"@type\":\"WebSite\",\"@id\":\"https:\/\/veritasinfo.org\/#website\",\"url\":\"https:\/\/veritasinfo.org\/\",\"name\":\"\",\"description\":\"\",\"potentialAction\":[{\"@type\":\"SearchAction\",\"target\":{\"@type\":\"EntryPoint\",\"urlTemplate\":\"https:\/\/veritasinfo.org\/?s={search_term_string}\"},\"query-input\":{\"@type\":\"PropertyValueSpecification\",\"valueRequired\":true,\"valueName\":\"search_term_string\"}}],\"inLanguage\":\"en-US\"},{\"@type\":\"Person\",\"@id\":\"https:\/\/veritasinfo.org\/#\/schema\/person\/bc442336e35414d04494ab8fb45db4c6\",\"name\":\"US5\",\"image\":{\"@type\":\"ImageObject\",\"inLanguage\":\"en-US\",\"@id\":\"https:\/\/veritasinfo.org\/#\/schema\/person\/image\/\",\"url\":\"https:\/\/secure.gravatar.com\/avatar\/16a61e7272a0c5d001121ebb9e60e925d5816e4ac1e443ed3e640d9a6ae55d0c?s=96&d=mm&r=g\",\"contentUrl\":\"https:\/\/secure.gravatar.com\/avatar\/16a61e7272a0c5d001121ebb9e60e925d5816e4ac1e443ed3e640d9a6ae55d0c?s=96&d=mm&r=g\",\"caption\":\"US5\"},\"url\":\"https:\/\/veritasinfo.org\/?author=6\"}]}<\/script>\n<!-- \/ Yoast SEO plugin. -->","yoast_head_json":{"title":"Paga e 13-t\u00eb del me 31 mars -","robots":{"index":"index","follow":"follow","max-snippet":"max-snippet:-1","max-image-preview":"max-image-preview:large","max-video-preview":"max-video-preview:-1"},"canonical":"https:\/\/veritasinfo.org\/?p=40258","og_locale":"en_US","og_type":"article","og_title":"Paga e 13-t\u00eb del me 31 mars -","og_description":"Prishtin\u00eb 27 Mars 2026 17:21 Deputeti i LVV-s\u00eb, Fatos Geci, i cili \u00ebsht\u00eb edhe an\u00ebtar n\u00eb Komisionin p\u00ebr Buxhet e Financa, ka th\u00ebn\u00eb se rroga","og_url":"https:\/\/veritasinfo.org\/?p=40258","article_published_time":"2026-03-27T16:22:14+00:00","og_image":[{"width":1245,"height":699,"url":"https:\/\/veritasinfo.org\/wp-content\/uploads\/2026\/03\/image-1-3-1.webp","type":"image\/webp"}],"author":"US5","twitter_card":"summary_large_image","twitter_misc":{"Written by":"US5"},"schema":{"@context":"https:\/\/schema.org","@graph":[{"@type":"WebPage","@id":"https:\/\/veritasinfo.org\/?p=40258","url":"https:\/\/veritasinfo.org\/?p=40258","name":"Paga e 13-t\u00eb del me 31 mars -","isPartOf":{"@id":"https:\/\/veritasinfo.org\/#website"},"primaryImageOfPage":{"@id":"https:\/\/veritasinfo.org\/?p=40258#primaryimage"},"image":{"@id":"https:\/\/veritasinfo.org\/?p=40258#primaryimage"},"thumbnailUrl":"https:\/\/veritasinfo.org\/wp-content\/uploads\/2026\/03\/image-1-3-1.webp","datePublished":"2026-03-27T16:22:14+00:00","author":{"@id":"https:\/\/veritasinfo.org\/#\/schema\/person\/bc442336e35414d04494ab8fb45db4c6"},"breadcrumb":{"@id":"https:\/\/veritasinfo.org\/?p=40258#breadcrumb"},"inLanguage":"en-US","potentialAction":[{"@type":"ReadAction","target":["https:\/\/veritasinfo.org\/?p=40258"]}]},{"@type":"ImageObject","inLanguage":"en-US","@id":"https:\/\/veritasinfo.org\/?p=40258#primaryimage","url":"https:\/\/veritasinfo.org\/wp-content\/uploads\/2026\/03\/image-1-3-1.webp","contentUrl":"https:\/\/veritasinfo.org\/wp-content\/uploads\/2026\/03\/image-1-3-1.webp","width":1245,"height":699},{"@type":"BreadcrumbList","@id":"https:\/\/veritasinfo.org\/?p=40258#breadcrumb","itemListElement":[{"@type":"ListItem","position":1,"name":"Home","item":"https:\/\/veritasinfo.org\/"},{"@type":"ListItem","position":2,"name":"Paga e 13-t\u00eb del me 31 mars"}]},{"@type":"WebSite","@id":"https:\/\/veritasinfo.org\/#website","url":"https:\/\/veritasinfo.org\/","name":"","description":"","potentialAction":[{"@type":"SearchAction","target":{"@type":"EntryPoint","urlTemplate":"https:\/\/veritasinfo.org\/?s={search_term_string}"},"query-input":{"@type":"PropertyValueSpecification","valueRequired":true,"valueName":"search_term_string"}}],"inLanguage":"en-US"},{"@type":"Person","@id":"https:\/\/veritasinfo.org\/#\/schema\/person\/bc442336e35414d04494ab8fb45db4c6","name":"US5","image":{"@type":"ImageObject","inLanguage":"en-US","@id":"https:\/\/veritasinfo.org\/#\/schema\/person\/image\/","url":"https:\/\/secure.gravatar.com\/avatar\/16a61e7272a0c5d001121ebb9e60e925d5816e4ac1e443ed3e640d9a6ae55d0c?s=96&d=mm&r=g","contentUrl":"https:\/\/secure.gravatar.com\/avatar\/16a61e7272a0c5d001121ebb9e60e925d5816e4ac1e443ed3e640d9a6ae55d0c?s=96&d=mm&r=g","caption":"US5"},"url":"https:\/\/veritasinfo.org\/?author=6"}]}},"featured_image_urls":{"full":["https:\/\/veritasinfo.org\/wp-content\/uploads\/2026\/03\/image-1-3-1.webp",1245,699,false],"thumbnail":["https:\/\/veritasinfo.org\/wp-content\/uploads\/2026\/03\/image-1-3-1-150x150.webp",150,150,true],"medium":["https:\/\/veritasinfo.org\/wp-content\/uploads\/2026\/03\/image-1-3-1-300x168.webp",300,168,true],"medium_large":["https:\/\/veritasinfo.org\/wp-content\/uploads\/2026\/03\/image-1-3-1-768x431.webp",640,359,true],"large":["https:\/\/veritasinfo.org\/wp-content\/uploads\/2026\/03\/image-1-3-1-1024x575.webp",640,359,true],"1536x1536":["https:\/\/veritasinfo.org\/wp-content\/uploads\/2026\/03\/image-1-3-1.webp",1245,699,false],"2048x2048":["https:\/\/veritasinfo.org\/wp-content\/uploads\/2026\/03\/image-1-3-1.webp",1245,699,false],"kreeti-slider-full":["https:\/\/veritasinfo.org\/wp-content\/uploads\/2026\/03\/image-1-3-1.webp",1245,699,false],"kreeti-featured":["https:\/\/veritasinfo.org\/wp-content\/uploads\/2026\/03\/image-1-3-1.webp",1024,575,false],"kreeti-medium":["https:\/\/veritasinfo.org\/wp-content\/uploads\/2026\/03\/image-1-3-1.webp",720,404,false],"kreeti-medium-square":["https:\/\/veritasinfo.org\/wp-content\/uploads\/2026\/03\/image-1-3-1.webp",350,197,false]},"author_info":{"info":["US5"]},"category_info":"<a href=\"https:\/\/veritasinfo.org\/?cat=60\" rel=\"category\">Shoq\u00ebrore<\/a>","tag_info":"Shoq\u00ebrore","comment_count":"0","_links":{"self":[{"href":"https:\/\/veritasinfo.org\/index.php?rest_route=\/wp\/v2\/posts\/40258","targetHints":{"allow":["GET"]}}],"collection":[{"href":"https:\/\/veritasinfo.org\/index.php?rest_route=\/wp\/v2\/posts"}],"about":[{"href":"https:\/\/veritasinfo.org\/index.php?rest_route=\/wp\/v2\/types\/post"}],"author":[{"embeddable":true,"href":"https:\/\/veritasinfo.org\/index.php?rest_route=\/wp\/v2\/users\/6"}],"replies":[{"embeddable":true,"href":"https:\/\/veritasinfo.org\/index.php?rest_route=%2Fwp%2Fv2%2Fcomments&post=40258"}],"version-history":[{"count":1,"href":"https:\/\/veritasinfo.org\/index.php?rest_route=\/wp\/v2\/posts\/40258\/revisions"}],"predecessor-version":[{"id":40260,"href":"https:\/\/veritasinfo.org\/index.php?rest_route=\/wp\/v2\/posts\/40258\/revisions\/40260"}],"wp:featuredmedia":[{"embeddable":true,"href":"https:\/\/veritasinfo.org\/index.php?rest_route=\/wp\/v2\/media\/40259"}],"wp:attachment":[{"href":"https:\/\/veritasinfo.org\/index.php?rest_route=%2Fwp%2Fv2%2Fmedia&parent=40258"}],"wp:term":[{"taxonomy":"category","embeddable":true,"href":"https:\/\/veritasinfo.org\/index.php?rest_route=%2Fwp%2Fv2%2Fcategories&post=40258"},{"taxonomy":"post_tag","embeddable":true,"href":"https:\/\/veritasinfo.org\/index.php?rest_route=%2Fwp%2Fv2%2Ftags&post=40258"}],"curies":[{"name":"wp","href":"https:\/\/api.w.org\/{rel}","templated":true}]}}