{"id":40249,"date":"2026-03-27T15:46:22","date_gmt":"2026-03-27T14:46:22","guid":{"rendered":"https:\/\/veritasinfo.org\/?p=40249"},"modified":"2026-03-27T15:46:22","modified_gmt":"2026-03-27T14:46:22","slug":"te-dhena-te-pasakta-per-masakren-ne-dubrave-paraqiten-ne-ekspoziten-ne-sheshin-e-prishtines","status":"publish","type":"post","link":"https:\/\/veritasinfo.org\/?p=40249","title":{"rendered":"T\u00eb dh\u00ebna t\u00eb pasakta p\u00ebr masakr\u00ebn n\u00eb Dubrav\u00eb paraqiten n\u00eb ekspozit\u00ebn n\u00eb sheshin e Prishtin\u00ebs"},"content":{"rendered":"<p>Prishtin\u00eb 27 Mars 2026 15:45<\/p>\n<p>49 tabela me p\u00ebrshkrimin e 49 masakrave t\u00eb kryera gjat\u00eb luft\u00ebs n\u00eb Kosov\u00ebs m\u00eb 1998-1999 jan\u00eb vendosur n\u00eb sheshin e Prishtin\u00ebs q\u00eb nga 24 marsi n\u00eb p\u00ebrvjetorin e nisjes s\u00eb bombardimeve t\u00eb NATO-s. Ato jan\u00eb renditur kronologjikisht, duke filluar nga masakra n\u00eb Likoshan e Qirez e 28 shkurtit 1998, deri te masakra n\u00eb familjen Bala m\u00eb 12 qershor 1999. <\/p>\n<p>N\u00eb mesin e 49 masakrave \u00ebsht\u00eb edhe ajo e n\u00eb Burgun e Dubrav\u00ebs, por n\u00eb tabel\u00ebn kushtuar k\u00ebsaj masakre jan\u00eb b\u00ebr\u00eb gabime n\u00eb p\u00ebrshkrim. <\/p>\n<p>Mb\u00ebshtete KOH\u00cbN. Ruaje t\u00eb v\u00ebrtet\u00ebn.<br \/>\nGazetaria profesionale \u00ebsht\u00eb interes publik. Mb\u00ebshtetja juaj ndihmon q\u00eb ajo t\u00eb mbetet e pavarur dhe e besueshme. Kontribuoni edhe ju. 1 euro e b\u00ebn dallimin.<\/p>\n<p>Deputeti i Vet\u00ebvendosjes, Enver Dugolli, ka shkruar se t\u00eb dh\u00ebnat e paraqitura p\u00ebr k\u00ebt\u00eb masak\u00ebr \u201cjan\u00eb krejt\u00ebsisht t\u00eb pasakta\u201d, duke nisur nga numri i viktimave deri te cil\u00ebsimi si \u201cpersona t\u00eb armatosur shqiptar\u00eb\u201d n\u00eb mesin e t\u00eb vrar\u00ebve n\u00eb burg m\u00eb 1999. <\/p>\n<p>\u201cT\u00eb dh\u00ebnat e paraqitura p\u00ebr k\u00ebt\u00eb masak\u00ebr jan\u00eb krejt\u00ebsisht t\u00eb pasakta. P\u00ebrve\u00e7 numrit t\u00eb viktimave, i cili nuk korrespondon me t\u00eb v\u00ebrtet\u00ebn (ku figurojn\u00eb 106 t\u00eb vrar\u00eb, nd\u00ebrsa deri m\u00eb tani jan\u00eb t\u00eb konfirmuar 116 t\u00eb masakruar dhe 1 i zhdukur) aty paraqitet edhe nj\u00eb pasakt\u00ebsi tjet\u00ebr e madhe dhe e d\u00ebmshme. Nuk e di n\u00ebse kjo \u00ebsht\u00eb b\u00ebr\u00eb me q\u00ebllim apo jo, por pretendimi se 48 prej t\u00eb vrar\u00ebve kan\u00eb qen\u00eb persona t\u00eb armatosur shqiptar\u00eb, nd\u00ebrsa 58 civil\u00eb, \u00ebsht\u00eb plot\u00ebsisht i pav\u00ebrtet\u00eb. N\u00eb at\u00eb masak\u00ebr gjenocidale nuk ka pasur asnj\u00eb shqiptar t\u00eb vrar\u00eb n\u00eb cil\u00ebsin\u00eb e personit t\u00eb armatosur. T\u00eb gjith\u00eb kemi qen\u00eb duarthat\u00eb dhe t\u00eb pambrojtur\u201d, ka sqaruar Dugolli.<\/p>\n<p>Dugolli u ka b\u00ebr\u00eb thirrje organizator\u00ebve t\u00eb ekspozit\u00ebs q\u00eb ta t\u00ebrheqin materialin dhe ta korrigjojn\u00eb. Po ashtu ka ftuar Prokurorin\u00eb, p\u00ebrkat\u00ebsisht Departamentin p\u00ebr krime lufte, q\u00eb t\u00eb p\u00ebrfshihet n\u00eb k\u00ebt\u00eb \u00e7\u00ebshtje dhe ta hetoj\u00eb. <\/p>\n<p>\u201cNj\u00eb material i till\u00eb, n\u00eb form\u00ebn aktuale, nuk i sh\u00ebrben t\u00eb v\u00ebrtet\u00ebs; p\u00ebrkundrazi, mund t\u00eb p\u00ebrdoret p\u00ebr t\u00eb p\u00ebrforcuar narrativ\u00ebn e rreme t\u00eb Serbis\u00eb p\u00ebr gjoja rebelimin e t\u00eb burgosurve shqiptar\u00eb gjat\u00eb koh\u00ebs kur \u00ebsht\u00eb kryer kjo masak\u00ebr\u201d.<\/p>\n<p>Kjo ekspozit\u00eb \u00ebsht\u00eb realizuar n\u00eb mes tjerash edhe me mb\u00ebshtetje financiare nga Kuvendi i Republik\u00ebs s\u00eb Kosov\u00ebs.<\/p>\n<p>KOHA ka k\u00ebrkuar nj\u00eb koment edhe nga autori i ekspozit\u00ebs, Shkelzen Gashi. Sapo t\u00eb marr\u00eb p\u00ebrgjigje artikulli do t\u00eb p\u00ebrdit\u00ebsohet. <\/p>\n<p>Ekspozita \u201cMasakrat n\u00eb Kosov\u00eb 1998-1999\u201d \u00ebsht\u00eb organizuar nga organizata \u201cAdmovere\u201d n\u00eb bashk\u00ebpunim me \u201cIntegra\u201d. Ekspozita \u00ebsht\u00eb realizuar me mb\u00ebshtetje financiare nga Kuvendi i Republik\u00ebs s\u00eb Kosov\u00ebs, EXFIS, Libraria Dukagjini, JYSK, KFC, CH\u00ebB dhe Besa-Bes\u00eb.<\/p>\n","protected":false},"excerpt":{"rendered":"<p>Prishtin\u00eb 27 Mars 2026 15:45 49 tabela me p\u00ebrshkrimin e 49 masakrave t\u00eb kryera gjat\u00eb luft\u00ebs n\u00eb Kosov\u00ebs m\u00eb 1998-1999 jan\u00eb vendosur n\u00eb sheshin e<\/p>\n","protected":false},"author":6,"featured_media":40250,"comment_status":"open","ping_status":"open","sticky":false,"template":"","format":"standard","meta":{"footnotes":""},"categories":[60],"tags":[],"class_list":["post-40249","post","type-post","status-publish","format-standard","has-post-thumbnail","hentry","category-shoqerore-sq"],"yoast_head":"<!-- This site is optimized with the Yoast SEO plugin v25.3.1 - https:\/\/yoast.com\/wordpress\/plugins\/seo\/ -->\n<title>T\u00eb dh\u00ebna t\u00eb pasakta p\u00ebr masakr\u00ebn n\u00eb Dubrav\u00eb paraqiten n\u00eb ekspozit\u00ebn n\u00eb sheshin e Prishtin\u00ebs -<\/title>\n<meta name=\"robots\" content=\"index, follow, max-snippet:-1, max-image-preview:large, max-video-preview:-1\" \/>\n<link rel=\"canonical\" href=\"https:\/\/veritasinfo.org\/?p=40249\" \/>\n<meta property=\"og:locale\" content=\"en_US\" \/>\n<meta property=\"og:type\" content=\"article\" \/>\n<meta property=\"og:title\" content=\"T\u00eb dh\u00ebna t\u00eb pasakta p\u00ebr masakr\u00ebn n\u00eb Dubrav\u00eb paraqiten n\u00eb ekspozit\u00ebn n\u00eb sheshin e Prishtin\u00ebs -\" \/>\n<meta property=\"og:description\" content=\"Prishtin\u00eb 27 Mars 2026 15:45 49 tabela me p\u00ebrshkrimin e 49 masakrave t\u00eb kryera gjat\u00eb luft\u00ebs n\u00eb Kosov\u00ebs m\u00eb 1998-1999 jan\u00eb vendosur n\u00eb sheshin e\" \/>\n<meta property=\"og:url\" content=\"https:\/\/veritasinfo.org\/?p=40249\" \/>\n<meta property=\"article:published_time\" content=\"2026-03-27T14:46:22+00:00\" \/>\n<meta property=\"og:image\" content=\"https:\/\/veritasinfo.org\/wp-content\/uploads\/2026\/03\/e75c2aa0-f151-4845-93bf-beafff00fe91.webp\" \/>\n\t<meta property=\"og:image:width\" content=\"1360\" \/>\n\t<meta property=\"og:image:height\" content=\"870\" \/>\n\t<meta property=\"og:image:type\" content=\"image\/webp\" \/>\n<meta name=\"author\" content=\"US5\" \/>\n<meta name=\"twitter:card\" content=\"summary_large_image\" \/>\n<meta name=\"twitter:label1\" content=\"Written by\" \/>\n\t<meta name=\"twitter:data1\" content=\"US5\" \/>\n\t<meta name=\"twitter:label2\" content=\"Est. reading time\" \/>\n\t<meta name=\"twitter:data2\" content=\"1 minute\" \/>\n<script type=\"application\/ld+json\" class=\"yoast-schema-graph\">{\"@context\":\"https:\/\/schema.org\",\"@graph\":[{\"@type\":\"WebPage\",\"@id\":\"https:\/\/veritasinfo.org\/?p=40249\",\"url\":\"https:\/\/veritasinfo.org\/?p=40249\",\"name\":\"T\u00eb dh\u00ebna t\u00eb pasakta p\u00ebr masakr\u00ebn n\u00eb Dubrav\u00eb paraqiten n\u00eb ekspozit\u00ebn n\u00eb sheshin e Prishtin\u00ebs -\",\"isPartOf\":{\"@id\":\"https:\/\/veritasinfo.org\/#website\"},\"primaryImageOfPage\":{\"@id\":\"https:\/\/veritasinfo.org\/?p=40249#primaryimage\"},\"image\":{\"@id\":\"https:\/\/veritasinfo.org\/?p=40249#primaryimage\"},\"thumbnailUrl\":\"https:\/\/veritasinfo.org\/wp-content\/uploads\/2026\/03\/e75c2aa0-f151-4845-93bf-beafff00fe91.webp\",\"datePublished\":\"2026-03-27T14:46:22+00:00\",\"author\":{\"@id\":\"https:\/\/veritasinfo.org\/#\/schema\/person\/bc442336e35414d04494ab8fb45db4c6\"},\"breadcrumb\":{\"@id\":\"https:\/\/veritasinfo.org\/?p=40249#breadcrumb\"},\"inLanguage\":\"en-US\",\"potentialAction\":[{\"@type\":\"ReadAction\",\"target\":[\"https:\/\/veritasinfo.org\/?p=40249\"]}]},{\"@type\":\"ImageObject\",\"inLanguage\":\"en-US\",\"@id\":\"https:\/\/veritasinfo.org\/?p=40249#primaryimage\",\"url\":\"https:\/\/veritasinfo.org\/wp-content\/uploads\/2026\/03\/e75c2aa0-f151-4845-93bf-beafff00fe91.webp\",\"contentUrl\":\"https:\/\/veritasinfo.org\/wp-content\/uploads\/2026\/03\/e75c2aa0-f151-4845-93bf-beafff00fe91.webp\",\"width\":1360,\"height\":870},{\"@type\":\"BreadcrumbList\",\"@id\":\"https:\/\/veritasinfo.org\/?p=40249#breadcrumb\",\"itemListElement\":[{\"@type\":\"ListItem\",\"position\":1,\"name\":\"Home\",\"item\":\"https:\/\/veritasinfo.org\/\"},{\"@type\":\"ListItem\",\"position\":2,\"name\":\"T\u00eb dh\u00ebna t\u00eb pasakta p\u00ebr masakr\u00ebn n\u00eb Dubrav\u00eb paraqiten n\u00eb ekspozit\u00ebn n\u00eb sheshin e Prishtin\u00ebs\"}]},{\"@type\":\"WebSite\",\"@id\":\"https:\/\/veritasinfo.org\/#website\",\"url\":\"https:\/\/veritasinfo.org\/\",\"name\":\"\",\"description\":\"\",\"potentialAction\":[{\"@type\":\"SearchAction\",\"target\":{\"@type\":\"EntryPoint\",\"urlTemplate\":\"https:\/\/veritasinfo.org\/?s={search_term_string}\"},\"query-input\":{\"@type\":\"PropertyValueSpecification\",\"valueRequired\":true,\"valueName\":\"search_term_string\"}}],\"inLanguage\":\"en-US\"},{\"@type\":\"Person\",\"@id\":\"https:\/\/veritasinfo.org\/#\/schema\/person\/bc442336e35414d04494ab8fb45db4c6\",\"name\":\"US5\",\"image\":{\"@type\":\"ImageObject\",\"inLanguage\":\"en-US\",\"@id\":\"https:\/\/veritasinfo.org\/#\/schema\/person\/image\/\",\"url\":\"https:\/\/secure.gravatar.com\/avatar\/16a61e7272a0c5d001121ebb9e60e925d5816e4ac1e443ed3e640d9a6ae55d0c?s=96&d=mm&r=g\",\"contentUrl\":\"https:\/\/secure.gravatar.com\/avatar\/16a61e7272a0c5d001121ebb9e60e925d5816e4ac1e443ed3e640d9a6ae55d0c?s=96&d=mm&r=g\",\"caption\":\"US5\"},\"url\":\"https:\/\/veritasinfo.org\/?author=6\"}]}<\/script>\n<!-- \/ Yoast SEO plugin. -->","yoast_head_json":{"title":"T\u00eb dh\u00ebna t\u00eb pasakta p\u00ebr masakr\u00ebn n\u00eb Dubrav\u00eb paraqiten n\u00eb ekspozit\u00ebn n\u00eb sheshin e Prishtin\u00ebs -","robots":{"index":"index","follow":"follow","max-snippet":"max-snippet:-1","max-image-preview":"max-image-preview:large","max-video-preview":"max-video-preview:-1"},"canonical":"https:\/\/veritasinfo.org\/?p=40249","og_locale":"en_US","og_type":"article","og_title":"T\u00eb dh\u00ebna t\u00eb pasakta p\u00ebr masakr\u00ebn n\u00eb Dubrav\u00eb paraqiten n\u00eb ekspozit\u00ebn n\u00eb sheshin e Prishtin\u00ebs -","og_description":"Prishtin\u00eb 27 Mars 2026 15:45 49 tabela me p\u00ebrshkrimin e 49 masakrave t\u00eb kryera gjat\u00eb luft\u00ebs n\u00eb Kosov\u00ebs m\u00eb 1998-1999 jan\u00eb vendosur n\u00eb sheshin e","og_url":"https:\/\/veritasinfo.org\/?p=40249","article_published_time":"2026-03-27T14:46:22+00:00","og_image":[{"width":1360,"height":870,"url":"https:\/\/veritasinfo.org\/wp-content\/uploads\/2026\/03\/e75c2aa0-f151-4845-93bf-beafff00fe91.webp","type":"image\/webp"}],"author":"US5","twitter_card":"summary_large_image","twitter_misc":{"Written by":"US5","Est. reading time":"1 minute"},"schema":{"@context":"https:\/\/schema.org","@graph":[{"@type":"WebPage","@id":"https:\/\/veritasinfo.org\/?p=40249","url":"https:\/\/veritasinfo.org\/?p=40249","name":"T\u00eb dh\u00ebna t\u00eb pasakta p\u00ebr masakr\u00ebn n\u00eb Dubrav\u00eb paraqiten n\u00eb ekspozit\u00ebn n\u00eb sheshin e Prishtin\u00ebs -","isPartOf":{"@id":"https:\/\/veritasinfo.org\/#website"},"primaryImageOfPage":{"@id":"https:\/\/veritasinfo.org\/?p=40249#primaryimage"},"image":{"@id":"https:\/\/veritasinfo.org\/?p=40249#primaryimage"},"thumbnailUrl":"https:\/\/veritasinfo.org\/wp-content\/uploads\/2026\/03\/e75c2aa0-f151-4845-93bf-beafff00fe91.webp","datePublished":"2026-03-27T14:46:22+00:00","author":{"@id":"https:\/\/veritasinfo.org\/#\/schema\/person\/bc442336e35414d04494ab8fb45db4c6"},"breadcrumb":{"@id":"https:\/\/veritasinfo.org\/?p=40249#breadcrumb"},"inLanguage":"en-US","potentialAction":[{"@type":"ReadAction","target":["https:\/\/veritasinfo.org\/?p=40249"]}]},{"@type":"ImageObject","inLanguage":"en-US","@id":"https:\/\/veritasinfo.org\/?p=40249#primaryimage","url":"https:\/\/veritasinfo.org\/wp-content\/uploads\/2026\/03\/e75c2aa0-f151-4845-93bf-beafff00fe91.webp","contentUrl":"https:\/\/veritasinfo.org\/wp-content\/uploads\/2026\/03\/e75c2aa0-f151-4845-93bf-beafff00fe91.webp","width":1360,"height":870},{"@type":"BreadcrumbList","@id":"https:\/\/veritasinfo.org\/?p=40249#breadcrumb","itemListElement":[{"@type":"ListItem","position":1,"name":"Home","item":"https:\/\/veritasinfo.org\/"},{"@type":"ListItem","position":2,"name":"T\u00eb dh\u00ebna t\u00eb pasakta p\u00ebr masakr\u00ebn n\u00eb Dubrav\u00eb paraqiten n\u00eb ekspozit\u00ebn n\u00eb sheshin e Prishtin\u00ebs"}]},{"@type":"WebSite","@id":"https:\/\/veritasinfo.org\/#website","url":"https:\/\/veritasinfo.org\/","name":"","description":"","potentialAction":[{"@type":"SearchAction","target":{"@type":"EntryPoint","urlTemplate":"https:\/\/veritasinfo.org\/?s={search_term_string}"},"query-input":{"@type":"PropertyValueSpecification","valueRequired":true,"valueName":"search_term_string"}}],"inLanguage":"en-US"},{"@type":"Person","@id":"https:\/\/veritasinfo.org\/#\/schema\/person\/bc442336e35414d04494ab8fb45db4c6","name":"US5","image":{"@type":"ImageObject","inLanguage":"en-US","@id":"https:\/\/veritasinfo.org\/#\/schema\/person\/image\/","url":"https:\/\/secure.gravatar.com\/avatar\/16a61e7272a0c5d001121ebb9e60e925d5816e4ac1e443ed3e640d9a6ae55d0c?s=96&d=mm&r=g","contentUrl":"https:\/\/secure.gravatar.com\/avatar\/16a61e7272a0c5d001121ebb9e60e925d5816e4ac1e443ed3e640d9a6ae55d0c?s=96&d=mm&r=g","caption":"US5"},"url":"https:\/\/veritasinfo.org\/?author=6"}]}},"featured_image_urls":{"full":["https:\/\/veritasinfo.org\/wp-content\/uploads\/2026\/03\/e75c2aa0-f151-4845-93bf-beafff00fe91.webp",1360,870,false],"thumbnail":["https:\/\/veritasinfo.org\/wp-content\/uploads\/2026\/03\/e75c2aa0-f151-4845-93bf-beafff00fe91-150x150.webp",150,150,true],"medium":["https:\/\/veritasinfo.org\/wp-content\/uploads\/2026\/03\/e75c2aa0-f151-4845-93bf-beafff00fe91-300x192.webp",300,192,true],"medium_large":["https:\/\/veritasinfo.org\/wp-content\/uploads\/2026\/03\/e75c2aa0-f151-4845-93bf-beafff00fe91-768x491.webp",640,409,true],"large":["https:\/\/veritasinfo.org\/wp-content\/uploads\/2026\/03\/e75c2aa0-f151-4845-93bf-beafff00fe91-1024x655.webp",640,409,true],"1536x1536":["https:\/\/veritasinfo.org\/wp-content\/uploads\/2026\/03\/e75c2aa0-f151-4845-93bf-beafff00fe91.webp",1360,870,false],"2048x2048":["https:\/\/veritasinfo.org\/wp-content\/uploads\/2026\/03\/e75c2aa0-f151-4845-93bf-beafff00fe91.webp",1360,870,false],"kreeti-slider-full":["https:\/\/veritasinfo.org\/wp-content\/uploads\/2026\/03\/e75c2aa0-f151-4845-93bf-beafff00fe91.webp",1126,720,false],"kreeti-featured":["https:\/\/veritasinfo.org\/wp-content\/uploads\/2026\/03\/e75c2aa0-f151-4845-93bf-beafff00fe91.webp",1024,655,false],"kreeti-medium":["https:\/\/veritasinfo.org\/wp-content\/uploads\/2026\/03\/e75c2aa0-f151-4845-93bf-beafff00fe91.webp",720,461,false],"kreeti-medium-square":["https:\/\/veritasinfo.org\/wp-content\/uploads\/2026\/03\/e75c2aa0-f151-4845-93bf-beafff00fe91.webp",350,224,false]},"author_info":{"info":["US5"]},"category_info":"<a href=\"https:\/\/veritasinfo.org\/?cat=60\" rel=\"category\">Shoq\u00ebrore<\/a>","tag_info":"Shoq\u00ebrore","comment_count":"0","_links":{"self":[{"href":"https:\/\/veritasinfo.org\/index.php?rest_route=\/wp\/v2\/posts\/40249","targetHints":{"allow":["GET"]}}],"collection":[{"href":"https:\/\/veritasinfo.org\/index.php?rest_route=\/wp\/v2\/posts"}],"about":[{"href":"https:\/\/veritasinfo.org\/index.php?rest_route=\/wp\/v2\/types\/post"}],"author":[{"embeddable":true,"href":"https:\/\/veritasinfo.org\/index.php?rest_route=\/wp\/v2\/users\/6"}],"replies":[{"embeddable":true,"href":"https:\/\/veritasinfo.org\/index.php?rest_route=%2Fwp%2Fv2%2Fcomments&post=40249"}],"version-history":[{"count":2,"href":"https:\/\/veritasinfo.org\/index.php?rest_route=\/wp\/v2\/posts\/40249\/revisions"}],"predecessor-version":[{"id":40252,"href":"https:\/\/veritasinfo.org\/index.php?rest_route=\/wp\/v2\/posts\/40249\/revisions\/40252"}],"wp:featuredmedia":[{"embeddable":true,"href":"https:\/\/veritasinfo.org\/index.php?rest_route=\/wp\/v2\/media\/40250"}],"wp:attachment":[{"href":"https:\/\/veritasinfo.org\/index.php?rest_route=%2Fwp%2Fv2%2Fmedia&parent=40249"}],"wp:term":[{"taxonomy":"category","embeddable":true,"href":"https:\/\/veritasinfo.org\/index.php?rest_route=%2Fwp%2Fv2%2Fcategories&post=40249"},{"taxonomy":"post_tag","embeddable":true,"href":"https:\/\/veritasinfo.org\/index.php?rest_route=%2Fwp%2Fv2%2Ftags&post=40249"}],"curies":[{"name":"wp","href":"https:\/\/api.w.org\/{rel}","templated":true}]}}