{"id":40184,"date":"2026-03-27T08:12:29","date_gmt":"2026-03-27T07:12:29","guid":{"rendered":"https:\/\/veritasinfo.org\/?p=40184"},"modified":"2026-03-27T08:12:29","modified_gmt":"2026-03-27T07:12:29","slug":"dita-kur-u-sulmua-selia-e-kosovapress-it-dhe-e-kosoves-se-lire","status":"publish","type":"post","link":"https:\/\/veritasinfo.org\/?p=40184","title":{"rendered":"Dita kur u sulmua selia e KosovaPress-it dhe e Kosov\u00ebs s\u00eb Lir\u00eb"},"content":{"rendered":"<p>Prishtin\u00eb 27 Mars 2026 8:11<\/p>\n<p>\u200bDy aeroplan\u00eb bombardues t\u00eb Serbis\u00eb, m\u00eb 27 mars 1999, mor\u00ebn n\u00eb sh\u00ebnjest\u00ebr selin\u00eb e Agjencis\u00eb s\u00eb Lajmeve KosovaPress dhe radios Kosova e Lir\u00eb n\u00eb fshatin Berish\u00eb.<\/p>\n<p>Si pasoj\u00eb e k\u00ebtij sulmi qe vrar\u00eb, Elbasan Jakup Berisha, 16-vje\u00e7ar nd\u00ebrkoh\u00eb q\u00eb kan\u00eb marr\u00eb plag\u00eb dy prind\u00ebrit e Elbasanit dhe gjasht\u00eb an\u00ebtar\u00eb t\u00eb k\u00ebsaj familjeje.<\/p>\n<p>Nj\u00eb dit\u00eb m\u00eb par\u00eb po ata aeroplan\u00eb kishin goditur ish-selin\u00eb e z\u00ebdh\u00ebn\u00ebsit t\u00eb Shtabit t\u00eb P\u00ebrgjithsh\u00ebm t\u00eb U\u00c7K-s\u00eb, Jakup Krasniqi n\u00eb Kle\u00e7k\u00eb.<br \/>\nDy aeroplan\u00eb jugosllav\u00eb t\u00eb tipit Mig 21, n\u00eb or\u00ebn 8:20, kan\u00eb marr\u00eb n\u00eb sh\u00ebnjest\u00ebr lagjen e fshatit Berish\u00eb, ku ndodhej selia e Radios dhe e Agjencis\u00eb, dy institucionet informative t\u00eb Shtabit t\u00eb P\u00ebrgjithsh\u00ebm t\u00eb U\u00c7K-s\u00eb.<\/p>\n<p>Lexo po ashtu<br \/>\nAeroplan\u00ebt kan\u00eb zbrazur nga kat\u00ebr arka bomba t\u00eb tipit kaset\u00eb, n\u00eb nj\u00eb hap\u00ebsir\u00eb prej Sht\u00ebpis\u00eb s\u00eb Osman Berish\u00ebs, sht\u00ebpis\u00eb s\u00eb Asllan Berish\u00ebs e deri te sht\u00ebpia e Mehmet Berish\u00ebs n\u00eb nj\u00eb sip\u00ebrfaqe rreth 300 metra.<br \/>\nNga shp\u00ebrthimi i bombave \u00ebsht\u00eb vrar\u00eb Elbasan Jakup Berisha, 16-vje\u00e7ar, nd\u00ebrkoh\u00eb q\u00eb kan\u00eb marr\u00eb plag\u00eb dy prind\u00ebrit e Elbasanit dhe gjasht\u00eb an\u00ebtar\u00eb t\u00eb k\u00ebsaj familjeje.<\/p>\n","protected":false},"excerpt":{"rendered":"<p>Prishtin\u00eb 27 Mars 2026 8:11 \u200bDy aeroplan\u00eb bombardues t\u00eb Serbis\u00eb, m\u00eb 27 mars 1999, mor\u00ebn n\u00eb sh\u00ebnjest\u00ebr selin\u00eb e Agjencis\u00eb s\u00eb Lajmeve KosovaPress dhe radios<\/p>\n","protected":false},"author":6,"featured_media":40186,"comment_status":"open","ping_status":"open","sticky":false,"template":"","format":"standard","meta":{"footnotes":""},"categories":[60],"tags":[],"class_list":["post-40184","post","type-post","status-publish","format-standard","has-post-thumbnail","hentry","category-shoqerore-sq"],"yoast_head":"<!-- This site is optimized with the Yoast SEO plugin v25.3.1 - https:\/\/yoast.com\/wordpress\/plugins\/seo\/ -->\n<title>Dita kur u sulmua selia e KosovaPress-it dhe e Kosov\u00ebs s\u00eb Lir\u00eb -<\/title>\n<meta name=\"robots\" content=\"index, follow, max-snippet:-1, max-image-preview:large, max-video-preview:-1\" \/>\n<link rel=\"canonical\" href=\"https:\/\/veritasinfo.org\/?p=40184\" \/>\n<meta property=\"og:locale\" content=\"en_US\" \/>\n<meta property=\"og:type\" content=\"article\" \/>\n<meta property=\"og:title\" content=\"Dita kur u sulmua selia e KosovaPress-it dhe e Kosov\u00ebs s\u00eb Lir\u00eb -\" \/>\n<meta property=\"og:description\" content=\"Prishtin\u00eb 27 Mars 2026 8:11 \u200bDy aeroplan\u00eb bombardues t\u00eb Serbis\u00eb, m\u00eb 27 mars 1999, mor\u00ebn n\u00eb sh\u00ebnjest\u00ebr selin\u00eb e Agjencis\u00eb s\u00eb Lajmeve KosovaPress dhe radios\" \/>\n<meta property=\"og:url\" content=\"https:\/\/veritasinfo.org\/?p=40184\" \/>\n<meta property=\"article:published_time\" content=\"2026-03-27T07:12:29+00:00\" \/>\n<meta property=\"og:image\" content=\"https:\/\/veritasinfo.org\/wp-content\/uploads\/2026\/03\/713428_Selia.webp\" \/>\n\t<meta property=\"og:image:width\" content=\"742\" \/>\n\t<meta property=\"og:image:height\" content=\"494\" \/>\n\t<meta property=\"og:image:type\" content=\"image\/webp\" \/>\n<meta name=\"author\" content=\"US5\" \/>\n<meta name=\"twitter:card\" content=\"summary_large_image\" \/>\n<meta name=\"twitter:label1\" content=\"Written by\" \/>\n\t<meta name=\"twitter:data1\" content=\"US5\" \/>\n\t<meta name=\"twitter:label2\" content=\"Est. reading time\" \/>\n\t<meta name=\"twitter:data2\" content=\"1 minute\" \/>\n<script type=\"application\/ld+json\" class=\"yoast-schema-graph\">{\"@context\":\"https:\/\/schema.org\",\"@graph\":[{\"@type\":\"WebPage\",\"@id\":\"https:\/\/veritasinfo.org\/?p=40184\",\"url\":\"https:\/\/veritasinfo.org\/?p=40184\",\"name\":\"Dita kur u sulmua selia e KosovaPress-it dhe e Kosov\u00ebs s\u00eb Lir\u00eb -\",\"isPartOf\":{\"@id\":\"https:\/\/veritasinfo.org\/#website\"},\"primaryImageOfPage\":{\"@id\":\"https:\/\/veritasinfo.org\/?p=40184#primaryimage\"},\"image\":{\"@id\":\"https:\/\/veritasinfo.org\/?p=40184#primaryimage\"},\"thumbnailUrl\":\"https:\/\/veritasinfo.org\/wp-content\/uploads\/2026\/03\/713428_Selia.webp\",\"datePublished\":\"2026-03-27T07:12:29+00:00\",\"author\":{\"@id\":\"https:\/\/veritasinfo.org\/#\/schema\/person\/bc442336e35414d04494ab8fb45db4c6\"},\"breadcrumb\":{\"@id\":\"https:\/\/veritasinfo.org\/?p=40184#breadcrumb\"},\"inLanguage\":\"en-US\",\"potentialAction\":[{\"@type\":\"ReadAction\",\"target\":[\"https:\/\/veritasinfo.org\/?p=40184\"]}]},{\"@type\":\"ImageObject\",\"inLanguage\":\"en-US\",\"@id\":\"https:\/\/veritasinfo.org\/?p=40184#primaryimage\",\"url\":\"https:\/\/veritasinfo.org\/wp-content\/uploads\/2026\/03\/713428_Selia.webp\",\"contentUrl\":\"https:\/\/veritasinfo.org\/wp-content\/uploads\/2026\/03\/713428_Selia.webp\",\"width\":742,\"height\":494},{\"@type\":\"BreadcrumbList\",\"@id\":\"https:\/\/veritasinfo.org\/?p=40184#breadcrumb\",\"itemListElement\":[{\"@type\":\"ListItem\",\"position\":1,\"name\":\"Home\",\"item\":\"https:\/\/veritasinfo.org\/\"},{\"@type\":\"ListItem\",\"position\":2,\"name\":\"Dita kur u sulmua selia e KosovaPress-it dhe e Kosov\u00ebs s\u00eb Lir\u00eb\"}]},{\"@type\":\"WebSite\",\"@id\":\"https:\/\/veritasinfo.org\/#website\",\"url\":\"https:\/\/veritasinfo.org\/\",\"name\":\"\",\"description\":\"\",\"potentialAction\":[{\"@type\":\"SearchAction\",\"target\":{\"@type\":\"EntryPoint\",\"urlTemplate\":\"https:\/\/veritasinfo.org\/?s={search_term_string}\"},\"query-input\":{\"@type\":\"PropertyValueSpecification\",\"valueRequired\":true,\"valueName\":\"search_term_string\"}}],\"inLanguage\":\"en-US\"},{\"@type\":\"Person\",\"@id\":\"https:\/\/veritasinfo.org\/#\/schema\/person\/bc442336e35414d04494ab8fb45db4c6\",\"name\":\"US5\",\"image\":{\"@type\":\"ImageObject\",\"inLanguage\":\"en-US\",\"@id\":\"https:\/\/veritasinfo.org\/#\/schema\/person\/image\/\",\"url\":\"https:\/\/secure.gravatar.com\/avatar\/16a61e7272a0c5d001121ebb9e60e925d5816e4ac1e443ed3e640d9a6ae55d0c?s=96&d=mm&r=g\",\"contentUrl\":\"https:\/\/secure.gravatar.com\/avatar\/16a61e7272a0c5d001121ebb9e60e925d5816e4ac1e443ed3e640d9a6ae55d0c?s=96&d=mm&r=g\",\"caption\":\"US5\"},\"url\":\"https:\/\/veritasinfo.org\/?author=6\"}]}<\/script>\n<!-- \/ Yoast SEO plugin. -->","yoast_head_json":{"title":"Dita kur u sulmua selia e KosovaPress-it dhe e Kosov\u00ebs s\u00eb Lir\u00eb -","robots":{"index":"index","follow":"follow","max-snippet":"max-snippet:-1","max-image-preview":"max-image-preview:large","max-video-preview":"max-video-preview:-1"},"canonical":"https:\/\/veritasinfo.org\/?p=40184","og_locale":"en_US","og_type":"article","og_title":"Dita kur u sulmua selia e KosovaPress-it dhe e Kosov\u00ebs s\u00eb Lir\u00eb -","og_description":"Prishtin\u00eb 27 Mars 2026 8:11 \u200bDy aeroplan\u00eb bombardues t\u00eb Serbis\u00eb, m\u00eb 27 mars 1999, mor\u00ebn n\u00eb sh\u00ebnjest\u00ebr selin\u00eb e Agjencis\u00eb s\u00eb Lajmeve KosovaPress dhe radios","og_url":"https:\/\/veritasinfo.org\/?p=40184","article_published_time":"2026-03-27T07:12:29+00:00","og_image":[{"width":742,"height":494,"url":"https:\/\/veritasinfo.org\/wp-content\/uploads\/2026\/03\/713428_Selia.webp","type":"image\/webp"}],"author":"US5","twitter_card":"summary_large_image","twitter_misc":{"Written by":"US5","Est. reading time":"1 minute"},"schema":{"@context":"https:\/\/schema.org","@graph":[{"@type":"WebPage","@id":"https:\/\/veritasinfo.org\/?p=40184","url":"https:\/\/veritasinfo.org\/?p=40184","name":"Dita kur u sulmua selia e KosovaPress-it dhe e Kosov\u00ebs s\u00eb Lir\u00eb -","isPartOf":{"@id":"https:\/\/veritasinfo.org\/#website"},"primaryImageOfPage":{"@id":"https:\/\/veritasinfo.org\/?p=40184#primaryimage"},"image":{"@id":"https:\/\/veritasinfo.org\/?p=40184#primaryimage"},"thumbnailUrl":"https:\/\/veritasinfo.org\/wp-content\/uploads\/2026\/03\/713428_Selia.webp","datePublished":"2026-03-27T07:12:29+00:00","author":{"@id":"https:\/\/veritasinfo.org\/#\/schema\/person\/bc442336e35414d04494ab8fb45db4c6"},"breadcrumb":{"@id":"https:\/\/veritasinfo.org\/?p=40184#breadcrumb"},"inLanguage":"en-US","potentialAction":[{"@type":"ReadAction","target":["https:\/\/veritasinfo.org\/?p=40184"]}]},{"@type":"ImageObject","inLanguage":"en-US","@id":"https:\/\/veritasinfo.org\/?p=40184#primaryimage","url":"https:\/\/veritasinfo.org\/wp-content\/uploads\/2026\/03\/713428_Selia.webp","contentUrl":"https:\/\/veritasinfo.org\/wp-content\/uploads\/2026\/03\/713428_Selia.webp","width":742,"height":494},{"@type":"BreadcrumbList","@id":"https:\/\/veritasinfo.org\/?p=40184#breadcrumb","itemListElement":[{"@type":"ListItem","position":1,"name":"Home","item":"https:\/\/veritasinfo.org\/"},{"@type":"ListItem","position":2,"name":"Dita kur u sulmua selia e KosovaPress-it dhe e Kosov\u00ebs s\u00eb Lir\u00eb"}]},{"@type":"WebSite","@id":"https:\/\/veritasinfo.org\/#website","url":"https:\/\/veritasinfo.org\/","name":"","description":"","potentialAction":[{"@type":"SearchAction","target":{"@type":"EntryPoint","urlTemplate":"https:\/\/veritasinfo.org\/?s={search_term_string}"},"query-input":{"@type":"PropertyValueSpecification","valueRequired":true,"valueName":"search_term_string"}}],"inLanguage":"en-US"},{"@type":"Person","@id":"https:\/\/veritasinfo.org\/#\/schema\/person\/bc442336e35414d04494ab8fb45db4c6","name":"US5","image":{"@type":"ImageObject","inLanguage":"en-US","@id":"https:\/\/veritasinfo.org\/#\/schema\/person\/image\/","url":"https:\/\/secure.gravatar.com\/avatar\/16a61e7272a0c5d001121ebb9e60e925d5816e4ac1e443ed3e640d9a6ae55d0c?s=96&d=mm&r=g","contentUrl":"https:\/\/secure.gravatar.com\/avatar\/16a61e7272a0c5d001121ebb9e60e925d5816e4ac1e443ed3e640d9a6ae55d0c?s=96&d=mm&r=g","caption":"US5"},"url":"https:\/\/veritasinfo.org\/?author=6"}]}},"featured_image_urls":{"full":["https:\/\/veritasinfo.org\/wp-content\/uploads\/2026\/03\/713428_Selia.webp",742,494,false],"thumbnail":["https:\/\/veritasinfo.org\/wp-content\/uploads\/2026\/03\/713428_Selia-150x150.webp",150,150,true],"medium":["https:\/\/veritasinfo.org\/wp-content\/uploads\/2026\/03\/713428_Selia-300x200.webp",300,200,true],"medium_large":["https:\/\/veritasinfo.org\/wp-content\/uploads\/2026\/03\/713428_Selia.webp",640,426,false],"large":["https:\/\/veritasinfo.org\/wp-content\/uploads\/2026\/03\/713428_Selia.webp",640,426,false],"1536x1536":["https:\/\/veritasinfo.org\/wp-content\/uploads\/2026\/03\/713428_Selia.webp",742,494,false],"2048x2048":["https:\/\/veritasinfo.org\/wp-content\/uploads\/2026\/03\/713428_Selia.webp",742,494,false],"kreeti-slider-full":["https:\/\/veritasinfo.org\/wp-content\/uploads\/2026\/03\/713428_Selia.webp",742,494,false],"kreeti-featured":["https:\/\/veritasinfo.org\/wp-content\/uploads\/2026\/03\/713428_Selia.webp",742,494,false],"kreeti-medium":["https:\/\/veritasinfo.org\/wp-content\/uploads\/2026\/03\/713428_Selia.webp",720,479,false],"kreeti-medium-square":["https:\/\/veritasinfo.org\/wp-content\/uploads\/2026\/03\/713428_Selia.webp",350,233,false]},"author_info":{"info":["US5"]},"category_info":"<a href=\"https:\/\/veritasinfo.org\/?cat=60\" rel=\"category\">Shoq\u00ebrore<\/a>","tag_info":"Shoq\u00ebrore","comment_count":"0","_links":{"self":[{"href":"https:\/\/veritasinfo.org\/index.php?rest_route=\/wp\/v2\/posts\/40184","targetHints":{"allow":["GET"]}}],"collection":[{"href":"https:\/\/veritasinfo.org\/index.php?rest_route=\/wp\/v2\/posts"}],"about":[{"href":"https:\/\/veritasinfo.org\/index.php?rest_route=\/wp\/v2\/types\/post"}],"author":[{"embeddable":true,"href":"https:\/\/veritasinfo.org\/index.php?rest_route=\/wp\/v2\/users\/6"}],"replies":[{"embeddable":true,"href":"https:\/\/veritasinfo.org\/index.php?rest_route=%2Fwp%2Fv2%2Fcomments&post=40184"}],"version-history":[{"count":2,"href":"https:\/\/veritasinfo.org\/index.php?rest_route=\/wp\/v2\/posts\/40184\/revisions"}],"predecessor-version":[{"id":40188,"href":"https:\/\/veritasinfo.org\/index.php?rest_route=\/wp\/v2\/posts\/40184\/revisions\/40188"}],"wp:featuredmedia":[{"embeddable":true,"href":"https:\/\/veritasinfo.org\/index.php?rest_route=\/wp\/v2\/media\/40186"}],"wp:attachment":[{"href":"https:\/\/veritasinfo.org\/index.php?rest_route=%2Fwp%2Fv2%2Fmedia&parent=40184"}],"wp:term":[{"taxonomy":"category","embeddable":true,"href":"https:\/\/veritasinfo.org\/index.php?rest_route=%2Fwp%2Fv2%2Fcategories&post=40184"},{"taxonomy":"post_tag","embeddable":true,"href":"https:\/\/veritasinfo.org\/index.php?rest_route=%2Fwp%2Fv2%2Ftags&post=40184"}],"curies":[{"name":"wp","href":"https:\/\/api.w.org\/{rel}","templated":true}]}}