{"id":40169,"date":"2026-03-27T08:01:01","date_gmt":"2026-03-27T07:01:01","guid":{"rendered":"https:\/\/veritasinfo.org\/?p=40169"},"modified":"2026-03-27T08:01:01","modified_gmt":"2026-03-27T07:01:01","slug":"masakra-e-suharekes-nje-familje-e-shfarosur-nga-krimi-i-organizuar-i-shtetit-serb-kunder-shqiptareve-etnike","status":"publish","type":"post","link":"https:\/\/veritasinfo.org\/?p=40169","title":{"rendered":"Masakra e Suharek\u00ebs: Nj\u00eb familje e shfarosur nga krimi i organizuar i shtetit serb kund\u00ebr shqiptar\u00ebve etnik\u00eb"},"content":{"rendered":"<p>Prishtin\u00eb, 27 mars 2026 07:59<\/p>\n<p>Masakra e Suharek\u00ebs e 26 marsit 1999 nuk \u00ebsht\u00eb vet\u00ebm nj\u00eb nga krimet m\u00eb t\u00eb r\u00ebnda t\u00eb luft\u00ebs n\u00eb Kosov\u00eb, por edhe nj\u00eb shprehje e p\u00ebrqendruar e nj\u00eb strategjie t\u00eb t\u00ebr\u00eb shtet\u00ebrore dhune, t\u00eb zbatuar nga regjimi i Slobodan Millosheviqit kund\u00ebr popullsis\u00eb etnike shqiptare.Ajo q\u00eb i ndodhi familjes Berish\u00eb nuk ishte as aksidentale dhe as devijim, por pjes\u00eb e nj\u00eb logjike t\u00eb planifikuar t\u00eb spastrimit etnik, terrorit dhe fshirjes s\u00eb provave.<\/p>\n<p>N\u00eb thelbin e saj, Masakra e Suharek\u00ebs \u00ebsht\u00eb nj\u00eb histori e trefisht\u00eb: shkat\u00ebrrimi fizik i nj\u00eb familjeje t\u00eb t\u00ebr\u00eb, p\u00ebrpjekja sistematike p\u00ebr t\u00eb eliminuar trupat me q\u00ebllim fshehjen e krimit dhe d\u00ebshtimi i drejt\u00ebsis\u00eb p\u00ebr t\u00eb nd\u00ebshkuar autor\u00ebt e krimit. Si e till\u00eb, ajo q\u00ebndron si nj\u00eb nga rastet m\u00eb dometh\u00ebn\u00ebse p\u00ebr t\u00eb kuptuar natyr\u00ebn e krimeve t\u00eb kryera n\u00eb Kosov\u00eb gjat\u00eb viteve 1998-1999.<\/p>\n<p>1 minut m\u00eb par\u00ebMasakra e Suharek\u00ebs: Nj\u00eb familje e shfarosur nga krimi i organizuar i shtetit serb kund\u00ebr shqiptar\u00ebve etnik\u00ebShare Button Gazeta BlicMasakra e Suharek\u00ebs e 26 marsit 1999 nuk \u00ebsht\u00eb vet\u00ebm nj\u00eb nga krimet m\u00eb t\u00eb r\u00ebnda t\u00eb luft\u00ebs n\u00eb Kosov\u00eb, por edhe nj\u00eb shprehje e p\u00ebrqendruar e nj\u00eb strategjie t\u00eb t\u00ebr\u00eb shtet\u00ebrore dhune, t\u00eb zbatuar nga regjimi i Slobodan Millosheviqit kund\u00ebr popullsis\u00eb etnike shqiptare.Ajo q\u00eb i ndodhi familjes Berish\u00eb nuk ishte as aksidentale dhe as devijim, por pjes\u00eb e nj\u00eb logjike t\u00eb planifikuar t\u00eb spastrimit etnik, terrorit dhe fshirjes s\u00eb provave.<\/p>\n<p>N\u00eb thelbin e saj, Masakra e Suharek\u00ebs \u00ebsht\u00eb nj\u00eb histori e trefisht\u00eb: shkat\u00ebrrimi fizik i nj\u00eb familjeje t\u00eb t\u00ebr\u00eb, p\u00ebrpjekja sistematike p\u00ebr t\u00eb eliminuar trupat me q\u00ebllim fshehjen e krimit dhe d\u00ebshtimi i drejt\u00ebsis\u00eb p\u00ebr t\u00eb nd\u00ebshkuar autor\u00ebt e krimit. Si e till\u00eb, ajo q\u00ebndron si nj\u00eb nga rastet m\u00eb dometh\u00ebn\u00ebse p\u00ebr t\u00eb kuptuar natyr\u00ebn e krimeve t\u00eb kryera n\u00eb Kosov\u00eb gjat\u00eb viteve 1998-1999.N\u00eb picerin\u00eb \u201cKalabria\u201d n\u00eb Suharek\u00eb, u ekzekutuan shumica e 50 viktimave, 48 an\u00ebtar\u00eb t\u00eb familjes Berish\u00eb, s\u00eb bashku me dy t\u00eb tjer\u00eb, Jashar Berish\u00ebn dhe Avdullah Elshanin. Ky nuk ishte thjesht nj\u00eb akt vrasjeje, por nj\u00eb akt demonstrativ terrori, viktimat varionin nga nj\u00eb foshnj\u00eb 8 muajshe deri te nj\u00eb grua 99-vje\u00e7are, p\u00ebrfshir\u00eb 18 f\u00ebmij\u00eb dhe nj\u00eb grua shtatz\u00ebn\u00eb. Ky detaj nuk \u00ebsht\u00eb vet\u00ebm tragjik, por thelb\u00ebsor, pasi tregon se objektivi nuk ishte neutralizimi i ndonj\u00eb \u201ck\u00ebrc\u00ebnimi\u201d, por shfarosja e struktur\u00ebs familjare. Kjo p\u00ebrputhet me modelin m\u00eb t\u00eb gjer\u00eb t\u00eb veprimeve nga forcat serbe n\u00eb at\u00eb koh\u00eb, duke synuar civil\u00ebt, ve\u00e7an\u00ebrisht familjet e m\u00ebdha, si nj\u00eb m\u00ebnyr\u00eb p\u00ebr t\u00eb thyer rezistenc\u00ebn kolektive dhe p\u00ebr t\u00eb krijuar panik masiv q\u00eb \u00e7oi n\u00eb zhvendosje.<\/p>\n<p>Masakra nuk mbaron me ekzekutimet, ajo vazhdon me trajtimin e trupave. Kufomat fillimisht u transportuan pran\u00eb kazermave ushtarake n\u00eb Prizren, u varros\u00ebn fshehurazi, m\u00eb von\u00eb u zhvarros\u00ebn dhe m\u00eb pas u transferuan n\u00eb Serbi. Ky zinxhir l\u00ebvizjesh nuk \u00ebsht\u00eb thjesht nj\u00eb detaj logjistik, por prov\u00eb e qart\u00eb e nj\u00eb operacioni t\u00eb organizuar p\u00ebr t\u00eb fshehur krimet. Kulmi i k\u00ebsaj p\u00ebrpjekjeje ishte hedhja e nj\u00eb kamioni frigoriferik t\u00eb mbushur me trupa n\u00eb lumin Danub, pran\u00eb kufirit rumun. Ky akt q\u00ebndron si nj\u00eb nga episodet m\u00eb t\u00eb err\u00ebta t\u00eb luft\u00ebs, pasi zbulon jo vet\u00ebm brutalitetin, por edhe vet\u00ebdijen e autor\u00ebve t\u00eb krimeve q\u00eb kishin kryer.Zbulimi i m\u00ebvonsh\u00ebm i varreve masive n\u00eb Batajnic\u00eb, ku u gjet\u00ebn eshtrat e mbi 700 shqiptar\u00ebve, p\u00ebrfshir\u00eb viktima nga Suhareka, konfirmon dimensionin e organizuar nga shteti t\u00eb k\u00ebtij operacioni. Ky nuk ishte nj\u00eb krim lokal, por nj\u00eb sistem i koordinuar q\u00eb p\u00ebrfshinte strukturat e policis\u00eb, ushtris\u00eb dhe sh\u00ebrbimit sekret.<\/p>\n<p>N\u00eb k\u00ebt\u00eb kontekst, roli i individ\u00ebve t\u00eb identifikuar si organizator\u00eb, nga kolonel\u00ebt e policis\u00eb deri te zyrtar\u00ebt e siguris\u00eb shtet\u00ebrore, duhet par\u00eb si pjes\u00eb e nj\u00eb zinxhiri m\u00eb t\u00eb gjer\u00eb komandues. N\u00eb sistemin e asaj kohe, veprime t\u00eb tilla nuk mund t\u00eb kishin ndodhur pa nj\u00eb klim\u00eb t\u00eb qart\u00eb urdhrash dhe nj\u00eb politik\u00eb shtet\u00ebrore q\u00eb i mund\u00ebsonte dhe i justifikonte ato.Procesi gjyq\u00ebsor n\u00eb Beograd, i zhvilluar midis viteve 2006 dhe 2009, rezultoi n\u00eb d\u00ebnimin e vet\u00ebm kat\u00ebr nga tet\u00eb t\u00eb pandehurve, me nj\u00eb total prej 48 vitesh burgim; kat\u00ebr t\u00eb tjer\u00eb, p\u00ebrfshir\u00eb figura ky\u00e7e, u liruan nga akuzat. Kjo nuk \u00ebsht\u00eb thjesht \u00e7\u00ebshtje vendimesh individuale gjyq\u00ebsore, por pasqyron kufizimet strukturore t\u00eb drejt\u00ebsis\u00eb n\u00eb Serbi pas luft\u00ebs. Gjykimet p\u00ebr krime lufte shpesh jan\u00eb zhvilluar n\u00eb nj\u00eb mjedis politik dhe shoq\u00ebror ku narrativa dominuese ka qen\u00eb mbrojtja e shtetit dhe relativizimi i krimeve. Si rezultat, shum\u00eb procedura kan\u00eb prodhuar d\u00ebnime t\u00eb pjesshme dhe shpesh t\u00eb pamjaftueshme n\u00eb lidhje me shkall\u00ebn e krimeve.<\/p>\n<p>N\u00eb rastin e Suharek\u00ebs, provat ishin t\u00eb konsiderueshme \u2013 120 d\u00ebshmitar\u00eb, p\u00ebrfshir\u00eb t\u00eb mbijetuar dhe vet\u00eb an\u00ebtar\u00eb t\u00eb policis\u00eb serbe. Kjo n\u00ebnvizon m\u00eb tej kontrastin e fort\u00eb midis fakteve t\u00eb dokumentuara dhe rezultateve gjyq\u00ebsore. Ajo q\u00eb mbetet \u00ebsht\u00eb nj\u00eb ndjenj\u00eb e thell\u00eb e drejt\u00ebsis\u00eb s\u00eb paplot\u00ebsuar. Megjithat\u00eb, p\u00ebr t\u00eb kuptuar plot\u00ebsisht r\u00ebnd\u00ebsin\u00eb e Masakr\u00ebs s\u00eb Suharek\u00ebs, ajo duhet t\u00eb vendoset n\u00eb kontekstin m\u00eb t\u00eb gjer\u00eb t\u00eb masakrave t\u00eb tjera n\u00eb Kosov\u00eb gjat\u00eb viteve 1998-1999.Masakra e Re\u00e7akut e janarit 1999, ku u vran\u00eb 45 civil\u00eb t\u00eb pafajsh\u00ebm shqiptar\u00eb, sh\u00ebnoi nj\u00eb pik\u00eb kthese n\u00eb nivel nd\u00ebrkomb\u00ebtar, duke ekspozuar brutalitetin e regjimit t\u00eb Millosheviqit para opinionit publik global. Ajo krijoi presion t\u00eb drejtp\u00ebrdrejt\u00eb mbi bashk\u00ebsin\u00eb nd\u00ebrkomb\u00ebtare dhe kontribuoi n\u00eb vendimin p\u00ebr nd\u00ebrhyrje nga Aleanca e Atlantikut t\u00eb Veriut.<\/p>\n<p>Masakra e Mej\u00ebs, pran\u00eb Gjakov\u00ebs, e cila ndodhi n\u00eb prill t\u00eb vitit 1999 dhe pa vrasjen e qindra burrave shqiptar\u00eb, \u00ebsht\u00eb nj\u00eb tjet\u00ebr shembull i eliminimit selektiv t\u00eb nj\u00eb popullsie, nj\u00eb praktik\u00eb e njohur n\u00eb strategjit\u00eb e spastrimit etnik. Nd\u00ebrkoh\u00eb, n\u00eb Krush\u00eb t\u00eb Madhe dhe Izbic\u00eb, u kryen masakra t\u00eb ngjashme, me dhjet\u00ebra e qindra viktima civile.Ajo q\u00eb i lidh k\u00ebto raste me Suharek\u00ebn \u00ebsht\u00eb p\u00ebrdorimi i t\u00eb nj\u00ebjtit model, rrethimi i zonave civile, ndarja e burrave nga grat\u00eb dhe f\u00ebmij\u00ebt, ose, n\u00eb disa raste si n\u00eb Suharek\u00eb, vrasja pa dallim e t\u00eb gjith\u00ebve, ekzekutimet masive, t\u00eb ndjekura nga p\u00ebrpjekjet p\u00ebr t\u00eb fshehur krimet. Ky model nuk ishte spontan, por operativ. N\u00eb k\u00ebt\u00eb kuptim, Masakra e Suharek\u00ebs \u00ebsht\u00eb nj\u00eb nga rastet m\u00eb t\u00eb qarta p\u00ebrmes t\u00eb cilit mund t\u00eb v\u00ebzhgohet ky model n\u00eb form\u00ebn e tij m\u00eb ekstreme, eliminimi total i nj\u00eb familjeje dhe nj\u00eb p\u00ebrpjekje e sofistikuar p\u00ebr t\u00eb zhdukur provat.<\/p>\n<p>N\u00eb Kosov\u00eb, k\u00ebto masakra p\u00ebrb\u00ebjn\u00eb pjes\u00eb t\u00eb identitetit kolektiv dhe k\u00ebrkes\u00ebs p\u00ebr drejt\u00ebsi. N\u00eb Serbi, ato shpesh jan\u00eb minimizuar, relativizuar ose injoruar. Ky boshll\u00ebk n\u00eb narrativ\u00eb mbetet nj\u00eb nga pengesat kryesore p\u00ebr pajtim t\u00eb v\u00ebrtet\u00eb n\u00eb rajon. Masakra e Suharek\u00ebs nuk \u00ebsht\u00eb vet\u00ebm histori. \u00cbsht\u00eb nj\u00eb prov\u00eb e vazhdueshme p\u00ebr drejt\u00ebsin\u00eb nd\u00ebrkomb\u00ebtare, p\u00ebr aft\u00ebsin\u00eb e shoq\u00ebrive p\u00ebr t\u2019u p\u00ebrballur me t\u00eb kaluar\u00ebn dhe p\u00ebr seriozitetin e angazhimeve p\u00ebr t\u00eb parandaluar p\u00ebrs\u00ebritjen e krimeve t\u00eb tilla.Ajo q\u00eb mbetet sot jan\u00eb disa t\u00eb mbijetuar q\u00eb mbajn\u00eb d\u00ebshmin\u00eb, varre q\u00eb flasin m\u00eb shum\u00eb se \u00e7do dokument dhe nj\u00eb sistem drejt\u00ebsie q\u00eb ende nuk ka dh\u00ebn\u00eb p\u00ebrgjigje t\u00eb plota. Mbi t\u00eb gjitha, mbetet nj\u00eb pyetje themelore: si \u00ebsht\u00eb e mundur q\u00eb krime t\u00eb k\u00ebsaj natyre jan\u00eb kryer n\u00eb m\u00ebnyr\u00eb kaq sistematike, dhe megjithat\u00eb nuk jan\u00eb nd\u00ebshkuar n\u00eb p\u00ebrpjes\u00ebtim me shkall\u00ebn e tyre? P\u00ebrgjigja nuk \u00ebsht\u00eb e drejtp\u00ebrdrejt\u00eb, shkuran The Balkan Report.<\/p>\n","protected":false},"excerpt":{"rendered":"<p>Prishtin\u00eb, 27 mars 2026 07:59 Masakra e Suharek\u00ebs e 26 marsit 1999 nuk \u00ebsht\u00eb vet\u00ebm nj\u00eb nga krimet m\u00eb t\u00eb r\u00ebnda t\u00eb luft\u00ebs n\u00eb Kosov\u00eb,<\/p>\n","protected":false},"author":7,"featured_media":40170,"comment_status":"open","ping_status":"open","sticky":false,"template":"","format":"standard","meta":{"footnotes":""},"categories":[60],"tags":[],"class_list":["post-40169","post","type-post","status-publish","format-standard","has-post-thumbnail","hentry","category-shoqerore-sq"],"yoast_head":"<!-- This site is optimized with the Yoast SEO plugin v25.3.1 - https:\/\/yoast.com\/wordpress\/plugins\/seo\/ -->\n<title>Masakra e Suharek\u00ebs: Nj\u00eb familje e shfarosur nga krimi i organizuar i shtetit serb kund\u00ebr shqiptar\u00ebve etnik\u00eb -<\/title>\n<meta name=\"robots\" content=\"index, follow, max-snippet:-1, max-image-preview:large, max-video-preview:-1\" \/>\n<link rel=\"canonical\" href=\"https:\/\/veritasinfo.org\/?p=40169\" \/>\n<meta property=\"og:locale\" content=\"en_US\" \/>\n<meta property=\"og:type\" content=\"article\" \/>\n<meta property=\"og:title\" content=\"Masakra e Suharek\u00ebs: Nj\u00eb familje e shfarosur nga krimi i organizuar i shtetit serb kund\u00ebr shqiptar\u00ebve etnik\u00eb -\" \/>\n<meta property=\"og:description\" content=\"Prishtin\u00eb, 27 mars 2026 07:59 Masakra e Suharek\u00ebs e 26 marsit 1999 nuk \u00ebsht\u00eb vet\u00ebm nj\u00eb nga krimet m\u00eb t\u00eb r\u00ebnda t\u00eb luft\u00ebs n\u00eb Kosov\u00eb,\" \/>\n<meta property=\"og:url\" content=\"https:\/\/veritasinfo.org\/?p=40169\" \/>\n<meta property=\"article:published_time\" content=\"2026-03-27T07:01:01+00:00\" \/>\n<meta property=\"og:image\" content=\"https:\/\/veritasinfo.org\/wp-content\/uploads\/2026\/03\/3456.png\" \/>\n\t<meta property=\"og:image:width\" content=\"545\" \/>\n\t<meta property=\"og:image:height\" content=\"274\" \/>\n\t<meta property=\"og:image:type\" content=\"image\/png\" \/>\n<meta name=\"author\" content=\"US6\" \/>\n<meta name=\"twitter:card\" content=\"summary_large_image\" \/>\n<meta name=\"twitter:label1\" content=\"Written by\" \/>\n\t<meta name=\"twitter:data1\" content=\"US6\" \/>\n\t<meta name=\"twitter:label2\" content=\"Est. reading time\" \/>\n\t<meta name=\"twitter:data2\" content=\"6 minutes\" \/>\n<script type=\"application\/ld+json\" class=\"yoast-schema-graph\">{\"@context\":\"https:\/\/schema.org\",\"@graph\":[{\"@type\":\"WebPage\",\"@id\":\"https:\/\/veritasinfo.org\/?p=40169\",\"url\":\"https:\/\/veritasinfo.org\/?p=40169\",\"name\":\"Masakra e Suharek\u00ebs: Nj\u00eb familje e shfarosur nga krimi i organizuar i shtetit serb kund\u00ebr shqiptar\u00ebve etnik\u00eb -\",\"isPartOf\":{\"@id\":\"https:\/\/veritasinfo.org\/#website\"},\"primaryImageOfPage\":{\"@id\":\"https:\/\/veritasinfo.org\/?p=40169#primaryimage\"},\"image\":{\"@id\":\"https:\/\/veritasinfo.org\/?p=40169#primaryimage\"},\"thumbnailUrl\":\"https:\/\/veritasinfo.org\/wp-content\/uploads\/2026\/03\/3456.png\",\"datePublished\":\"2026-03-27T07:01:01+00:00\",\"author\":{\"@id\":\"https:\/\/veritasinfo.org\/#\/schema\/person\/fe199eede04c3937362892b7444747cc\"},\"breadcrumb\":{\"@id\":\"https:\/\/veritasinfo.org\/?p=40169#breadcrumb\"},\"inLanguage\":\"en-US\",\"potentialAction\":[{\"@type\":\"ReadAction\",\"target\":[\"https:\/\/veritasinfo.org\/?p=40169\"]}]},{\"@type\":\"ImageObject\",\"inLanguage\":\"en-US\",\"@id\":\"https:\/\/veritasinfo.org\/?p=40169#primaryimage\",\"url\":\"https:\/\/veritasinfo.org\/wp-content\/uploads\/2026\/03\/3456.png\",\"contentUrl\":\"https:\/\/veritasinfo.org\/wp-content\/uploads\/2026\/03\/3456.png\",\"width\":545,\"height\":274},{\"@type\":\"BreadcrumbList\",\"@id\":\"https:\/\/veritasinfo.org\/?p=40169#breadcrumb\",\"itemListElement\":[{\"@type\":\"ListItem\",\"position\":1,\"name\":\"Home\",\"item\":\"https:\/\/veritasinfo.org\/\"},{\"@type\":\"ListItem\",\"position\":2,\"name\":\"Masakra e Suharek\u00ebs: Nj\u00eb familje e shfarosur nga krimi i organizuar i shtetit serb kund\u00ebr shqiptar\u00ebve etnik\u00eb\"}]},{\"@type\":\"WebSite\",\"@id\":\"https:\/\/veritasinfo.org\/#website\",\"url\":\"https:\/\/veritasinfo.org\/\",\"name\":\"\",\"description\":\"\",\"potentialAction\":[{\"@type\":\"SearchAction\",\"target\":{\"@type\":\"EntryPoint\",\"urlTemplate\":\"https:\/\/veritasinfo.org\/?s={search_term_string}\"},\"query-input\":{\"@type\":\"PropertyValueSpecification\",\"valueRequired\":true,\"valueName\":\"search_term_string\"}}],\"inLanguage\":\"en-US\"},{\"@type\":\"Person\",\"@id\":\"https:\/\/veritasinfo.org\/#\/schema\/person\/fe199eede04c3937362892b7444747cc\",\"name\":\"US6\",\"image\":{\"@type\":\"ImageObject\",\"inLanguage\":\"en-US\",\"@id\":\"https:\/\/veritasinfo.org\/#\/schema\/person\/image\/\",\"url\":\"https:\/\/secure.gravatar.com\/avatar\/cb16c3c31c9d23b9b8c705964598220b3014e42ff51eb540ff23cefa3ae8c15f?s=96&d=mm&r=g\",\"contentUrl\":\"https:\/\/secure.gravatar.com\/avatar\/cb16c3c31c9d23b9b8c705964598220b3014e42ff51eb540ff23cefa3ae8c15f?s=96&d=mm&r=g\",\"caption\":\"US6\"},\"url\":\"https:\/\/veritasinfo.org\/?author=7\"}]}<\/script>\n<!-- \/ Yoast SEO plugin. -->","yoast_head_json":{"title":"Masakra e Suharek\u00ebs: Nj\u00eb familje e shfarosur nga krimi i organizuar i shtetit serb kund\u00ebr shqiptar\u00ebve etnik\u00eb -","robots":{"index":"index","follow":"follow","max-snippet":"max-snippet:-1","max-image-preview":"max-image-preview:large","max-video-preview":"max-video-preview:-1"},"canonical":"https:\/\/veritasinfo.org\/?p=40169","og_locale":"en_US","og_type":"article","og_title":"Masakra e Suharek\u00ebs: Nj\u00eb familje e shfarosur nga krimi i organizuar i shtetit serb kund\u00ebr shqiptar\u00ebve etnik\u00eb -","og_description":"Prishtin\u00eb, 27 mars 2026 07:59 Masakra e Suharek\u00ebs e 26 marsit 1999 nuk \u00ebsht\u00eb vet\u00ebm nj\u00eb nga krimet m\u00eb t\u00eb r\u00ebnda t\u00eb luft\u00ebs n\u00eb Kosov\u00eb,","og_url":"https:\/\/veritasinfo.org\/?p=40169","article_published_time":"2026-03-27T07:01:01+00:00","og_image":[{"width":545,"height":274,"url":"https:\/\/veritasinfo.org\/wp-content\/uploads\/2026\/03\/3456.png","type":"image\/png"}],"author":"US6","twitter_card":"summary_large_image","twitter_misc":{"Written by":"US6","Est. reading time":"6 minutes"},"schema":{"@context":"https:\/\/schema.org","@graph":[{"@type":"WebPage","@id":"https:\/\/veritasinfo.org\/?p=40169","url":"https:\/\/veritasinfo.org\/?p=40169","name":"Masakra e Suharek\u00ebs: Nj\u00eb familje e shfarosur nga krimi i organizuar i shtetit serb kund\u00ebr shqiptar\u00ebve etnik\u00eb -","isPartOf":{"@id":"https:\/\/veritasinfo.org\/#website"},"primaryImageOfPage":{"@id":"https:\/\/veritasinfo.org\/?p=40169#primaryimage"},"image":{"@id":"https:\/\/veritasinfo.org\/?p=40169#primaryimage"},"thumbnailUrl":"https:\/\/veritasinfo.org\/wp-content\/uploads\/2026\/03\/3456.png","datePublished":"2026-03-27T07:01:01+00:00","author":{"@id":"https:\/\/veritasinfo.org\/#\/schema\/person\/fe199eede04c3937362892b7444747cc"},"breadcrumb":{"@id":"https:\/\/veritasinfo.org\/?p=40169#breadcrumb"},"inLanguage":"en-US","potentialAction":[{"@type":"ReadAction","target":["https:\/\/veritasinfo.org\/?p=40169"]}]},{"@type":"ImageObject","inLanguage":"en-US","@id":"https:\/\/veritasinfo.org\/?p=40169#primaryimage","url":"https:\/\/veritasinfo.org\/wp-content\/uploads\/2026\/03\/3456.png","contentUrl":"https:\/\/veritasinfo.org\/wp-content\/uploads\/2026\/03\/3456.png","width":545,"height":274},{"@type":"BreadcrumbList","@id":"https:\/\/veritasinfo.org\/?p=40169#breadcrumb","itemListElement":[{"@type":"ListItem","position":1,"name":"Home","item":"https:\/\/veritasinfo.org\/"},{"@type":"ListItem","position":2,"name":"Masakra e Suharek\u00ebs: Nj\u00eb familje e shfarosur nga krimi i organizuar i shtetit serb kund\u00ebr shqiptar\u00ebve etnik\u00eb"}]},{"@type":"WebSite","@id":"https:\/\/veritasinfo.org\/#website","url":"https:\/\/veritasinfo.org\/","name":"","description":"","potentialAction":[{"@type":"SearchAction","target":{"@type":"EntryPoint","urlTemplate":"https:\/\/veritasinfo.org\/?s={search_term_string}"},"query-input":{"@type":"PropertyValueSpecification","valueRequired":true,"valueName":"search_term_string"}}],"inLanguage":"en-US"},{"@type":"Person","@id":"https:\/\/veritasinfo.org\/#\/schema\/person\/fe199eede04c3937362892b7444747cc","name":"US6","image":{"@type":"ImageObject","inLanguage":"en-US","@id":"https:\/\/veritasinfo.org\/#\/schema\/person\/image\/","url":"https:\/\/secure.gravatar.com\/avatar\/cb16c3c31c9d23b9b8c705964598220b3014e42ff51eb540ff23cefa3ae8c15f?s=96&d=mm&r=g","contentUrl":"https:\/\/secure.gravatar.com\/avatar\/cb16c3c31c9d23b9b8c705964598220b3014e42ff51eb540ff23cefa3ae8c15f?s=96&d=mm&r=g","caption":"US6"},"url":"https:\/\/veritasinfo.org\/?author=7"}]}},"featured_image_urls":{"full":["https:\/\/veritasinfo.org\/wp-content\/uploads\/2026\/03\/3456.png",545,274,false],"thumbnail":["https:\/\/veritasinfo.org\/wp-content\/uploads\/2026\/03\/3456-150x150.png",150,150,true],"medium":["https:\/\/veritasinfo.org\/wp-content\/uploads\/2026\/03\/3456-300x151.png",300,151,true],"medium_large":["https:\/\/veritasinfo.org\/wp-content\/uploads\/2026\/03\/3456.png",545,274,false],"large":["https:\/\/veritasinfo.org\/wp-content\/uploads\/2026\/03\/3456.png",545,274,false],"1536x1536":["https:\/\/veritasinfo.org\/wp-content\/uploads\/2026\/03\/3456.png",545,274,false],"2048x2048":["https:\/\/veritasinfo.org\/wp-content\/uploads\/2026\/03\/3456.png",545,274,false],"kreeti-slider-full":["https:\/\/veritasinfo.org\/wp-content\/uploads\/2026\/03\/3456.png",545,274,false],"kreeti-featured":["https:\/\/veritasinfo.org\/wp-content\/uploads\/2026\/03\/3456.png",545,274,false],"kreeti-medium":["https:\/\/veritasinfo.org\/wp-content\/uploads\/2026\/03\/3456.png",545,274,false],"kreeti-medium-square":["https:\/\/veritasinfo.org\/wp-content\/uploads\/2026\/03\/3456.png",350,176,false]},"author_info":{"info":["US6"]},"category_info":"<a href=\"https:\/\/veritasinfo.org\/?cat=60\" rel=\"category\">Shoq\u00ebrore<\/a>","tag_info":"Shoq\u00ebrore","comment_count":"0","_links":{"self":[{"href":"https:\/\/veritasinfo.org\/index.php?rest_route=\/wp\/v2\/posts\/40169","targetHints":{"allow":["GET"]}}],"collection":[{"href":"https:\/\/veritasinfo.org\/index.php?rest_route=\/wp\/v2\/posts"}],"about":[{"href":"https:\/\/veritasinfo.org\/index.php?rest_route=\/wp\/v2\/types\/post"}],"author":[{"embeddable":true,"href":"https:\/\/veritasinfo.org\/index.php?rest_route=\/wp\/v2\/users\/7"}],"replies":[{"embeddable":true,"href":"https:\/\/veritasinfo.org\/index.php?rest_route=%2Fwp%2Fv2%2Fcomments&post=40169"}],"version-history":[{"count":1,"href":"https:\/\/veritasinfo.org\/index.php?rest_route=\/wp\/v2\/posts\/40169\/revisions"}],"predecessor-version":[{"id":40171,"href":"https:\/\/veritasinfo.org\/index.php?rest_route=\/wp\/v2\/posts\/40169\/revisions\/40171"}],"wp:featuredmedia":[{"embeddable":true,"href":"https:\/\/veritasinfo.org\/index.php?rest_route=\/wp\/v2\/media\/40170"}],"wp:attachment":[{"href":"https:\/\/veritasinfo.org\/index.php?rest_route=%2Fwp%2Fv2%2Fmedia&parent=40169"}],"wp:term":[{"taxonomy":"category","embeddable":true,"href":"https:\/\/veritasinfo.org\/index.php?rest_route=%2Fwp%2Fv2%2Fcategories&post=40169"},{"taxonomy":"post_tag","embeddable":true,"href":"https:\/\/veritasinfo.org\/index.php?rest_route=%2Fwp%2Fv2%2Ftags&post=40169"}],"curies":[{"name":"wp","href":"https:\/\/api.w.org\/{rel}","templated":true}]}}