{"id":4014,"date":"2025-07-16T15:58:31","date_gmt":"2025-07-16T13:58:31","guid":{"rendered":"https:\/\/veritasinfo.org\/?p=4014"},"modified":"2025-07-16T15:58:31","modified_gmt":"2025-07-16T13:58:31","slug":"sindikata-i-drejtohet-avokatit-te-popullit-per-ndalimin-e-pese-policeve-kerkohet-mbikeqyrje-dhe-proces-i-drejte","status":"publish","type":"post","link":"https:\/\/veritasinfo.org\/?p=4014","title":{"rendered":"Sindikata i drejtohet Avokatit t\u00eb Popullit p\u00ebr ndalimin e pes\u00eb polic\u00ebve: K\u00ebrkohet mbik\u00ebqyrje dhe proces i drejt\u00eb"},"content":{"rendered":"<p>Prishtin\u00eb, 16 korrik 2025<\/p>\n<p>Sindikata e Policis\u00eb s\u00eb Kosov\u00ebs (SPK) i \u00ebsht\u00eb drejtuar zyrtarisht Avokatit t\u00eb Popullit, Naim Qelaj, me k\u00ebrkes\u00eb p\u00ebr t\u00eb monitoruar respektimin e t\u00eb drejtave t\u00eb pes\u00eb zyrtar\u00ebve policor\u00eb t\u00eb ndaluar lidhur me rastin tragjik n\u00eb Lipjan, ku nj\u00eb i ri humbi jet\u00ebn.<\/p>\n<p>SPK thekson se masa e ndalimit \u00ebsht\u00eb e panevojshme dhe k\u00ebrkon vler\u00ebsim t\u00eb proporcionalitetit t\u00eb saj, shmangie t\u00eb stigmatizimit dhe garantimin e nj\u00eb procesi ligjor t\u00eb drejt\u00eb dhe t\u00eb paansh\u00ebm.<\/p>\n<p>&nbsp;<\/p>\n<p>Kryetari i Sindikat\u00ebs ka vizituar familjet e zyrtar\u00ebve t\u00eb ndaluar dhe ka ofruar p\u00ebrkrahje institucionale dhe juridike. SPK u b\u00ebn thirrje ish-zyrtar\u00ebve policor\u00eb t\u00eb jen\u00eb t\u00eb kujdessh\u00ebm n\u00eb deklaratat publike, duke respektuar ligjin dhe ruajtur imazhin e Policis\u00eb s\u00eb Kosov\u00ebs.<\/p>\n<p>\u201cSindikata nuk nd\u00ebrhyn n\u00eb hetime, por k\u00ebrkon trajtim t\u00eb drejt\u00eb, human dhe ligjor p\u00ebr \u00e7do zyrtar\u201d, thuhet n\u00eb njoftim.<\/p>\n<p><img fetchpriority=\"high\" decoding=\"async\" class=\"alignnone size-medium wp-image-4015\" src=\"https:\/\/veritasinfo.org\/wp-content\/uploads\/2025\/07\/FB_IMG_1752673969425-203x300.jpg\" alt=\"\" width=\"203\" height=\"300\" srcset=\"https:\/\/veritasinfo.org\/wp-content\/uploads\/2025\/07\/FB_IMG_1752673969425-203x300.jpg 203w, https:\/\/veritasinfo.org\/wp-content\/uploads\/2025\/07\/FB_IMG_1752673969425-693x1024.jpg 693w, https:\/\/veritasinfo.org\/wp-content\/uploads\/2025\/07\/FB_IMG_1752673969425-768x1135.jpg 768w, https:\/\/veritasinfo.org\/wp-content\/uploads\/2025\/07\/FB_IMG_1752673969425.jpg 1025w\" sizes=\"(max-width: 203px) 100vw, 203px\" \/><img decoding=\"async\" class=\"alignnone size-medium wp-image-4016 lazyload\" data-src=\"https:\/\/veritasinfo.org\/wp-content\/uploads\/2025\/07\/FB_IMG_1752673971684-293x300.jpg\" alt=\"\" width=\"293\" height=\"300\" data-srcset=\"https:\/\/veritasinfo.org\/wp-content\/uploads\/2025\/07\/FB_IMG_1752673971684-293x300.jpg 293w, https:\/\/veritasinfo.org\/wp-content\/uploads\/2025\/07\/FB_IMG_1752673971684-1001x1024.jpg 1001w, https:\/\/veritasinfo.org\/wp-content\/uploads\/2025\/07\/FB_IMG_1752673971684-768x786.jpg 768w, https:\/\/veritasinfo.org\/wp-content\/uploads\/2025\/07\/FB_IMG_1752673971684.jpg 1080w\" data-sizes=\"(max-width: 293px) 100vw, 293px\" src=\"data:image\/gif;base64,R0lGODlhAQABAAAAACH5BAEKAAEALAAAAAABAAEAAAICTAEAOw==\" style=\"--smush-placeholder-width: 293px; --smush-placeholder-aspect-ratio: 293\/300;\" \/><\/p>\n","protected":false},"excerpt":{"rendered":"<p>Prishtin\u00eb, 16 korrik 2025 Sindikata e Policis\u00eb s\u00eb Kosov\u00ebs (SPK) i \u00ebsht\u00eb drejtuar zyrtarisht Avokatit t\u00eb Popullit, Naim Qelaj, me k\u00ebrkes\u00eb p\u00ebr t\u00eb monitoruar respektimin<\/p>\n","protected":false},"author":1,"featured_media":4017,"comment_status":"open","ping_status":"open","sticky":false,"template":"","format":"standard","meta":{"footnotes":""},"categories":[60],"tags":[],"class_list":["post-4014","post","type-post","status-publish","format-standard","has-post-thumbnail","hentry","category-shoqerore-sq"],"yoast_head":"<!-- This site is optimized with the Yoast SEO plugin v25.3.1 - https:\/\/yoast.com\/wordpress\/plugins\/seo\/ -->\n<title>Sindikata i drejtohet Avokatit t\u00eb Popullit p\u00ebr ndalimin e pes\u00eb polic\u00ebve: K\u00ebrkohet mbik\u00ebqyrje dhe proces i drejt\u00eb -<\/title>\n<meta name=\"robots\" content=\"index, follow, max-snippet:-1, max-image-preview:large, max-video-preview:-1\" \/>\n<link rel=\"canonical\" href=\"https:\/\/veritasinfo.org\/?p=4014\" \/>\n<meta property=\"og:locale\" content=\"en_US\" \/>\n<meta property=\"og:type\" content=\"article\" \/>\n<meta property=\"og:title\" content=\"Sindikata i drejtohet Avokatit t\u00eb Popullit p\u00ebr ndalimin e pes\u00eb polic\u00ebve: K\u00ebrkohet mbik\u00ebqyrje dhe proces i drejt\u00eb -\" \/>\n<meta property=\"og:description\" content=\"Prishtin\u00eb, 16 korrik 2025 Sindikata e Policis\u00eb s\u00eb Kosov\u00ebs (SPK) i \u00ebsht\u00eb drejtuar zyrtarisht Avokatit t\u00eb Popullit, Naim Qelaj, me k\u00ebrkes\u00eb p\u00ebr t\u00eb monitoruar respektimin\" \/>\n<meta property=\"og:url\" content=\"https:\/\/veritasinfo.org\/?p=4014\" \/>\n<meta property=\"article:published_time\" content=\"2025-07-16T13:58:31+00:00\" \/>\n<meta property=\"og:image\" content=\"https:\/\/veritasinfo.org\/wp-content\/uploads\/2025\/07\/FB_IMG_1752673967099.jpg\" \/>\n\t<meta property=\"og:image:width\" content=\"1600\" \/>\n\t<meta property=\"og:image:height\" content=\"900\" \/>\n\t<meta property=\"og:image:type\" content=\"image\/jpeg\" \/>\n<meta name=\"author\" content=\"admin\" \/>\n<meta name=\"twitter:card\" content=\"summary_large_image\" \/>\n<meta name=\"twitter:label1\" content=\"Written by\" \/>\n\t<meta name=\"twitter:data1\" content=\"admin\" \/>\n\t<meta name=\"twitter:label2\" content=\"Est. reading time\" \/>\n\t<meta name=\"twitter:data2\" content=\"2 minutes\" \/>\n<script type=\"application\/ld+json\" class=\"yoast-schema-graph\">{\"@context\":\"https:\/\/schema.org\",\"@graph\":[{\"@type\":\"WebPage\",\"@id\":\"https:\/\/veritasinfo.org\/?p=4014\",\"url\":\"https:\/\/veritasinfo.org\/?p=4014\",\"name\":\"Sindikata i drejtohet Avokatit t\u00eb Popullit p\u00ebr ndalimin e pes\u00eb polic\u00ebve: K\u00ebrkohet mbik\u00ebqyrje dhe proces i drejt\u00eb -\",\"isPartOf\":{\"@id\":\"https:\/\/veritasinfo.org\/#website\"},\"primaryImageOfPage\":{\"@id\":\"https:\/\/veritasinfo.org\/?p=4014#primaryimage\"},\"image\":{\"@id\":\"https:\/\/veritasinfo.org\/?p=4014#primaryimage\"},\"thumbnailUrl\":\"https:\/\/veritasinfo.org\/wp-content\/uploads\/2025\/07\/FB_IMG_1752673967099.jpg\",\"datePublished\":\"2025-07-16T13:58:31+00:00\",\"author\":{\"@id\":\"https:\/\/veritasinfo.org\/#\/schema\/person\/7701f8c088bece422266b100a712374f\"},\"breadcrumb\":{\"@id\":\"https:\/\/veritasinfo.org\/?p=4014#breadcrumb\"},\"inLanguage\":\"en-US\",\"potentialAction\":[{\"@type\":\"ReadAction\",\"target\":[\"https:\/\/veritasinfo.org\/?p=4014\"]}]},{\"@type\":\"ImageObject\",\"inLanguage\":\"en-US\",\"@id\":\"https:\/\/veritasinfo.org\/?p=4014#primaryimage\",\"url\":\"https:\/\/veritasinfo.org\/wp-content\/uploads\/2025\/07\/FB_IMG_1752673967099.jpg\",\"contentUrl\":\"https:\/\/veritasinfo.org\/wp-content\/uploads\/2025\/07\/FB_IMG_1752673967099.jpg\",\"width\":1600,\"height\":900},{\"@type\":\"BreadcrumbList\",\"@id\":\"https:\/\/veritasinfo.org\/?p=4014#breadcrumb\",\"itemListElement\":[{\"@type\":\"ListItem\",\"position\":1,\"name\":\"Home\",\"item\":\"https:\/\/veritasinfo.org\/\"},{\"@type\":\"ListItem\",\"position\":2,\"name\":\"Sindikata i drejtohet Avokatit t\u00eb Popullit p\u00ebr ndalimin e pes\u00eb polic\u00ebve: K\u00ebrkohet mbik\u00ebqyrje dhe proces i drejt\u00eb\"}]},{\"@type\":\"WebSite\",\"@id\":\"https:\/\/veritasinfo.org\/#website\",\"url\":\"https:\/\/veritasinfo.org\/\",\"name\":\"\",\"description\":\"\",\"potentialAction\":[{\"@type\":\"SearchAction\",\"target\":{\"@type\":\"EntryPoint\",\"urlTemplate\":\"https:\/\/veritasinfo.org\/?s={search_term_string}\"},\"query-input\":{\"@type\":\"PropertyValueSpecification\",\"valueRequired\":true,\"valueName\":\"search_term_string\"}}],\"inLanguage\":\"en-US\"},{\"@type\":\"Person\",\"@id\":\"https:\/\/veritasinfo.org\/#\/schema\/person\/7701f8c088bece422266b100a712374f\",\"name\":\"admin\",\"image\":{\"@type\":\"ImageObject\",\"inLanguage\":\"en-US\",\"@id\":\"https:\/\/veritasinfo.org\/#\/schema\/person\/image\/\",\"url\":\"https:\/\/secure.gravatar.com\/avatar\/ea53aa3bf6c9a12d5fde8ce4deff43fef3885ae33cf60184161a50d6987cfd2f?s=96&d=mm&r=g\",\"contentUrl\":\"https:\/\/secure.gravatar.com\/avatar\/ea53aa3bf6c9a12d5fde8ce4deff43fef3885ae33cf60184161a50d6987cfd2f?s=96&d=mm&r=g\",\"caption\":\"admin\"},\"sameAs\":[\"https:\/\/veritasinfo.org\"],\"url\":\"https:\/\/veritasinfo.org\/?author=1\"}]}<\/script>\n<!-- \/ Yoast SEO plugin. -->","yoast_head_json":{"title":"Sindikata i drejtohet Avokatit t\u00eb Popullit p\u00ebr ndalimin e pes\u00eb polic\u00ebve: K\u00ebrkohet mbik\u00ebqyrje dhe proces i drejt\u00eb -","robots":{"index":"index","follow":"follow","max-snippet":"max-snippet:-1","max-image-preview":"max-image-preview:large","max-video-preview":"max-video-preview:-1"},"canonical":"https:\/\/veritasinfo.org\/?p=4014","og_locale":"en_US","og_type":"article","og_title":"Sindikata i drejtohet Avokatit t\u00eb Popullit p\u00ebr ndalimin e pes\u00eb polic\u00ebve: K\u00ebrkohet mbik\u00ebqyrje dhe proces i drejt\u00eb -","og_description":"Prishtin\u00eb, 16 korrik 2025 Sindikata e Policis\u00eb s\u00eb Kosov\u00ebs (SPK) i \u00ebsht\u00eb drejtuar zyrtarisht Avokatit t\u00eb Popullit, Naim Qelaj, me k\u00ebrkes\u00eb p\u00ebr t\u00eb monitoruar respektimin","og_url":"https:\/\/veritasinfo.org\/?p=4014","article_published_time":"2025-07-16T13:58:31+00:00","og_image":[{"width":1600,"height":900,"url":"https:\/\/veritasinfo.org\/wp-content\/uploads\/2025\/07\/FB_IMG_1752673967099.jpg","type":"image\/jpeg"}],"author":"admin","twitter_card":"summary_large_image","twitter_misc":{"Written by":"admin","Est. reading time":"2 minutes"},"schema":{"@context":"https:\/\/schema.org","@graph":[{"@type":"WebPage","@id":"https:\/\/veritasinfo.org\/?p=4014","url":"https:\/\/veritasinfo.org\/?p=4014","name":"Sindikata i drejtohet Avokatit t\u00eb Popullit p\u00ebr ndalimin e pes\u00eb polic\u00ebve: K\u00ebrkohet mbik\u00ebqyrje dhe proces i drejt\u00eb -","isPartOf":{"@id":"https:\/\/veritasinfo.org\/#website"},"primaryImageOfPage":{"@id":"https:\/\/veritasinfo.org\/?p=4014#primaryimage"},"image":{"@id":"https:\/\/veritasinfo.org\/?p=4014#primaryimage"},"thumbnailUrl":"https:\/\/veritasinfo.org\/wp-content\/uploads\/2025\/07\/FB_IMG_1752673967099.jpg","datePublished":"2025-07-16T13:58:31+00:00","author":{"@id":"https:\/\/veritasinfo.org\/#\/schema\/person\/7701f8c088bece422266b100a712374f"},"breadcrumb":{"@id":"https:\/\/veritasinfo.org\/?p=4014#breadcrumb"},"inLanguage":"en-US","potentialAction":[{"@type":"ReadAction","target":["https:\/\/veritasinfo.org\/?p=4014"]}]},{"@type":"ImageObject","inLanguage":"en-US","@id":"https:\/\/veritasinfo.org\/?p=4014#primaryimage","url":"https:\/\/veritasinfo.org\/wp-content\/uploads\/2025\/07\/FB_IMG_1752673967099.jpg","contentUrl":"https:\/\/veritasinfo.org\/wp-content\/uploads\/2025\/07\/FB_IMG_1752673967099.jpg","width":1600,"height":900},{"@type":"BreadcrumbList","@id":"https:\/\/veritasinfo.org\/?p=4014#breadcrumb","itemListElement":[{"@type":"ListItem","position":1,"name":"Home","item":"https:\/\/veritasinfo.org\/"},{"@type":"ListItem","position":2,"name":"Sindikata i drejtohet Avokatit t\u00eb Popullit p\u00ebr ndalimin e pes\u00eb polic\u00ebve: K\u00ebrkohet mbik\u00ebqyrje dhe proces i drejt\u00eb"}]},{"@type":"WebSite","@id":"https:\/\/veritasinfo.org\/#website","url":"https:\/\/veritasinfo.org\/","name":"","description":"","potentialAction":[{"@type":"SearchAction","target":{"@type":"EntryPoint","urlTemplate":"https:\/\/veritasinfo.org\/?s={search_term_string}"},"query-input":{"@type":"PropertyValueSpecification","valueRequired":true,"valueName":"search_term_string"}}],"inLanguage":"en-US"},{"@type":"Person","@id":"https:\/\/veritasinfo.org\/#\/schema\/person\/7701f8c088bece422266b100a712374f","name":"admin","image":{"@type":"ImageObject","inLanguage":"en-US","@id":"https:\/\/veritasinfo.org\/#\/schema\/person\/image\/","url":"https:\/\/secure.gravatar.com\/avatar\/ea53aa3bf6c9a12d5fde8ce4deff43fef3885ae33cf60184161a50d6987cfd2f?s=96&d=mm&r=g","contentUrl":"https:\/\/secure.gravatar.com\/avatar\/ea53aa3bf6c9a12d5fde8ce4deff43fef3885ae33cf60184161a50d6987cfd2f?s=96&d=mm&r=g","caption":"admin"},"sameAs":["https:\/\/veritasinfo.org"],"url":"https:\/\/veritasinfo.org\/?author=1"}]}},"featured_image_urls":{"full":["https:\/\/veritasinfo.org\/wp-content\/uploads\/2025\/07\/FB_IMG_1752673967099.jpg",1600,900,false],"thumbnail":["https:\/\/veritasinfo.org\/wp-content\/uploads\/2025\/07\/FB_IMG_1752673967099-150x150.jpg",150,150,true],"medium":["https:\/\/veritasinfo.org\/wp-content\/uploads\/2025\/07\/FB_IMG_1752673967099-300x169.jpg",300,169,true],"medium_large":["https:\/\/veritasinfo.org\/wp-content\/uploads\/2025\/07\/FB_IMG_1752673967099-768x432.jpg",640,360,true],"large":["https:\/\/veritasinfo.org\/wp-content\/uploads\/2025\/07\/FB_IMG_1752673967099-1024x576.jpg",640,360,true],"1536x1536":["https:\/\/veritasinfo.org\/wp-content\/uploads\/2025\/07\/FB_IMG_1752673967099-1536x864.jpg",1536,864,true],"2048x2048":["https:\/\/veritasinfo.org\/wp-content\/uploads\/2025\/07\/FB_IMG_1752673967099.jpg",1600,900,false],"kreeti-slider-full":["https:\/\/veritasinfo.org\/wp-content\/uploads\/2025\/07\/FB_IMG_1752673967099.jpg",1280,720,false],"kreeti-featured":["https:\/\/veritasinfo.org\/wp-content\/uploads\/2025\/07\/FB_IMG_1752673967099.jpg",1024,576,false],"kreeti-medium":["https:\/\/veritasinfo.org\/wp-content\/uploads\/2025\/07\/FB_IMG_1752673967099.jpg",720,405,false],"kreeti-medium-square":["https:\/\/veritasinfo.org\/wp-content\/uploads\/2025\/07\/FB_IMG_1752673967099.jpg",350,197,false]},"author_info":{"info":["admin"]},"category_info":"<a href=\"https:\/\/veritasinfo.org\/?cat=60\" rel=\"category\">Shoq\u00ebrore<\/a>","tag_info":"Shoq\u00ebrore","comment_count":"0","_links":{"self":[{"href":"https:\/\/veritasinfo.org\/index.php?rest_route=\/wp\/v2\/posts\/4014","targetHints":{"allow":["GET"]}}],"collection":[{"href":"https:\/\/veritasinfo.org\/index.php?rest_route=\/wp\/v2\/posts"}],"about":[{"href":"https:\/\/veritasinfo.org\/index.php?rest_route=\/wp\/v2\/types\/post"}],"author":[{"embeddable":true,"href":"https:\/\/veritasinfo.org\/index.php?rest_route=\/wp\/v2\/users\/1"}],"replies":[{"embeddable":true,"href":"https:\/\/veritasinfo.org\/index.php?rest_route=%2Fwp%2Fv2%2Fcomments&post=4014"}],"version-history":[{"count":1,"href":"https:\/\/veritasinfo.org\/index.php?rest_route=\/wp\/v2\/posts\/4014\/revisions"}],"predecessor-version":[{"id":4018,"href":"https:\/\/veritasinfo.org\/index.php?rest_route=\/wp\/v2\/posts\/4014\/revisions\/4018"}],"wp:featuredmedia":[{"embeddable":true,"href":"https:\/\/veritasinfo.org\/index.php?rest_route=\/wp\/v2\/media\/4017"}],"wp:attachment":[{"href":"https:\/\/veritasinfo.org\/index.php?rest_route=%2Fwp%2Fv2%2Fmedia&parent=4014"}],"wp:term":[{"taxonomy":"category","embeddable":true,"href":"https:\/\/veritasinfo.org\/index.php?rest_route=%2Fwp%2Fv2%2Fcategories&post=4014"},{"taxonomy":"post_tag","embeddable":true,"href":"https:\/\/veritasinfo.org\/index.php?rest_route=%2Fwp%2Fv2%2Ftags&post=4014"}],"curies":[{"name":"wp","href":"https:\/\/api.w.org\/{rel}","templated":true}]}}