{"id":40111,"date":"2026-03-26T18:31:37","date_gmt":"2026-03-26T17:31:37","guid":{"rendered":"https:\/\/veritasinfo.org\/?p=40111"},"modified":"2026-03-26T18:31:37","modified_gmt":"2026-03-26T17:31:37","slug":"kosovo-i-balkan-ostaju-strateski-prioritet-za-nato","status":"publish","type":"post","link":"https:\/\/veritasinfo.org\/?p=40111&lang=sr","title":{"rendered":"Kosovo i Balkan ostaju strate\u0161ki prioritet za NATO"},"content":{"rendered":"<p>Pri\u0161tina, 26. mart 2026. 18:27<\/p>\n<p>Odr\u017eiva stabilnost na Zapadnom Balkanu i misija KFOR na Kosovu ostaju strate\u0161ki prioritet i visoko su na dnevnom redu ove evroatlantske alijanse. To je uklju\u010deno u godi\u0161nji izve\u0161taj o aktivnostima NATO-a, koji je u \u010detvrtak u Briselu predstavio njegov generalni sekretar, Mark Rute.<\/p>\n<p>U ovom izve\u0161taju, izme\u0111u ostalog, NATO tako\u0111e izra\u017eava podr\u0161ku dijalogu za normalizaciju odnosa izme\u0111u Kosova i Srbije, procesu koji posreduje Evropska unija.<\/p>\n<p>U izve\u0161taju se navodi da NATO, preko misije KFOR na Kosovu, ima mandat da obezbedi bezbedno okru\u017eenje za sve zajednice u zemlji.<\/p>\n<p>\u201eNATO nastavlja da podr\u017eava normalizaciju odnosa izme\u0111u Beograda i Pri\u0161tine, posebno kroz dijalog koji posreduje EU, \u0161to je klju\u010dno za izgradnju odr\u017eivog mira u regionu\u201c, navodi se u godi\u0161njem izve\u0161taju NATO-a.<\/p>\n<p>U ovom dokumentu, koji tako\u0111e analizira rizike po bezbednost Alijanse, Rusija se pominje kao najvec\u0301a i najdirektnija pretnja.<\/p>\n<p>\u201eRusija ostaje najzna\u010dajnija i najdirektnija pretnja bezbednosti u evroatlantskom podru\u010dju. Tokom pro\u0161le godine, Rusija je nastojala da testira na\u0161u bezbednost i izazove na\u0161a dru\u0161tva, bilo kroz kr\u0161enje vazdu\u0161nog prostora, sabota\u017eu i zlonamerne sajber aktivnosti, ili politi\u010dko me\u0161anje i informacione pretnje. Odgovor NATO-a na nepromi\u0161ljene provokacije, bilo od Rusije ili drugih aktera, bio je jasan, brz i odlu\u010dan\u201c, navodi se.<\/p>\n<p>Upravo je osec\u0301aj opasnosti od Rusije naveo NATO da dramati\u010dno povec\u0301a svoja ulaganja u odbranu. Generalni sekretar Mark Rute pomenuo je povec\u0301anje odbrambenih izdataka u NATO-u za 20 procenata, \u0161to, prema njegovim re\u010dima, dokazuje da su zemlje \u010dlanice na dobrom putu da ostvare plan povec\u0301anja odbrambenih ulaganja na nivo od 5 procenata bruto domac\u0301eg proizvoda. Ovo je tako\u0111e bio zahtev SAD i dogovoreno je na poslednjem samitu u Hagu, Holandija, pro\u0161log leta.<\/p>\n<p>Godi\u0161nji izve\u0161taj, me\u0111utim, upozorava da ako Rusija odlu\u010di da napadne zemlju NATO-a, verovatno c\u0301e ciljati energetsku infrastrukturu. Ali, generalni sekretar je tako\u0111e rekao da je Alijansa spremna da brani svaku \u010dlanicu.<\/p>\n","protected":false},"excerpt":{"rendered":"<p>Pri\u0161tina, 26. mart 2026. 18:27 Odr\u017eiva stabilnost na Zapadnom Balkanu i misija KFOR na Kosovu ostaju strate\u0161ki prioritet i visoko su na dnevnom redu ove<\/p>\n","protected":false},"author":7,"featured_media":40112,"comment_status":"open","ping_status":"open","sticky":false,"template":"","format":"standard","meta":{"footnotes":""},"categories":[28],"tags":[],"class_list":["post-40111","post","type-post","status-publish","format-standard","has-post-thumbnail","hentry","category-politika"],"yoast_head":"<!-- This site is optimized with the Yoast SEO plugin v25.3.1 - https:\/\/yoast.com\/wordpress\/plugins\/seo\/ -->\n<title>Kosovo i Balkan ostaju strate\u0161ki prioritet za NATO -<\/title>\n<meta name=\"robots\" content=\"index, follow, max-snippet:-1, max-image-preview:large, max-video-preview:-1\" \/>\n<link rel=\"canonical\" href=\"https:\/\/veritasinfo.org\/?p=40111&lang=sr\" \/>\n<meta property=\"og:locale\" content=\"en_US\" \/>\n<meta property=\"og:type\" content=\"article\" \/>\n<meta property=\"og:title\" content=\"Kosovo i Balkan ostaju strate\u0161ki prioritet za NATO -\" \/>\n<meta property=\"og:description\" content=\"Pri\u0161tina, 26. mart 2026. 18:27 Odr\u017eiva stabilnost na Zapadnom Balkanu i misija KFOR na Kosovu ostaju strate\u0161ki prioritet i visoko su na dnevnom redu ove\" \/>\n<meta property=\"og:url\" content=\"https:\/\/veritasinfo.org\/?p=40111&amp;lang=sr\" \/>\n<meta property=\"article:published_time\" content=\"2026-03-26T17:31:37+00:00\" \/>\n<meta property=\"og:image\" content=\"https:\/\/veritasinfo.org\/wp-content\/uploads\/2026\/03\/1-104.jpg\" \/>\n\t<meta property=\"og:image:width\" content=\"676\" \/>\n\t<meta property=\"og:image:height\" content=\"403\" \/>\n\t<meta property=\"og:image:type\" content=\"image\/jpeg\" \/>\n<meta name=\"author\" content=\"US6\" \/>\n<meta name=\"twitter:card\" content=\"summary_large_image\" \/>\n<meta name=\"twitter:label1\" content=\"Written by\" \/>\n\t<meta name=\"twitter:data1\" content=\"US6\" \/>\n\t<meta name=\"twitter:label2\" content=\"Est. reading time\" \/>\n\t<meta name=\"twitter:data2\" content=\"2 minutes\" \/>\n<script type=\"application\/ld+json\" class=\"yoast-schema-graph\">{\"@context\":\"https:\/\/schema.org\",\"@graph\":[{\"@type\":\"WebPage\",\"@id\":\"https:\/\/veritasinfo.org\/?p=40111&lang=sr\",\"url\":\"https:\/\/veritasinfo.org\/?p=40111&lang=sr\",\"name\":\"Kosovo i Balkan ostaju strate\u0161ki prioritet za NATO -\",\"isPartOf\":{\"@id\":\"https:\/\/veritasinfo.org\/#website\"},\"primaryImageOfPage\":{\"@id\":\"https:\/\/veritasinfo.org\/?p=40111&lang=sr#primaryimage\"},\"image\":{\"@id\":\"https:\/\/veritasinfo.org\/?p=40111&lang=sr#primaryimage\"},\"thumbnailUrl\":\"https:\/\/veritasinfo.org\/wp-content\/uploads\/2026\/03\/1-104.jpg\",\"datePublished\":\"2026-03-26T17:31:37+00:00\",\"author\":{\"@id\":\"https:\/\/veritasinfo.org\/#\/schema\/person\/fe199eede04c3937362892b7444747cc\"},\"breadcrumb\":{\"@id\":\"https:\/\/veritasinfo.org\/?p=40111&lang=sr#breadcrumb\"},\"inLanguage\":\"en-US\",\"potentialAction\":[{\"@type\":\"ReadAction\",\"target\":[\"https:\/\/veritasinfo.org\/?p=40111&lang=sr\"]}]},{\"@type\":\"ImageObject\",\"inLanguage\":\"en-US\",\"@id\":\"https:\/\/veritasinfo.org\/?p=40111&lang=sr#primaryimage\",\"url\":\"https:\/\/veritasinfo.org\/wp-content\/uploads\/2026\/03\/1-104.jpg\",\"contentUrl\":\"https:\/\/veritasinfo.org\/wp-content\/uploads\/2026\/03\/1-104.jpg\",\"width\":676,\"height\":403},{\"@type\":\"BreadcrumbList\",\"@id\":\"https:\/\/veritasinfo.org\/?p=40111&lang=sr#breadcrumb\",\"itemListElement\":[{\"@type\":\"ListItem\",\"position\":1,\"name\":\"Home\",\"item\":\"https:\/\/veritasinfo.org\/\"},{\"@type\":\"ListItem\",\"position\":2,\"name\":\"Kosovo i Balkan ostaju strate\u0161ki prioritet za NATO\"}]},{\"@type\":\"WebSite\",\"@id\":\"https:\/\/veritasinfo.org\/#website\",\"url\":\"https:\/\/veritasinfo.org\/\",\"name\":\"\",\"description\":\"\",\"potentialAction\":[{\"@type\":\"SearchAction\",\"target\":{\"@type\":\"EntryPoint\",\"urlTemplate\":\"https:\/\/veritasinfo.org\/?s={search_term_string}\"},\"query-input\":{\"@type\":\"PropertyValueSpecification\",\"valueRequired\":true,\"valueName\":\"search_term_string\"}}],\"inLanguage\":\"en-US\"},{\"@type\":\"Person\",\"@id\":\"https:\/\/veritasinfo.org\/#\/schema\/person\/fe199eede04c3937362892b7444747cc\",\"name\":\"US6\",\"image\":{\"@type\":\"ImageObject\",\"inLanguage\":\"en-US\",\"@id\":\"https:\/\/veritasinfo.org\/#\/schema\/person\/image\/\",\"url\":\"https:\/\/secure.gravatar.com\/avatar\/cb16c3c31c9d23b9b8c705964598220b3014e42ff51eb540ff23cefa3ae8c15f?s=96&d=mm&r=g\",\"contentUrl\":\"https:\/\/secure.gravatar.com\/avatar\/cb16c3c31c9d23b9b8c705964598220b3014e42ff51eb540ff23cefa3ae8c15f?s=96&d=mm&r=g\",\"caption\":\"US6\"},\"url\":\"https:\/\/veritasinfo.org\/?author=7\"}]}<\/script>\n<!-- \/ Yoast SEO plugin. -->","yoast_head_json":{"title":"Kosovo i Balkan ostaju strate\u0161ki prioritet za NATO -","robots":{"index":"index","follow":"follow","max-snippet":"max-snippet:-1","max-image-preview":"max-image-preview:large","max-video-preview":"max-video-preview:-1"},"canonical":"https:\/\/veritasinfo.org\/?p=40111&lang=sr","og_locale":"en_US","og_type":"article","og_title":"Kosovo i Balkan ostaju strate\u0161ki prioritet za NATO -","og_description":"Pri\u0161tina, 26. mart 2026. 18:27 Odr\u017eiva stabilnost na Zapadnom Balkanu i misija KFOR na Kosovu ostaju strate\u0161ki prioritet i visoko su na dnevnom redu ove","og_url":"https:\/\/veritasinfo.org\/?p=40111&lang=sr","article_published_time":"2026-03-26T17:31:37+00:00","og_image":[{"width":676,"height":403,"url":"https:\/\/veritasinfo.org\/wp-content\/uploads\/2026\/03\/1-104.jpg","type":"image\/jpeg"}],"author":"US6","twitter_card":"summary_large_image","twitter_misc":{"Written by":"US6","Est. reading time":"2 minutes"},"schema":{"@context":"https:\/\/schema.org","@graph":[{"@type":"WebPage","@id":"https:\/\/veritasinfo.org\/?p=40111&lang=sr","url":"https:\/\/veritasinfo.org\/?p=40111&lang=sr","name":"Kosovo i Balkan ostaju strate\u0161ki prioritet za NATO -","isPartOf":{"@id":"https:\/\/veritasinfo.org\/#website"},"primaryImageOfPage":{"@id":"https:\/\/veritasinfo.org\/?p=40111&lang=sr#primaryimage"},"image":{"@id":"https:\/\/veritasinfo.org\/?p=40111&lang=sr#primaryimage"},"thumbnailUrl":"https:\/\/veritasinfo.org\/wp-content\/uploads\/2026\/03\/1-104.jpg","datePublished":"2026-03-26T17:31:37+00:00","author":{"@id":"https:\/\/veritasinfo.org\/#\/schema\/person\/fe199eede04c3937362892b7444747cc"},"breadcrumb":{"@id":"https:\/\/veritasinfo.org\/?p=40111&lang=sr#breadcrumb"},"inLanguage":"en-US","potentialAction":[{"@type":"ReadAction","target":["https:\/\/veritasinfo.org\/?p=40111&lang=sr"]}]},{"@type":"ImageObject","inLanguage":"en-US","@id":"https:\/\/veritasinfo.org\/?p=40111&lang=sr#primaryimage","url":"https:\/\/veritasinfo.org\/wp-content\/uploads\/2026\/03\/1-104.jpg","contentUrl":"https:\/\/veritasinfo.org\/wp-content\/uploads\/2026\/03\/1-104.jpg","width":676,"height":403},{"@type":"BreadcrumbList","@id":"https:\/\/veritasinfo.org\/?p=40111&lang=sr#breadcrumb","itemListElement":[{"@type":"ListItem","position":1,"name":"Home","item":"https:\/\/veritasinfo.org\/"},{"@type":"ListItem","position":2,"name":"Kosovo i Balkan ostaju strate\u0161ki prioritet za NATO"}]},{"@type":"WebSite","@id":"https:\/\/veritasinfo.org\/#website","url":"https:\/\/veritasinfo.org\/","name":"","description":"","potentialAction":[{"@type":"SearchAction","target":{"@type":"EntryPoint","urlTemplate":"https:\/\/veritasinfo.org\/?s={search_term_string}"},"query-input":{"@type":"PropertyValueSpecification","valueRequired":true,"valueName":"search_term_string"}}],"inLanguage":"en-US"},{"@type":"Person","@id":"https:\/\/veritasinfo.org\/#\/schema\/person\/fe199eede04c3937362892b7444747cc","name":"US6","image":{"@type":"ImageObject","inLanguage":"en-US","@id":"https:\/\/veritasinfo.org\/#\/schema\/person\/image\/","url":"https:\/\/secure.gravatar.com\/avatar\/cb16c3c31c9d23b9b8c705964598220b3014e42ff51eb540ff23cefa3ae8c15f?s=96&d=mm&r=g","contentUrl":"https:\/\/secure.gravatar.com\/avatar\/cb16c3c31c9d23b9b8c705964598220b3014e42ff51eb540ff23cefa3ae8c15f?s=96&d=mm&r=g","caption":"US6"},"url":"https:\/\/veritasinfo.org\/?author=7"}]}},"featured_image_urls":{"full":["https:\/\/veritasinfo.org\/wp-content\/uploads\/2026\/03\/1-104.jpg",676,403,false],"thumbnail":["https:\/\/veritasinfo.org\/wp-content\/uploads\/2026\/03\/1-104-150x150.jpg",150,150,true],"medium":["https:\/\/veritasinfo.org\/wp-content\/uploads\/2026\/03\/1-104-300x179.jpg",300,179,true],"medium_large":["https:\/\/veritasinfo.org\/wp-content\/uploads\/2026\/03\/1-104.jpg",640,382,false],"large":["https:\/\/veritasinfo.org\/wp-content\/uploads\/2026\/03\/1-104.jpg",640,382,false],"1536x1536":["https:\/\/veritasinfo.org\/wp-content\/uploads\/2026\/03\/1-104.jpg",676,403,false],"2048x2048":["https:\/\/veritasinfo.org\/wp-content\/uploads\/2026\/03\/1-104.jpg",676,403,false],"kreeti-slider-full":["https:\/\/veritasinfo.org\/wp-content\/uploads\/2026\/03\/1-104.jpg",676,403,false],"kreeti-featured":["https:\/\/veritasinfo.org\/wp-content\/uploads\/2026\/03\/1-104.jpg",676,403,false],"kreeti-medium":["https:\/\/veritasinfo.org\/wp-content\/uploads\/2026\/03\/1-104.jpg",676,403,false],"kreeti-medium-square":["https:\/\/veritasinfo.org\/wp-content\/uploads\/2026\/03\/1-104.jpg",350,209,false]},"author_info":{"info":["US6"]},"category_info":"<a href=\"https:\/\/veritasinfo.org\/?cat=28&#038;lang=sr\" rel=\"category\">Politika<\/a>","tag_info":"Politika","comment_count":"0","_links":{"self":[{"href":"https:\/\/veritasinfo.org\/index.php?rest_route=\/wp\/v2\/posts\/40111","targetHints":{"allow":["GET"]}}],"collection":[{"href":"https:\/\/veritasinfo.org\/index.php?rest_route=\/wp\/v2\/posts"}],"about":[{"href":"https:\/\/veritasinfo.org\/index.php?rest_route=\/wp\/v2\/types\/post"}],"author":[{"embeddable":true,"href":"https:\/\/veritasinfo.org\/index.php?rest_route=\/wp\/v2\/users\/7"}],"replies":[{"embeddable":true,"href":"https:\/\/veritasinfo.org\/index.php?rest_route=%2Fwp%2Fv2%2Fcomments&post=40111"}],"version-history":[{"count":1,"href":"https:\/\/veritasinfo.org\/index.php?rest_route=\/wp\/v2\/posts\/40111\/revisions"}],"predecessor-version":[{"id":40113,"href":"https:\/\/veritasinfo.org\/index.php?rest_route=\/wp\/v2\/posts\/40111\/revisions\/40113"}],"wp:featuredmedia":[{"embeddable":true,"href":"https:\/\/veritasinfo.org\/index.php?rest_route=\/wp\/v2\/media\/40112"}],"wp:attachment":[{"href":"https:\/\/veritasinfo.org\/index.php?rest_route=%2Fwp%2Fv2%2Fmedia&parent=40111"}],"wp:term":[{"taxonomy":"category","embeddable":true,"href":"https:\/\/veritasinfo.org\/index.php?rest_route=%2Fwp%2Fv2%2Fcategories&post=40111"},{"taxonomy":"post_tag","embeddable":true,"href":"https:\/\/veritasinfo.org\/index.php?rest_route=%2Fwp%2Fv2%2Ftags&post=40111"}],"curies":[{"name":"wp","href":"https:\/\/api.w.org\/{rel}","templated":true}]}}