{"id":40108,"date":"2026-03-26T18:30:15","date_gmt":"2026-03-26T17:30:15","guid":{"rendered":"https:\/\/veritasinfo.org\/?p=40108"},"modified":"2026-03-26T18:30:15","modified_gmt":"2026-03-26T17:30:15","slug":"kosova-dhe-ballkani-mbeten-prioritet-strategjik-per-nato-n","status":"publish","type":"post","link":"https:\/\/veritasinfo.org\/?p=40108","title":{"rendered":"Kosova dhe Ballkani mbeten prioritet strategjik p\u00ebr NATO-n"},"content":{"rendered":"<p>Prishtin\u00eb, 26 mars 2026 18:27<\/p>\n<p>Stabiliteti i q\u00ebndruesh\u00ebm n\u00eb Ballkanin Per\u00ebndimor dhe misioni i KFOR-it n\u00eb Kosov\u00eb mbeten prioritet strategjik dhe jan\u00eb lart n\u00eb agjend\u00ebn e k\u00ebsaj aleance euroatlantike. Kjo \u00ebsht\u00eb p\u00ebrfshir\u00eb n\u00eb raportin vjetor p\u00ebr aktivitetet e NATO-s, t\u00eb cilin t\u00eb enjten n\u00eb Bruksel e ka prezantuar Sekretari i P\u00ebrgjithsh\u00ebm i saj, Mark Rutte.<\/p>\n<p>Edhe n\u00eb k\u00ebt\u00eb raport, mes tjerash, NATO shpreh mb\u00ebshtetje p\u00ebr dialogun p\u00ebr normalizimin e raporteve mes Kosov\u00ebs dhe Serbis\u00eb, nj\u00eb proces t\u00eb cilin e leht\u00ebson Bashkimi Evropian.<\/p>\n<p>N\u00eb raport thuhet se NATO, p\u00ebrmes misionit t\u00eb KFOR-it n\u00eb Kosov\u00eb, ka mandat p\u00ebr t\u00eb siguruar nj\u00eb ambient t\u00eb sigurt p\u00ebr t\u00eb gjitha komunitetet n\u00eb vend.<\/p>\n<p>\u201cNATO vazhdon t\u00eb mb\u00ebshtes\u00eb normalizimin e marr\u00ebdh\u00ebnieve mes Beogradit dhe Prishtin\u00ebs, posa\u00e7\u00ebrisht p\u00ebrmes dialogut t\u00eb leht\u00ebsuar nga BE-ja, i cili \u00ebsht\u00eb \u00e7el\u00ebsi p\u00ebr nd\u00ebrtimin e paqes s\u00eb q\u00ebndrueshme n\u00eb rajon\u201d, thuhet n\u00eb raportin vjetor t\u00eb NATO-s.<\/p>\n<p>N\u00eb k\u00ebt\u00eb dokument, i cili analizon edhe rreziqet p\u00ebr sigurin\u00eb e Aleanc\u00ebs, Rusia p\u00ebrmendet si k\u00ebrc\u00ebnimi m\u00eb i madh dhe m\u00eb i drejtp\u00ebrdrejt\u00eb.<\/p>\n<p>\u201cRusia mbetet k\u00ebrc\u00ebnimi m\u00eb i r\u00ebnd\u00ebsish\u00ebm dhe m\u00eb i drejtp\u00ebrdrejt\u00eb p\u00ebr sigurin\u00eb n\u00eb zon\u00ebn euroatlantike. Gjat\u00eb vitit t\u00eb kaluar, Rusia \u00ebsht\u00eb p\u00ebrpjekur t\u00eb v\u00ebr\u00eb n\u00eb prov\u00eb sigurin\u00eb ton\u00eb dhe t\u00eb sfidoj\u00eb shoq\u00ebrit\u00eb tona, qoft\u00eb p\u00ebrmes shkeljeve t\u00eb hap\u00ebsir\u00ebs ajrore, sabotimit dhe aktiviteteve kibernetike t\u00eb d\u00ebmshme, apo nd\u00ebrhyrjeve politike dhe k\u00ebrc\u00ebnimeve informative. P\u00ebrgjigjja e NATO-s ndaj provokimeve t\u00eb pamatura, qoft\u00eb nga Rusia apo aktor\u00eb t\u00eb tjer\u00eb, ka qen\u00eb e qart\u00eb, e shpejt\u00eb dhe vendimtare\u201d, thuhet m\u00eb tej.<\/p>\n<p>Pik\u00ebrisht ndjenja e rrezikut nga Rusia ka b\u00ebr\u00eb q\u00eb NATO t\u00eb rris\u00eb n\u00eb m\u00ebnyr\u00eb dramatike edhe investimet n\u00eb mbrojtje. Sekretari i P\u00ebrgjithsh\u00ebm, Mark Rutte, ka p\u00ebrmendur shifr\u00ebn prej 20 p\u00ebr qind, sa \u00ebsht\u00eb rritur shpenzimi p\u00ebr mbrojtje n\u00eb NATO, q\u00eb sipas tij d\u00ebshmon se vendet an\u00ebtare jan\u00eb n\u00eb rrug\u00eb t\u00eb mir\u00eb p\u00ebr t\u00eb realizuar planin q\u00eb investimet n\u00eb mbrojtje t\u00eb rriten n\u00eb nivelin prej 5 p\u00ebr qind t\u00eb Bruto Prodhimit Vendor. Kjo ka qen\u00eb edhe k\u00ebrkes\u00eb amerikane dhe p\u00ebr k\u00ebt\u00eb \u00ebsht\u00eb r\u00ebn\u00eb dakord n\u00eb samitin e fundit n\u00eb Hag\u00eb t\u00eb Holand\u00ebs, n\u00eb ver\u00ebn e vitit t\u00eb kaluar.<\/p>\n<p>Raporti vjetor t\u00ebrheq megjithat\u00eb v\u00ebrejtjen se, n\u00ebse Rusia vendos t\u00eb sulmoj\u00eb ndonj\u00eb vend t\u00eb NATO-s, ekziston mund\u00ebsia q\u00eb t\u00eb p\u00ebrqendrohet n\u00eb infrastruktur\u00ebn energjetike si cak i sulmeve. Por Sekretari i P\u00ebrgjithsh\u00ebm gjithashtu tha se Aleanca \u00ebsht\u00eb e gatshme t\u00eb mbroj\u00eb secilin an\u00ebtar t\u00eb saj.<\/p>\n<p>&nbsp;<\/p>\n","protected":false},"excerpt":{"rendered":"<p>Prishtin\u00eb, 26 mars 2026 18:27 Stabiliteti i q\u00ebndruesh\u00ebm n\u00eb Ballkanin Per\u00ebndimor dhe misioni i KFOR-it n\u00eb Kosov\u00eb mbeten prioritet strategjik dhe jan\u00eb lart n\u00eb agjend\u00ebn<\/p>\n","protected":false},"author":7,"featured_media":40109,"comment_status":"open","ping_status":"open","sticky":false,"template":"","format":"standard","meta":{"footnotes":""},"categories":[58],"tags":[],"class_list":["post-40108","post","type-post","status-publish","format-standard","has-post-thumbnail","hentry","category-politike-sq"],"yoast_head":"<!-- This site is optimized with the Yoast SEO plugin v25.3.1 - https:\/\/yoast.com\/wordpress\/plugins\/seo\/ -->\n<title>Kosova dhe Ballkani mbeten prioritet strategjik p\u00ebr NATO-n -<\/title>\n<meta name=\"robots\" content=\"index, follow, max-snippet:-1, max-image-preview:large, max-video-preview:-1\" \/>\n<link rel=\"canonical\" href=\"https:\/\/veritasinfo.org\/?p=40108\" \/>\n<meta property=\"og:locale\" content=\"en_US\" \/>\n<meta property=\"og:type\" content=\"article\" \/>\n<meta property=\"og:title\" content=\"Kosova dhe Ballkani mbeten prioritet strategjik p\u00ebr NATO-n -\" \/>\n<meta property=\"og:description\" content=\"Prishtin\u00eb, 26 mars 2026 18:27 Stabiliteti i q\u00ebndruesh\u00ebm n\u00eb Ballkanin Per\u00ebndimor dhe misioni i KFOR-it n\u00eb Kosov\u00eb mbeten prioritet strategjik dhe jan\u00eb lart n\u00eb agjend\u00ebn\" \/>\n<meta property=\"og:url\" content=\"https:\/\/veritasinfo.org\/?p=40108\" \/>\n<meta property=\"article:published_time\" content=\"2026-03-26T17:30:15+00:00\" \/>\n<meta property=\"og:image\" content=\"https:\/\/veritasinfo.org\/wp-content\/uploads\/2026\/03\/1-103.jpg\" \/>\n\t<meta property=\"og:image:width\" content=\"676\" \/>\n\t<meta property=\"og:image:height\" content=\"403\" \/>\n\t<meta property=\"og:image:type\" content=\"image\/jpeg\" \/>\n<meta name=\"author\" content=\"US6\" \/>\n<meta name=\"twitter:card\" content=\"summary_large_image\" \/>\n<meta name=\"twitter:label1\" content=\"Written by\" \/>\n\t<meta name=\"twitter:data1\" content=\"US6\" \/>\n\t<meta name=\"twitter:label2\" content=\"Est. reading time\" \/>\n\t<meta name=\"twitter:data2\" content=\"2 minutes\" \/>\n<script type=\"application\/ld+json\" class=\"yoast-schema-graph\">{\"@context\":\"https:\/\/schema.org\",\"@graph\":[{\"@type\":\"WebPage\",\"@id\":\"https:\/\/veritasinfo.org\/?p=40108\",\"url\":\"https:\/\/veritasinfo.org\/?p=40108\",\"name\":\"Kosova dhe Ballkani mbeten prioritet strategjik p\u00ebr NATO-n -\",\"isPartOf\":{\"@id\":\"https:\/\/veritasinfo.org\/#website\"},\"primaryImageOfPage\":{\"@id\":\"https:\/\/veritasinfo.org\/?p=40108#primaryimage\"},\"image\":{\"@id\":\"https:\/\/veritasinfo.org\/?p=40108#primaryimage\"},\"thumbnailUrl\":\"https:\/\/veritasinfo.org\/wp-content\/uploads\/2026\/03\/1-103.jpg\",\"datePublished\":\"2026-03-26T17:30:15+00:00\",\"author\":{\"@id\":\"https:\/\/veritasinfo.org\/#\/schema\/person\/fe199eede04c3937362892b7444747cc\"},\"breadcrumb\":{\"@id\":\"https:\/\/veritasinfo.org\/?p=40108#breadcrumb\"},\"inLanguage\":\"en-US\",\"potentialAction\":[{\"@type\":\"ReadAction\",\"target\":[\"https:\/\/veritasinfo.org\/?p=40108\"]}]},{\"@type\":\"ImageObject\",\"inLanguage\":\"en-US\",\"@id\":\"https:\/\/veritasinfo.org\/?p=40108#primaryimage\",\"url\":\"https:\/\/veritasinfo.org\/wp-content\/uploads\/2026\/03\/1-103.jpg\",\"contentUrl\":\"https:\/\/veritasinfo.org\/wp-content\/uploads\/2026\/03\/1-103.jpg\",\"width\":676,\"height\":403},{\"@type\":\"BreadcrumbList\",\"@id\":\"https:\/\/veritasinfo.org\/?p=40108#breadcrumb\",\"itemListElement\":[{\"@type\":\"ListItem\",\"position\":1,\"name\":\"Home\",\"item\":\"https:\/\/veritasinfo.org\/\"},{\"@type\":\"ListItem\",\"position\":2,\"name\":\"Kosova dhe Ballkani mbeten prioritet strategjik p\u00ebr NATO-n\"}]},{\"@type\":\"WebSite\",\"@id\":\"https:\/\/veritasinfo.org\/#website\",\"url\":\"https:\/\/veritasinfo.org\/\",\"name\":\"\",\"description\":\"\",\"potentialAction\":[{\"@type\":\"SearchAction\",\"target\":{\"@type\":\"EntryPoint\",\"urlTemplate\":\"https:\/\/veritasinfo.org\/?s={search_term_string}\"},\"query-input\":{\"@type\":\"PropertyValueSpecification\",\"valueRequired\":true,\"valueName\":\"search_term_string\"}}],\"inLanguage\":\"en-US\"},{\"@type\":\"Person\",\"@id\":\"https:\/\/veritasinfo.org\/#\/schema\/person\/fe199eede04c3937362892b7444747cc\",\"name\":\"US6\",\"image\":{\"@type\":\"ImageObject\",\"inLanguage\":\"en-US\",\"@id\":\"https:\/\/veritasinfo.org\/#\/schema\/person\/image\/\",\"url\":\"https:\/\/secure.gravatar.com\/avatar\/cb16c3c31c9d23b9b8c705964598220b3014e42ff51eb540ff23cefa3ae8c15f?s=96&d=mm&r=g\",\"contentUrl\":\"https:\/\/secure.gravatar.com\/avatar\/cb16c3c31c9d23b9b8c705964598220b3014e42ff51eb540ff23cefa3ae8c15f?s=96&d=mm&r=g\",\"caption\":\"US6\"},\"url\":\"https:\/\/veritasinfo.org\/?author=7\"}]}<\/script>\n<!-- \/ Yoast SEO plugin. -->","yoast_head_json":{"title":"Kosova dhe Ballkani mbeten prioritet strategjik p\u00ebr NATO-n -","robots":{"index":"index","follow":"follow","max-snippet":"max-snippet:-1","max-image-preview":"max-image-preview:large","max-video-preview":"max-video-preview:-1"},"canonical":"https:\/\/veritasinfo.org\/?p=40108","og_locale":"en_US","og_type":"article","og_title":"Kosova dhe Ballkani mbeten prioritet strategjik p\u00ebr NATO-n -","og_description":"Prishtin\u00eb, 26 mars 2026 18:27 Stabiliteti i q\u00ebndruesh\u00ebm n\u00eb Ballkanin Per\u00ebndimor dhe misioni i KFOR-it n\u00eb Kosov\u00eb mbeten prioritet strategjik dhe jan\u00eb lart n\u00eb agjend\u00ebn","og_url":"https:\/\/veritasinfo.org\/?p=40108","article_published_time":"2026-03-26T17:30:15+00:00","og_image":[{"width":676,"height":403,"url":"https:\/\/veritasinfo.org\/wp-content\/uploads\/2026\/03\/1-103.jpg","type":"image\/jpeg"}],"author":"US6","twitter_card":"summary_large_image","twitter_misc":{"Written by":"US6","Est. reading time":"2 minutes"},"schema":{"@context":"https:\/\/schema.org","@graph":[{"@type":"WebPage","@id":"https:\/\/veritasinfo.org\/?p=40108","url":"https:\/\/veritasinfo.org\/?p=40108","name":"Kosova dhe Ballkani mbeten prioritet strategjik p\u00ebr NATO-n -","isPartOf":{"@id":"https:\/\/veritasinfo.org\/#website"},"primaryImageOfPage":{"@id":"https:\/\/veritasinfo.org\/?p=40108#primaryimage"},"image":{"@id":"https:\/\/veritasinfo.org\/?p=40108#primaryimage"},"thumbnailUrl":"https:\/\/veritasinfo.org\/wp-content\/uploads\/2026\/03\/1-103.jpg","datePublished":"2026-03-26T17:30:15+00:00","author":{"@id":"https:\/\/veritasinfo.org\/#\/schema\/person\/fe199eede04c3937362892b7444747cc"},"breadcrumb":{"@id":"https:\/\/veritasinfo.org\/?p=40108#breadcrumb"},"inLanguage":"en-US","potentialAction":[{"@type":"ReadAction","target":["https:\/\/veritasinfo.org\/?p=40108"]}]},{"@type":"ImageObject","inLanguage":"en-US","@id":"https:\/\/veritasinfo.org\/?p=40108#primaryimage","url":"https:\/\/veritasinfo.org\/wp-content\/uploads\/2026\/03\/1-103.jpg","contentUrl":"https:\/\/veritasinfo.org\/wp-content\/uploads\/2026\/03\/1-103.jpg","width":676,"height":403},{"@type":"BreadcrumbList","@id":"https:\/\/veritasinfo.org\/?p=40108#breadcrumb","itemListElement":[{"@type":"ListItem","position":1,"name":"Home","item":"https:\/\/veritasinfo.org\/"},{"@type":"ListItem","position":2,"name":"Kosova dhe Ballkani mbeten prioritet strategjik p\u00ebr NATO-n"}]},{"@type":"WebSite","@id":"https:\/\/veritasinfo.org\/#website","url":"https:\/\/veritasinfo.org\/","name":"","description":"","potentialAction":[{"@type":"SearchAction","target":{"@type":"EntryPoint","urlTemplate":"https:\/\/veritasinfo.org\/?s={search_term_string}"},"query-input":{"@type":"PropertyValueSpecification","valueRequired":true,"valueName":"search_term_string"}}],"inLanguage":"en-US"},{"@type":"Person","@id":"https:\/\/veritasinfo.org\/#\/schema\/person\/fe199eede04c3937362892b7444747cc","name":"US6","image":{"@type":"ImageObject","inLanguage":"en-US","@id":"https:\/\/veritasinfo.org\/#\/schema\/person\/image\/","url":"https:\/\/secure.gravatar.com\/avatar\/cb16c3c31c9d23b9b8c705964598220b3014e42ff51eb540ff23cefa3ae8c15f?s=96&d=mm&r=g","contentUrl":"https:\/\/secure.gravatar.com\/avatar\/cb16c3c31c9d23b9b8c705964598220b3014e42ff51eb540ff23cefa3ae8c15f?s=96&d=mm&r=g","caption":"US6"},"url":"https:\/\/veritasinfo.org\/?author=7"}]}},"featured_image_urls":{"full":["https:\/\/veritasinfo.org\/wp-content\/uploads\/2026\/03\/1-103.jpg",676,403,false],"thumbnail":["https:\/\/veritasinfo.org\/wp-content\/uploads\/2026\/03\/1-103-150x150.jpg",150,150,true],"medium":["https:\/\/veritasinfo.org\/wp-content\/uploads\/2026\/03\/1-103-300x179.jpg",300,179,true],"medium_large":["https:\/\/veritasinfo.org\/wp-content\/uploads\/2026\/03\/1-103.jpg",640,382,false],"large":["https:\/\/veritasinfo.org\/wp-content\/uploads\/2026\/03\/1-103.jpg",640,382,false],"1536x1536":["https:\/\/veritasinfo.org\/wp-content\/uploads\/2026\/03\/1-103.jpg",676,403,false],"2048x2048":["https:\/\/veritasinfo.org\/wp-content\/uploads\/2026\/03\/1-103.jpg",676,403,false],"kreeti-slider-full":["https:\/\/veritasinfo.org\/wp-content\/uploads\/2026\/03\/1-103.jpg",676,403,false],"kreeti-featured":["https:\/\/veritasinfo.org\/wp-content\/uploads\/2026\/03\/1-103.jpg",676,403,false],"kreeti-medium":["https:\/\/veritasinfo.org\/wp-content\/uploads\/2026\/03\/1-103.jpg",676,403,false],"kreeti-medium-square":["https:\/\/veritasinfo.org\/wp-content\/uploads\/2026\/03\/1-103.jpg",350,209,false]},"author_info":{"info":["US6"]},"category_info":"<a href=\"https:\/\/veritasinfo.org\/?cat=58\" rel=\"category\">Politik\u00eb<\/a>","tag_info":"Politik\u00eb","comment_count":"0","_links":{"self":[{"href":"https:\/\/veritasinfo.org\/index.php?rest_route=\/wp\/v2\/posts\/40108","targetHints":{"allow":["GET"]}}],"collection":[{"href":"https:\/\/veritasinfo.org\/index.php?rest_route=\/wp\/v2\/posts"}],"about":[{"href":"https:\/\/veritasinfo.org\/index.php?rest_route=\/wp\/v2\/types\/post"}],"author":[{"embeddable":true,"href":"https:\/\/veritasinfo.org\/index.php?rest_route=\/wp\/v2\/users\/7"}],"replies":[{"embeddable":true,"href":"https:\/\/veritasinfo.org\/index.php?rest_route=%2Fwp%2Fv2%2Fcomments&post=40108"}],"version-history":[{"count":1,"href":"https:\/\/veritasinfo.org\/index.php?rest_route=\/wp\/v2\/posts\/40108\/revisions"}],"predecessor-version":[{"id":40110,"href":"https:\/\/veritasinfo.org\/index.php?rest_route=\/wp\/v2\/posts\/40108\/revisions\/40110"}],"wp:featuredmedia":[{"embeddable":true,"href":"https:\/\/veritasinfo.org\/index.php?rest_route=\/wp\/v2\/media\/40109"}],"wp:attachment":[{"href":"https:\/\/veritasinfo.org\/index.php?rest_route=%2Fwp%2Fv2%2Fmedia&parent=40108"}],"wp:term":[{"taxonomy":"category","embeddable":true,"href":"https:\/\/veritasinfo.org\/index.php?rest_route=%2Fwp%2Fv2%2Fcategories&post=40108"},{"taxonomy":"post_tag","embeddable":true,"href":"https:\/\/veritasinfo.org\/index.php?rest_route=%2Fwp%2Fv2%2Ftags&post=40108"}],"curies":[{"name":"wp","href":"https:\/\/api.w.org\/{rel}","templated":true}]}}