{"id":4009,"date":"2025-07-16T14:37:57","date_gmt":"2025-07-16T12:37:57","guid":{"rendered":"https:\/\/veritasinfo.org\/?p=4009"},"modified":"2025-07-16T14:37:57","modified_gmt":"2025-07-16T12:37:57","slug":"komandanti-i-fsk-se-ne-wiesbaden-me-ftese-te-ushtrise-amerikane","status":"publish","type":"post","link":"https:\/\/veritasinfo.org\/?p=4009","title":{"rendered":"Komandanti i FSK-s\u00eb n\u00eb Wiesbaden me ftes\u00eb t\u00eb ushtris\u00eb amerikane"},"content":{"rendered":"<p><strong>Prishtin\u00eb, 16 korrik 2025<\/strong><\/p>\n<p>Komandanti i Forc\u00ebs s\u00eb Siguris\u00eb s\u00eb Kosov\u00ebs, gjenerallejt\u00ebnant Bashkim Jashari, ka udh\u00ebtuar p\u00ebr Wiesbaden t\u00eb Gjermanis\u00eb me ftes\u00eb t\u00eb Shefit t\u00eb Shtabit t\u00eb Ushtris\u00eb s\u00eb Shteteve t\u00eb Bashkuara t\u00eb Amerik\u00ebs, gjeneral Randy Alan George p\u00ebr t\u00eb marr\u00eb pjes\u00eb n\u00eb Konferenc\u00ebn e Ushtrive Evropiane (CEA).<\/p>\n<p>N\u00eb konferenc\u00ebn CEA mor\u00ebn pjes\u00eb shefat e mbrojtjes nga m\u00eb shum\u00eb se 40 vende, thuhet n\u00eb nj\u00eb njoftim t\u00eb zyr\u00ebs p\u00ebr informim t\u00eb FSK-s\u00eb.<\/p>\n<p>\u201cN\u00eb kuad\u00ebr t\u00eb konferenc\u00ebs, tema kryesore ishte\u00a0 \u2018Nd\u00ebrtimi i Gatishm\u00ebris\u00eb p\u00ebr Parandalimin Global\u2019, ku \u00ebsht\u00eb theksuar r\u00ebnd\u00ebsia e t\u00eb menduarit strategjik dhe bashk\u00ebpunimit nd\u00ebrkomb\u00ebtar p\u00ebr t\u00eb tejkaluar sfidat globale t\u00eb siguris\u00eb. Gjat\u00eb konferenc\u00ebs po ashtu jan\u00eb zhvilluar diskutime t\u00eb r\u00ebnd\u00ebsishme p\u00ebr gatishm\u00ebri dhe p\u00ebrmir\u00ebsim kolektiv, rritjen e nd\u00ebrveprueshm\u00ebris\u00eb dhe gjithashtu shfryt\u00ebzimin e t\u00eb dh\u00ebnave t\u00eb drejtp\u00ebrdrejta p\u00ebr analizimin e strategjive ushtarake\u201d, thuhet tutje n\u00eb k\u00ebt\u00eb njoftim.<\/p>\n","protected":false},"excerpt":{"rendered":"<p>Prishtin\u00eb, 16 korrik 2025 Komandanti i Forc\u00ebs s\u00eb Siguris\u00eb s\u00eb Kosov\u00ebs, gjenerallejt\u00ebnant Bashkim Jashari, ka udh\u00ebtuar p\u00ebr Wiesbaden t\u00eb Gjermanis\u00eb me ftes\u00eb t\u00eb Shefit t\u00eb<\/p>\n","protected":false},"author":2,"featured_media":4010,"comment_status":"open","ping_status":"open","sticky":false,"template":"","format":"standard","meta":{"footnotes":""},"categories":[58],"tags":[],"class_list":["post-4009","post","type-post","status-publish","format-standard","has-post-thumbnail","hentry","category-politike-sq"],"yoast_head":"<!-- This site is optimized with the Yoast SEO plugin v25.3.1 - https:\/\/yoast.com\/wordpress\/plugins\/seo\/ -->\n<title>Komandanti i FSK-s\u00eb n\u00eb Wiesbaden me ftes\u00eb t\u00eb ushtris\u00eb amerikane -<\/title>\n<meta name=\"robots\" content=\"index, follow, max-snippet:-1, max-image-preview:large, max-video-preview:-1\" \/>\n<link rel=\"canonical\" href=\"https:\/\/veritasinfo.org\/?p=4009\" \/>\n<meta property=\"og:locale\" content=\"en_US\" \/>\n<meta property=\"og:type\" content=\"article\" \/>\n<meta property=\"og:title\" content=\"Komandanti i FSK-s\u00eb n\u00eb Wiesbaden me ftes\u00eb t\u00eb ushtris\u00eb amerikane -\" \/>\n<meta property=\"og:description\" content=\"Prishtin\u00eb, 16 korrik 2025 Komandanti i Forc\u00ebs s\u00eb Siguris\u00eb s\u00eb Kosov\u00ebs, gjenerallejt\u00ebnant Bashkim Jashari, ka udh\u00ebtuar p\u00ebr Wiesbaden t\u00eb Gjermanis\u00eb me ftes\u00eb t\u00eb Shefit t\u00eb\" \/>\n<meta property=\"og:url\" content=\"https:\/\/veritasinfo.org\/?p=4009\" \/>\n<meta property=\"article:published_time\" content=\"2025-07-16T12:37:57+00:00\" \/>\n<meta property=\"og:image\" content=\"https:\/\/veritasinfo.org\/wp-content\/uploads\/2025\/07\/komandanti.jpg\" \/>\n\t<meta property=\"og:image:width\" content=\"780\" \/>\n\t<meta property=\"og:image:height\" content=\"500\" \/>\n\t<meta property=\"og:image:type\" content=\"image\/jpeg\" \/>\n<meta name=\"author\" content=\"US1\" \/>\n<meta name=\"twitter:card\" content=\"summary_large_image\" \/>\n<meta name=\"twitter:label1\" content=\"Written by\" \/>\n\t<meta name=\"twitter:data1\" content=\"US1\" \/>\n\t<meta name=\"twitter:label2\" content=\"Est. reading time\" \/>\n\t<meta name=\"twitter:data2\" content=\"1 minute\" \/>\n<script type=\"application\/ld+json\" class=\"yoast-schema-graph\">{\"@context\":\"https:\/\/schema.org\",\"@graph\":[{\"@type\":\"WebPage\",\"@id\":\"https:\/\/veritasinfo.org\/?p=4009\",\"url\":\"https:\/\/veritasinfo.org\/?p=4009\",\"name\":\"Komandanti i FSK-s\u00eb n\u00eb Wiesbaden me ftes\u00eb t\u00eb ushtris\u00eb amerikane -\",\"isPartOf\":{\"@id\":\"https:\/\/veritasinfo.org\/#website\"},\"primaryImageOfPage\":{\"@id\":\"https:\/\/veritasinfo.org\/?p=4009#primaryimage\"},\"image\":{\"@id\":\"https:\/\/veritasinfo.org\/?p=4009#primaryimage\"},\"thumbnailUrl\":\"https:\/\/veritasinfo.org\/wp-content\/uploads\/2025\/07\/komandanti.jpg\",\"datePublished\":\"2025-07-16T12:37:57+00:00\",\"author\":{\"@id\":\"https:\/\/veritasinfo.org\/#\/schema\/person\/c2b8be262ea994d0995addca692c5e98\"},\"breadcrumb\":{\"@id\":\"https:\/\/veritasinfo.org\/?p=4009#breadcrumb\"},\"inLanguage\":\"en-US\",\"potentialAction\":[{\"@type\":\"ReadAction\",\"target\":[\"https:\/\/veritasinfo.org\/?p=4009\"]}]},{\"@type\":\"ImageObject\",\"inLanguage\":\"en-US\",\"@id\":\"https:\/\/veritasinfo.org\/?p=4009#primaryimage\",\"url\":\"https:\/\/veritasinfo.org\/wp-content\/uploads\/2025\/07\/komandanti.jpg\",\"contentUrl\":\"https:\/\/veritasinfo.org\/wp-content\/uploads\/2025\/07\/komandanti.jpg\",\"width\":780,\"height\":500},{\"@type\":\"BreadcrumbList\",\"@id\":\"https:\/\/veritasinfo.org\/?p=4009#breadcrumb\",\"itemListElement\":[{\"@type\":\"ListItem\",\"position\":1,\"name\":\"Home\",\"item\":\"https:\/\/veritasinfo.org\/\"},{\"@type\":\"ListItem\",\"position\":2,\"name\":\"Komandanti i FSK-s\u00eb n\u00eb Wiesbaden me ftes\u00eb t\u00eb ushtris\u00eb amerikane\"}]},{\"@type\":\"WebSite\",\"@id\":\"https:\/\/veritasinfo.org\/#website\",\"url\":\"https:\/\/veritasinfo.org\/\",\"name\":\"\",\"description\":\"\",\"potentialAction\":[{\"@type\":\"SearchAction\",\"target\":{\"@type\":\"EntryPoint\",\"urlTemplate\":\"https:\/\/veritasinfo.org\/?s={search_term_string}\"},\"query-input\":{\"@type\":\"PropertyValueSpecification\",\"valueRequired\":true,\"valueName\":\"search_term_string\"}}],\"inLanguage\":\"en-US\"},{\"@type\":\"Person\",\"@id\":\"https:\/\/veritasinfo.org\/#\/schema\/person\/c2b8be262ea994d0995addca692c5e98\",\"name\":\"US1\",\"image\":{\"@type\":\"ImageObject\",\"inLanguage\":\"en-US\",\"@id\":\"https:\/\/veritasinfo.org\/#\/schema\/person\/image\/\",\"url\":\"https:\/\/secure.gravatar.com\/avatar\/4e96a59bd256abf9956eb9963ac891a47461ffb364d47b0e9aab113328fdb75b?s=96&d=mm&r=g\",\"contentUrl\":\"https:\/\/secure.gravatar.com\/avatar\/4e96a59bd256abf9956eb9963ac891a47461ffb364d47b0e9aab113328fdb75b?s=96&d=mm&r=g\",\"caption\":\"US1\"},\"url\":\"https:\/\/veritasinfo.org\/?author=2\"}]}<\/script>\n<!-- \/ Yoast SEO plugin. -->","yoast_head_json":{"title":"Komandanti i FSK-s\u00eb n\u00eb Wiesbaden me ftes\u00eb t\u00eb ushtris\u00eb amerikane -","robots":{"index":"index","follow":"follow","max-snippet":"max-snippet:-1","max-image-preview":"max-image-preview:large","max-video-preview":"max-video-preview:-1"},"canonical":"https:\/\/veritasinfo.org\/?p=4009","og_locale":"en_US","og_type":"article","og_title":"Komandanti i FSK-s\u00eb n\u00eb Wiesbaden me ftes\u00eb t\u00eb ushtris\u00eb amerikane -","og_description":"Prishtin\u00eb, 16 korrik 2025 Komandanti i Forc\u00ebs s\u00eb Siguris\u00eb s\u00eb Kosov\u00ebs, gjenerallejt\u00ebnant Bashkim Jashari, ka udh\u00ebtuar p\u00ebr Wiesbaden t\u00eb Gjermanis\u00eb me ftes\u00eb t\u00eb Shefit t\u00eb","og_url":"https:\/\/veritasinfo.org\/?p=4009","article_published_time":"2025-07-16T12:37:57+00:00","og_image":[{"width":780,"height":500,"url":"https:\/\/veritasinfo.org\/wp-content\/uploads\/2025\/07\/komandanti.jpg","type":"image\/jpeg"}],"author":"US1","twitter_card":"summary_large_image","twitter_misc":{"Written by":"US1","Est. reading time":"1 minute"},"schema":{"@context":"https:\/\/schema.org","@graph":[{"@type":"WebPage","@id":"https:\/\/veritasinfo.org\/?p=4009","url":"https:\/\/veritasinfo.org\/?p=4009","name":"Komandanti i FSK-s\u00eb n\u00eb Wiesbaden me ftes\u00eb t\u00eb ushtris\u00eb amerikane -","isPartOf":{"@id":"https:\/\/veritasinfo.org\/#website"},"primaryImageOfPage":{"@id":"https:\/\/veritasinfo.org\/?p=4009#primaryimage"},"image":{"@id":"https:\/\/veritasinfo.org\/?p=4009#primaryimage"},"thumbnailUrl":"https:\/\/veritasinfo.org\/wp-content\/uploads\/2025\/07\/komandanti.jpg","datePublished":"2025-07-16T12:37:57+00:00","author":{"@id":"https:\/\/veritasinfo.org\/#\/schema\/person\/c2b8be262ea994d0995addca692c5e98"},"breadcrumb":{"@id":"https:\/\/veritasinfo.org\/?p=4009#breadcrumb"},"inLanguage":"en-US","potentialAction":[{"@type":"ReadAction","target":["https:\/\/veritasinfo.org\/?p=4009"]}]},{"@type":"ImageObject","inLanguage":"en-US","@id":"https:\/\/veritasinfo.org\/?p=4009#primaryimage","url":"https:\/\/veritasinfo.org\/wp-content\/uploads\/2025\/07\/komandanti.jpg","contentUrl":"https:\/\/veritasinfo.org\/wp-content\/uploads\/2025\/07\/komandanti.jpg","width":780,"height":500},{"@type":"BreadcrumbList","@id":"https:\/\/veritasinfo.org\/?p=4009#breadcrumb","itemListElement":[{"@type":"ListItem","position":1,"name":"Home","item":"https:\/\/veritasinfo.org\/"},{"@type":"ListItem","position":2,"name":"Komandanti i FSK-s\u00eb n\u00eb Wiesbaden me ftes\u00eb t\u00eb ushtris\u00eb amerikane"}]},{"@type":"WebSite","@id":"https:\/\/veritasinfo.org\/#website","url":"https:\/\/veritasinfo.org\/","name":"","description":"","potentialAction":[{"@type":"SearchAction","target":{"@type":"EntryPoint","urlTemplate":"https:\/\/veritasinfo.org\/?s={search_term_string}"},"query-input":{"@type":"PropertyValueSpecification","valueRequired":true,"valueName":"search_term_string"}}],"inLanguage":"en-US"},{"@type":"Person","@id":"https:\/\/veritasinfo.org\/#\/schema\/person\/c2b8be262ea994d0995addca692c5e98","name":"US1","image":{"@type":"ImageObject","inLanguage":"en-US","@id":"https:\/\/veritasinfo.org\/#\/schema\/person\/image\/","url":"https:\/\/secure.gravatar.com\/avatar\/4e96a59bd256abf9956eb9963ac891a47461ffb364d47b0e9aab113328fdb75b?s=96&d=mm&r=g","contentUrl":"https:\/\/secure.gravatar.com\/avatar\/4e96a59bd256abf9956eb9963ac891a47461ffb364d47b0e9aab113328fdb75b?s=96&d=mm&r=g","caption":"US1"},"url":"https:\/\/veritasinfo.org\/?author=2"}]}},"featured_image_urls":{"full":["https:\/\/veritasinfo.org\/wp-content\/uploads\/2025\/07\/komandanti.jpg",780,500,false],"thumbnail":["https:\/\/veritasinfo.org\/wp-content\/uploads\/2025\/07\/komandanti-150x150.jpg",150,150,true],"medium":["https:\/\/veritasinfo.org\/wp-content\/uploads\/2025\/07\/komandanti-300x192.jpg",300,192,true],"medium_large":["https:\/\/veritasinfo.org\/wp-content\/uploads\/2025\/07\/komandanti-768x492.jpg",640,410,true],"large":["https:\/\/veritasinfo.org\/wp-content\/uploads\/2025\/07\/komandanti.jpg",640,410,false],"1536x1536":["https:\/\/veritasinfo.org\/wp-content\/uploads\/2025\/07\/komandanti.jpg",780,500,false],"2048x2048":["https:\/\/veritasinfo.org\/wp-content\/uploads\/2025\/07\/komandanti.jpg",780,500,false],"kreeti-slider-full":["https:\/\/veritasinfo.org\/wp-content\/uploads\/2025\/07\/komandanti.jpg",780,500,false],"kreeti-featured":["https:\/\/veritasinfo.org\/wp-content\/uploads\/2025\/07\/komandanti.jpg",780,500,false],"kreeti-medium":["https:\/\/veritasinfo.org\/wp-content\/uploads\/2025\/07\/komandanti.jpg",720,462,false],"kreeti-medium-square":["https:\/\/veritasinfo.org\/wp-content\/uploads\/2025\/07\/komandanti.jpg",350,224,false]},"author_info":{"info":["US1"]},"category_info":"<a href=\"https:\/\/veritasinfo.org\/?cat=58\" rel=\"category\">Politik\u00eb<\/a>","tag_info":"Politik\u00eb","comment_count":"0","_links":{"self":[{"href":"https:\/\/veritasinfo.org\/index.php?rest_route=\/wp\/v2\/posts\/4009","targetHints":{"allow":["GET"]}}],"collection":[{"href":"https:\/\/veritasinfo.org\/index.php?rest_route=\/wp\/v2\/posts"}],"about":[{"href":"https:\/\/veritasinfo.org\/index.php?rest_route=\/wp\/v2\/types\/post"}],"author":[{"embeddable":true,"href":"https:\/\/veritasinfo.org\/index.php?rest_route=\/wp\/v2\/users\/2"}],"replies":[{"embeddable":true,"href":"https:\/\/veritasinfo.org\/index.php?rest_route=%2Fwp%2Fv2%2Fcomments&post=4009"}],"version-history":[{"count":1,"href":"https:\/\/veritasinfo.org\/index.php?rest_route=\/wp\/v2\/posts\/4009\/revisions"}],"predecessor-version":[{"id":4011,"href":"https:\/\/veritasinfo.org\/index.php?rest_route=\/wp\/v2\/posts\/4009\/revisions\/4011"}],"wp:featuredmedia":[{"embeddable":true,"href":"https:\/\/veritasinfo.org\/index.php?rest_route=\/wp\/v2\/media\/4010"}],"wp:attachment":[{"href":"https:\/\/veritasinfo.org\/index.php?rest_route=%2Fwp%2Fv2%2Fmedia&parent=4009"}],"wp:term":[{"taxonomy":"category","embeddable":true,"href":"https:\/\/veritasinfo.org\/index.php?rest_route=%2Fwp%2Fv2%2Fcategories&post=4009"},{"taxonomy":"post_tag","embeddable":true,"href":"https:\/\/veritasinfo.org\/index.php?rest_route=%2Fwp%2Fv2%2Ftags&post=4009"}],"curies":[{"name":"wp","href":"https:\/\/api.w.org\/{rel}","templated":true}]}}