{"id":40006,"date":"2026-03-26T12:24:44","date_gmt":"2026-03-26T11:24:44","guid":{"rendered":"https:\/\/veritasinfo.org\/?p=40006"},"modified":"2026-03-26T12:24:44","modified_gmt":"2026-03-26T11:24:44","slug":"qeveria-i-siguroi-shtepi-familjes-serbe-nga-gracanica-8-vjecari-mbetet-jashte-shkolles","status":"publish","type":"post","link":"https:\/\/veritasinfo.org\/?p=40006","title":{"rendered":"\u200bQeveria i siguroi sht\u00ebpi familjes serbe nga Gra\u00e7anica, 8-vje\u00e7ari mbetet jasht\u00eb shkoll\u00ebs"},"content":{"rendered":"<p>Prishtin\u00eb, 26 mars 2026 12:22<\/p>\n<p>Nj\u00eb\u00a0tet\u00ebvje\u00e7ar nga nga radh\u00ebt e komunitetit serb n\u00eb Komun\u00ebn e Gra\u00e7anic\u00ebs ka mbetur jasht\u00eb bankave shkollore. Ani pse sht\u00ebpia e tij \u00ebsht\u00eb ngjitur me shkoll\u00ebn \u201cSveti Sava\u201d, Gjorgje po privohet nga e drejta p\u00ebr arsim.<\/p>\n<p>N\u00ebna e tij, Aleksandra Trajkoviq, pretendon se djali i saj nuk po vijon m\u00ebsimin q\u00eb nga 5 marsi, p\u00ebr shkak t\u00eb, si\u00e7 thot\u00eb ajo, presioneve dhe trajtimit t\u00eb padrejt\u00eb nga drejtuesit e shkoll\u00ebs. N\u00eb an\u00ebn tjet\u00ebr, drejtori i institucionit arsimor, Milan Dimitrijeviq i ka mohuar k\u00ebto akuza, duke theksuar se shkolla n\u00eb asnj\u00eb moment nuk e ka penguar ndjekjen e m\u00ebsimit.<\/p>\n<div class=\"jeg_ad jeg_ad_article jnews_content_inline_ads  \">\n<div class=\"ads-wrapper align-center \"><\/div>\n<\/div>\n<p>Por, Trajkoviq deklaron p\u00ebr KosovaPress se pas ndihm\u00ebs q\u00eb kishte marr\u00eb nga Qeveria e Kosov\u00ebs p\u00ebr nd\u00ebrtimin e sht\u00ebpis\u00eb, drejtori i shkoll\u00ebs ka ushtruar presion ndaj saj dhe djalit t\u00eb saj, duke \u00e7uar, sipas saj, deri n\u00eb largimin e f\u00ebmij\u00ebs nga shkolla.<\/p>\n<p>Ministria p\u00ebr Komunitete dhe Kthim nd\u00ebrton dhe ndan sht\u00ebpi p\u00ebr familjet e komuniteteve joshumic\u00eb n\u00eb Kosov\u00eb, n\u00eb kuad\u00ebr t\u00eb programeve p\u00ebr kthim dhe riintegrim. Nj\u00eb nga p\u00ebrfituesit e k\u00ebtij programi \u00ebsht\u00eb edhe familja e Aleksandra Trajkoviq n\u00eb Gra\u00e7anic\u00eb, e cila, sipas saj, u vendos n\u00eb sht\u00ebpin\u00eb e re m\u00eb 20 janar 2025 pasi \u00e7el\u00ebsat iu dor\u00ebzuan nga ministri p\u00ebr Komunitete dhe Kthim, Nenad Rashiq.<\/p>\n<p>Por pik\u00ebrisht kjo sipas Trqajkoviq u b\u00eb \u201cmoll\u00eb sherri\u201d p\u00ebr t\u00eb dhe djalin e saj. Madje, ajo thot\u00eb se puna ka shkuar larg, deri t\u00eb Qendra p\u00ebr Pun\u00eb Sociale e k\u00ebsaj komune.<\/p>\n<p>\u201cF\u00ebmija nuk shkon n\u00eb shkoll\u00eb q\u00eb nga 5 marsi, k\u00ebtu kam problem me drejtorin Milan Dimitrijeviq, i cili po m\u00eb shtyp mua si n\u00ebn\u00eb vetushqyese dhe djalin tim tet\u00ebvje\u00e7ar, Gjorgjen. Kjo po ndodh p\u00ebr shkak se k\u00ebtu Qeveria e Kosov\u00ebs, p\u00ebrkat\u00ebsisht Ministria p\u00ebr Komunitete dhe Kthim, nd\u00ebrtoi sht\u00ebpin\u00eb. Sht\u00ebpia filloi t\u00eb nd\u00ebrtohet n\u00eb shtator t\u00eb vitit 2024, nd\u00ebrsa vitin e kaluar ministri Nenad Rashiq m\u00eb dor\u00ebzoi \u00e7el\u00ebsat p\u00ebr t\u2019u vendosur. Un\u00eb u vendosa m\u00eb 20 janar dhe sapo f\u00ebmija u vendos n\u00eb k\u00ebt\u00eb sht\u00ebpi ton\u00ebn q\u00eb e nd\u00ebrtoi ministria, drejtori Milan Dimitrijeviq e d\u00ebboi f\u00ebmij\u00ebn. Shkolla po shtyp nj\u00eb pjes\u00eb timen, parkingun, edhe rruga ka r\u00ebn\u00eb n\u00eb oborrin tim, n\u00eb leje t\u00eb nd\u00ebrtimit, dhe sigurisht p\u00ebr k\u00ebt\u00eb arsye. Presione non-stop edhe mbi mua, edhe mbi f\u00ebmij\u00ebn. Drejtori madje m\u00eb k\u00ebrc\u00ebnon se si do t\u00eb m\u00eb hakmerret p\u00ebrmes Qendr\u00ebs p\u00ebr Pun\u00eb Sociale dhe policis\u00eb, sa q\u00eb un\u00eb nuk guxoj t\u00eb dal as n\u00eb oborr. Jam ankuar dhe kam njoftuar Ministrin\u00eb p\u00ebr Komunitete dhe Kthim p\u00ebr k\u00ebto presione. Nuk kam as uj\u00eb, un\u00eb nuk kam t\u00eb drejt\u00eb p\u00ebr jet\u00eb k\u00ebtu, as un\u00eb, as f\u00ebmija im\u201d,\u00a0ka th\u00ebn\u00eb ajo.<\/p>\n<p>Por, kjo nuk \u00ebsht\u00eb hera e par\u00eb q\u00eb Gjorgje nuk lejohet t\u00eb ndjek m\u00ebsimet.<\/p>\n<p>Trajkoviq thot\u00eb se kur kjo kishte ndodhur vitin e kaluar, djali i saj ishte kthyer n\u00eb shkoll\u00eb n\u00eb n\u00ebntor nga ish-ministrja e arsimit, Arb\u00ebrie Nagavci, ndon\u00ebse ishte ndar\u00eb nga bashk\u00ebmoshatar\u00ebt dhe ishte p\u00ebrballur me probleme t\u00eb tjera.<\/p>\n<p>\u201cMinistrja Nagavci, ma ktheu f\u00ebmij\u00ebn n\u00eb shkoll\u00eb, m\u00eb 17 n\u00ebntor [2025]. Ata q\u00eb nga 18 n\u00ebntori, menj\u00ebher\u00eb, ve\u00e7an\u00ebrisht n\u00eb k\u00ebt\u00eb klas\u00ebn k\u00ebtu ku shihet perdja e gjelb\u00ebr dhe e kalt\u00ebr, aty ma ndan\u00eb f\u00ebmij\u00ebn ve\u00e7mas p\u00ebr dy muaj. Un\u00eb u ankova q\u00eb f\u00ebmija t\u00eb kthehej me moshatar\u00ebt e vet, ata e kthyen f\u00ebmij\u00ebn me shoq\u00ebrin\u00eb por nuk e m\u00ebsonin, nuk e m\u00ebsonin fare. I grisin fletoret, i vjedhin mjetet, i marrin librat, dometh\u00ebn\u00eb non-stop di\u00e7ka i b\u00ebhet f\u00ebmij\u00ebs. Q\u00eb kur Ministria dhe Qeveria e Kosov\u00ebs ma nd\u00ebrtoi k\u00ebt\u00eb sht\u00ebpi, un\u00eb kam nj\u00eb presion ve\u00e7an\u00ebrisht t\u00eb madh nga k\u00ebta k\u00ebtu, nga drejtori Milan Dimitrijeviq, nga psikologia Mirjana Qirkoviq dhe nga pedagogja Gordana Savriq\u201d,\u00a0ka theksuar Trajkoviq.<\/p>\n<p>Ajo ka shtuar se p\u00ebr shkak t\u00eb situat\u00ebs ka vendosur edhe ta shes\u00eb sht\u00ebpin\u00eb.<\/p>\n<p>\u201cE kam v\u00ebn\u00eb tabel\u00ebn p\u00ebr ta shitur sht\u00ebpin\u00eb dhe p\u00ebr t\u00eb ikur, nuk mund t\u00eb jetoj nga k\u00ebta k\u00ebtu, nga Milan Dimitrijeviqi. F\u00ebmija m\u00eb ankohet, erdhi dhe tha \u201cmami, m\u00ebsuesi m\u00eb ngulfati, m\u00ebsuesi m\u00eb ngulfati, un\u00eb shkova t\u00eb bisedoj me m\u00ebsuesin, ata menj\u00ebher\u00eb thirr\u00ebn Qendr\u00ebn p\u00ebr Pun\u00eb Sociale dhe thurin plane se si t\u00eb m\u00eb arrestojn\u00eb, si t\u00eb na mbyllin mua dhe baban\u00eb tim, kurse f\u00ebmij\u00ebn ta marrin\u201d,\u00a0\u00ebsht\u00eb shprehur ajo.<\/p>\n<p>Por, t\u00eb gjitha k\u00ebto i mohon drejtori i shkoll\u00ebs \u201cSveti Sava\u201d, Milan Dimitrijeviq. N\u00eb nj\u00eb p\u00ebrjgigje p\u00ebr KosovaPress, ai pretendon se \u00ebsht\u00eb vet\u00eb n\u00ebna e 8-vje\u00e7arit q\u00eb nuk e d\u00ebrgon djalin n\u00eb shkoll\u00eb.<\/p>\n<p>\u201cN\u00eb lidhje me pretendimet q\u00eb jan\u00eb paraqitur n\u00eb lidhje me rastin e nj\u00eb nx\u00ebn\u00ebsi t\u00eb shkoll\u00ebs q\u00eb un\u00eb drejtoj, d\u00ebshiroj t\u00eb theksoj se shkolla n\u00eb asnj\u00eb moment nuk e ka ndaluar ndjekjen e m\u00ebsimit dhe nuk ka pasur asnj\u00eb lloj k\u00ebrc\u00ebnimi t\u00eb drejtuar ndaj f\u00ebmij\u00ebs apo ndaj n\u00ebn\u00ebs s\u00eb tij. F\u00ebmija ka t\u00eb drejt\u00eb t\u00eb plot\u00eb t\u00eb ndjek\u00eb rregullisht m\u00ebsimin n\u00eb p\u00ebrputhje me ligjin dhe me interesat e arsimimit dhe zhvillimit t\u00eb tij. P\u00ebr mosardhjen e nx\u00ebn\u00ebsit Gj.Gj., n\u00eb m\u00ebsim gjat\u00eb dit\u00ebve t\u00eb fundit \u00ebsht\u00eb njoftuar Qendra p\u00ebr Pun\u00eb Sociale, pasi n\u00ebna refuzon p\u00ebrs\u00ebri \u00e7do form\u00eb bashk\u00ebpunimi me shkoll\u00ebn dhe kjo nuk \u00ebsht\u00eb hera e par\u00eb. Vendimi q\u00eb f\u00ebmija t\u00eb mos vij\u00eb n\u00eb shkoll\u00eb \u00ebsht\u00eb marr\u00eb vet\u00ebm nga n\u00ebna, pa u bazuar n\u00eb ndonj\u00eb vendim zyrtar t\u00eb shkoll\u00ebs apo t\u00eb institucioneve kompetente. T\u00eb gjitha pretendimet p\u00ebr \u2018ndalim\u2019, \u2018ndarje\u2019 apo \u00e7far\u00ebdo forme diskriminimi paraqesin interpretime t\u00eb nj\u00ebanshme q\u00eb nuk p\u00ebrputhen me gjendjen reale\u201d,\u00a0thuhet n\u00eb p\u00ebrgjigjen e drejtorit t\u00eb shkoll\u00ebs.<\/p>\n<p>Nd\u00ebrkaq, nga Qendra p\u00ebr Pun\u00eb Sociale n\u00eb Gra\u00e7anic\u00eb, nuk kan\u00eb pranuar t\u00eb flasin p\u00ebr KosovaPress.<\/p>\n<p>Sonja Neshiq nga kjo qend\u00ebr ka b\u00ebr\u00eb me dije vet\u00ebm se \u201crasti \u00ebsht\u00eb i hapur\u201d.<\/p>\n<p>\u201cNuk mundem t\u00eb jap informacion sepse po interpretohet keq, nuk e kemi t\u00eb lejuar t\u00eb japim deklarat\u00eb n\u00eb k\u00ebt\u00eb rast\u2026 Vet\u00ebm mundem me th\u00ebn\u00eb \u00ebsht\u00eb rasti jon\u00eb p\u00ebr prindin Aleksandr\u00ebn i hapur tek ne, kaq mund t\u00eb them\u201d,\u00a0ka th\u00ebn\u00eb ajo.<\/p>\n","protected":false},"excerpt":{"rendered":"<p>Prishtin\u00eb, 26 mars 2026 12:22 Nj\u00eb\u00a0tet\u00ebvje\u00e7ar nga nga radh\u00ebt e komunitetit serb n\u00eb Komun\u00ebn e Gra\u00e7anic\u00ebs ka mbetur jasht\u00eb bankave shkollore. Ani pse sht\u00ebpia e<\/p>\n","protected":false},"author":7,"featured_media":40011,"comment_status":"open","ping_status":"open","sticky":false,"template":"","format":"standard","meta":{"footnotes":""},"categories":[60],"tags":[],"class_list":["post-40006","post","type-post","status-publish","format-standard","has-post-thumbnail","hentry","category-shoqerore-sq"],"yoast_head":"<!-- This site is optimized with the Yoast SEO plugin v25.3.1 - https:\/\/yoast.com\/wordpress\/plugins\/seo\/ -->\n<title>\u200bQeveria i siguroi sht\u00ebpi familjes serbe nga Gra\u00e7anica, 8-vje\u00e7ari mbetet jasht\u00eb shkoll\u00ebs -<\/title>\n<meta name=\"robots\" content=\"index, follow, max-snippet:-1, max-image-preview:large, max-video-preview:-1\" \/>\n<link rel=\"canonical\" href=\"https:\/\/veritasinfo.org\/?p=40006\" \/>\n<meta property=\"og:locale\" content=\"en_US\" \/>\n<meta property=\"og:type\" content=\"article\" \/>\n<meta property=\"og:title\" content=\"\u200bQeveria i siguroi sht\u00ebpi familjes serbe nga Gra\u00e7anica, 8-vje\u00e7ari mbetet jasht\u00eb shkoll\u00ebs -\" \/>\n<meta property=\"og:description\" content=\"Prishtin\u00eb, 26 mars 2026 12:22 Nj\u00eb\u00a0tet\u00ebvje\u00e7ar nga nga radh\u00ebt e komunitetit serb n\u00eb Komun\u00ebn e Gra\u00e7anic\u00ebs ka mbetur jasht\u00eb bankave shkollore. Ani pse sht\u00ebpia e\" \/>\n<meta property=\"og:url\" content=\"https:\/\/veritasinfo.org\/?p=40006\" \/>\n<meta property=\"article:published_time\" content=\"2026-03-26T11:24:44+00:00\" \/>\n<meta property=\"og:image\" content=\"https:\/\/veritasinfo.org\/wp-content\/uploads\/2026\/03\/Screenshot_20260326_122415_Chrome.jpg\" \/>\n\t<meta property=\"og:image:width\" content=\"985\" \/>\n\t<meta property=\"og:image:height\" content=\"591\" \/>\n\t<meta property=\"og:image:type\" content=\"image\/jpeg\" \/>\n<meta name=\"author\" content=\"US6\" \/>\n<meta name=\"twitter:card\" content=\"summary_large_image\" \/>\n<meta name=\"twitter:label1\" content=\"Written by\" \/>\n\t<meta name=\"twitter:data1\" content=\"US6\" \/>\n\t<meta name=\"twitter:label2\" content=\"Est. reading time\" \/>\n\t<meta name=\"twitter:data2\" content=\"5 minutes\" \/>\n<script type=\"application\/ld+json\" class=\"yoast-schema-graph\">{\"@context\":\"https:\/\/schema.org\",\"@graph\":[{\"@type\":\"WebPage\",\"@id\":\"https:\/\/veritasinfo.org\/?p=40006\",\"url\":\"https:\/\/veritasinfo.org\/?p=40006\",\"name\":\"\u200bQeveria i siguroi sht\u00ebpi familjes serbe nga Gra\u00e7anica, 8-vje\u00e7ari mbetet jasht\u00eb shkoll\u00ebs -\",\"isPartOf\":{\"@id\":\"https:\/\/veritasinfo.org\/#website\"},\"primaryImageOfPage\":{\"@id\":\"https:\/\/veritasinfo.org\/?p=40006#primaryimage\"},\"image\":{\"@id\":\"https:\/\/veritasinfo.org\/?p=40006#primaryimage\"},\"thumbnailUrl\":\"https:\/\/veritasinfo.org\/wp-content\/uploads\/2026\/03\/Screenshot_20260326_122415_Chrome.jpg\",\"datePublished\":\"2026-03-26T11:24:44+00:00\",\"author\":{\"@id\":\"https:\/\/veritasinfo.org\/#\/schema\/person\/fe199eede04c3937362892b7444747cc\"},\"breadcrumb\":{\"@id\":\"https:\/\/veritasinfo.org\/?p=40006#breadcrumb\"},\"inLanguage\":\"en-US\",\"potentialAction\":[{\"@type\":\"ReadAction\",\"target\":[\"https:\/\/veritasinfo.org\/?p=40006\"]}]},{\"@type\":\"ImageObject\",\"inLanguage\":\"en-US\",\"@id\":\"https:\/\/veritasinfo.org\/?p=40006#primaryimage\",\"url\":\"https:\/\/veritasinfo.org\/wp-content\/uploads\/2026\/03\/Screenshot_20260326_122415_Chrome.jpg\",\"contentUrl\":\"https:\/\/veritasinfo.org\/wp-content\/uploads\/2026\/03\/Screenshot_20260326_122415_Chrome.jpg\",\"width\":985,\"height\":591},{\"@type\":\"BreadcrumbList\",\"@id\":\"https:\/\/veritasinfo.org\/?p=40006#breadcrumb\",\"itemListElement\":[{\"@type\":\"ListItem\",\"position\":1,\"name\":\"Home\",\"item\":\"https:\/\/veritasinfo.org\/\"},{\"@type\":\"ListItem\",\"position\":2,\"name\":\"\u200bQeveria i siguroi sht\u00ebpi familjes serbe nga Gra\u00e7anica, 8-vje\u00e7ari mbetet jasht\u00eb shkoll\u00ebs\"}]},{\"@type\":\"WebSite\",\"@id\":\"https:\/\/veritasinfo.org\/#website\",\"url\":\"https:\/\/veritasinfo.org\/\",\"name\":\"\",\"description\":\"\",\"potentialAction\":[{\"@type\":\"SearchAction\",\"target\":{\"@type\":\"EntryPoint\",\"urlTemplate\":\"https:\/\/veritasinfo.org\/?s={search_term_string}\"},\"query-input\":{\"@type\":\"PropertyValueSpecification\",\"valueRequired\":true,\"valueName\":\"search_term_string\"}}],\"inLanguage\":\"en-US\"},{\"@type\":\"Person\",\"@id\":\"https:\/\/veritasinfo.org\/#\/schema\/person\/fe199eede04c3937362892b7444747cc\",\"name\":\"US6\",\"image\":{\"@type\":\"ImageObject\",\"inLanguage\":\"en-US\",\"@id\":\"https:\/\/veritasinfo.org\/#\/schema\/person\/image\/\",\"url\":\"https:\/\/secure.gravatar.com\/avatar\/cb16c3c31c9d23b9b8c705964598220b3014e42ff51eb540ff23cefa3ae8c15f?s=96&d=mm&r=g\",\"contentUrl\":\"https:\/\/secure.gravatar.com\/avatar\/cb16c3c31c9d23b9b8c705964598220b3014e42ff51eb540ff23cefa3ae8c15f?s=96&d=mm&r=g\",\"caption\":\"US6\"},\"url\":\"https:\/\/veritasinfo.org\/?author=7\"}]}<\/script>\n<!-- \/ Yoast SEO plugin. -->","yoast_head_json":{"title":"\u200bQeveria i siguroi sht\u00ebpi familjes serbe nga Gra\u00e7anica, 8-vje\u00e7ari mbetet jasht\u00eb shkoll\u00ebs -","robots":{"index":"index","follow":"follow","max-snippet":"max-snippet:-1","max-image-preview":"max-image-preview:large","max-video-preview":"max-video-preview:-1"},"canonical":"https:\/\/veritasinfo.org\/?p=40006","og_locale":"en_US","og_type":"article","og_title":"\u200bQeveria i siguroi sht\u00ebpi familjes serbe nga Gra\u00e7anica, 8-vje\u00e7ari mbetet jasht\u00eb shkoll\u00ebs -","og_description":"Prishtin\u00eb, 26 mars 2026 12:22 Nj\u00eb\u00a0tet\u00ebvje\u00e7ar nga nga radh\u00ebt e komunitetit serb n\u00eb Komun\u00ebn e Gra\u00e7anic\u00ebs ka mbetur jasht\u00eb bankave shkollore. Ani pse sht\u00ebpia e","og_url":"https:\/\/veritasinfo.org\/?p=40006","article_published_time":"2026-03-26T11:24:44+00:00","og_image":[{"width":985,"height":591,"url":"https:\/\/veritasinfo.org\/wp-content\/uploads\/2026\/03\/Screenshot_20260326_122415_Chrome.jpg","type":"image\/jpeg"}],"author":"US6","twitter_card":"summary_large_image","twitter_misc":{"Written by":"US6","Est. reading time":"5 minutes"},"schema":{"@context":"https:\/\/schema.org","@graph":[{"@type":"WebPage","@id":"https:\/\/veritasinfo.org\/?p=40006","url":"https:\/\/veritasinfo.org\/?p=40006","name":"\u200bQeveria i siguroi sht\u00ebpi familjes serbe nga Gra\u00e7anica, 8-vje\u00e7ari mbetet jasht\u00eb shkoll\u00ebs -","isPartOf":{"@id":"https:\/\/veritasinfo.org\/#website"},"primaryImageOfPage":{"@id":"https:\/\/veritasinfo.org\/?p=40006#primaryimage"},"image":{"@id":"https:\/\/veritasinfo.org\/?p=40006#primaryimage"},"thumbnailUrl":"https:\/\/veritasinfo.org\/wp-content\/uploads\/2026\/03\/Screenshot_20260326_122415_Chrome.jpg","datePublished":"2026-03-26T11:24:44+00:00","author":{"@id":"https:\/\/veritasinfo.org\/#\/schema\/person\/fe199eede04c3937362892b7444747cc"},"breadcrumb":{"@id":"https:\/\/veritasinfo.org\/?p=40006#breadcrumb"},"inLanguage":"en-US","potentialAction":[{"@type":"ReadAction","target":["https:\/\/veritasinfo.org\/?p=40006"]}]},{"@type":"ImageObject","inLanguage":"en-US","@id":"https:\/\/veritasinfo.org\/?p=40006#primaryimage","url":"https:\/\/veritasinfo.org\/wp-content\/uploads\/2026\/03\/Screenshot_20260326_122415_Chrome.jpg","contentUrl":"https:\/\/veritasinfo.org\/wp-content\/uploads\/2026\/03\/Screenshot_20260326_122415_Chrome.jpg","width":985,"height":591},{"@type":"BreadcrumbList","@id":"https:\/\/veritasinfo.org\/?p=40006#breadcrumb","itemListElement":[{"@type":"ListItem","position":1,"name":"Home","item":"https:\/\/veritasinfo.org\/"},{"@type":"ListItem","position":2,"name":"\u200bQeveria i siguroi sht\u00ebpi familjes serbe nga Gra\u00e7anica, 8-vje\u00e7ari mbetet jasht\u00eb shkoll\u00ebs"}]},{"@type":"WebSite","@id":"https:\/\/veritasinfo.org\/#website","url":"https:\/\/veritasinfo.org\/","name":"","description":"","potentialAction":[{"@type":"SearchAction","target":{"@type":"EntryPoint","urlTemplate":"https:\/\/veritasinfo.org\/?s={search_term_string}"},"query-input":{"@type":"PropertyValueSpecification","valueRequired":true,"valueName":"search_term_string"}}],"inLanguage":"en-US"},{"@type":"Person","@id":"https:\/\/veritasinfo.org\/#\/schema\/person\/fe199eede04c3937362892b7444747cc","name":"US6","image":{"@type":"ImageObject","inLanguage":"en-US","@id":"https:\/\/veritasinfo.org\/#\/schema\/person\/image\/","url":"https:\/\/secure.gravatar.com\/avatar\/cb16c3c31c9d23b9b8c705964598220b3014e42ff51eb540ff23cefa3ae8c15f?s=96&d=mm&r=g","contentUrl":"https:\/\/secure.gravatar.com\/avatar\/cb16c3c31c9d23b9b8c705964598220b3014e42ff51eb540ff23cefa3ae8c15f?s=96&d=mm&r=g","caption":"US6"},"url":"https:\/\/veritasinfo.org\/?author=7"}]}},"featured_image_urls":{"full":["https:\/\/veritasinfo.org\/wp-content\/uploads\/2026\/03\/Screenshot_20260326_122415_Chrome.jpg",985,591,false],"thumbnail":["https:\/\/veritasinfo.org\/wp-content\/uploads\/2026\/03\/Screenshot_20260326_122415_Chrome-150x150.jpg",150,150,true],"medium":["https:\/\/veritasinfo.org\/wp-content\/uploads\/2026\/03\/Screenshot_20260326_122415_Chrome-300x180.jpg",300,180,true],"medium_large":["https:\/\/veritasinfo.org\/wp-content\/uploads\/2026\/03\/Screenshot_20260326_122415_Chrome-768x461.jpg",640,384,true],"large":["https:\/\/veritasinfo.org\/wp-content\/uploads\/2026\/03\/Screenshot_20260326_122415_Chrome.jpg",640,384,false],"1536x1536":["https:\/\/veritasinfo.org\/wp-content\/uploads\/2026\/03\/Screenshot_20260326_122415_Chrome.jpg",985,591,false],"2048x2048":["https:\/\/veritasinfo.org\/wp-content\/uploads\/2026\/03\/Screenshot_20260326_122415_Chrome.jpg",985,591,false],"kreeti-slider-full":["https:\/\/veritasinfo.org\/wp-content\/uploads\/2026\/03\/Screenshot_20260326_122415_Chrome.jpg",985,591,false],"kreeti-featured":["https:\/\/veritasinfo.org\/wp-content\/uploads\/2026\/03\/Screenshot_20260326_122415_Chrome.jpg",985,591,false],"kreeti-medium":["https:\/\/veritasinfo.org\/wp-content\/uploads\/2026\/03\/Screenshot_20260326_122415_Chrome.jpg",720,432,false],"kreeti-medium-square":["https:\/\/veritasinfo.org\/wp-content\/uploads\/2026\/03\/Screenshot_20260326_122415_Chrome.jpg",350,210,false]},"author_info":{"info":["US6"]},"category_info":"<a href=\"https:\/\/veritasinfo.org\/?cat=60\" rel=\"category\">Shoq\u00ebrore<\/a>","tag_info":"Shoq\u00ebrore","comment_count":"0","_links":{"self":[{"href":"https:\/\/veritasinfo.org\/index.php?rest_route=\/wp\/v2\/posts\/40006","targetHints":{"allow":["GET"]}}],"collection":[{"href":"https:\/\/veritasinfo.org\/index.php?rest_route=\/wp\/v2\/posts"}],"about":[{"href":"https:\/\/veritasinfo.org\/index.php?rest_route=\/wp\/v2\/types\/post"}],"author":[{"embeddable":true,"href":"https:\/\/veritasinfo.org\/index.php?rest_route=\/wp\/v2\/users\/7"}],"replies":[{"embeddable":true,"href":"https:\/\/veritasinfo.org\/index.php?rest_route=%2Fwp%2Fv2%2Fcomments&post=40006"}],"version-history":[{"count":1,"href":"https:\/\/veritasinfo.org\/index.php?rest_route=\/wp\/v2\/posts\/40006\/revisions"}],"predecessor-version":[{"id":40012,"href":"https:\/\/veritasinfo.org\/index.php?rest_route=\/wp\/v2\/posts\/40006\/revisions\/40012"}],"wp:featuredmedia":[{"embeddable":true,"href":"https:\/\/veritasinfo.org\/index.php?rest_route=\/wp\/v2\/media\/40011"}],"wp:attachment":[{"href":"https:\/\/veritasinfo.org\/index.php?rest_route=%2Fwp%2Fv2%2Fmedia&parent=40006"}],"wp:term":[{"taxonomy":"category","embeddable":true,"href":"https:\/\/veritasinfo.org\/index.php?rest_route=%2Fwp%2Fv2%2Fcategories&post=40006"},{"taxonomy":"post_tag","embeddable":true,"href":"https:\/\/veritasinfo.org\/index.php?rest_route=%2Fwp%2Fv2%2Ftags&post=40006"}],"curies":[{"name":"wp","href":"https:\/\/api.w.org\/{rel}","templated":true}]}}