{"id":40002,"date":"2026-03-26T12:21:40","date_gmt":"2026-03-26T11:21:40","guid":{"rendered":"https:\/\/veritasinfo.org\/?p=40002"},"modified":"2026-03-26T12:21:40","modified_gmt":"2026-03-26T11:21:40","slug":"27-vjetori-i-masakres-se-krushes-se-madhe-osmani-ishte-krim-me-paramendim","status":"publish","type":"post","link":"https:\/\/veritasinfo.org\/?p=40002","title":{"rendered":"27-vjetori i masakr\u00ebs s\u00eb Krush\u00ebs s\u00eb Madhe, Osmani: Ishte krim me paramendim"},"content":{"rendered":"<p>Prishtin\u00eb 26 Mars 2026 12:20<\/p>\n<p>Presidentja e Kosov\u00ebs, Vjosa Osmani, ka marr\u00eb pjes\u00eb n\u00eb tubimin p\u00ebrkujtimor kushtuar 27-vjetorit t\u00eb masakr\u00ebs n\u00eb Krush\u00eb t\u00eb Madhe.<\/p>\n<p>Ai ka th\u00ebn\u00eb se masakra n\u00eb Krush\u00eb t\u00eb Madhe ishte krim me paramendim dhe se ishte e planifikuar nga  Serbia.<\/p>\n<p>Osmani ka th\u00ebn\u00eb se tragjedia n\u00eb k\u00ebt\u00eb fshat nuk p\u00ebrfundon vet\u00ebm me k\u00ebt\u00eb masak\u00ebr. Osmani, p\u00ebrmendi edhe 64 banor\u00eb t\u00eb Krush\u00ebs t\u00eb cil\u00ebt figurojn\u00eb ende n\u00eb listat e te zhdukurve.<\/p>\n<p>\u201cKy ishte nj\u00eb krim me paramendim. Kjo ishte nj\u00eb masak\u00ebr e planifikuar. Ishte nj\u00eb akt i q\u00ebllimsh\u00ebm p\u00ebr t\u00eb shuar jet\u00eb, p\u00ebr t\u00eb shuar kujtes\u00eb, p\u00ebr t\u00eb shuar vet\u00eb ekzistenc\u00ebn e banor\u00ebve t\u00eb k\u00ebtij fshati. Ishte nj\u00eb p\u00ebrpjekje p\u00ebr t\u00eb shfarosur shqiptar\u00ebt nga tokat e tyre. Por tragjedia nuk p\u00ebrfundon k\u00ebtu. Edhe sot 64 banor\u00eb t\u00eb Krush\u00ebs s\u00eb Madhe figurojn\u00eb ende n\u00eb listat e t\u00eb zhdukurve me dhun\u00eb. Jan\u00eb plag\u00eb t\u00eb hapura, jan\u00eb mungesa t\u00eb pap\u00ebrshkrueshme q\u00eb r\u00ebndojn\u00eb \u00e7do dit\u00eb mbi familjet e tyre n\u00eb radh\u00eb t\u00eb par\u00eb, por edhe mbi nd\u00ebrgjegjen ton\u00eb si komb e si shtet, dhe histori t\u00eb nd\u00ebrprera q\u00eb presin akoma drejt\u00ebsi. N\u00eb mesin e k\u00ebtyre plag\u00ebve t\u00eb hapura q\u00ebndron edhe fati ende i pazbardhur i Ukshin Hotit, intelektualit t\u00eb pap\u00ebrs\u00ebritsh\u00ebm, mendimtarit t\u00eb guximsh\u00ebm dhe z\u00ebrit q\u00eb asnj\u00ebher\u00eb nuk pranoi t\u00eb n\u00ebnshtrohej. Ai ishte nj\u00eb figur\u00eb politike dhe akademike q\u00eb artikuloi lirin\u00eb si t\u00eb drejt\u00eb dhe si domosdoshm\u00ebri. Zhdukja e tij me dhun\u00eb mbetet nj\u00eb nga plag\u00ebt m\u00eb t\u00eb thella t\u00eb k\u00ebsaj historie, nj\u00eb padrejt\u00ebsi q\u00eb nuk \u00ebsht\u00eb shuar me kalimin e koh\u00ebs\u201d, ka th\u00ebn\u00eb ajo.<\/p>\n<p>Presidentja Osmani, ka theksuar se p\u00ebrball\u00eb tragjedis\u00eb, Krusha e Madhe nuk \u00ebsht\u00eb thyer.<\/p>\n<p>\u201cMegjithat\u00eb p\u00ebrball\u00eb tragjedis\u00eb me t\u00eb cil\u00ebn u p\u00ebrball, Krusha e Madhe nuk u thye. Nga kjo dhimbje e pamas\u00eb u ngrit\u00ebn gra q\u00eb d\u00ebshmuan se jeta \u00ebsht\u00eb m\u00eb e fort\u00eb se vdekja. Nj\u00eb prej tyre \u00ebsht\u00eb Fahrije Hoti, nj\u00eb grua q\u00eb e ktheu dhimbjen n\u00eb forc\u00eb, humbjen n\u00eb q\u00ebndres\u00eb, dhe lotin n\u00eb pun\u00eb e n\u00eb dinjitet. Ajo, sikurse edhe t\u00eb gjitha grat\u00eb e Krush\u00ebs, d\u00ebshmuan se mbijetesa nuk \u00ebsht\u00eb vet\u00ebm t\u00eb jetosh, por t\u00eb ringrihesh, t\u00eb nd\u00ebrtosh, dhe t\u00eb mos dor\u00ebzohesh kurr\u00eb, e mbi t\u00eb gjitha t\u00eb vazhdosh \u00e7do dit\u00eb t\u00eb punosh p\u00ebr drejt\u00ebsi\u201d, ka th\u00ebn\u00eb Osmani, duke shtuar se \u201cKrusha e Madhe sot \u00ebsht\u00eb d\u00ebshmi e k\u00ebsaj force, nj\u00eb d\u00ebshmi q\u00eb e pa e gjith\u00eb bota me syt\u00eb e vet\u201d.<\/p>\n<p>27 vjet m\u00eb par\u00eb, konkretisht nga 25 deri m\u00eb 27 mars 1999, n\u00eb Krush\u00eb t\u00eb Rahovecit nga forcat serbe jan\u00eb masakruar 243 persona, nd\u00ebrsa 893 sht\u00ebpi private dhe shoq\u00ebrore jan\u00eb djegur.<\/p>\n<p>Masakra n\u00eb Krush\u00eb t\u00eb Madhe \u00ebsht\u00eb m\u00eb e madhja q\u00eb ka ndodhur n\u00eb Kosov\u00eb gjat\u00eb luft\u00ebs s\u00eb viteve 1998-1999. Ende vazhdojn\u00eb t\u00eb jen\u00eb t\u00eb pagjetur edhe shum\u00eb persona nga ky Krusha e Madhe<\/p>\n","protected":false},"excerpt":{"rendered":"<p>Prishtin\u00eb 26 Mars 2026 12:20 Presidentja e Kosov\u00ebs, Vjosa Osmani, ka marr\u00eb pjes\u00eb n\u00eb tubimin p\u00ebrkujtimor kushtuar 27-vjetorit t\u00eb masakr\u00ebs n\u00eb Krush\u00eb t\u00eb Madhe. Ai<\/p>\n","protected":false},"author":6,"featured_media":40003,"comment_status":"open","ping_status":"open","sticky":false,"template":"","format":"standard","meta":{"footnotes":""},"categories":[60],"tags":[],"class_list":["post-40002","post","type-post","status-publish","format-standard","has-post-thumbnail","hentry","category-shoqerore-sq"],"yoast_head":"<!-- This site is optimized with the Yoast SEO plugin v25.3.1 - https:\/\/yoast.com\/wordpress\/plugins\/seo\/ -->\n<title>27-vjetori i masakr\u00ebs s\u00eb Krush\u00ebs s\u00eb Madhe, Osmani: Ishte krim me paramendim -<\/title>\n<meta name=\"robots\" content=\"index, follow, max-snippet:-1, max-image-preview:large, max-video-preview:-1\" \/>\n<link rel=\"canonical\" href=\"https:\/\/veritasinfo.org\/?p=40002\" \/>\n<meta property=\"og:locale\" content=\"en_US\" \/>\n<meta property=\"og:type\" content=\"article\" \/>\n<meta property=\"og:title\" content=\"27-vjetori i masakr\u00ebs s\u00eb Krush\u00ebs s\u00eb Madhe, Osmani: Ishte krim me paramendim -\" \/>\n<meta property=\"og:description\" content=\"Prishtin\u00eb 26 Mars 2026 12:20 Presidentja e Kosov\u00ebs, Vjosa Osmani, ka marr\u00eb pjes\u00eb n\u00eb tubimin p\u00ebrkujtimor kushtuar 27-vjetorit t\u00eb masakr\u00ebs n\u00eb Krush\u00eb t\u00eb Madhe. Ai\" \/>\n<meta property=\"og:url\" content=\"https:\/\/veritasinfo.org\/?p=40002\" \/>\n<meta property=\"article:published_time\" content=\"2026-03-26T11:21:40+00:00\" \/>\n<meta property=\"og:image\" content=\"https:\/\/veritasinfo.org\/wp-content\/uploads\/2026\/03\/osmani-7.jpg\" \/>\n\t<meta property=\"og:image:width\" content=\"850\" \/>\n\t<meta property=\"og:image:height\" content=\"638\" \/>\n\t<meta property=\"og:image:type\" content=\"image\/jpeg\" \/>\n<meta name=\"author\" content=\"US5\" \/>\n<meta name=\"twitter:card\" content=\"summary_large_image\" \/>\n<meta name=\"twitter:label1\" content=\"Written by\" \/>\n\t<meta name=\"twitter:data1\" content=\"US5\" \/>\n\t<meta name=\"twitter:label2\" content=\"Est. reading time\" \/>\n\t<meta name=\"twitter:data2\" content=\"1 minute\" \/>\n<script type=\"application\/ld+json\" class=\"yoast-schema-graph\">{\"@context\":\"https:\/\/schema.org\",\"@graph\":[{\"@type\":\"WebPage\",\"@id\":\"https:\/\/veritasinfo.org\/?p=40002\",\"url\":\"https:\/\/veritasinfo.org\/?p=40002\",\"name\":\"27-vjetori i masakr\u00ebs s\u00eb Krush\u00ebs s\u00eb Madhe, Osmani: Ishte krim me paramendim -\",\"isPartOf\":{\"@id\":\"https:\/\/veritasinfo.org\/#website\"},\"primaryImageOfPage\":{\"@id\":\"https:\/\/veritasinfo.org\/?p=40002#primaryimage\"},\"image\":{\"@id\":\"https:\/\/veritasinfo.org\/?p=40002#primaryimage\"},\"thumbnailUrl\":\"https:\/\/veritasinfo.org\/wp-content\/uploads\/2026\/03\/osmani-7.jpg\",\"datePublished\":\"2026-03-26T11:21:40+00:00\",\"author\":{\"@id\":\"https:\/\/veritasinfo.org\/#\/schema\/person\/bc442336e35414d04494ab8fb45db4c6\"},\"breadcrumb\":{\"@id\":\"https:\/\/veritasinfo.org\/?p=40002#breadcrumb\"},\"inLanguage\":\"en-US\",\"potentialAction\":[{\"@type\":\"ReadAction\",\"target\":[\"https:\/\/veritasinfo.org\/?p=40002\"]}]},{\"@type\":\"ImageObject\",\"inLanguage\":\"en-US\",\"@id\":\"https:\/\/veritasinfo.org\/?p=40002#primaryimage\",\"url\":\"https:\/\/veritasinfo.org\/wp-content\/uploads\/2026\/03\/osmani-7.jpg\",\"contentUrl\":\"https:\/\/veritasinfo.org\/wp-content\/uploads\/2026\/03\/osmani-7.jpg\",\"width\":850,\"height\":638},{\"@type\":\"BreadcrumbList\",\"@id\":\"https:\/\/veritasinfo.org\/?p=40002#breadcrumb\",\"itemListElement\":[{\"@type\":\"ListItem\",\"position\":1,\"name\":\"Home\",\"item\":\"https:\/\/veritasinfo.org\/\"},{\"@type\":\"ListItem\",\"position\":2,\"name\":\"27-vjetori i masakr\u00ebs s\u00eb Krush\u00ebs s\u00eb Madhe, Osmani: Ishte krim me paramendim\"}]},{\"@type\":\"WebSite\",\"@id\":\"https:\/\/veritasinfo.org\/#website\",\"url\":\"https:\/\/veritasinfo.org\/\",\"name\":\"\",\"description\":\"\",\"potentialAction\":[{\"@type\":\"SearchAction\",\"target\":{\"@type\":\"EntryPoint\",\"urlTemplate\":\"https:\/\/veritasinfo.org\/?s={search_term_string}\"},\"query-input\":{\"@type\":\"PropertyValueSpecification\",\"valueRequired\":true,\"valueName\":\"search_term_string\"}}],\"inLanguage\":\"en-US\"},{\"@type\":\"Person\",\"@id\":\"https:\/\/veritasinfo.org\/#\/schema\/person\/bc442336e35414d04494ab8fb45db4c6\",\"name\":\"US5\",\"image\":{\"@type\":\"ImageObject\",\"inLanguage\":\"en-US\",\"@id\":\"https:\/\/veritasinfo.org\/#\/schema\/person\/image\/\",\"url\":\"https:\/\/secure.gravatar.com\/avatar\/16a61e7272a0c5d001121ebb9e60e925d5816e4ac1e443ed3e640d9a6ae55d0c?s=96&d=mm&r=g\",\"contentUrl\":\"https:\/\/secure.gravatar.com\/avatar\/16a61e7272a0c5d001121ebb9e60e925d5816e4ac1e443ed3e640d9a6ae55d0c?s=96&d=mm&r=g\",\"caption\":\"US5\"},\"url\":\"https:\/\/veritasinfo.org\/?author=6\"}]}<\/script>\n<!-- \/ Yoast SEO plugin. -->","yoast_head_json":{"title":"27-vjetori i masakr\u00ebs s\u00eb Krush\u00ebs s\u00eb Madhe, Osmani: Ishte krim me paramendim -","robots":{"index":"index","follow":"follow","max-snippet":"max-snippet:-1","max-image-preview":"max-image-preview:large","max-video-preview":"max-video-preview:-1"},"canonical":"https:\/\/veritasinfo.org\/?p=40002","og_locale":"en_US","og_type":"article","og_title":"27-vjetori i masakr\u00ebs s\u00eb Krush\u00ebs s\u00eb Madhe, Osmani: Ishte krim me paramendim -","og_description":"Prishtin\u00eb 26 Mars 2026 12:20 Presidentja e Kosov\u00ebs, Vjosa Osmani, ka marr\u00eb pjes\u00eb n\u00eb tubimin p\u00ebrkujtimor kushtuar 27-vjetorit t\u00eb masakr\u00ebs n\u00eb Krush\u00eb t\u00eb Madhe. Ai","og_url":"https:\/\/veritasinfo.org\/?p=40002","article_published_time":"2026-03-26T11:21:40+00:00","og_image":[{"width":850,"height":638,"url":"https:\/\/veritasinfo.org\/wp-content\/uploads\/2026\/03\/osmani-7.jpg","type":"image\/jpeg"}],"author":"US5","twitter_card":"summary_large_image","twitter_misc":{"Written by":"US5","Est. reading time":"1 minute"},"schema":{"@context":"https:\/\/schema.org","@graph":[{"@type":"WebPage","@id":"https:\/\/veritasinfo.org\/?p=40002","url":"https:\/\/veritasinfo.org\/?p=40002","name":"27-vjetori i masakr\u00ebs s\u00eb Krush\u00ebs s\u00eb Madhe, Osmani: Ishte krim me paramendim -","isPartOf":{"@id":"https:\/\/veritasinfo.org\/#website"},"primaryImageOfPage":{"@id":"https:\/\/veritasinfo.org\/?p=40002#primaryimage"},"image":{"@id":"https:\/\/veritasinfo.org\/?p=40002#primaryimage"},"thumbnailUrl":"https:\/\/veritasinfo.org\/wp-content\/uploads\/2026\/03\/osmani-7.jpg","datePublished":"2026-03-26T11:21:40+00:00","author":{"@id":"https:\/\/veritasinfo.org\/#\/schema\/person\/bc442336e35414d04494ab8fb45db4c6"},"breadcrumb":{"@id":"https:\/\/veritasinfo.org\/?p=40002#breadcrumb"},"inLanguage":"en-US","potentialAction":[{"@type":"ReadAction","target":["https:\/\/veritasinfo.org\/?p=40002"]}]},{"@type":"ImageObject","inLanguage":"en-US","@id":"https:\/\/veritasinfo.org\/?p=40002#primaryimage","url":"https:\/\/veritasinfo.org\/wp-content\/uploads\/2026\/03\/osmani-7.jpg","contentUrl":"https:\/\/veritasinfo.org\/wp-content\/uploads\/2026\/03\/osmani-7.jpg","width":850,"height":638},{"@type":"BreadcrumbList","@id":"https:\/\/veritasinfo.org\/?p=40002#breadcrumb","itemListElement":[{"@type":"ListItem","position":1,"name":"Home","item":"https:\/\/veritasinfo.org\/"},{"@type":"ListItem","position":2,"name":"27-vjetori i masakr\u00ebs s\u00eb Krush\u00ebs s\u00eb Madhe, Osmani: Ishte krim me paramendim"}]},{"@type":"WebSite","@id":"https:\/\/veritasinfo.org\/#website","url":"https:\/\/veritasinfo.org\/","name":"","description":"","potentialAction":[{"@type":"SearchAction","target":{"@type":"EntryPoint","urlTemplate":"https:\/\/veritasinfo.org\/?s={search_term_string}"},"query-input":{"@type":"PropertyValueSpecification","valueRequired":true,"valueName":"search_term_string"}}],"inLanguage":"en-US"},{"@type":"Person","@id":"https:\/\/veritasinfo.org\/#\/schema\/person\/bc442336e35414d04494ab8fb45db4c6","name":"US5","image":{"@type":"ImageObject","inLanguage":"en-US","@id":"https:\/\/veritasinfo.org\/#\/schema\/person\/image\/","url":"https:\/\/secure.gravatar.com\/avatar\/16a61e7272a0c5d001121ebb9e60e925d5816e4ac1e443ed3e640d9a6ae55d0c?s=96&d=mm&r=g","contentUrl":"https:\/\/secure.gravatar.com\/avatar\/16a61e7272a0c5d001121ebb9e60e925d5816e4ac1e443ed3e640d9a6ae55d0c?s=96&d=mm&r=g","caption":"US5"},"url":"https:\/\/veritasinfo.org\/?author=6"}]}},"featured_image_urls":{"full":["https:\/\/veritasinfo.org\/wp-content\/uploads\/2026\/03\/osmani-7.jpg",850,638,false],"thumbnail":["https:\/\/veritasinfo.org\/wp-content\/uploads\/2026\/03\/osmani-7-150x150.jpg",150,150,true],"medium":["https:\/\/veritasinfo.org\/wp-content\/uploads\/2026\/03\/osmani-7-300x225.jpg",300,225,true],"medium_large":["https:\/\/veritasinfo.org\/wp-content\/uploads\/2026\/03\/osmani-7-768x576.jpg",640,480,true],"large":["https:\/\/veritasinfo.org\/wp-content\/uploads\/2026\/03\/osmani-7.jpg",640,480,false],"1536x1536":["https:\/\/veritasinfo.org\/wp-content\/uploads\/2026\/03\/osmani-7.jpg",850,638,false],"2048x2048":["https:\/\/veritasinfo.org\/wp-content\/uploads\/2026\/03\/osmani-7.jpg",850,638,false],"kreeti-slider-full":["https:\/\/veritasinfo.org\/wp-content\/uploads\/2026\/03\/osmani-7.jpg",850,638,false],"kreeti-featured":["https:\/\/veritasinfo.org\/wp-content\/uploads\/2026\/03\/osmani-7.jpg",850,638,false],"kreeti-medium":["https:\/\/veritasinfo.org\/wp-content\/uploads\/2026\/03\/osmani-7.jpg",706,530,false],"kreeti-medium-square":["https:\/\/veritasinfo.org\/wp-content\/uploads\/2026\/03\/osmani-7.jpg",350,263,false]},"author_info":{"info":["US5"]},"category_info":"<a href=\"https:\/\/veritasinfo.org\/?cat=60\" rel=\"category\">Shoq\u00ebrore<\/a>","tag_info":"Shoq\u00ebrore","comment_count":"0","_links":{"self":[{"href":"https:\/\/veritasinfo.org\/index.php?rest_route=\/wp\/v2\/posts\/40002","targetHints":{"allow":["GET"]}}],"collection":[{"href":"https:\/\/veritasinfo.org\/index.php?rest_route=\/wp\/v2\/posts"}],"about":[{"href":"https:\/\/veritasinfo.org\/index.php?rest_route=\/wp\/v2\/types\/post"}],"author":[{"embeddable":true,"href":"https:\/\/veritasinfo.org\/index.php?rest_route=\/wp\/v2\/users\/6"}],"replies":[{"embeddable":true,"href":"https:\/\/veritasinfo.org\/index.php?rest_route=%2Fwp%2Fv2%2Fcomments&post=40002"}],"version-history":[{"count":2,"href":"https:\/\/veritasinfo.org\/index.php?rest_route=\/wp\/v2\/posts\/40002\/revisions"}],"predecessor-version":[{"id":40005,"href":"https:\/\/veritasinfo.org\/index.php?rest_route=\/wp\/v2\/posts\/40002\/revisions\/40005"}],"wp:featuredmedia":[{"embeddable":true,"href":"https:\/\/veritasinfo.org\/index.php?rest_route=\/wp\/v2\/media\/40003"}],"wp:attachment":[{"href":"https:\/\/veritasinfo.org\/index.php?rest_route=%2Fwp%2Fv2%2Fmedia&parent=40002"}],"wp:term":[{"taxonomy":"category","embeddable":true,"href":"https:\/\/veritasinfo.org\/index.php?rest_route=%2Fwp%2Fv2%2Fcategories&post=40002"},{"taxonomy":"post_tag","embeddable":true,"href":"https:\/\/veritasinfo.org\/index.php?rest_route=%2Fwp%2Fv2%2Ftags&post=40002"}],"curies":[{"name":"wp","href":"https:\/\/api.w.org\/{rel}","templated":true}]}}