{"id":39990,"date":"2026-03-26T11:21:44","date_gmt":"2026-03-26T10:21:44","guid":{"rendered":"https:\/\/veritasinfo.org\/?p=39990"},"modified":"2026-03-26T11:21:44","modified_gmt":"2026-03-26T10:21:44","slug":"zyrtari-evropian-ne-prishtine-shefja-e-zyres-se-be-se-mbeshtesim-rrugen-e-kosoves-per-integrim-ne-be","status":"publish","type":"post","link":"https:\/\/veritasinfo.org\/?p=39990","title":{"rendered":"Zyrtari evropian n\u00eb Prishtin\u00eb, shefja e Zyr\u00ebs s\u00eb BE-s\u00eb: Mb\u00ebshtesim rrug\u00ebn e Kosov\u00ebs p\u00ebr integrim n\u00eb BE &#8211;"},"content":{"rendered":"<p>Prishtin\u00eb 26 Mars 2026 11:20<\/p>\n<p>Ushtruesja e detyr\u00ebs s\u00eb Shefes s\u00eb Zyr\u00ebs s\u00eb BE-s\u00eb, Eva Palatova, ka njoftuar sot se n\u00eb Prishtin\u00eb po q\u00ebndron drejtori i Sh\u00ebrbimit t\u00eb Jasht\u00ebm t\u00eb BE-s\u00eb p\u00ebr Evrop\u00ebn Per\u00ebndimor, Emanuel Giaufret.<\/p>\n<p>Palatova ka njoftuar se ai do t\u00eb takohet me p\u00ebrfaq\u00ebsues t\u00eb institucioneve, partive politike dhe organizatave t\u00eb shoq\u00ebris\u00eb civile.<\/p>\n<p>Ajo ka th\u00ebn\u00eb se BE-ja e p\u00ebrkrah Kosov\u00ebn n\u00eb rrug\u00ebn e saj t\u00eb integrimit evropian.<\/p>\n","protected":false},"excerpt":{"rendered":"<p>Prishtin\u00eb 26 Mars 2026 11:20 Ushtruesja e detyr\u00ebs s\u00eb Shefes s\u00eb Zyr\u00ebs s\u00eb BE-s\u00eb, Eva Palatova, ka njoftuar sot se n\u00eb Prishtin\u00eb po q\u00ebndron drejtori<\/p>\n","protected":false},"author":6,"featured_media":39991,"comment_status":"open","ping_status":"open","sticky":false,"template":"","format":"standard","meta":{"footnotes":""},"categories":[58],"tags":[],"class_list":["post-39990","post","type-post","status-publish","format-standard","has-post-thumbnail","hentry","category-politike-sq"],"yoast_head":"<!-- This site is optimized with the Yoast SEO plugin v25.3.1 - https:\/\/yoast.com\/wordpress\/plugins\/seo\/ -->\n<title>Zyrtari evropian n\u00eb Prishtin\u00eb, shefja e Zyr\u00ebs s\u00eb BE-s\u00eb: Mb\u00ebshtesim rrug\u00ebn e Kosov\u00ebs p\u00ebr integrim n\u00eb BE -<\/title>\n<meta name=\"robots\" content=\"index, follow, max-snippet:-1, max-image-preview:large, max-video-preview:-1\" \/>\n<link rel=\"canonical\" href=\"https:\/\/veritasinfo.org\/?p=39990\" \/>\n<meta property=\"og:locale\" content=\"en_US\" \/>\n<meta property=\"og:type\" content=\"article\" \/>\n<meta property=\"og:title\" content=\"Zyrtari evropian n\u00eb Prishtin\u00eb, shefja e Zyr\u00ebs s\u00eb BE-s\u00eb: Mb\u00ebshtesim rrug\u00ebn e Kosov\u00ebs p\u00ebr integrim n\u00eb BE -\" \/>\n<meta property=\"og:description\" content=\"Prishtin\u00eb 26 Mars 2026 11:20 Ushtruesja e detyr\u00ebs s\u00eb Shefes s\u00eb Zyr\u00ebs s\u00eb BE-s\u00eb, Eva Palatova, ka njoftuar sot se n\u00eb Prishtin\u00eb po q\u00ebndron drejtori\" \/>\n<meta property=\"og:url\" content=\"https:\/\/veritasinfo.org\/?p=39990\" \/>\n<meta property=\"article:published_time\" content=\"2026-03-26T10:21:44+00:00\" \/>\n<meta property=\"og:image\" content=\"https:\/\/veritasinfo.org\/wp-content\/uploads\/2026\/03\/3333-5.png\" \/>\n\t<meta property=\"og:image:width\" content=\"600\" \/>\n\t<meta property=\"og:image:height\" content=\"360\" \/>\n\t<meta property=\"og:image:type\" content=\"image\/png\" \/>\n<meta name=\"author\" content=\"US5\" \/>\n<meta name=\"twitter:card\" content=\"summary_large_image\" \/>\n<meta name=\"twitter:label1\" content=\"Written by\" \/>\n\t<meta name=\"twitter:data1\" content=\"US5\" \/>\n\t<meta name=\"twitter:label2\" content=\"Est. reading time\" \/>\n\t<meta name=\"twitter:data2\" content=\"1 minute\" \/>\n<script type=\"application\/ld+json\" class=\"yoast-schema-graph\">{\"@context\":\"https:\/\/schema.org\",\"@graph\":[{\"@type\":\"WebPage\",\"@id\":\"https:\/\/veritasinfo.org\/?p=39990\",\"url\":\"https:\/\/veritasinfo.org\/?p=39990\",\"name\":\"Zyrtari evropian n\u00eb Prishtin\u00eb, shefja e Zyr\u00ebs s\u00eb BE-s\u00eb: Mb\u00ebshtesim rrug\u00ebn e Kosov\u00ebs p\u00ebr integrim n\u00eb BE -\",\"isPartOf\":{\"@id\":\"https:\/\/veritasinfo.org\/#website\"},\"primaryImageOfPage\":{\"@id\":\"https:\/\/veritasinfo.org\/?p=39990#primaryimage\"},\"image\":{\"@id\":\"https:\/\/veritasinfo.org\/?p=39990#primaryimage\"},\"thumbnailUrl\":\"https:\/\/veritasinfo.org\/wp-content\/uploads\/2026\/03\/3333-5.png\",\"datePublished\":\"2026-03-26T10:21:44+00:00\",\"author\":{\"@id\":\"https:\/\/veritasinfo.org\/#\/schema\/person\/bc442336e35414d04494ab8fb45db4c6\"},\"breadcrumb\":{\"@id\":\"https:\/\/veritasinfo.org\/?p=39990#breadcrumb\"},\"inLanguage\":\"en-US\",\"potentialAction\":[{\"@type\":\"ReadAction\",\"target\":[\"https:\/\/veritasinfo.org\/?p=39990\"]}]},{\"@type\":\"ImageObject\",\"inLanguage\":\"en-US\",\"@id\":\"https:\/\/veritasinfo.org\/?p=39990#primaryimage\",\"url\":\"https:\/\/veritasinfo.org\/wp-content\/uploads\/2026\/03\/3333-5.png\",\"contentUrl\":\"https:\/\/veritasinfo.org\/wp-content\/uploads\/2026\/03\/3333-5.png\",\"width\":600,\"height\":360},{\"@type\":\"BreadcrumbList\",\"@id\":\"https:\/\/veritasinfo.org\/?p=39990#breadcrumb\",\"itemListElement\":[{\"@type\":\"ListItem\",\"position\":1,\"name\":\"Home\",\"item\":\"https:\/\/veritasinfo.org\/\"},{\"@type\":\"ListItem\",\"position\":2,\"name\":\"Zyrtari evropian n\u00eb Prishtin\u00eb, shefja e Zyr\u00ebs s\u00eb BE-s\u00eb: Mb\u00ebshtesim rrug\u00ebn e Kosov\u00ebs p\u00ebr integrim n\u00eb BE &#8211;\"}]},{\"@type\":\"WebSite\",\"@id\":\"https:\/\/veritasinfo.org\/#website\",\"url\":\"https:\/\/veritasinfo.org\/\",\"name\":\"\",\"description\":\"\",\"potentialAction\":[{\"@type\":\"SearchAction\",\"target\":{\"@type\":\"EntryPoint\",\"urlTemplate\":\"https:\/\/veritasinfo.org\/?s={search_term_string}\"},\"query-input\":{\"@type\":\"PropertyValueSpecification\",\"valueRequired\":true,\"valueName\":\"search_term_string\"}}],\"inLanguage\":\"en-US\"},{\"@type\":\"Person\",\"@id\":\"https:\/\/veritasinfo.org\/#\/schema\/person\/bc442336e35414d04494ab8fb45db4c6\",\"name\":\"US5\",\"image\":{\"@type\":\"ImageObject\",\"inLanguage\":\"en-US\",\"@id\":\"https:\/\/veritasinfo.org\/#\/schema\/person\/image\/\",\"url\":\"https:\/\/secure.gravatar.com\/avatar\/16a61e7272a0c5d001121ebb9e60e925d5816e4ac1e443ed3e640d9a6ae55d0c?s=96&d=mm&r=g\",\"contentUrl\":\"https:\/\/secure.gravatar.com\/avatar\/16a61e7272a0c5d001121ebb9e60e925d5816e4ac1e443ed3e640d9a6ae55d0c?s=96&d=mm&r=g\",\"caption\":\"US5\"},\"url\":\"https:\/\/veritasinfo.org\/?author=6\"}]}<\/script>\n<!-- \/ Yoast SEO plugin. -->","yoast_head_json":{"title":"Zyrtari evropian n\u00eb Prishtin\u00eb, shefja e Zyr\u00ebs s\u00eb BE-s\u00eb: Mb\u00ebshtesim rrug\u00ebn e Kosov\u00ebs p\u00ebr integrim n\u00eb BE -","robots":{"index":"index","follow":"follow","max-snippet":"max-snippet:-1","max-image-preview":"max-image-preview:large","max-video-preview":"max-video-preview:-1"},"canonical":"https:\/\/veritasinfo.org\/?p=39990","og_locale":"en_US","og_type":"article","og_title":"Zyrtari evropian n\u00eb Prishtin\u00eb, shefja e Zyr\u00ebs s\u00eb BE-s\u00eb: Mb\u00ebshtesim rrug\u00ebn e Kosov\u00ebs p\u00ebr integrim n\u00eb BE -","og_description":"Prishtin\u00eb 26 Mars 2026 11:20 Ushtruesja e detyr\u00ebs s\u00eb Shefes s\u00eb Zyr\u00ebs s\u00eb BE-s\u00eb, Eva Palatova, ka njoftuar sot se n\u00eb Prishtin\u00eb po q\u00ebndron drejtori","og_url":"https:\/\/veritasinfo.org\/?p=39990","article_published_time":"2026-03-26T10:21:44+00:00","og_image":[{"width":600,"height":360,"url":"https:\/\/veritasinfo.org\/wp-content\/uploads\/2026\/03\/3333-5.png","type":"image\/png"}],"author":"US5","twitter_card":"summary_large_image","twitter_misc":{"Written by":"US5","Est. reading time":"1 minute"},"schema":{"@context":"https:\/\/schema.org","@graph":[{"@type":"WebPage","@id":"https:\/\/veritasinfo.org\/?p=39990","url":"https:\/\/veritasinfo.org\/?p=39990","name":"Zyrtari evropian n\u00eb Prishtin\u00eb, shefja e Zyr\u00ebs s\u00eb BE-s\u00eb: Mb\u00ebshtesim rrug\u00ebn e Kosov\u00ebs p\u00ebr integrim n\u00eb BE -","isPartOf":{"@id":"https:\/\/veritasinfo.org\/#website"},"primaryImageOfPage":{"@id":"https:\/\/veritasinfo.org\/?p=39990#primaryimage"},"image":{"@id":"https:\/\/veritasinfo.org\/?p=39990#primaryimage"},"thumbnailUrl":"https:\/\/veritasinfo.org\/wp-content\/uploads\/2026\/03\/3333-5.png","datePublished":"2026-03-26T10:21:44+00:00","author":{"@id":"https:\/\/veritasinfo.org\/#\/schema\/person\/bc442336e35414d04494ab8fb45db4c6"},"breadcrumb":{"@id":"https:\/\/veritasinfo.org\/?p=39990#breadcrumb"},"inLanguage":"en-US","potentialAction":[{"@type":"ReadAction","target":["https:\/\/veritasinfo.org\/?p=39990"]}]},{"@type":"ImageObject","inLanguage":"en-US","@id":"https:\/\/veritasinfo.org\/?p=39990#primaryimage","url":"https:\/\/veritasinfo.org\/wp-content\/uploads\/2026\/03\/3333-5.png","contentUrl":"https:\/\/veritasinfo.org\/wp-content\/uploads\/2026\/03\/3333-5.png","width":600,"height":360},{"@type":"BreadcrumbList","@id":"https:\/\/veritasinfo.org\/?p=39990#breadcrumb","itemListElement":[{"@type":"ListItem","position":1,"name":"Home","item":"https:\/\/veritasinfo.org\/"},{"@type":"ListItem","position":2,"name":"Zyrtari evropian n\u00eb Prishtin\u00eb, shefja e Zyr\u00ebs s\u00eb BE-s\u00eb: Mb\u00ebshtesim rrug\u00ebn e Kosov\u00ebs p\u00ebr integrim n\u00eb BE &#8211;"}]},{"@type":"WebSite","@id":"https:\/\/veritasinfo.org\/#website","url":"https:\/\/veritasinfo.org\/","name":"","description":"","potentialAction":[{"@type":"SearchAction","target":{"@type":"EntryPoint","urlTemplate":"https:\/\/veritasinfo.org\/?s={search_term_string}"},"query-input":{"@type":"PropertyValueSpecification","valueRequired":true,"valueName":"search_term_string"}}],"inLanguage":"en-US"},{"@type":"Person","@id":"https:\/\/veritasinfo.org\/#\/schema\/person\/bc442336e35414d04494ab8fb45db4c6","name":"US5","image":{"@type":"ImageObject","inLanguage":"en-US","@id":"https:\/\/veritasinfo.org\/#\/schema\/person\/image\/","url":"https:\/\/secure.gravatar.com\/avatar\/16a61e7272a0c5d001121ebb9e60e925d5816e4ac1e443ed3e640d9a6ae55d0c?s=96&d=mm&r=g","contentUrl":"https:\/\/secure.gravatar.com\/avatar\/16a61e7272a0c5d001121ebb9e60e925d5816e4ac1e443ed3e640d9a6ae55d0c?s=96&d=mm&r=g","caption":"US5"},"url":"https:\/\/veritasinfo.org\/?author=6"}]}},"featured_image_urls":{"full":["https:\/\/veritasinfo.org\/wp-content\/uploads\/2026\/03\/3333-5.png",600,360,false],"thumbnail":["https:\/\/veritasinfo.org\/wp-content\/uploads\/2026\/03\/3333-5-150x150.png",150,150,true],"medium":["https:\/\/veritasinfo.org\/wp-content\/uploads\/2026\/03\/3333-5-300x180.png",300,180,true],"medium_large":["https:\/\/veritasinfo.org\/wp-content\/uploads\/2026\/03\/3333-5.png",600,360,false],"large":["https:\/\/veritasinfo.org\/wp-content\/uploads\/2026\/03\/3333-5.png",600,360,false],"1536x1536":["https:\/\/veritasinfo.org\/wp-content\/uploads\/2026\/03\/3333-5.png",600,360,false],"2048x2048":["https:\/\/veritasinfo.org\/wp-content\/uploads\/2026\/03\/3333-5.png",600,360,false],"kreeti-slider-full":["https:\/\/veritasinfo.org\/wp-content\/uploads\/2026\/03\/3333-5.png",600,360,false],"kreeti-featured":["https:\/\/veritasinfo.org\/wp-content\/uploads\/2026\/03\/3333-5.png",600,360,false],"kreeti-medium":["https:\/\/veritasinfo.org\/wp-content\/uploads\/2026\/03\/3333-5.png",600,360,false],"kreeti-medium-square":["https:\/\/veritasinfo.org\/wp-content\/uploads\/2026\/03\/3333-5.png",350,210,false]},"author_info":{"info":["US5"]},"category_info":"<a href=\"https:\/\/veritasinfo.org\/?cat=58\" rel=\"category\">Politik\u00eb<\/a>","tag_info":"Politik\u00eb","comment_count":"0","_links":{"self":[{"href":"https:\/\/veritasinfo.org\/index.php?rest_route=\/wp\/v2\/posts\/39990","targetHints":{"allow":["GET"]}}],"collection":[{"href":"https:\/\/veritasinfo.org\/index.php?rest_route=\/wp\/v2\/posts"}],"about":[{"href":"https:\/\/veritasinfo.org\/index.php?rest_route=\/wp\/v2\/types\/post"}],"author":[{"embeddable":true,"href":"https:\/\/veritasinfo.org\/index.php?rest_route=\/wp\/v2\/users\/6"}],"replies":[{"embeddable":true,"href":"https:\/\/veritasinfo.org\/index.php?rest_route=%2Fwp%2Fv2%2Fcomments&post=39990"}],"version-history":[{"count":2,"href":"https:\/\/veritasinfo.org\/index.php?rest_route=\/wp\/v2\/posts\/39990\/revisions"}],"predecessor-version":[{"id":39993,"href":"https:\/\/veritasinfo.org\/index.php?rest_route=\/wp\/v2\/posts\/39990\/revisions\/39993"}],"wp:featuredmedia":[{"embeddable":true,"href":"https:\/\/veritasinfo.org\/index.php?rest_route=\/wp\/v2\/media\/39991"}],"wp:attachment":[{"href":"https:\/\/veritasinfo.org\/index.php?rest_route=%2Fwp%2Fv2%2Fmedia&parent=39990"}],"wp:term":[{"taxonomy":"category","embeddable":true,"href":"https:\/\/veritasinfo.org\/index.php?rest_route=%2Fwp%2Fv2%2Fcategories&post=39990"},{"taxonomy":"post_tag","embeddable":true,"href":"https:\/\/veritasinfo.org\/index.php?rest_route=%2Fwp%2Fv2%2Ftags&post=39990"}],"curies":[{"name":"wp","href":"https:\/\/api.w.org\/{rel}","templated":true}]}}