{"id":39980,"date":"2026-03-26T11:14:51","date_gmt":"2026-03-26T10:14:51","guid":{"rendered":"https:\/\/veritasinfo.org\/?p=39980"},"modified":"2026-03-26T11:14:51","modified_gmt":"2026-03-26T10:14:51","slug":"ahmeti-ne-panama-lobon-per-kulture-ekonomi-e-bashkepunime-parlamentare","status":"publish","type":"post","link":"https:\/\/veritasinfo.org\/?p=39980","title":{"rendered":"Ahmeti n\u00eb Panama lobon p\u00ebr kultur\u00eb, ekonomi e bashk\u00ebpunime parlamentare"},"content":{"rendered":"<p>Prishtin\u00eb 26 Mars 2026 11:14<\/p>\n<p>Z\u00ebvend\u00ebsministri i Pun\u00ebve t\u00eb Jashtme dhe Diaspor\u00ebs, Kreshnik Ahmeti, ka lobuar p\u00ebr bashk\u00ebpunime parlamentare e kulturore n\u00eb kuad\u00ebr t\u00eb vizitave n\u00eb Panama.<\/p>\n<p>\u201cNd\u00ebrkaq, n\u00eb takimin me Kryetaren e Komisionit p\u00ebr Politik\u00eb t\u00eb Jashtme, znj.Walkiria Chandler D\u2019Orcy, u diskutua p\u00ebr avancimin e bashk\u00ebpunimit parlamentar. N\u00eb k\u00ebt\u00eb drejtim, u theksua se shum\u00eb shpejt do t\u00eb themelohet Grupit i Miq\u00ebsis\u00eb, Kosov\u00eb\u2013Panama nd\u00ebrmjet dy parlamenteve, si nj\u00eb mekaniz\u00ebm konkret p\u00ebr forcimin e marr\u00ebdh\u00ebnieve nd\u00ebrinstitucionale\u201d, thuhet n\u00eb komunikat\u00eb p\u00ebr media.<\/p>\n<p>N\u00eb takimin me z\u00ebvend\u00ebsministren e Tregtis\u00eb s\u00eb Jashtme, Astrid \u00c0breg Gonzalez, u bisedua p\u00ebr inicimin e marr\u00ebveshjeve p\u00ebr promovimin dhe mbrojtjen e investimeve dhe p\u00ebr eliminimin e tatimit t\u00eb dyfisht\u00eb. Gjithashtu u diskutua p\u00ebr bashk\u00ebpunim n\u00eb teknologji t\u00eb informacionit dhe ndarje p\u00ebrvojash nga bizneset panamaze n\u00eb fush\u00ebn e logjistik\u00ebs dhe tregtis\u00eb.<\/p>\n<p>Ahmeti ka takuar gjithashtu ministren e Kultur\u00ebs, Mar\u00eda Eugenia Herrera, me t\u00eb cil\u00ebn ka diskutuar p\u00ebr p\u00ebrfshirjen e Baletit Komb\u00ebtar t\u00eb Kosov\u00ebs n\u00eb aktivitete n\u00eb k\u00ebt\u00eb vend.<\/p>\n<p>\u201cZ\u00ebvend\u00ebsministri Ahmeti, takoi Ministren e Kultur\u00ebs, znj.Mar\u00eda Eugenia Herrera, ku u diskutua p\u00ebr mund\u00ebsin\u00eb e bashk\u00ebpunimit kulturor nd\u00ebrmjet dy vendeve. N\u00eb k\u00ebt\u00eb kuad\u00ebr, u trajtua edhe pjes\u00ebmarrja e Baletit Komb\u00ebtar t\u00eb Kosov\u00ebs n\u00eb aktivitete kulturore n\u00eb Panama, si dhe u theksua r\u00ebnd\u00ebsia e shk\u00ebmbimit t\u00eb p\u00ebrvojave dhe bashk\u00ebpunimit n\u00eb fush\u00ebn e kinematografis\u00eb\u201d, thuhet n\u00eb komunikat\u00ebn p\u00ebr media.<\/p>\n","protected":false},"excerpt":{"rendered":"<p>Prishtin\u00eb 26 Mars 2026 11:14 Z\u00ebvend\u00ebsministri i Pun\u00ebve t\u00eb Jashtme dhe Diaspor\u00ebs, Kreshnik Ahmeti, ka lobuar p\u00ebr bashk\u00ebpunime parlamentare e kulturore n\u00eb kuad\u00ebr t\u00eb vizitave<\/p>\n","protected":false},"author":6,"featured_media":39981,"comment_status":"open","ping_status":"open","sticky":false,"template":"","format":"standard","meta":{"footnotes":""},"categories":[60],"tags":[],"class_list":["post-39980","post","type-post","status-publish","format-standard","has-post-thumbnail","hentry","category-shoqerore-sq"],"yoast_head":"<!-- This site is optimized with the Yoast SEO plugin v25.3.1 - https:\/\/yoast.com\/wordpress\/plugins\/seo\/ -->\n<title>Ahmeti n\u00eb Panama lobon p\u00ebr kultur\u00eb, ekonomi e bashk\u00ebpunime parlamentare -<\/title>\n<meta name=\"robots\" content=\"index, follow, max-snippet:-1, max-image-preview:large, max-video-preview:-1\" \/>\n<link rel=\"canonical\" href=\"https:\/\/veritasinfo.org\/?p=39980\" \/>\n<meta property=\"og:locale\" content=\"en_US\" \/>\n<meta property=\"og:type\" content=\"article\" \/>\n<meta property=\"og:title\" content=\"Ahmeti n\u00eb Panama lobon p\u00ebr kultur\u00eb, ekonomi e bashk\u00ebpunime parlamentare -\" \/>\n<meta property=\"og:description\" content=\"Prishtin\u00eb 26 Mars 2026 11:14 Z\u00ebvend\u00ebsministri i Pun\u00ebve t\u00eb Jashtme dhe Diaspor\u00ebs, Kreshnik Ahmeti, ka lobuar p\u00ebr bashk\u00ebpunime parlamentare e kulturore n\u00eb kuad\u00ebr t\u00eb vizitave\" \/>\n<meta property=\"og:url\" content=\"https:\/\/veritasinfo.org\/?p=39980\" \/>\n<meta property=\"article:published_time\" content=\"2026-03-26T10:14:51+00:00\" \/>\n<meta property=\"og:image\" content=\"https:\/\/veritasinfo.org\/wp-content\/uploads\/2026\/03\/720766-jXcSyGAhiT.jpg\" \/>\n\t<meta property=\"og:image:width\" content=\"780\" \/>\n\t<meta property=\"og:image:height\" content=\"500\" \/>\n\t<meta property=\"og:image:type\" content=\"image\/jpeg\" \/>\n<meta name=\"author\" content=\"US5\" \/>\n<meta name=\"twitter:card\" content=\"summary_large_image\" \/>\n<meta name=\"twitter:label1\" content=\"Written by\" \/>\n\t<meta name=\"twitter:data1\" content=\"US5\" \/>\n\t<meta name=\"twitter:label2\" content=\"Est. reading time\" \/>\n\t<meta name=\"twitter:data2\" content=\"1 minute\" \/>\n<script type=\"application\/ld+json\" class=\"yoast-schema-graph\">{\"@context\":\"https:\/\/schema.org\",\"@graph\":[{\"@type\":\"WebPage\",\"@id\":\"https:\/\/veritasinfo.org\/?p=39980\",\"url\":\"https:\/\/veritasinfo.org\/?p=39980\",\"name\":\"Ahmeti n\u00eb Panama lobon p\u00ebr kultur\u00eb, ekonomi e bashk\u00ebpunime parlamentare -\",\"isPartOf\":{\"@id\":\"https:\/\/veritasinfo.org\/#website\"},\"primaryImageOfPage\":{\"@id\":\"https:\/\/veritasinfo.org\/?p=39980#primaryimage\"},\"image\":{\"@id\":\"https:\/\/veritasinfo.org\/?p=39980#primaryimage\"},\"thumbnailUrl\":\"https:\/\/veritasinfo.org\/wp-content\/uploads\/2026\/03\/720766-jXcSyGAhiT.jpg\",\"datePublished\":\"2026-03-26T10:14:51+00:00\",\"author\":{\"@id\":\"https:\/\/veritasinfo.org\/#\/schema\/person\/bc442336e35414d04494ab8fb45db4c6\"},\"breadcrumb\":{\"@id\":\"https:\/\/veritasinfo.org\/?p=39980#breadcrumb\"},\"inLanguage\":\"en-US\",\"potentialAction\":[{\"@type\":\"ReadAction\",\"target\":[\"https:\/\/veritasinfo.org\/?p=39980\"]}]},{\"@type\":\"ImageObject\",\"inLanguage\":\"en-US\",\"@id\":\"https:\/\/veritasinfo.org\/?p=39980#primaryimage\",\"url\":\"https:\/\/veritasinfo.org\/wp-content\/uploads\/2026\/03\/720766-jXcSyGAhiT.jpg\",\"contentUrl\":\"https:\/\/veritasinfo.org\/wp-content\/uploads\/2026\/03\/720766-jXcSyGAhiT.jpg\",\"width\":780,\"height\":500},{\"@type\":\"BreadcrumbList\",\"@id\":\"https:\/\/veritasinfo.org\/?p=39980#breadcrumb\",\"itemListElement\":[{\"@type\":\"ListItem\",\"position\":1,\"name\":\"Home\",\"item\":\"https:\/\/veritasinfo.org\/\"},{\"@type\":\"ListItem\",\"position\":2,\"name\":\"Ahmeti n\u00eb Panama lobon p\u00ebr kultur\u00eb, ekonomi e bashk\u00ebpunime parlamentare\"}]},{\"@type\":\"WebSite\",\"@id\":\"https:\/\/veritasinfo.org\/#website\",\"url\":\"https:\/\/veritasinfo.org\/\",\"name\":\"\",\"description\":\"\",\"potentialAction\":[{\"@type\":\"SearchAction\",\"target\":{\"@type\":\"EntryPoint\",\"urlTemplate\":\"https:\/\/veritasinfo.org\/?s={search_term_string}\"},\"query-input\":{\"@type\":\"PropertyValueSpecification\",\"valueRequired\":true,\"valueName\":\"search_term_string\"}}],\"inLanguage\":\"en-US\"},{\"@type\":\"Person\",\"@id\":\"https:\/\/veritasinfo.org\/#\/schema\/person\/bc442336e35414d04494ab8fb45db4c6\",\"name\":\"US5\",\"image\":{\"@type\":\"ImageObject\",\"inLanguage\":\"en-US\",\"@id\":\"https:\/\/veritasinfo.org\/#\/schema\/person\/image\/\",\"url\":\"https:\/\/secure.gravatar.com\/avatar\/16a61e7272a0c5d001121ebb9e60e925d5816e4ac1e443ed3e640d9a6ae55d0c?s=96&d=mm&r=g\",\"contentUrl\":\"https:\/\/secure.gravatar.com\/avatar\/16a61e7272a0c5d001121ebb9e60e925d5816e4ac1e443ed3e640d9a6ae55d0c?s=96&d=mm&r=g\",\"caption\":\"US5\"},\"url\":\"https:\/\/veritasinfo.org\/?author=6\"}]}<\/script>\n<!-- \/ Yoast SEO plugin. -->","yoast_head_json":{"title":"Ahmeti n\u00eb Panama lobon p\u00ebr kultur\u00eb, ekonomi e bashk\u00ebpunime parlamentare -","robots":{"index":"index","follow":"follow","max-snippet":"max-snippet:-1","max-image-preview":"max-image-preview:large","max-video-preview":"max-video-preview:-1"},"canonical":"https:\/\/veritasinfo.org\/?p=39980","og_locale":"en_US","og_type":"article","og_title":"Ahmeti n\u00eb Panama lobon p\u00ebr kultur\u00eb, ekonomi e bashk\u00ebpunime parlamentare -","og_description":"Prishtin\u00eb 26 Mars 2026 11:14 Z\u00ebvend\u00ebsministri i Pun\u00ebve t\u00eb Jashtme dhe Diaspor\u00ebs, Kreshnik Ahmeti, ka lobuar p\u00ebr bashk\u00ebpunime parlamentare e kulturore n\u00eb kuad\u00ebr t\u00eb vizitave","og_url":"https:\/\/veritasinfo.org\/?p=39980","article_published_time":"2026-03-26T10:14:51+00:00","og_image":[{"width":780,"height":500,"url":"https:\/\/veritasinfo.org\/wp-content\/uploads\/2026\/03\/720766-jXcSyGAhiT.jpg","type":"image\/jpeg"}],"author":"US5","twitter_card":"summary_large_image","twitter_misc":{"Written by":"US5","Est. reading time":"1 minute"},"schema":{"@context":"https:\/\/schema.org","@graph":[{"@type":"WebPage","@id":"https:\/\/veritasinfo.org\/?p=39980","url":"https:\/\/veritasinfo.org\/?p=39980","name":"Ahmeti n\u00eb Panama lobon p\u00ebr kultur\u00eb, ekonomi e bashk\u00ebpunime parlamentare -","isPartOf":{"@id":"https:\/\/veritasinfo.org\/#website"},"primaryImageOfPage":{"@id":"https:\/\/veritasinfo.org\/?p=39980#primaryimage"},"image":{"@id":"https:\/\/veritasinfo.org\/?p=39980#primaryimage"},"thumbnailUrl":"https:\/\/veritasinfo.org\/wp-content\/uploads\/2026\/03\/720766-jXcSyGAhiT.jpg","datePublished":"2026-03-26T10:14:51+00:00","author":{"@id":"https:\/\/veritasinfo.org\/#\/schema\/person\/bc442336e35414d04494ab8fb45db4c6"},"breadcrumb":{"@id":"https:\/\/veritasinfo.org\/?p=39980#breadcrumb"},"inLanguage":"en-US","potentialAction":[{"@type":"ReadAction","target":["https:\/\/veritasinfo.org\/?p=39980"]}]},{"@type":"ImageObject","inLanguage":"en-US","@id":"https:\/\/veritasinfo.org\/?p=39980#primaryimage","url":"https:\/\/veritasinfo.org\/wp-content\/uploads\/2026\/03\/720766-jXcSyGAhiT.jpg","contentUrl":"https:\/\/veritasinfo.org\/wp-content\/uploads\/2026\/03\/720766-jXcSyGAhiT.jpg","width":780,"height":500},{"@type":"BreadcrumbList","@id":"https:\/\/veritasinfo.org\/?p=39980#breadcrumb","itemListElement":[{"@type":"ListItem","position":1,"name":"Home","item":"https:\/\/veritasinfo.org\/"},{"@type":"ListItem","position":2,"name":"Ahmeti n\u00eb Panama lobon p\u00ebr kultur\u00eb, ekonomi e bashk\u00ebpunime parlamentare"}]},{"@type":"WebSite","@id":"https:\/\/veritasinfo.org\/#website","url":"https:\/\/veritasinfo.org\/","name":"","description":"","potentialAction":[{"@type":"SearchAction","target":{"@type":"EntryPoint","urlTemplate":"https:\/\/veritasinfo.org\/?s={search_term_string}"},"query-input":{"@type":"PropertyValueSpecification","valueRequired":true,"valueName":"search_term_string"}}],"inLanguage":"en-US"},{"@type":"Person","@id":"https:\/\/veritasinfo.org\/#\/schema\/person\/bc442336e35414d04494ab8fb45db4c6","name":"US5","image":{"@type":"ImageObject","inLanguage":"en-US","@id":"https:\/\/veritasinfo.org\/#\/schema\/person\/image\/","url":"https:\/\/secure.gravatar.com\/avatar\/16a61e7272a0c5d001121ebb9e60e925d5816e4ac1e443ed3e640d9a6ae55d0c?s=96&d=mm&r=g","contentUrl":"https:\/\/secure.gravatar.com\/avatar\/16a61e7272a0c5d001121ebb9e60e925d5816e4ac1e443ed3e640d9a6ae55d0c?s=96&d=mm&r=g","caption":"US5"},"url":"https:\/\/veritasinfo.org\/?author=6"}]}},"featured_image_urls":{"full":["https:\/\/veritasinfo.org\/wp-content\/uploads\/2026\/03\/720766-jXcSyGAhiT.jpg",780,500,false],"thumbnail":["https:\/\/veritasinfo.org\/wp-content\/uploads\/2026\/03\/720766-jXcSyGAhiT-150x150.jpg",150,150,true],"medium":["https:\/\/veritasinfo.org\/wp-content\/uploads\/2026\/03\/720766-jXcSyGAhiT-300x192.jpg",300,192,true],"medium_large":["https:\/\/veritasinfo.org\/wp-content\/uploads\/2026\/03\/720766-jXcSyGAhiT-768x492.jpg",640,410,true],"large":["https:\/\/veritasinfo.org\/wp-content\/uploads\/2026\/03\/720766-jXcSyGAhiT.jpg",640,410,false],"1536x1536":["https:\/\/veritasinfo.org\/wp-content\/uploads\/2026\/03\/720766-jXcSyGAhiT.jpg",780,500,false],"2048x2048":["https:\/\/veritasinfo.org\/wp-content\/uploads\/2026\/03\/720766-jXcSyGAhiT.jpg",780,500,false],"kreeti-slider-full":["https:\/\/veritasinfo.org\/wp-content\/uploads\/2026\/03\/720766-jXcSyGAhiT.jpg",780,500,false],"kreeti-featured":["https:\/\/veritasinfo.org\/wp-content\/uploads\/2026\/03\/720766-jXcSyGAhiT.jpg",780,500,false],"kreeti-medium":["https:\/\/veritasinfo.org\/wp-content\/uploads\/2026\/03\/720766-jXcSyGAhiT.jpg",720,462,false],"kreeti-medium-square":["https:\/\/veritasinfo.org\/wp-content\/uploads\/2026\/03\/720766-jXcSyGAhiT.jpg",350,224,false]},"author_info":{"info":["US5"]},"category_info":"<a href=\"https:\/\/veritasinfo.org\/?cat=60\" rel=\"category\">Shoq\u00ebrore<\/a>","tag_info":"Shoq\u00ebrore","comment_count":"0","_links":{"self":[{"href":"https:\/\/veritasinfo.org\/index.php?rest_route=\/wp\/v2\/posts\/39980","targetHints":{"allow":["GET"]}}],"collection":[{"href":"https:\/\/veritasinfo.org\/index.php?rest_route=\/wp\/v2\/posts"}],"about":[{"href":"https:\/\/veritasinfo.org\/index.php?rest_route=\/wp\/v2\/types\/post"}],"author":[{"embeddable":true,"href":"https:\/\/veritasinfo.org\/index.php?rest_route=\/wp\/v2\/users\/6"}],"replies":[{"embeddable":true,"href":"https:\/\/veritasinfo.org\/index.php?rest_route=%2Fwp%2Fv2%2Fcomments&post=39980"}],"version-history":[{"count":2,"href":"https:\/\/veritasinfo.org\/index.php?rest_route=\/wp\/v2\/posts\/39980\/revisions"}],"predecessor-version":[{"id":39983,"href":"https:\/\/veritasinfo.org\/index.php?rest_route=\/wp\/v2\/posts\/39980\/revisions\/39983"}],"wp:featuredmedia":[{"embeddable":true,"href":"https:\/\/veritasinfo.org\/index.php?rest_route=\/wp\/v2\/media\/39981"}],"wp:attachment":[{"href":"https:\/\/veritasinfo.org\/index.php?rest_route=%2Fwp%2Fv2%2Fmedia&parent=39980"}],"wp:term":[{"taxonomy":"category","embeddable":true,"href":"https:\/\/veritasinfo.org\/index.php?rest_route=%2Fwp%2Fv2%2Fcategories&post=39980"},{"taxonomy":"post_tag","embeddable":true,"href":"https:\/\/veritasinfo.org\/index.php?rest_route=%2Fwp%2Fv2%2Ftags&post=39980"}],"curies":[{"name":"wp","href":"https:\/\/api.w.org\/{rel}","templated":true}]}}