{"id":39949,"date":"2026-03-26T08:51:05","date_gmt":"2026-03-26T07:51:05","guid":{"rendered":"https:\/\/veritasinfo.org\/?p=39949"},"modified":"2026-03-26T08:51:05","modified_gmt":"2026-03-26T07:51:05","slug":"27-vjet-nga-masakrimi-i-243-shqiptareve-ne-krushe-te-madhe","status":"publish","type":"post","link":"https:\/\/veritasinfo.org\/?p=39949","title":{"rendered":"27 vjet nga masakrimi i 243 shqiptar\u00ebve n\u00eb Krush\u00eb t\u00eb Madhe"},"content":{"rendered":"<p>Prishtin\u00eb 26 Mars 2026 8:50<\/p>\n<p>Krusha e Madhe p\u00ebrkujton sot t\u00eb vrar\u00ebt dhe t\u00eb masakruarit nga forcat serbe, ku nuk jan\u00eb kursyer as grat\u00eb, f\u00ebmij\u00ebt dhe pleqt\u00eb.<\/p>\n<p>27 vjet m\u00eb par\u00eb, konkretisht m\u00eb 25, 26 e 27 mars t\u00eb vitit 1999, n\u00eb fshatin Krush\u00eb t\u00eb Rahovecit jan\u00eb masakruar 243 persona, nd\u00ebrsa 893 sht\u00ebpi private dhe shoq\u00ebrore u dogj\u00ebn.<\/p>\n<p>Masakra e Krush\u00ebs s\u00eb Madhe \u00ebsht\u00eb nj\u00eb nga masakrat m\u00eb t\u00eb turpshme e kryer mbi popullsin\u00eb civile dhe nj\u00ebra nd\u00ebr masakrat dhe vrasjet masive q\u00eb u b\u00ebn\u00eb prej paramilitar\u00ebve, policis\u00eb dhe ushtris\u00eb okupuese serbe anek\u00ebnd Kosov\u00ebs.<\/p>\n<p>P\u00ebr kriminel\u00ebt serb\u00eb masakra ishte di\u00e7ka e zakont\u00eb, di\u00e7ka q\u00eb sipas tyre duhej t\u00eb ndodhte vet\u00ebm me q\u00ebllimin t\u00eb eliminimit t\u00eb popullsis\u00eb shqiptare n\u00eb Kosov\u00eb.<\/p>\n<p>N\u00eb p\u00ebrkujtim t\u00eb sh\u00ebnimit t\u00eb k\u00ebsaj date t\u00eb dhimbshme pritet t\u00eb mbahen homazhe dhe akademi p\u00ebrkujtimore, ku do t\u00eb marrin\u00eb pjes\u00eb qytetar\u00eb e lider\u00eb politik\u00eb.<\/p>\n<p>Ky \u00ebsht\u00eb programi i Komun\u00ebs s\u00eb Rahovecit, p\u00ebr mbajtjen e tubimeve p\u00ebrkujtimore, p\u00ebr sh\u00ebnimin e 27-vjetorit t\u00eb masakrave t\u00eb vitit 1999, t\u00eb kryera nga forcat serbe n\u00eb fshatrat: Brestoc, Fortes\u00eb, Celin\u00eb, Krush\u00eb e Madhe, Retij\u00eb, Opterush\u00eb, Pastasel, Nagac dhe Ho\u00e7\u00eb e Vog\u00ebl:<\/p>\n","protected":false},"excerpt":{"rendered":"<p>Prishtin\u00eb 26 Mars 2026 8:50 Krusha e Madhe p\u00ebrkujton sot t\u00eb vrar\u00ebt dhe t\u00eb masakruarit nga forcat serbe, ku nuk jan\u00eb kursyer as grat\u00eb, f\u00ebmij\u00ebt<\/p>\n","protected":false},"author":6,"featured_media":39950,"comment_status":"open","ping_status":"open","sticky":false,"template":"","format":"standard","meta":{"footnotes":""},"categories":[60],"tags":[],"class_list":["post-39949","post","type-post","status-publish","format-standard","has-post-thumbnail","hentry","category-shoqerore-sq"],"yoast_head":"<!-- This site is optimized with the Yoast SEO plugin v25.3.1 - https:\/\/yoast.com\/wordpress\/plugins\/seo\/ -->\n<title>27 vjet nga masakrimi i 243 shqiptar\u00ebve n\u00eb Krush\u00eb t\u00eb Madhe -<\/title>\n<meta name=\"robots\" content=\"index, follow, max-snippet:-1, max-image-preview:large, max-video-preview:-1\" \/>\n<link rel=\"canonical\" href=\"https:\/\/veritasinfo.org\/?p=39949\" \/>\n<meta property=\"og:locale\" content=\"en_US\" \/>\n<meta property=\"og:type\" content=\"article\" \/>\n<meta property=\"og:title\" content=\"27 vjet nga masakrimi i 243 shqiptar\u00ebve n\u00eb Krush\u00eb t\u00eb Madhe -\" \/>\n<meta property=\"og:description\" content=\"Prishtin\u00eb 26 Mars 2026 8:50 Krusha e Madhe p\u00ebrkujton sot t\u00eb vrar\u00ebt dhe t\u00eb masakruarit nga forcat serbe, ku nuk jan\u00eb kursyer as grat\u00eb, f\u00ebmij\u00ebt\" \/>\n<meta property=\"og:url\" content=\"https:\/\/veritasinfo.org\/?p=39949\" \/>\n<meta property=\"article:published_time\" content=\"2026-03-26T07:51:05+00:00\" \/>\n<meta property=\"og:image\" content=\"https:\/\/veritasinfo.org\/wp-content\/uploads\/2026\/03\/720757-44AxgVzz3m.jpg\" \/>\n\t<meta property=\"og:image:width\" content=\"780\" \/>\n\t<meta property=\"og:image:height\" content=\"500\" \/>\n\t<meta property=\"og:image:type\" content=\"image\/jpeg\" \/>\n<meta name=\"author\" content=\"US5\" \/>\n<meta name=\"twitter:card\" content=\"summary_large_image\" \/>\n<meta name=\"twitter:label1\" content=\"Written by\" \/>\n\t<meta name=\"twitter:data1\" content=\"US5\" \/>\n\t<meta name=\"twitter:label2\" content=\"Est. reading time\" \/>\n\t<meta name=\"twitter:data2\" content=\"1 minute\" \/>\n<script type=\"application\/ld+json\" class=\"yoast-schema-graph\">{\"@context\":\"https:\/\/schema.org\",\"@graph\":[{\"@type\":\"WebPage\",\"@id\":\"https:\/\/veritasinfo.org\/?p=39949\",\"url\":\"https:\/\/veritasinfo.org\/?p=39949\",\"name\":\"27 vjet nga masakrimi i 243 shqiptar\u00ebve n\u00eb Krush\u00eb t\u00eb Madhe -\",\"isPartOf\":{\"@id\":\"https:\/\/veritasinfo.org\/#website\"},\"primaryImageOfPage\":{\"@id\":\"https:\/\/veritasinfo.org\/?p=39949#primaryimage\"},\"image\":{\"@id\":\"https:\/\/veritasinfo.org\/?p=39949#primaryimage\"},\"thumbnailUrl\":\"https:\/\/veritasinfo.org\/wp-content\/uploads\/2026\/03\/720757-44AxgVzz3m.jpg\",\"datePublished\":\"2026-03-26T07:51:05+00:00\",\"author\":{\"@id\":\"https:\/\/veritasinfo.org\/#\/schema\/person\/bc442336e35414d04494ab8fb45db4c6\"},\"breadcrumb\":{\"@id\":\"https:\/\/veritasinfo.org\/?p=39949#breadcrumb\"},\"inLanguage\":\"en-US\",\"potentialAction\":[{\"@type\":\"ReadAction\",\"target\":[\"https:\/\/veritasinfo.org\/?p=39949\"]}]},{\"@type\":\"ImageObject\",\"inLanguage\":\"en-US\",\"@id\":\"https:\/\/veritasinfo.org\/?p=39949#primaryimage\",\"url\":\"https:\/\/veritasinfo.org\/wp-content\/uploads\/2026\/03\/720757-44AxgVzz3m.jpg\",\"contentUrl\":\"https:\/\/veritasinfo.org\/wp-content\/uploads\/2026\/03\/720757-44AxgVzz3m.jpg\",\"width\":780,\"height\":500},{\"@type\":\"BreadcrumbList\",\"@id\":\"https:\/\/veritasinfo.org\/?p=39949#breadcrumb\",\"itemListElement\":[{\"@type\":\"ListItem\",\"position\":1,\"name\":\"Home\",\"item\":\"https:\/\/veritasinfo.org\/\"},{\"@type\":\"ListItem\",\"position\":2,\"name\":\"27 vjet nga masakrimi i 243 shqiptar\u00ebve n\u00eb Krush\u00eb t\u00eb Madhe\"}]},{\"@type\":\"WebSite\",\"@id\":\"https:\/\/veritasinfo.org\/#website\",\"url\":\"https:\/\/veritasinfo.org\/\",\"name\":\"\",\"description\":\"\",\"potentialAction\":[{\"@type\":\"SearchAction\",\"target\":{\"@type\":\"EntryPoint\",\"urlTemplate\":\"https:\/\/veritasinfo.org\/?s={search_term_string}\"},\"query-input\":{\"@type\":\"PropertyValueSpecification\",\"valueRequired\":true,\"valueName\":\"search_term_string\"}}],\"inLanguage\":\"en-US\"},{\"@type\":\"Person\",\"@id\":\"https:\/\/veritasinfo.org\/#\/schema\/person\/bc442336e35414d04494ab8fb45db4c6\",\"name\":\"US5\",\"image\":{\"@type\":\"ImageObject\",\"inLanguage\":\"en-US\",\"@id\":\"https:\/\/veritasinfo.org\/#\/schema\/person\/image\/\",\"url\":\"https:\/\/secure.gravatar.com\/avatar\/16a61e7272a0c5d001121ebb9e60e925d5816e4ac1e443ed3e640d9a6ae55d0c?s=96&d=mm&r=g\",\"contentUrl\":\"https:\/\/secure.gravatar.com\/avatar\/16a61e7272a0c5d001121ebb9e60e925d5816e4ac1e443ed3e640d9a6ae55d0c?s=96&d=mm&r=g\",\"caption\":\"US5\"},\"url\":\"https:\/\/veritasinfo.org\/?author=6\"}]}<\/script>\n<!-- \/ Yoast SEO plugin. -->","yoast_head_json":{"title":"27 vjet nga masakrimi i 243 shqiptar\u00ebve n\u00eb Krush\u00eb t\u00eb Madhe -","robots":{"index":"index","follow":"follow","max-snippet":"max-snippet:-1","max-image-preview":"max-image-preview:large","max-video-preview":"max-video-preview:-1"},"canonical":"https:\/\/veritasinfo.org\/?p=39949","og_locale":"en_US","og_type":"article","og_title":"27 vjet nga masakrimi i 243 shqiptar\u00ebve n\u00eb Krush\u00eb t\u00eb Madhe -","og_description":"Prishtin\u00eb 26 Mars 2026 8:50 Krusha e Madhe p\u00ebrkujton sot t\u00eb vrar\u00ebt dhe t\u00eb masakruarit nga forcat serbe, ku nuk jan\u00eb kursyer as grat\u00eb, f\u00ebmij\u00ebt","og_url":"https:\/\/veritasinfo.org\/?p=39949","article_published_time":"2026-03-26T07:51:05+00:00","og_image":[{"width":780,"height":500,"url":"https:\/\/veritasinfo.org\/wp-content\/uploads\/2026\/03\/720757-44AxgVzz3m.jpg","type":"image\/jpeg"}],"author":"US5","twitter_card":"summary_large_image","twitter_misc":{"Written by":"US5","Est. reading time":"1 minute"},"schema":{"@context":"https:\/\/schema.org","@graph":[{"@type":"WebPage","@id":"https:\/\/veritasinfo.org\/?p=39949","url":"https:\/\/veritasinfo.org\/?p=39949","name":"27 vjet nga masakrimi i 243 shqiptar\u00ebve n\u00eb Krush\u00eb t\u00eb Madhe -","isPartOf":{"@id":"https:\/\/veritasinfo.org\/#website"},"primaryImageOfPage":{"@id":"https:\/\/veritasinfo.org\/?p=39949#primaryimage"},"image":{"@id":"https:\/\/veritasinfo.org\/?p=39949#primaryimage"},"thumbnailUrl":"https:\/\/veritasinfo.org\/wp-content\/uploads\/2026\/03\/720757-44AxgVzz3m.jpg","datePublished":"2026-03-26T07:51:05+00:00","author":{"@id":"https:\/\/veritasinfo.org\/#\/schema\/person\/bc442336e35414d04494ab8fb45db4c6"},"breadcrumb":{"@id":"https:\/\/veritasinfo.org\/?p=39949#breadcrumb"},"inLanguage":"en-US","potentialAction":[{"@type":"ReadAction","target":["https:\/\/veritasinfo.org\/?p=39949"]}]},{"@type":"ImageObject","inLanguage":"en-US","@id":"https:\/\/veritasinfo.org\/?p=39949#primaryimage","url":"https:\/\/veritasinfo.org\/wp-content\/uploads\/2026\/03\/720757-44AxgVzz3m.jpg","contentUrl":"https:\/\/veritasinfo.org\/wp-content\/uploads\/2026\/03\/720757-44AxgVzz3m.jpg","width":780,"height":500},{"@type":"BreadcrumbList","@id":"https:\/\/veritasinfo.org\/?p=39949#breadcrumb","itemListElement":[{"@type":"ListItem","position":1,"name":"Home","item":"https:\/\/veritasinfo.org\/"},{"@type":"ListItem","position":2,"name":"27 vjet nga masakrimi i 243 shqiptar\u00ebve n\u00eb Krush\u00eb t\u00eb Madhe"}]},{"@type":"WebSite","@id":"https:\/\/veritasinfo.org\/#website","url":"https:\/\/veritasinfo.org\/","name":"","description":"","potentialAction":[{"@type":"SearchAction","target":{"@type":"EntryPoint","urlTemplate":"https:\/\/veritasinfo.org\/?s={search_term_string}"},"query-input":{"@type":"PropertyValueSpecification","valueRequired":true,"valueName":"search_term_string"}}],"inLanguage":"en-US"},{"@type":"Person","@id":"https:\/\/veritasinfo.org\/#\/schema\/person\/bc442336e35414d04494ab8fb45db4c6","name":"US5","image":{"@type":"ImageObject","inLanguage":"en-US","@id":"https:\/\/veritasinfo.org\/#\/schema\/person\/image\/","url":"https:\/\/secure.gravatar.com\/avatar\/16a61e7272a0c5d001121ebb9e60e925d5816e4ac1e443ed3e640d9a6ae55d0c?s=96&d=mm&r=g","contentUrl":"https:\/\/secure.gravatar.com\/avatar\/16a61e7272a0c5d001121ebb9e60e925d5816e4ac1e443ed3e640d9a6ae55d0c?s=96&d=mm&r=g","caption":"US5"},"url":"https:\/\/veritasinfo.org\/?author=6"}]}},"featured_image_urls":{"full":["https:\/\/veritasinfo.org\/wp-content\/uploads\/2026\/03\/720757-44AxgVzz3m.jpg",780,500,false],"thumbnail":["https:\/\/veritasinfo.org\/wp-content\/uploads\/2026\/03\/720757-44AxgVzz3m-150x150.jpg",150,150,true],"medium":["https:\/\/veritasinfo.org\/wp-content\/uploads\/2026\/03\/720757-44AxgVzz3m-300x192.jpg",300,192,true],"medium_large":["https:\/\/veritasinfo.org\/wp-content\/uploads\/2026\/03\/720757-44AxgVzz3m-768x492.jpg",640,410,true],"large":["https:\/\/veritasinfo.org\/wp-content\/uploads\/2026\/03\/720757-44AxgVzz3m.jpg",640,410,false],"1536x1536":["https:\/\/veritasinfo.org\/wp-content\/uploads\/2026\/03\/720757-44AxgVzz3m.jpg",780,500,false],"2048x2048":["https:\/\/veritasinfo.org\/wp-content\/uploads\/2026\/03\/720757-44AxgVzz3m.jpg",780,500,false],"kreeti-slider-full":["https:\/\/veritasinfo.org\/wp-content\/uploads\/2026\/03\/720757-44AxgVzz3m.jpg",780,500,false],"kreeti-featured":["https:\/\/veritasinfo.org\/wp-content\/uploads\/2026\/03\/720757-44AxgVzz3m.jpg",780,500,false],"kreeti-medium":["https:\/\/veritasinfo.org\/wp-content\/uploads\/2026\/03\/720757-44AxgVzz3m.jpg",720,462,false],"kreeti-medium-square":["https:\/\/veritasinfo.org\/wp-content\/uploads\/2026\/03\/720757-44AxgVzz3m.jpg",350,224,false]},"author_info":{"info":["US5"]},"category_info":"<a href=\"https:\/\/veritasinfo.org\/?cat=60\" rel=\"category\">Shoq\u00ebrore<\/a>","tag_info":"Shoq\u00ebrore","comment_count":"0","_links":{"self":[{"href":"https:\/\/veritasinfo.org\/index.php?rest_route=\/wp\/v2\/posts\/39949","targetHints":{"allow":["GET"]}}],"collection":[{"href":"https:\/\/veritasinfo.org\/index.php?rest_route=\/wp\/v2\/posts"}],"about":[{"href":"https:\/\/veritasinfo.org\/index.php?rest_route=\/wp\/v2\/types\/post"}],"author":[{"embeddable":true,"href":"https:\/\/veritasinfo.org\/index.php?rest_route=\/wp\/v2\/users\/6"}],"replies":[{"embeddable":true,"href":"https:\/\/veritasinfo.org\/index.php?rest_route=%2Fwp%2Fv2%2Fcomments&post=39949"}],"version-history":[{"count":2,"href":"https:\/\/veritasinfo.org\/index.php?rest_route=\/wp\/v2\/posts\/39949\/revisions"}],"predecessor-version":[{"id":39952,"href":"https:\/\/veritasinfo.org\/index.php?rest_route=\/wp\/v2\/posts\/39949\/revisions\/39952"}],"wp:featuredmedia":[{"embeddable":true,"href":"https:\/\/veritasinfo.org\/index.php?rest_route=\/wp\/v2\/media\/39950"}],"wp:attachment":[{"href":"https:\/\/veritasinfo.org\/index.php?rest_route=%2Fwp%2Fv2%2Fmedia&parent=39949"}],"wp:term":[{"taxonomy":"category","embeddable":true,"href":"https:\/\/veritasinfo.org\/index.php?rest_route=%2Fwp%2Fv2%2Fcategories&post=39949"},{"taxonomy":"post_tag","embeddable":true,"href":"https:\/\/veritasinfo.org\/index.php?rest_route=%2Fwp%2Fv2%2Ftags&post=39949"}],"curies":[{"name":"wp","href":"https:\/\/api.w.org\/{rel}","templated":true}]}}