{"id":39899,"date":"2026-03-26T07:27:05","date_gmt":"2026-03-26T06:27:05","guid":{"rendered":"https:\/\/veritasinfo.org\/?p=39899"},"modified":"2026-03-26T07:27:05","modified_gmt":"2026-03-26T06:27:05","slug":"fetoshi-fortesa-celina-krusha-deshmi-te-gjenocidit-te-mohuar-nga-serbia","status":"publish","type":"post","link":"https:\/\/veritasinfo.org\/?p=39899","title":{"rendered":"Fetoshi: Fortesa, Celina, Krusha\u2026 d\u00ebshmi t\u00eb gjenocidit t\u00eb mohuar nga Serbia"},"content":{"rendered":"<p>Prishtin\u00eb, 26 mars 2026 07:26<\/p>\n<p>Arben Fetoshi, drejtor i Institutit OCTOPUS, ka kujtuar masakrat n\u00eb Fortes\u00eb (ish-Bellacerk\u00eb), Celin\u00eb, Brestoc dhe Krush\u00eb, duke i cil\u00ebsuar ato si d\u00ebshmi t\u00eb qarta t\u00eb nj\u00eb gjenocidi t\u00eb mohuar nga Serbia dhe si pjes\u00eb t\u00eb nj\u00eb strategjie t\u00eb organizuar shtet\u00ebrore t\u00eb krimit, fshehjes dhe mohimit.<\/p>\n<p>N\u00eb shkrimin e tij, Fetoshi rikujton se m\u00eb 24 mars 1999, rreth or\u00ebs 19:45, nisi nj\u00eb nga kapitujt m\u00eb t\u00eb r\u00ebnd\u00ebsish\u00ebm t\u00eb historis\u00eb moderne evropiane \u2013 nd\u00ebrhyrja e NATO-s p\u00ebr t\u00eb ndalur spastrimin etnik n\u00eb Kosov\u00eb. Ai thekson se kjo nd\u00ebrhyrje erdhi pas nj\u00eb konsensusi t\u00eb v\u00ebshtir\u00eb nd\u00ebrkomb\u00ebtar, p\u00ebrball\u00eb nj\u00eb regjimi q\u00eb, sipas tij, ushtronte dhun\u00eb sistematike ndaj civil\u00ebve shqiptar\u00eb.<\/p>\n<p>Sipas Fetoshit, edhe 27 vjet m\u00eb pas, p\u00ebrballja me t\u00eb v\u00ebrtet\u00ebn historike mbetet sfiduese p\u00ebr shkak t\u00eb narrativave t\u00eb p\u00ebrmbysura nga Serbia, t\u00eb cilat e paraqesin k\u00ebt\u00eb t\u00eb fundit si viktim\u00eb, nd\u00ebrsa nd\u00ebrhyrjen e NATO-s si agresion. Ai p\u00ebrmend se fuqit\u00eb per\u00ebndimore kishin qen\u00eb t\u00eb informuara p\u00ebr planin e spastrimit etnik t\u00eb njohur si \u201cPatkoi\u201d, i cili, sipas tij, synonte d\u00ebbimin masiv t\u00eb shqiptar\u00ebve nga Kosova.<\/p>\n<p>Duke iu referuar t\u00eb dh\u00ebnave t\u00eb luft\u00ebs, Fetoshi thekson se rreth nj\u00eb milion shqiptar\u00eb u d\u00ebbuan me forc\u00eb, mbi 13 mij\u00eb u vran\u00eb dhe rreth 20 mij\u00eb gra u dhunuan, nd\u00ebrsa qindra vendbanime dhe monumente u shkat\u00ebrruan, duke e p\u00ebrforcuar, sipas tij, natyr\u00ebn gjenocidale t\u00eb fushat\u00ebs.<\/p>\n<p>N\u00eb pjes\u00ebn qendrore t\u00eb shkrimit, Fetoshi i lindur n\u00eb Fortes\u00eb dhe ish-ushtar i U\u00c7K-s\u00eb, p\u00ebrshkruan n\u00eb detaje zbatimin e k\u00ebtij plani n\u00eb terren. Sipas tij, n\u00eb or\u00ebt e para t\u00eb m\u00ebngjesit, forcat serbe hyn\u00eb n\u00eb Bellacerk\u00eb (Fortes\u00eb), duke rrethuar fshatin dhe duke hapur zjarr p\u00ebr t\u00eb frik\u00ebsuar dhe d\u00ebbuar banor\u00ebt. M\u00eb pas, sipas d\u00ebshmive t\u00eb t\u00eb mbijetuarve, ndodh\u00ebn pla\u00e7kitje, keqtrajtime dhe n\u00eb fund ekzekutime t\u00eb civil\u00ebve.<\/p>\n<p>Ai p\u00ebrmend se n\u00eb k\u00ebt\u00eb masak\u00ebr u vran\u00eb 69 civil\u00eb, p\u00ebrfshir\u00eb f\u00ebmij\u00eb, nd\u00ebrsa autor\u00ebt e dyshuar identifikohen nga d\u00ebshmitar\u00ebt, por nuk jan\u00eb d\u00ebnuar ende. Sipas Fetoshit, skenari i nj\u00ebjt\u00eb vazhdoi edhe n\u00eb Celin\u00eb, ku u vran\u00eb 75 civil\u00eb, si dhe n\u00eb Brestoc, ku u masakruan 45 persona.<\/p>\n<p>M\u00eb tej, ai p\u00ebrshkruan ngjarjet n\u00eb Krush\u00eb t\u00eb Madhe dhe Krush\u00eb t\u00eb Vog\u00ebl, ku pas granatimeve dhe rrethimeve, forcat serbe ndan\u00eb grat\u00eb dhe f\u00ebmij\u00ebt nga burrat dhe djemt\u00eb. Sipas tij, burrat u grumbulluan n\u00eb lokacione t\u00eb ndryshme, u rrah\u00ebn dhe m\u00eb pas u ekzekutuan, nd\u00ebrsa trupat e tyre u dogj\u00ebn ose u hodh\u00ebn n\u00eb lum\u00eb p\u00ebr t\u00eb zhdukur gjurm\u00ebt e krimit.<\/p>\n<p>N\u00eb Krush\u00eb t\u00eb Madhe, Fetoshi thekson se u vran\u00eb 241 persona, me dhjet\u00ebra t\u00eb zhdukur ende, nd\u00ebrsa n\u00eb Krush\u00eb t\u00eb Vog\u00ebl u vran\u00eb 113 burra dhe djem, duke e l\u00ebn\u00eb fshatin, sipas tij, \u201ct\u00eb grave n\u00eb t\u00eb zeza\u201d.<\/p>\n<p>N\u00eb analiz\u00ebn e tij, Fetoshi argumenton se krimet nuk p\u00ebrfundojn\u00eb me aktet e dhun\u00ebs fizike, por vazhdojn\u00eb p\u00ebrmes mohimit dhe munges\u00ebs s\u00eb drejt\u00ebsis\u00eb. Ai kritikon shtetin serb p\u00ebr, si\u00e7 thot\u00eb, munges\u00eb reflektimi dhe pendese, duke theksuar se narrativa zyrtare vazhdon t\u00eb minimizoj\u00eb ose mohoj\u00eb krimet.<\/p>\n<p>Ai p\u00ebrmend edhe p\u00ebrdorimin e strategjis\u00eb DARVO (Deny, Attack, Reverse Victim and Offender), p\u00ebrmes s\u00eb cil\u00ebs, sipas tij, Serbia p\u00ebrpiqet t\u00eb shmang\u00eb p\u00ebrgjegj\u00ebsin\u00eb duke e paraqitur veten si viktim\u00eb dhe duke faj\u00ebsuar faktor\u00ebt nd\u00ebrkomb\u00ebtar\u00eb.<\/p>\n<p>Fetoshi p\u00ebrfundon se, pavar\u00ebsisht p\u00ebrpjekjeve p\u00ebr ta shtremb\u00ebruar historin\u00eb dhe p\u00ebr t\u00eb nxitur harres\u00ebn, vendet si Fortesa, Celina, Brestoci dhe Krusha mbeten d\u00ebshmi t\u00eb gjalla t\u00eb krimeve t\u00eb kryera gjat\u00eb luft\u00ebs n\u00eb Kosov\u00eb dhe vazhdojn\u00eb t\u00eb k\u00ebrkojn\u00eb drejt\u00ebsi.<\/p>\n","protected":false},"excerpt":{"rendered":"<p>Prishtin\u00eb, 26 mars 2026 07:26 Arben Fetoshi, drejtor i Institutit OCTOPUS, ka kujtuar masakrat n\u00eb Fortes\u00eb (ish-Bellacerk\u00eb), Celin\u00eb, Brestoc dhe Krush\u00eb, duke i cil\u00ebsuar ato<\/p>\n","protected":false},"author":7,"featured_media":39900,"comment_status":"open","ping_status":"open","sticky":false,"template":"","format":"standard","meta":{"footnotes":""},"categories":[60],"tags":[],"class_list":["post-39899","post","type-post","status-publish","format-standard","has-post-thumbnail","hentry","category-shoqerore-sq"],"yoast_head":"<!-- This site is optimized with the Yoast SEO plugin v25.3.1 - https:\/\/yoast.com\/wordpress\/plugins\/seo\/ -->\n<title>Fetoshi: Fortesa, Celina, Krusha\u2026 d\u00ebshmi t\u00eb gjenocidit t\u00eb mohuar nga Serbia -<\/title>\n<meta name=\"robots\" content=\"index, follow, max-snippet:-1, max-image-preview:large, max-video-preview:-1\" \/>\n<link rel=\"canonical\" href=\"https:\/\/veritasinfo.org\/?p=39899\" \/>\n<meta property=\"og:locale\" content=\"en_US\" \/>\n<meta property=\"og:type\" content=\"article\" \/>\n<meta property=\"og:title\" content=\"Fetoshi: Fortesa, Celina, Krusha\u2026 d\u00ebshmi t\u00eb gjenocidit t\u00eb mohuar nga Serbia -\" \/>\n<meta property=\"og:description\" content=\"Prishtin\u00eb, 26 mars 2026 07:26 Arben Fetoshi, drejtor i Institutit OCTOPUS, ka kujtuar masakrat n\u00eb Fortes\u00eb (ish-Bellacerk\u00eb), Celin\u00eb, Brestoc dhe Krush\u00eb, duke i cil\u00ebsuar ato\" \/>\n<meta property=\"og:url\" content=\"https:\/\/veritasinfo.org\/?p=39899\" \/>\n<meta property=\"article:published_time\" content=\"2026-03-26T06:27:05+00:00\" \/>\n<meta property=\"og:image\" content=\"https:\/\/veritasinfo.org\/wp-content\/uploads\/2026\/03\/720702-qF1RI4aDiv.jpg\" \/>\n\t<meta property=\"og:image:width\" content=\"780\" \/>\n\t<meta property=\"og:image:height\" content=\"500\" \/>\n\t<meta property=\"og:image:type\" content=\"image\/jpeg\" \/>\n<meta name=\"author\" content=\"US6\" \/>\n<meta name=\"twitter:card\" content=\"summary_large_image\" \/>\n<meta name=\"twitter:label1\" content=\"Written by\" \/>\n\t<meta name=\"twitter:data1\" content=\"US6\" \/>\n\t<meta name=\"twitter:label2\" content=\"Est. reading time\" \/>\n\t<meta name=\"twitter:data2\" content=\"3 minutes\" \/>\n<script type=\"application\/ld+json\" class=\"yoast-schema-graph\">{\"@context\":\"https:\/\/schema.org\",\"@graph\":[{\"@type\":\"WebPage\",\"@id\":\"https:\/\/veritasinfo.org\/?p=39899\",\"url\":\"https:\/\/veritasinfo.org\/?p=39899\",\"name\":\"Fetoshi: Fortesa, Celina, Krusha\u2026 d\u00ebshmi t\u00eb gjenocidit t\u00eb mohuar nga Serbia -\",\"isPartOf\":{\"@id\":\"https:\/\/veritasinfo.org\/#website\"},\"primaryImageOfPage\":{\"@id\":\"https:\/\/veritasinfo.org\/?p=39899#primaryimage\"},\"image\":{\"@id\":\"https:\/\/veritasinfo.org\/?p=39899#primaryimage\"},\"thumbnailUrl\":\"https:\/\/veritasinfo.org\/wp-content\/uploads\/2026\/03\/720702-qF1RI4aDiv.jpg\",\"datePublished\":\"2026-03-26T06:27:05+00:00\",\"author\":{\"@id\":\"https:\/\/veritasinfo.org\/#\/schema\/person\/fe199eede04c3937362892b7444747cc\"},\"breadcrumb\":{\"@id\":\"https:\/\/veritasinfo.org\/?p=39899#breadcrumb\"},\"inLanguage\":\"en-US\",\"potentialAction\":[{\"@type\":\"ReadAction\",\"target\":[\"https:\/\/veritasinfo.org\/?p=39899\"]}]},{\"@type\":\"ImageObject\",\"inLanguage\":\"en-US\",\"@id\":\"https:\/\/veritasinfo.org\/?p=39899#primaryimage\",\"url\":\"https:\/\/veritasinfo.org\/wp-content\/uploads\/2026\/03\/720702-qF1RI4aDiv.jpg\",\"contentUrl\":\"https:\/\/veritasinfo.org\/wp-content\/uploads\/2026\/03\/720702-qF1RI4aDiv.jpg\",\"width\":780,\"height\":500},{\"@type\":\"BreadcrumbList\",\"@id\":\"https:\/\/veritasinfo.org\/?p=39899#breadcrumb\",\"itemListElement\":[{\"@type\":\"ListItem\",\"position\":1,\"name\":\"Home\",\"item\":\"https:\/\/veritasinfo.org\/\"},{\"@type\":\"ListItem\",\"position\":2,\"name\":\"Fetoshi: Fortesa, Celina, Krusha\u2026 d\u00ebshmi t\u00eb gjenocidit t\u00eb mohuar nga Serbia\"}]},{\"@type\":\"WebSite\",\"@id\":\"https:\/\/veritasinfo.org\/#website\",\"url\":\"https:\/\/veritasinfo.org\/\",\"name\":\"\",\"description\":\"\",\"potentialAction\":[{\"@type\":\"SearchAction\",\"target\":{\"@type\":\"EntryPoint\",\"urlTemplate\":\"https:\/\/veritasinfo.org\/?s={search_term_string}\"},\"query-input\":{\"@type\":\"PropertyValueSpecification\",\"valueRequired\":true,\"valueName\":\"search_term_string\"}}],\"inLanguage\":\"en-US\"},{\"@type\":\"Person\",\"@id\":\"https:\/\/veritasinfo.org\/#\/schema\/person\/fe199eede04c3937362892b7444747cc\",\"name\":\"US6\",\"image\":{\"@type\":\"ImageObject\",\"inLanguage\":\"en-US\",\"@id\":\"https:\/\/veritasinfo.org\/#\/schema\/person\/image\/\",\"url\":\"https:\/\/secure.gravatar.com\/avatar\/cb16c3c31c9d23b9b8c705964598220b3014e42ff51eb540ff23cefa3ae8c15f?s=96&d=mm&r=g\",\"contentUrl\":\"https:\/\/secure.gravatar.com\/avatar\/cb16c3c31c9d23b9b8c705964598220b3014e42ff51eb540ff23cefa3ae8c15f?s=96&d=mm&r=g\",\"caption\":\"US6\"},\"url\":\"https:\/\/veritasinfo.org\/?author=7\"}]}<\/script>\n<!-- \/ Yoast SEO plugin. -->","yoast_head_json":{"title":"Fetoshi: Fortesa, Celina, Krusha\u2026 d\u00ebshmi t\u00eb gjenocidit t\u00eb mohuar nga Serbia -","robots":{"index":"index","follow":"follow","max-snippet":"max-snippet:-1","max-image-preview":"max-image-preview:large","max-video-preview":"max-video-preview:-1"},"canonical":"https:\/\/veritasinfo.org\/?p=39899","og_locale":"en_US","og_type":"article","og_title":"Fetoshi: Fortesa, Celina, Krusha\u2026 d\u00ebshmi t\u00eb gjenocidit t\u00eb mohuar nga Serbia -","og_description":"Prishtin\u00eb, 26 mars 2026 07:26 Arben Fetoshi, drejtor i Institutit OCTOPUS, ka kujtuar masakrat n\u00eb Fortes\u00eb (ish-Bellacerk\u00eb), Celin\u00eb, Brestoc dhe Krush\u00eb, duke i cil\u00ebsuar ato","og_url":"https:\/\/veritasinfo.org\/?p=39899","article_published_time":"2026-03-26T06:27:05+00:00","og_image":[{"width":780,"height":500,"url":"https:\/\/veritasinfo.org\/wp-content\/uploads\/2026\/03\/720702-qF1RI4aDiv.jpg","type":"image\/jpeg"}],"author":"US6","twitter_card":"summary_large_image","twitter_misc":{"Written by":"US6","Est. reading time":"3 minutes"},"schema":{"@context":"https:\/\/schema.org","@graph":[{"@type":"WebPage","@id":"https:\/\/veritasinfo.org\/?p=39899","url":"https:\/\/veritasinfo.org\/?p=39899","name":"Fetoshi: Fortesa, Celina, Krusha\u2026 d\u00ebshmi t\u00eb gjenocidit t\u00eb mohuar nga Serbia -","isPartOf":{"@id":"https:\/\/veritasinfo.org\/#website"},"primaryImageOfPage":{"@id":"https:\/\/veritasinfo.org\/?p=39899#primaryimage"},"image":{"@id":"https:\/\/veritasinfo.org\/?p=39899#primaryimage"},"thumbnailUrl":"https:\/\/veritasinfo.org\/wp-content\/uploads\/2026\/03\/720702-qF1RI4aDiv.jpg","datePublished":"2026-03-26T06:27:05+00:00","author":{"@id":"https:\/\/veritasinfo.org\/#\/schema\/person\/fe199eede04c3937362892b7444747cc"},"breadcrumb":{"@id":"https:\/\/veritasinfo.org\/?p=39899#breadcrumb"},"inLanguage":"en-US","potentialAction":[{"@type":"ReadAction","target":["https:\/\/veritasinfo.org\/?p=39899"]}]},{"@type":"ImageObject","inLanguage":"en-US","@id":"https:\/\/veritasinfo.org\/?p=39899#primaryimage","url":"https:\/\/veritasinfo.org\/wp-content\/uploads\/2026\/03\/720702-qF1RI4aDiv.jpg","contentUrl":"https:\/\/veritasinfo.org\/wp-content\/uploads\/2026\/03\/720702-qF1RI4aDiv.jpg","width":780,"height":500},{"@type":"BreadcrumbList","@id":"https:\/\/veritasinfo.org\/?p=39899#breadcrumb","itemListElement":[{"@type":"ListItem","position":1,"name":"Home","item":"https:\/\/veritasinfo.org\/"},{"@type":"ListItem","position":2,"name":"Fetoshi: Fortesa, Celina, Krusha\u2026 d\u00ebshmi t\u00eb gjenocidit t\u00eb mohuar nga Serbia"}]},{"@type":"WebSite","@id":"https:\/\/veritasinfo.org\/#website","url":"https:\/\/veritasinfo.org\/","name":"","description":"","potentialAction":[{"@type":"SearchAction","target":{"@type":"EntryPoint","urlTemplate":"https:\/\/veritasinfo.org\/?s={search_term_string}"},"query-input":{"@type":"PropertyValueSpecification","valueRequired":true,"valueName":"search_term_string"}}],"inLanguage":"en-US"},{"@type":"Person","@id":"https:\/\/veritasinfo.org\/#\/schema\/person\/fe199eede04c3937362892b7444747cc","name":"US6","image":{"@type":"ImageObject","inLanguage":"en-US","@id":"https:\/\/veritasinfo.org\/#\/schema\/person\/image\/","url":"https:\/\/secure.gravatar.com\/avatar\/cb16c3c31c9d23b9b8c705964598220b3014e42ff51eb540ff23cefa3ae8c15f?s=96&d=mm&r=g","contentUrl":"https:\/\/secure.gravatar.com\/avatar\/cb16c3c31c9d23b9b8c705964598220b3014e42ff51eb540ff23cefa3ae8c15f?s=96&d=mm&r=g","caption":"US6"},"url":"https:\/\/veritasinfo.org\/?author=7"}]}},"featured_image_urls":{"full":["https:\/\/veritasinfo.org\/wp-content\/uploads\/2026\/03\/720702-qF1RI4aDiv.jpg",780,500,false],"thumbnail":["https:\/\/veritasinfo.org\/wp-content\/uploads\/2026\/03\/720702-qF1RI4aDiv-150x150.jpg",150,150,true],"medium":["https:\/\/veritasinfo.org\/wp-content\/uploads\/2026\/03\/720702-qF1RI4aDiv-300x192.jpg",300,192,true],"medium_large":["https:\/\/veritasinfo.org\/wp-content\/uploads\/2026\/03\/720702-qF1RI4aDiv-768x492.jpg",640,410,true],"large":["https:\/\/veritasinfo.org\/wp-content\/uploads\/2026\/03\/720702-qF1RI4aDiv.jpg",640,410,false],"1536x1536":["https:\/\/veritasinfo.org\/wp-content\/uploads\/2026\/03\/720702-qF1RI4aDiv.jpg",780,500,false],"2048x2048":["https:\/\/veritasinfo.org\/wp-content\/uploads\/2026\/03\/720702-qF1RI4aDiv.jpg",780,500,false],"kreeti-slider-full":["https:\/\/veritasinfo.org\/wp-content\/uploads\/2026\/03\/720702-qF1RI4aDiv.jpg",780,500,false],"kreeti-featured":["https:\/\/veritasinfo.org\/wp-content\/uploads\/2026\/03\/720702-qF1RI4aDiv.jpg",780,500,false],"kreeti-medium":["https:\/\/veritasinfo.org\/wp-content\/uploads\/2026\/03\/720702-qF1RI4aDiv.jpg",720,462,false],"kreeti-medium-square":["https:\/\/veritasinfo.org\/wp-content\/uploads\/2026\/03\/720702-qF1RI4aDiv.jpg",350,224,false]},"author_info":{"info":["US6"]},"category_info":"<a href=\"https:\/\/veritasinfo.org\/?cat=60\" rel=\"category\">Shoq\u00ebrore<\/a>","tag_info":"Shoq\u00ebrore","comment_count":"0","_links":{"self":[{"href":"https:\/\/veritasinfo.org\/index.php?rest_route=\/wp\/v2\/posts\/39899","targetHints":{"allow":["GET"]}}],"collection":[{"href":"https:\/\/veritasinfo.org\/index.php?rest_route=\/wp\/v2\/posts"}],"about":[{"href":"https:\/\/veritasinfo.org\/index.php?rest_route=\/wp\/v2\/types\/post"}],"author":[{"embeddable":true,"href":"https:\/\/veritasinfo.org\/index.php?rest_route=\/wp\/v2\/users\/7"}],"replies":[{"embeddable":true,"href":"https:\/\/veritasinfo.org\/index.php?rest_route=%2Fwp%2Fv2%2Fcomments&post=39899"}],"version-history":[{"count":1,"href":"https:\/\/veritasinfo.org\/index.php?rest_route=\/wp\/v2\/posts\/39899\/revisions"}],"predecessor-version":[{"id":39901,"href":"https:\/\/veritasinfo.org\/index.php?rest_route=\/wp\/v2\/posts\/39899\/revisions\/39901"}],"wp:featuredmedia":[{"embeddable":true,"href":"https:\/\/veritasinfo.org\/index.php?rest_route=\/wp\/v2\/media\/39900"}],"wp:attachment":[{"href":"https:\/\/veritasinfo.org\/index.php?rest_route=%2Fwp%2Fv2%2Fmedia&parent=39899"}],"wp:term":[{"taxonomy":"category","embeddable":true,"href":"https:\/\/veritasinfo.org\/index.php?rest_route=%2Fwp%2Fv2%2Fcategories&post=39899"},{"taxonomy":"post_tag","embeddable":true,"href":"https:\/\/veritasinfo.org\/index.php?rest_route=%2Fwp%2Fv2%2Ftags&post=39899"}],"curies":[{"name":"wp","href":"https:\/\/api.w.org\/{rel}","templated":true}]}}