{"id":39894,"date":"2026-03-26T07:21:23","date_gmt":"2026-03-26T06:21:23","guid":{"rendered":"https:\/\/veritasinfo.org\/?p=39894"},"modified":"2026-03-26T07:21:23","modified_gmt":"2026-03-26T06:21:23","slug":"ambasada-e-iranit-i-cileson-bombardimet-e-nato-s-ndaj-serbise-si-agresion","status":"publish","type":"post","link":"https:\/\/veritasinfo.org\/?p=39894","title":{"rendered":"Ambasada e Iranit i cil\u00ebson bombardimet e NATO-s ndaj Serbis\u00eb si agresion"},"content":{"rendered":"<p>Prishtin\u00eb, 26 mars 2026 07:21<\/p>\n<p>Ambasada e Iranit n\u00eb Beograd ka reaguar p\u00ebrmes nj\u00eb postimi publik, duke e p\u00ebrkujtuar 24 marsin 1999 si nj\u00eb dat\u00eb q\u00eb, sipas tyre \u201cmbetet e turpshme n\u00eb histori\u201d.<\/p>\n<p>N\u00eb deklarat\u00eb thuhet se 27 vjet m\u00eb par\u00eb, NATO kishte nisur nj\u00eb fushat\u00eb bombardimesh 78-ditore ndaj Serbis\u00eb, t\u00eb cil\u00ebn e cil\u00ebson si \u201cagresion t\u00eb paligjsh\u00ebm\u201d, duke pretenduar se ishte zhvilluar pa mandat nga K\u00ebshilli i Sigurimit i OKB-s\u00eb dhe n\u00eb kund\u00ebrshtim me t\u00eb drejt\u00ebn nd\u00ebrkomb\u00ebtare.<\/p>\n<p>Sipas ambasad\u00ebs iraniane, bombardimet kishin n\u00eb sh\u00ebnjest\u00ebr edhe infrastruktur\u00ebn civile, p\u00ebrfshir\u00eb shkolla dhe spitale, dhe kishin pasoja t\u00eb r\u00ebnda p\u00ebr popullat\u00ebn civile, p\u00ebrfshir\u00eb gra dhe f\u00ebmij\u00eb.<\/p>\n<p>N\u00eb t\u00eb nj\u00ebjtin reagim, situata e at\u00ebhershme krahasohet me zhvillimet aktuale n\u00eb Lindjen e Mesme. Ambasada e Iranit pretendon se \u201chistoria po p\u00ebrs\u00ebritet\u201d, duke akuzuar Shtetet e Bashkuara t\u00eb Amerik\u00ebs dhe Izraelin p\u00ebr \u201cagresion t\u00eb paligjsh\u00ebm\u201d ndaj Iranit.<\/p>\n<p>\u201cQ\u00eb nga Beogradi deri n\u00eb Teheran, shihet i nj\u00ebjti model presioni dhe shp\u00ebrfilljeje ndaj ligjit nd\u00ebrkomb\u00ebtar dhe jet\u00ebs njer\u00ebzore\u201d, thuhet n\u00eb deklarat\u00ebn e Ambasad\u00ebs s\u00eb Iranit n\u00eb Beograd.<\/p>\n<p>N\u00eb fund, theksohet se Serbia dhe Irani paraqiten si vende q\u00eb \u201ckan\u00eb q\u00ebndruar t\u00eb forta dhe t\u00eb pal\u00ebkundura p\u00ebrball\u00eb presioneve t\u00eb jashtme\u201d, duke n\u00ebnvizuar lidhjet historike dhe q\u00ebndrueshm\u00ebrin\u00eb e tyre.<\/p>\n","protected":false},"excerpt":{"rendered":"<p>Prishtin\u00eb, 26 mars 2026 07:21 Ambasada e Iranit n\u00eb Beograd ka reaguar p\u00ebrmes nj\u00eb postimi publik, duke e p\u00ebrkujtuar 24 marsin 1999 si nj\u00eb dat\u00eb<\/p>\n","protected":false},"author":7,"featured_media":39895,"comment_status":"open","ping_status":"open","sticky":false,"template":"","format":"standard","meta":{"footnotes":""},"categories":[58],"tags":[],"class_list":["post-39894","post","type-post","status-publish","format-standard","has-post-thumbnail","hentry","category-politike-sq"],"yoast_head":"<!-- This site is optimized with the Yoast SEO plugin v25.3.1 - https:\/\/yoast.com\/wordpress\/plugins\/seo\/ -->\n<title>Ambasada e Iranit i cil\u00ebson bombardimet e NATO-s ndaj Serbis\u00eb si agresion -<\/title>\n<meta name=\"robots\" content=\"index, follow, max-snippet:-1, max-image-preview:large, max-video-preview:-1\" \/>\n<link rel=\"canonical\" href=\"https:\/\/veritasinfo.org\/?p=39894\" \/>\n<meta property=\"og:locale\" content=\"en_US\" \/>\n<meta property=\"og:type\" content=\"article\" \/>\n<meta property=\"og:title\" content=\"Ambasada e Iranit i cil\u00ebson bombardimet e NATO-s ndaj Serbis\u00eb si agresion -\" \/>\n<meta property=\"og:description\" content=\"Prishtin\u00eb, 26 mars 2026 07:21 Ambasada e Iranit n\u00eb Beograd ka reaguar p\u00ebrmes nj\u00eb postimi publik, duke e p\u00ebrkujtuar 24 marsin 1999 si nj\u00eb dat\u00eb\" \/>\n<meta property=\"og:url\" content=\"https:\/\/veritasinfo.org\/?p=39894\" \/>\n<meta property=\"article:published_time\" content=\"2026-03-26T06:21:23+00:00\" \/>\n<meta property=\"og:image\" content=\"https:\/\/veritasinfo.org\/wp-content\/uploads\/2026\/03\/720748-VtpPkkY9C3.jpg\" \/>\n\t<meta property=\"og:image:width\" content=\"780\" \/>\n\t<meta property=\"og:image:height\" content=\"500\" \/>\n\t<meta property=\"og:image:type\" content=\"image\/jpeg\" \/>\n<meta name=\"author\" content=\"US6\" \/>\n<meta name=\"twitter:card\" content=\"summary_large_image\" \/>\n<meta name=\"twitter:label1\" content=\"Written by\" \/>\n\t<meta name=\"twitter:data1\" content=\"US6\" \/>\n\t<meta name=\"twitter:label2\" content=\"Est. reading time\" \/>\n\t<meta name=\"twitter:data2\" content=\"2 minutes\" \/>\n<script type=\"application\/ld+json\" class=\"yoast-schema-graph\">{\"@context\":\"https:\/\/schema.org\",\"@graph\":[{\"@type\":\"WebPage\",\"@id\":\"https:\/\/veritasinfo.org\/?p=39894\",\"url\":\"https:\/\/veritasinfo.org\/?p=39894\",\"name\":\"Ambasada e Iranit i cil\u00ebson bombardimet e NATO-s ndaj Serbis\u00eb si agresion -\",\"isPartOf\":{\"@id\":\"https:\/\/veritasinfo.org\/#website\"},\"primaryImageOfPage\":{\"@id\":\"https:\/\/veritasinfo.org\/?p=39894#primaryimage\"},\"image\":{\"@id\":\"https:\/\/veritasinfo.org\/?p=39894#primaryimage\"},\"thumbnailUrl\":\"https:\/\/veritasinfo.org\/wp-content\/uploads\/2026\/03\/720748-VtpPkkY9C3.jpg\",\"datePublished\":\"2026-03-26T06:21:23+00:00\",\"author\":{\"@id\":\"https:\/\/veritasinfo.org\/#\/schema\/person\/fe199eede04c3937362892b7444747cc\"},\"breadcrumb\":{\"@id\":\"https:\/\/veritasinfo.org\/?p=39894#breadcrumb\"},\"inLanguage\":\"en-US\",\"potentialAction\":[{\"@type\":\"ReadAction\",\"target\":[\"https:\/\/veritasinfo.org\/?p=39894\"]}]},{\"@type\":\"ImageObject\",\"inLanguage\":\"en-US\",\"@id\":\"https:\/\/veritasinfo.org\/?p=39894#primaryimage\",\"url\":\"https:\/\/veritasinfo.org\/wp-content\/uploads\/2026\/03\/720748-VtpPkkY9C3.jpg\",\"contentUrl\":\"https:\/\/veritasinfo.org\/wp-content\/uploads\/2026\/03\/720748-VtpPkkY9C3.jpg\",\"width\":780,\"height\":500},{\"@type\":\"BreadcrumbList\",\"@id\":\"https:\/\/veritasinfo.org\/?p=39894#breadcrumb\",\"itemListElement\":[{\"@type\":\"ListItem\",\"position\":1,\"name\":\"Home\",\"item\":\"https:\/\/veritasinfo.org\/\"},{\"@type\":\"ListItem\",\"position\":2,\"name\":\"Ambasada e Iranit i cil\u00ebson bombardimet e NATO-s ndaj Serbis\u00eb si agresion\"}]},{\"@type\":\"WebSite\",\"@id\":\"https:\/\/veritasinfo.org\/#website\",\"url\":\"https:\/\/veritasinfo.org\/\",\"name\":\"\",\"description\":\"\",\"potentialAction\":[{\"@type\":\"SearchAction\",\"target\":{\"@type\":\"EntryPoint\",\"urlTemplate\":\"https:\/\/veritasinfo.org\/?s={search_term_string}\"},\"query-input\":{\"@type\":\"PropertyValueSpecification\",\"valueRequired\":true,\"valueName\":\"search_term_string\"}}],\"inLanguage\":\"en-US\"},{\"@type\":\"Person\",\"@id\":\"https:\/\/veritasinfo.org\/#\/schema\/person\/fe199eede04c3937362892b7444747cc\",\"name\":\"US6\",\"image\":{\"@type\":\"ImageObject\",\"inLanguage\":\"en-US\",\"@id\":\"https:\/\/veritasinfo.org\/#\/schema\/person\/image\/\",\"url\":\"https:\/\/secure.gravatar.com\/avatar\/cb16c3c31c9d23b9b8c705964598220b3014e42ff51eb540ff23cefa3ae8c15f?s=96&d=mm&r=g\",\"contentUrl\":\"https:\/\/secure.gravatar.com\/avatar\/cb16c3c31c9d23b9b8c705964598220b3014e42ff51eb540ff23cefa3ae8c15f?s=96&d=mm&r=g\",\"caption\":\"US6\"},\"url\":\"https:\/\/veritasinfo.org\/?author=7\"}]}<\/script>\n<!-- \/ Yoast SEO plugin. -->","yoast_head_json":{"title":"Ambasada e Iranit i cil\u00ebson bombardimet e NATO-s ndaj Serbis\u00eb si agresion -","robots":{"index":"index","follow":"follow","max-snippet":"max-snippet:-1","max-image-preview":"max-image-preview:large","max-video-preview":"max-video-preview:-1"},"canonical":"https:\/\/veritasinfo.org\/?p=39894","og_locale":"en_US","og_type":"article","og_title":"Ambasada e Iranit i cil\u00ebson bombardimet e NATO-s ndaj Serbis\u00eb si agresion -","og_description":"Prishtin\u00eb, 26 mars 2026 07:21 Ambasada e Iranit n\u00eb Beograd ka reaguar p\u00ebrmes nj\u00eb postimi publik, duke e p\u00ebrkujtuar 24 marsin 1999 si nj\u00eb dat\u00eb","og_url":"https:\/\/veritasinfo.org\/?p=39894","article_published_time":"2026-03-26T06:21:23+00:00","og_image":[{"width":780,"height":500,"url":"https:\/\/veritasinfo.org\/wp-content\/uploads\/2026\/03\/720748-VtpPkkY9C3.jpg","type":"image\/jpeg"}],"author":"US6","twitter_card":"summary_large_image","twitter_misc":{"Written by":"US6","Est. reading time":"2 minutes"},"schema":{"@context":"https:\/\/schema.org","@graph":[{"@type":"WebPage","@id":"https:\/\/veritasinfo.org\/?p=39894","url":"https:\/\/veritasinfo.org\/?p=39894","name":"Ambasada e Iranit i cil\u00ebson bombardimet e NATO-s ndaj Serbis\u00eb si agresion -","isPartOf":{"@id":"https:\/\/veritasinfo.org\/#website"},"primaryImageOfPage":{"@id":"https:\/\/veritasinfo.org\/?p=39894#primaryimage"},"image":{"@id":"https:\/\/veritasinfo.org\/?p=39894#primaryimage"},"thumbnailUrl":"https:\/\/veritasinfo.org\/wp-content\/uploads\/2026\/03\/720748-VtpPkkY9C3.jpg","datePublished":"2026-03-26T06:21:23+00:00","author":{"@id":"https:\/\/veritasinfo.org\/#\/schema\/person\/fe199eede04c3937362892b7444747cc"},"breadcrumb":{"@id":"https:\/\/veritasinfo.org\/?p=39894#breadcrumb"},"inLanguage":"en-US","potentialAction":[{"@type":"ReadAction","target":["https:\/\/veritasinfo.org\/?p=39894"]}]},{"@type":"ImageObject","inLanguage":"en-US","@id":"https:\/\/veritasinfo.org\/?p=39894#primaryimage","url":"https:\/\/veritasinfo.org\/wp-content\/uploads\/2026\/03\/720748-VtpPkkY9C3.jpg","contentUrl":"https:\/\/veritasinfo.org\/wp-content\/uploads\/2026\/03\/720748-VtpPkkY9C3.jpg","width":780,"height":500},{"@type":"BreadcrumbList","@id":"https:\/\/veritasinfo.org\/?p=39894#breadcrumb","itemListElement":[{"@type":"ListItem","position":1,"name":"Home","item":"https:\/\/veritasinfo.org\/"},{"@type":"ListItem","position":2,"name":"Ambasada e Iranit i cil\u00ebson bombardimet e NATO-s ndaj Serbis\u00eb si agresion"}]},{"@type":"WebSite","@id":"https:\/\/veritasinfo.org\/#website","url":"https:\/\/veritasinfo.org\/","name":"","description":"","potentialAction":[{"@type":"SearchAction","target":{"@type":"EntryPoint","urlTemplate":"https:\/\/veritasinfo.org\/?s={search_term_string}"},"query-input":{"@type":"PropertyValueSpecification","valueRequired":true,"valueName":"search_term_string"}}],"inLanguage":"en-US"},{"@type":"Person","@id":"https:\/\/veritasinfo.org\/#\/schema\/person\/fe199eede04c3937362892b7444747cc","name":"US6","image":{"@type":"ImageObject","inLanguage":"en-US","@id":"https:\/\/veritasinfo.org\/#\/schema\/person\/image\/","url":"https:\/\/secure.gravatar.com\/avatar\/cb16c3c31c9d23b9b8c705964598220b3014e42ff51eb540ff23cefa3ae8c15f?s=96&d=mm&r=g","contentUrl":"https:\/\/secure.gravatar.com\/avatar\/cb16c3c31c9d23b9b8c705964598220b3014e42ff51eb540ff23cefa3ae8c15f?s=96&d=mm&r=g","caption":"US6"},"url":"https:\/\/veritasinfo.org\/?author=7"}]}},"featured_image_urls":{"full":["https:\/\/veritasinfo.org\/wp-content\/uploads\/2026\/03\/720748-VtpPkkY9C3.jpg",780,500,false],"thumbnail":["https:\/\/veritasinfo.org\/wp-content\/uploads\/2026\/03\/720748-VtpPkkY9C3-150x150.jpg",150,150,true],"medium":["https:\/\/veritasinfo.org\/wp-content\/uploads\/2026\/03\/720748-VtpPkkY9C3-300x192.jpg",300,192,true],"medium_large":["https:\/\/veritasinfo.org\/wp-content\/uploads\/2026\/03\/720748-VtpPkkY9C3-768x492.jpg",640,410,true],"large":["https:\/\/veritasinfo.org\/wp-content\/uploads\/2026\/03\/720748-VtpPkkY9C3.jpg",640,410,false],"1536x1536":["https:\/\/veritasinfo.org\/wp-content\/uploads\/2026\/03\/720748-VtpPkkY9C3.jpg",780,500,false],"2048x2048":["https:\/\/veritasinfo.org\/wp-content\/uploads\/2026\/03\/720748-VtpPkkY9C3.jpg",780,500,false],"kreeti-slider-full":["https:\/\/veritasinfo.org\/wp-content\/uploads\/2026\/03\/720748-VtpPkkY9C3.jpg",780,500,false],"kreeti-featured":["https:\/\/veritasinfo.org\/wp-content\/uploads\/2026\/03\/720748-VtpPkkY9C3.jpg",780,500,false],"kreeti-medium":["https:\/\/veritasinfo.org\/wp-content\/uploads\/2026\/03\/720748-VtpPkkY9C3.jpg",720,462,false],"kreeti-medium-square":["https:\/\/veritasinfo.org\/wp-content\/uploads\/2026\/03\/720748-VtpPkkY9C3.jpg",350,224,false]},"author_info":{"info":["US6"]},"category_info":"<a href=\"https:\/\/veritasinfo.org\/?cat=58\" rel=\"category\">Politik\u00eb<\/a>","tag_info":"Politik\u00eb","comment_count":"0","_links":{"self":[{"href":"https:\/\/veritasinfo.org\/index.php?rest_route=\/wp\/v2\/posts\/39894","targetHints":{"allow":["GET"]}}],"collection":[{"href":"https:\/\/veritasinfo.org\/index.php?rest_route=\/wp\/v2\/posts"}],"about":[{"href":"https:\/\/veritasinfo.org\/index.php?rest_route=\/wp\/v2\/types\/post"}],"author":[{"embeddable":true,"href":"https:\/\/veritasinfo.org\/index.php?rest_route=\/wp\/v2\/users\/7"}],"replies":[{"embeddable":true,"href":"https:\/\/veritasinfo.org\/index.php?rest_route=%2Fwp%2Fv2%2Fcomments&post=39894"}],"version-history":[{"count":1,"href":"https:\/\/veritasinfo.org\/index.php?rest_route=\/wp\/v2\/posts\/39894\/revisions"}],"predecessor-version":[{"id":39896,"href":"https:\/\/veritasinfo.org\/index.php?rest_route=\/wp\/v2\/posts\/39894\/revisions\/39896"}],"wp:featuredmedia":[{"embeddable":true,"href":"https:\/\/veritasinfo.org\/index.php?rest_route=\/wp\/v2\/media\/39895"}],"wp:attachment":[{"href":"https:\/\/veritasinfo.org\/index.php?rest_route=%2Fwp%2Fv2%2Fmedia&parent=39894"}],"wp:term":[{"taxonomy":"category","embeddable":true,"href":"https:\/\/veritasinfo.org\/index.php?rest_route=%2Fwp%2Fv2%2Fcategories&post=39894"},{"taxonomy":"post_tag","embeddable":true,"href":"https:\/\/veritasinfo.org\/index.php?rest_route=%2Fwp%2Fv2%2Ftags&post=39894"}],"curies":[{"name":"wp","href":"https:\/\/api.w.org\/{rel}","templated":true}]}}