{"id":39888,"date":"2026-03-26T07:15:45","date_gmt":"2026-03-26T06:15:45","guid":{"rendered":"https:\/\/veritasinfo.org\/?p=39888"},"modified":"2026-03-26T07:15:45","modified_gmt":"2026-03-26T06:15:45","slug":"integrimi-evropian-i-kosoves-zulfaj-premton-rezultate-konkrete-dhe-perparim-te-qendrueshem","status":"publish","type":"post","link":"https:\/\/veritasinfo.org\/?p=39888","title":{"rendered":"Integrimi evropian i Kosov\u00ebs, Zulfaj premton rezultate konkrete dhe p\u00ebrparim t\u00eb q\u00ebndruesh\u00ebm"},"content":{"rendered":"<p>Prishtin\u00eb, 26 mars 2026 07:14<\/p>\n<p>Kryenegociatori i sapoem\u00ebruar i Kosov\u00ebs me Bashkimin Evropian dhe Koordinator Komb\u00ebtar p\u00ebr Instrumentin e Reform\u00ebs dhe Rritjes, Jeton Zulfaj, zhvilloi sot takimin e tij t\u00eb par\u00eb zyrtar me Eva Palatova, Shefe n\u00eb detyr\u00eb e Zyr\u00ebs s\u00eb Bashkimit Evropian n\u00eb Kosov\u00eb.<\/p>\n<p>Gjat\u00eb takimit, Zulfaj rikonfirmoi p\u00ebrkushtimin strategjik t\u00eb Kosov\u00ebs p\u00ebr an\u00ebtar\u00ebsim n\u00eb Bashkimin Evropian, duke theksuar se mandati i tij do t\u00eb udh\u00ebhiqet nga rezultatet dhe p\u00ebrmbushja e plot\u00eb e t\u00eb gjitha obligimeve n\u00eb kuad\u00ebr t\u00eb Planit t\u00eb Rritjes.<\/p>\n<p>Ai gjithashtu shprehu gatishm\u00ebrin\u00eb p\u00ebr t\u00eb punuar ngusht\u00eb me institucionet e BE-s\u00eb p\u00ebr t\u00eb siguruar p\u00ebrparim t\u00eb q\u00ebndruesh\u00ebm n\u00eb reforma.<\/p>\n<p>Palatova e uroi Zulfajn p\u00ebr em\u00ebrimin dhe rikonfirmoi mb\u00ebshtetjen e vazhdueshme t\u00eb Bashkimit Evropian p\u00ebr agjend\u00ebn e reformave n\u00eb Kosov\u00eb.<\/p>\n<p>Diskutimi u p\u00ebrqendrua tek gjendja aktuale e procesit t\u00eb integrimit dhe nevoja p\u00ebr p\u00ebrpjekje t\u00eb q\u00ebndrueshme pas ratifikimit t\u00eb marr\u00ebveshjeve.<\/p>\n<p>Zulfaj theksoi r\u00ebnd\u00ebsin\u00eb e marrjes s\u00eb statusit t\u00eb vendit kandidat dhe avancimit n\u00eb procesin e integrimit si objektiv kryesor t\u00eb qeveris\u00eb. Ai fal\u00ebnderoi Palatova p\u00ebr vizit\u00ebn dhe bashk\u00ebpunimin e vazhduesh\u00ebm.<\/p>\n","protected":false},"excerpt":{"rendered":"<p>Prishtin\u00eb, 26 mars 2026 07:14 Kryenegociatori i sapoem\u00ebruar i Kosov\u00ebs me Bashkimin Evropian dhe Koordinator Komb\u00ebtar p\u00ebr Instrumentin e Reform\u00ebs dhe Rritjes, Jeton Zulfaj, zhvilloi<\/p>\n","protected":false},"author":7,"featured_media":39889,"comment_status":"open","ping_status":"open","sticky":false,"template":"","format":"standard","meta":{"footnotes":""},"categories":[58],"tags":[],"class_list":["post-39888","post","type-post","status-publish","format-standard","has-post-thumbnail","hentry","category-politike-sq"],"yoast_head":"<!-- This site is optimized with the Yoast SEO plugin v25.3.1 - https:\/\/yoast.com\/wordpress\/plugins\/seo\/ -->\n<title>Integrimi evropian i Kosov\u00ebs, Zulfaj premton rezultate konkrete dhe p\u00ebrparim t\u00eb q\u00ebndruesh\u00ebm -<\/title>\n<meta name=\"robots\" content=\"index, follow, max-snippet:-1, max-image-preview:large, max-video-preview:-1\" \/>\n<link rel=\"canonical\" href=\"https:\/\/veritasinfo.org\/?p=39888\" \/>\n<meta property=\"og:locale\" content=\"en_US\" \/>\n<meta property=\"og:type\" content=\"article\" \/>\n<meta property=\"og:title\" content=\"Integrimi evropian i Kosov\u00ebs, Zulfaj premton rezultate konkrete dhe p\u00ebrparim t\u00eb q\u00ebndruesh\u00ebm -\" \/>\n<meta property=\"og:description\" content=\"Prishtin\u00eb, 26 mars 2026 07:14 Kryenegociatori i sapoem\u00ebruar i Kosov\u00ebs me Bashkimin Evropian dhe Koordinator Komb\u00ebtar p\u00ebr Instrumentin e Reform\u00ebs dhe Rritjes, Jeton Zulfaj, zhvilloi\" \/>\n<meta property=\"og:url\" content=\"https:\/\/veritasinfo.org\/?p=39888\" \/>\n<meta property=\"article:published_time\" content=\"2026-03-26T06:15:45+00:00\" \/>\n<meta property=\"og:image\" content=\"https:\/\/veritasinfo.org\/wp-content\/uploads\/2026\/03\/auto_image_-_2026-03-25T225548.9031774475811.webp\" \/>\n\t<meta property=\"og:image:width\" content=\"1245\" \/>\n\t<meta property=\"og:image:height\" content=\"700\" \/>\n\t<meta property=\"og:image:type\" content=\"image\/webp\" \/>\n<meta name=\"author\" content=\"US6\" \/>\n<meta name=\"twitter:card\" content=\"summary_large_image\" \/>\n<meta name=\"twitter:label1\" content=\"Written by\" \/>\n\t<meta name=\"twitter:data1\" content=\"US6\" \/>\n\t<meta name=\"twitter:label2\" content=\"Est. reading time\" \/>\n\t<meta name=\"twitter:data2\" content=\"1 minute\" \/>\n<script type=\"application\/ld+json\" class=\"yoast-schema-graph\">{\"@context\":\"https:\/\/schema.org\",\"@graph\":[{\"@type\":\"WebPage\",\"@id\":\"https:\/\/veritasinfo.org\/?p=39888\",\"url\":\"https:\/\/veritasinfo.org\/?p=39888\",\"name\":\"Integrimi evropian i Kosov\u00ebs, Zulfaj premton rezultate konkrete dhe p\u00ebrparim t\u00eb q\u00ebndruesh\u00ebm -\",\"isPartOf\":{\"@id\":\"https:\/\/veritasinfo.org\/#website\"},\"primaryImageOfPage\":{\"@id\":\"https:\/\/veritasinfo.org\/?p=39888#primaryimage\"},\"image\":{\"@id\":\"https:\/\/veritasinfo.org\/?p=39888#primaryimage\"},\"thumbnailUrl\":\"https:\/\/veritasinfo.org\/wp-content\/uploads\/2026\/03\/auto_image_-_2026-03-25T225548.9031774475811.webp\",\"datePublished\":\"2026-03-26T06:15:45+00:00\",\"author\":{\"@id\":\"https:\/\/veritasinfo.org\/#\/schema\/person\/fe199eede04c3937362892b7444747cc\"},\"breadcrumb\":{\"@id\":\"https:\/\/veritasinfo.org\/?p=39888#breadcrumb\"},\"inLanguage\":\"en-US\",\"potentialAction\":[{\"@type\":\"ReadAction\",\"target\":[\"https:\/\/veritasinfo.org\/?p=39888\"]}]},{\"@type\":\"ImageObject\",\"inLanguage\":\"en-US\",\"@id\":\"https:\/\/veritasinfo.org\/?p=39888#primaryimage\",\"url\":\"https:\/\/veritasinfo.org\/wp-content\/uploads\/2026\/03\/auto_image_-_2026-03-25T225548.9031774475811.webp\",\"contentUrl\":\"https:\/\/veritasinfo.org\/wp-content\/uploads\/2026\/03\/auto_image_-_2026-03-25T225548.9031774475811.webp\",\"width\":1245,\"height\":700},{\"@type\":\"BreadcrumbList\",\"@id\":\"https:\/\/veritasinfo.org\/?p=39888#breadcrumb\",\"itemListElement\":[{\"@type\":\"ListItem\",\"position\":1,\"name\":\"Home\",\"item\":\"https:\/\/veritasinfo.org\/\"},{\"@type\":\"ListItem\",\"position\":2,\"name\":\"Integrimi evropian i Kosov\u00ebs, Zulfaj premton rezultate konkrete dhe p\u00ebrparim t\u00eb q\u00ebndruesh\u00ebm\"}]},{\"@type\":\"WebSite\",\"@id\":\"https:\/\/veritasinfo.org\/#website\",\"url\":\"https:\/\/veritasinfo.org\/\",\"name\":\"\",\"description\":\"\",\"potentialAction\":[{\"@type\":\"SearchAction\",\"target\":{\"@type\":\"EntryPoint\",\"urlTemplate\":\"https:\/\/veritasinfo.org\/?s={search_term_string}\"},\"query-input\":{\"@type\":\"PropertyValueSpecification\",\"valueRequired\":true,\"valueName\":\"search_term_string\"}}],\"inLanguage\":\"en-US\"},{\"@type\":\"Person\",\"@id\":\"https:\/\/veritasinfo.org\/#\/schema\/person\/fe199eede04c3937362892b7444747cc\",\"name\":\"US6\",\"image\":{\"@type\":\"ImageObject\",\"inLanguage\":\"en-US\",\"@id\":\"https:\/\/veritasinfo.org\/#\/schema\/person\/image\/\",\"url\":\"https:\/\/secure.gravatar.com\/avatar\/cb16c3c31c9d23b9b8c705964598220b3014e42ff51eb540ff23cefa3ae8c15f?s=96&d=mm&r=g\",\"contentUrl\":\"https:\/\/secure.gravatar.com\/avatar\/cb16c3c31c9d23b9b8c705964598220b3014e42ff51eb540ff23cefa3ae8c15f?s=96&d=mm&r=g\",\"caption\":\"US6\"},\"url\":\"https:\/\/veritasinfo.org\/?author=7\"}]}<\/script>\n<!-- \/ Yoast SEO plugin. -->","yoast_head_json":{"title":"Integrimi evropian i Kosov\u00ebs, Zulfaj premton rezultate konkrete dhe p\u00ebrparim t\u00eb q\u00ebndruesh\u00ebm -","robots":{"index":"index","follow":"follow","max-snippet":"max-snippet:-1","max-image-preview":"max-image-preview:large","max-video-preview":"max-video-preview:-1"},"canonical":"https:\/\/veritasinfo.org\/?p=39888","og_locale":"en_US","og_type":"article","og_title":"Integrimi evropian i Kosov\u00ebs, Zulfaj premton rezultate konkrete dhe p\u00ebrparim t\u00eb q\u00ebndruesh\u00ebm -","og_description":"Prishtin\u00eb, 26 mars 2026 07:14 Kryenegociatori i sapoem\u00ebruar i Kosov\u00ebs me Bashkimin Evropian dhe Koordinator Komb\u00ebtar p\u00ebr Instrumentin e Reform\u00ebs dhe Rritjes, Jeton Zulfaj, zhvilloi","og_url":"https:\/\/veritasinfo.org\/?p=39888","article_published_time":"2026-03-26T06:15:45+00:00","og_image":[{"width":1245,"height":700,"url":"https:\/\/veritasinfo.org\/wp-content\/uploads\/2026\/03\/auto_image_-_2026-03-25T225548.9031774475811.webp","type":"image\/webp"}],"author":"US6","twitter_card":"summary_large_image","twitter_misc":{"Written by":"US6","Est. reading time":"1 minute"},"schema":{"@context":"https:\/\/schema.org","@graph":[{"@type":"WebPage","@id":"https:\/\/veritasinfo.org\/?p=39888","url":"https:\/\/veritasinfo.org\/?p=39888","name":"Integrimi evropian i Kosov\u00ebs, Zulfaj premton rezultate konkrete dhe p\u00ebrparim t\u00eb q\u00ebndruesh\u00ebm -","isPartOf":{"@id":"https:\/\/veritasinfo.org\/#website"},"primaryImageOfPage":{"@id":"https:\/\/veritasinfo.org\/?p=39888#primaryimage"},"image":{"@id":"https:\/\/veritasinfo.org\/?p=39888#primaryimage"},"thumbnailUrl":"https:\/\/veritasinfo.org\/wp-content\/uploads\/2026\/03\/auto_image_-_2026-03-25T225548.9031774475811.webp","datePublished":"2026-03-26T06:15:45+00:00","author":{"@id":"https:\/\/veritasinfo.org\/#\/schema\/person\/fe199eede04c3937362892b7444747cc"},"breadcrumb":{"@id":"https:\/\/veritasinfo.org\/?p=39888#breadcrumb"},"inLanguage":"en-US","potentialAction":[{"@type":"ReadAction","target":["https:\/\/veritasinfo.org\/?p=39888"]}]},{"@type":"ImageObject","inLanguage":"en-US","@id":"https:\/\/veritasinfo.org\/?p=39888#primaryimage","url":"https:\/\/veritasinfo.org\/wp-content\/uploads\/2026\/03\/auto_image_-_2026-03-25T225548.9031774475811.webp","contentUrl":"https:\/\/veritasinfo.org\/wp-content\/uploads\/2026\/03\/auto_image_-_2026-03-25T225548.9031774475811.webp","width":1245,"height":700},{"@type":"BreadcrumbList","@id":"https:\/\/veritasinfo.org\/?p=39888#breadcrumb","itemListElement":[{"@type":"ListItem","position":1,"name":"Home","item":"https:\/\/veritasinfo.org\/"},{"@type":"ListItem","position":2,"name":"Integrimi evropian i Kosov\u00ebs, Zulfaj premton rezultate konkrete dhe p\u00ebrparim t\u00eb q\u00ebndruesh\u00ebm"}]},{"@type":"WebSite","@id":"https:\/\/veritasinfo.org\/#website","url":"https:\/\/veritasinfo.org\/","name":"","description":"","potentialAction":[{"@type":"SearchAction","target":{"@type":"EntryPoint","urlTemplate":"https:\/\/veritasinfo.org\/?s={search_term_string}"},"query-input":{"@type":"PropertyValueSpecification","valueRequired":true,"valueName":"search_term_string"}}],"inLanguage":"en-US"},{"@type":"Person","@id":"https:\/\/veritasinfo.org\/#\/schema\/person\/fe199eede04c3937362892b7444747cc","name":"US6","image":{"@type":"ImageObject","inLanguage":"en-US","@id":"https:\/\/veritasinfo.org\/#\/schema\/person\/image\/","url":"https:\/\/secure.gravatar.com\/avatar\/cb16c3c31c9d23b9b8c705964598220b3014e42ff51eb540ff23cefa3ae8c15f?s=96&d=mm&r=g","contentUrl":"https:\/\/secure.gravatar.com\/avatar\/cb16c3c31c9d23b9b8c705964598220b3014e42ff51eb540ff23cefa3ae8c15f?s=96&d=mm&r=g","caption":"US6"},"url":"https:\/\/veritasinfo.org\/?author=7"}]}},"featured_image_urls":{"full":["https:\/\/veritasinfo.org\/wp-content\/uploads\/2026\/03\/auto_image_-_2026-03-25T225548.9031774475811.webp",1245,700,false],"thumbnail":["https:\/\/veritasinfo.org\/wp-content\/uploads\/2026\/03\/auto_image_-_2026-03-25T225548.9031774475811-150x150.webp",150,150,true],"medium":["https:\/\/veritasinfo.org\/wp-content\/uploads\/2026\/03\/auto_image_-_2026-03-25T225548.9031774475811-300x169.webp",300,169,true],"medium_large":["https:\/\/veritasinfo.org\/wp-content\/uploads\/2026\/03\/auto_image_-_2026-03-25T225548.9031774475811-768x432.webp",640,360,true],"large":["https:\/\/veritasinfo.org\/wp-content\/uploads\/2026\/03\/auto_image_-_2026-03-25T225548.9031774475811-1024x576.webp",640,360,true],"1536x1536":["https:\/\/veritasinfo.org\/wp-content\/uploads\/2026\/03\/auto_image_-_2026-03-25T225548.9031774475811.webp",1245,700,false],"2048x2048":["https:\/\/veritasinfo.org\/wp-content\/uploads\/2026\/03\/auto_image_-_2026-03-25T225548.9031774475811.webp",1245,700,false],"kreeti-slider-full":["https:\/\/veritasinfo.org\/wp-content\/uploads\/2026\/03\/auto_image_-_2026-03-25T225548.9031774475811.webp",1245,700,false],"kreeti-featured":["https:\/\/veritasinfo.org\/wp-content\/uploads\/2026\/03\/auto_image_-_2026-03-25T225548.9031774475811.webp",1024,576,false],"kreeti-medium":["https:\/\/veritasinfo.org\/wp-content\/uploads\/2026\/03\/auto_image_-_2026-03-25T225548.9031774475811.webp",720,405,false],"kreeti-medium-square":["https:\/\/veritasinfo.org\/wp-content\/uploads\/2026\/03\/auto_image_-_2026-03-25T225548.9031774475811.webp",350,197,false]},"author_info":{"info":["US6"]},"category_info":"<a href=\"https:\/\/veritasinfo.org\/?cat=58\" rel=\"category\">Politik\u00eb<\/a>","tag_info":"Politik\u00eb","comment_count":"0","_links":{"self":[{"href":"https:\/\/veritasinfo.org\/index.php?rest_route=\/wp\/v2\/posts\/39888","targetHints":{"allow":["GET"]}}],"collection":[{"href":"https:\/\/veritasinfo.org\/index.php?rest_route=\/wp\/v2\/posts"}],"about":[{"href":"https:\/\/veritasinfo.org\/index.php?rest_route=\/wp\/v2\/types\/post"}],"author":[{"embeddable":true,"href":"https:\/\/veritasinfo.org\/index.php?rest_route=\/wp\/v2\/users\/7"}],"replies":[{"embeddable":true,"href":"https:\/\/veritasinfo.org\/index.php?rest_route=%2Fwp%2Fv2%2Fcomments&post=39888"}],"version-history":[{"count":1,"href":"https:\/\/veritasinfo.org\/index.php?rest_route=\/wp\/v2\/posts\/39888\/revisions"}],"predecessor-version":[{"id":39890,"href":"https:\/\/veritasinfo.org\/index.php?rest_route=\/wp\/v2\/posts\/39888\/revisions\/39890"}],"wp:featuredmedia":[{"embeddable":true,"href":"https:\/\/veritasinfo.org\/index.php?rest_route=\/wp\/v2\/media\/39889"}],"wp:attachment":[{"href":"https:\/\/veritasinfo.org\/index.php?rest_route=%2Fwp%2Fv2%2Fmedia&parent=39888"}],"wp:term":[{"taxonomy":"category","embeddable":true,"href":"https:\/\/veritasinfo.org\/index.php?rest_route=%2Fwp%2Fv2%2Fcategories&post=39888"},{"taxonomy":"post_tag","embeddable":true,"href":"https:\/\/veritasinfo.org\/index.php?rest_route=%2Fwp%2Fv2%2Ftags&post=39888"}],"curies":[{"name":"wp","href":"https:\/\/api.w.org\/{rel}","templated":true}]}}