{"id":39883,"date":"2026-03-26T07:05:12","date_gmt":"2026-03-26T06:05:12","guid":{"rendered":"https:\/\/veritasinfo.org\/?p=39883"},"modified":"2026-03-26T07:05:12","modified_gmt":"2026-03-26T06:05:12","slug":"berjani-lajm-i-mire-per-qytetaret-eshte-se-kemi-renie-te-cmimit-te-derivateve","status":"publish","type":"post","link":"https:\/\/veritasinfo.org\/?p=39883","title":{"rendered":"Berjani: Lajm i mir\u00eb p\u00ebr qytetar\u00ebt \u00ebsht\u00eb se kemi r\u00ebnie t\u00eb \u00e7mimit t\u00eb derivateve"},"content":{"rendered":"<p>Prishtin\u00eb, 26m mars 2026 07:02<\/p>\n<p>Kryetari i Shoqat\u00ebs s\u00eb Naft\u00ebtar\u00ebve, Fadil Berjani ka folur p\u00ebr \u00e7mimet aktuale t\u00eb derivateve n\u00eb Kosov\u00eb dhe nevoj\u00ebn p\u00ebr heqjen e akciz\u00ebs e TVSH-s\u00eb.<\/p>\n<p>Ai ka th\u00ebn\u00eb se trendi i derivateve \u00ebsht\u00eb n\u00eb r\u00ebnie t\u00eb leht\u00eb.<\/p>\n<p>\u201c\u00c7mimet aktualisht sot jan\u00eb:<\/p>\n<p>Dizel 1.70\u20ac deri 1.79\u20ac<\/p>\n<p>Benzin\u00eb 1.34\u20ac deri 1.44<\/p>\n<p>Trendi i derivateve \u00ebsht\u00eb nj\u00eb r\u00ebnie e leht\u00eb\u201d, ka th\u00ebn\u00eb ai.<\/p>\n<p>Berjani ka potencuar se i kan\u00eb d\u00ebrguar k\u00ebrkes\u00eb me shkrim Kurtit, Muratit e Kusari-Lil\u00ebs dhe ata do t\u00eb nd\u00ebrhyjn\u00eb n\u00ebse e shohin t\u00eb arsyeshme.<\/p>\n<p>\u201cNe ju kemi d\u00ebrguar k\u00ebrkes\u00eb me shkrim kryeministrit Albin Kurti, ministrit Hekuran Murati dhe ministres Mimoza Kusari-Lila. N\u00eb qoft\u00eb se e shohin t\u00eb arsyeshme t\u00eb nd\u00ebrhyjn\u00eb, duhet, por trendi i derivateve \u00ebsht\u00eb n\u00eb r\u00ebnie. Lajm i mir\u00eb p\u00ebr qytetar\u00ebt \u00ebsht\u00eb se kemi r\u00ebnie t\u00eb \u00e7mimit t\u00eb derivateve dhe duhet edhe shporta e qytetarit t\u00eb ulet\u201d, ka theksuar ai p\u00ebr Gazeta Blic.<\/p>\n<p>Sipas tij, \u201cqytetar\u00ebt e Republik\u00ebs s\u00eb Kosov\u00ebs jan\u00eb duke u sh\u00ebrbyer me \u00e7mimet m\u00eb t\u00eb lira n\u00eb regjion\u201d.<\/p>\n<p>\u201cHeqja e akciz\u00ebs dhe TVSH-s\u00eb b\u00ebhet me ligj\u201d, ka deklaruar Berjani.<\/p>\n","protected":false},"excerpt":{"rendered":"<p>Prishtin\u00eb, 26m mars 2026 07:02 Kryetari i Shoqat\u00ebs s\u00eb Naft\u00ebtar\u00ebve, Fadil Berjani ka folur p\u00ebr \u00e7mimet aktuale t\u00eb derivateve n\u00eb Kosov\u00eb dhe nevoj\u00ebn p\u00ebr heqjen<\/p>\n","protected":false},"author":7,"featured_media":39884,"comment_status":"open","ping_status":"open","sticky":false,"template":"","format":"standard","meta":{"footnotes":""},"categories":[60],"tags":[],"class_list":["post-39883","post","type-post","status-publish","format-standard","has-post-thumbnail","hentry","category-shoqerore-sq"],"yoast_head":"<!-- This site is optimized with the Yoast SEO plugin v25.3.1 - https:\/\/yoast.com\/wordpress\/plugins\/seo\/ -->\n<title>Berjani: Lajm i mir\u00eb p\u00ebr qytetar\u00ebt \u00ebsht\u00eb se kemi r\u00ebnie t\u00eb \u00e7mimit t\u00eb derivateve -<\/title>\n<meta name=\"robots\" content=\"index, follow, max-snippet:-1, max-image-preview:large, max-video-preview:-1\" \/>\n<link rel=\"canonical\" href=\"https:\/\/veritasinfo.org\/?p=39883\" \/>\n<meta property=\"og:locale\" content=\"en_US\" \/>\n<meta property=\"og:type\" content=\"article\" \/>\n<meta property=\"og:title\" content=\"Berjani: Lajm i mir\u00eb p\u00ebr qytetar\u00ebt \u00ebsht\u00eb se kemi r\u00ebnie t\u00eb \u00e7mimit t\u00eb derivateve -\" \/>\n<meta property=\"og:description\" content=\"Prishtin\u00eb, 26m mars 2026 07:02 Kryetari i Shoqat\u00ebs s\u00eb Naft\u00ebtar\u00ebve, Fadil Berjani ka folur p\u00ebr \u00e7mimet aktuale t\u00eb derivateve n\u00eb Kosov\u00eb dhe nevoj\u00ebn p\u00ebr heqjen\" \/>\n<meta property=\"og:url\" content=\"https:\/\/veritasinfo.org\/?p=39883\" \/>\n<meta property=\"article:published_time\" content=\"2026-03-26T06:05:12+00:00\" \/>\n<meta property=\"og:image\" content=\"https:\/\/veritasinfo.org\/wp-content\/uploads\/2026\/03\/Screenshot-2022-04-14-222221.png\" \/>\n\t<meta property=\"og:image:width\" content=\"1514\" \/>\n\t<meta property=\"og:image:height\" content=\"897\" \/>\n\t<meta property=\"og:image:type\" content=\"image\/png\" \/>\n<meta name=\"author\" content=\"US6\" \/>\n<meta name=\"twitter:card\" content=\"summary_large_image\" \/>\n<meta name=\"twitter:label1\" content=\"Written by\" \/>\n\t<meta name=\"twitter:data1\" content=\"US6\" \/>\n\t<meta name=\"twitter:label2\" content=\"Est. reading time\" \/>\n\t<meta name=\"twitter:data2\" content=\"1 minute\" \/>\n<script type=\"application\/ld+json\" class=\"yoast-schema-graph\">{\"@context\":\"https:\/\/schema.org\",\"@graph\":[{\"@type\":\"WebPage\",\"@id\":\"https:\/\/veritasinfo.org\/?p=39883\",\"url\":\"https:\/\/veritasinfo.org\/?p=39883\",\"name\":\"Berjani: Lajm i mir\u00eb p\u00ebr qytetar\u00ebt \u00ebsht\u00eb se kemi r\u00ebnie t\u00eb \u00e7mimit t\u00eb derivateve -\",\"isPartOf\":{\"@id\":\"https:\/\/veritasinfo.org\/#website\"},\"primaryImageOfPage\":{\"@id\":\"https:\/\/veritasinfo.org\/?p=39883#primaryimage\"},\"image\":{\"@id\":\"https:\/\/veritasinfo.org\/?p=39883#primaryimage\"},\"thumbnailUrl\":\"https:\/\/veritasinfo.org\/wp-content\/uploads\/2026\/03\/Screenshot-2022-04-14-222221.png\",\"datePublished\":\"2026-03-26T06:05:12+00:00\",\"author\":{\"@id\":\"https:\/\/veritasinfo.org\/#\/schema\/person\/fe199eede04c3937362892b7444747cc\"},\"breadcrumb\":{\"@id\":\"https:\/\/veritasinfo.org\/?p=39883#breadcrumb\"},\"inLanguage\":\"en-US\",\"potentialAction\":[{\"@type\":\"ReadAction\",\"target\":[\"https:\/\/veritasinfo.org\/?p=39883\"]}]},{\"@type\":\"ImageObject\",\"inLanguage\":\"en-US\",\"@id\":\"https:\/\/veritasinfo.org\/?p=39883#primaryimage\",\"url\":\"https:\/\/veritasinfo.org\/wp-content\/uploads\/2026\/03\/Screenshot-2022-04-14-222221.png\",\"contentUrl\":\"https:\/\/veritasinfo.org\/wp-content\/uploads\/2026\/03\/Screenshot-2022-04-14-222221.png\",\"width\":1514,\"height\":897},{\"@type\":\"BreadcrumbList\",\"@id\":\"https:\/\/veritasinfo.org\/?p=39883#breadcrumb\",\"itemListElement\":[{\"@type\":\"ListItem\",\"position\":1,\"name\":\"Home\",\"item\":\"https:\/\/veritasinfo.org\/\"},{\"@type\":\"ListItem\",\"position\":2,\"name\":\"Berjani: Lajm i mir\u00eb p\u00ebr qytetar\u00ebt \u00ebsht\u00eb se kemi r\u00ebnie t\u00eb \u00e7mimit t\u00eb derivateve\"}]},{\"@type\":\"WebSite\",\"@id\":\"https:\/\/veritasinfo.org\/#website\",\"url\":\"https:\/\/veritasinfo.org\/\",\"name\":\"\",\"description\":\"\",\"potentialAction\":[{\"@type\":\"SearchAction\",\"target\":{\"@type\":\"EntryPoint\",\"urlTemplate\":\"https:\/\/veritasinfo.org\/?s={search_term_string}\"},\"query-input\":{\"@type\":\"PropertyValueSpecification\",\"valueRequired\":true,\"valueName\":\"search_term_string\"}}],\"inLanguage\":\"en-US\"},{\"@type\":\"Person\",\"@id\":\"https:\/\/veritasinfo.org\/#\/schema\/person\/fe199eede04c3937362892b7444747cc\",\"name\":\"US6\",\"image\":{\"@type\":\"ImageObject\",\"inLanguage\":\"en-US\",\"@id\":\"https:\/\/veritasinfo.org\/#\/schema\/person\/image\/\",\"url\":\"https:\/\/secure.gravatar.com\/avatar\/cb16c3c31c9d23b9b8c705964598220b3014e42ff51eb540ff23cefa3ae8c15f?s=96&d=mm&r=g\",\"contentUrl\":\"https:\/\/secure.gravatar.com\/avatar\/cb16c3c31c9d23b9b8c705964598220b3014e42ff51eb540ff23cefa3ae8c15f?s=96&d=mm&r=g\",\"caption\":\"US6\"},\"url\":\"https:\/\/veritasinfo.org\/?author=7\"}]}<\/script>\n<!-- \/ Yoast SEO plugin. -->","yoast_head_json":{"title":"Berjani: Lajm i mir\u00eb p\u00ebr qytetar\u00ebt \u00ebsht\u00eb se kemi r\u00ebnie t\u00eb \u00e7mimit t\u00eb derivateve -","robots":{"index":"index","follow":"follow","max-snippet":"max-snippet:-1","max-image-preview":"max-image-preview:large","max-video-preview":"max-video-preview:-1"},"canonical":"https:\/\/veritasinfo.org\/?p=39883","og_locale":"en_US","og_type":"article","og_title":"Berjani: Lajm i mir\u00eb p\u00ebr qytetar\u00ebt \u00ebsht\u00eb se kemi r\u00ebnie t\u00eb \u00e7mimit t\u00eb derivateve -","og_description":"Prishtin\u00eb, 26m mars 2026 07:02 Kryetari i Shoqat\u00ebs s\u00eb Naft\u00ebtar\u00ebve, Fadil Berjani ka folur p\u00ebr \u00e7mimet aktuale t\u00eb derivateve n\u00eb Kosov\u00eb dhe nevoj\u00ebn p\u00ebr heqjen","og_url":"https:\/\/veritasinfo.org\/?p=39883","article_published_time":"2026-03-26T06:05:12+00:00","og_image":[{"width":1514,"height":897,"url":"https:\/\/veritasinfo.org\/wp-content\/uploads\/2026\/03\/Screenshot-2022-04-14-222221.png","type":"image\/png"}],"author":"US6","twitter_card":"summary_large_image","twitter_misc":{"Written by":"US6","Est. reading time":"1 minute"},"schema":{"@context":"https:\/\/schema.org","@graph":[{"@type":"WebPage","@id":"https:\/\/veritasinfo.org\/?p=39883","url":"https:\/\/veritasinfo.org\/?p=39883","name":"Berjani: Lajm i mir\u00eb p\u00ebr qytetar\u00ebt \u00ebsht\u00eb se kemi r\u00ebnie t\u00eb \u00e7mimit t\u00eb derivateve -","isPartOf":{"@id":"https:\/\/veritasinfo.org\/#website"},"primaryImageOfPage":{"@id":"https:\/\/veritasinfo.org\/?p=39883#primaryimage"},"image":{"@id":"https:\/\/veritasinfo.org\/?p=39883#primaryimage"},"thumbnailUrl":"https:\/\/veritasinfo.org\/wp-content\/uploads\/2026\/03\/Screenshot-2022-04-14-222221.png","datePublished":"2026-03-26T06:05:12+00:00","author":{"@id":"https:\/\/veritasinfo.org\/#\/schema\/person\/fe199eede04c3937362892b7444747cc"},"breadcrumb":{"@id":"https:\/\/veritasinfo.org\/?p=39883#breadcrumb"},"inLanguage":"en-US","potentialAction":[{"@type":"ReadAction","target":["https:\/\/veritasinfo.org\/?p=39883"]}]},{"@type":"ImageObject","inLanguage":"en-US","@id":"https:\/\/veritasinfo.org\/?p=39883#primaryimage","url":"https:\/\/veritasinfo.org\/wp-content\/uploads\/2026\/03\/Screenshot-2022-04-14-222221.png","contentUrl":"https:\/\/veritasinfo.org\/wp-content\/uploads\/2026\/03\/Screenshot-2022-04-14-222221.png","width":1514,"height":897},{"@type":"BreadcrumbList","@id":"https:\/\/veritasinfo.org\/?p=39883#breadcrumb","itemListElement":[{"@type":"ListItem","position":1,"name":"Home","item":"https:\/\/veritasinfo.org\/"},{"@type":"ListItem","position":2,"name":"Berjani: Lajm i mir\u00eb p\u00ebr qytetar\u00ebt \u00ebsht\u00eb se kemi r\u00ebnie t\u00eb \u00e7mimit t\u00eb derivateve"}]},{"@type":"WebSite","@id":"https:\/\/veritasinfo.org\/#website","url":"https:\/\/veritasinfo.org\/","name":"","description":"","potentialAction":[{"@type":"SearchAction","target":{"@type":"EntryPoint","urlTemplate":"https:\/\/veritasinfo.org\/?s={search_term_string}"},"query-input":{"@type":"PropertyValueSpecification","valueRequired":true,"valueName":"search_term_string"}}],"inLanguage":"en-US"},{"@type":"Person","@id":"https:\/\/veritasinfo.org\/#\/schema\/person\/fe199eede04c3937362892b7444747cc","name":"US6","image":{"@type":"ImageObject","inLanguage":"en-US","@id":"https:\/\/veritasinfo.org\/#\/schema\/person\/image\/","url":"https:\/\/secure.gravatar.com\/avatar\/cb16c3c31c9d23b9b8c705964598220b3014e42ff51eb540ff23cefa3ae8c15f?s=96&d=mm&r=g","contentUrl":"https:\/\/secure.gravatar.com\/avatar\/cb16c3c31c9d23b9b8c705964598220b3014e42ff51eb540ff23cefa3ae8c15f?s=96&d=mm&r=g","caption":"US6"},"url":"https:\/\/veritasinfo.org\/?author=7"}]}},"featured_image_urls":{"full":["https:\/\/veritasinfo.org\/wp-content\/uploads\/2026\/03\/Screenshot-2022-04-14-222221.png",1514,897,false],"thumbnail":["https:\/\/veritasinfo.org\/wp-content\/uploads\/2026\/03\/Screenshot-2022-04-14-222221-150x150.png",150,150,true],"medium":["https:\/\/veritasinfo.org\/wp-content\/uploads\/2026\/03\/Screenshot-2022-04-14-222221-300x178.png",300,178,true],"medium_large":["https:\/\/veritasinfo.org\/wp-content\/uploads\/2026\/03\/Screenshot-2022-04-14-222221-768x455.png",640,379,true],"large":["https:\/\/veritasinfo.org\/wp-content\/uploads\/2026\/03\/Screenshot-2022-04-14-222221-1024x607.png",640,379,true],"1536x1536":["https:\/\/veritasinfo.org\/wp-content\/uploads\/2026\/03\/Screenshot-2022-04-14-222221.png",1514,897,false],"2048x2048":["https:\/\/veritasinfo.org\/wp-content\/uploads\/2026\/03\/Screenshot-2022-04-14-222221.png",1514,897,false],"kreeti-slider-full":["https:\/\/veritasinfo.org\/wp-content\/uploads\/2026\/03\/Screenshot-2022-04-14-222221.png",1215,720,false],"kreeti-featured":["https:\/\/veritasinfo.org\/wp-content\/uploads\/2026\/03\/Screenshot-2022-04-14-222221.png",1024,607,false],"kreeti-medium":["https:\/\/veritasinfo.org\/wp-content\/uploads\/2026\/03\/Screenshot-2022-04-14-222221.png",720,427,false],"kreeti-medium-square":["https:\/\/veritasinfo.org\/wp-content\/uploads\/2026\/03\/Screenshot-2022-04-14-222221.png",350,207,false]},"author_info":{"info":["US6"]},"category_info":"<a href=\"https:\/\/veritasinfo.org\/?cat=60\" rel=\"category\">Shoq\u00ebrore<\/a>","tag_info":"Shoq\u00ebrore","comment_count":"0","_links":{"self":[{"href":"https:\/\/veritasinfo.org\/index.php?rest_route=\/wp\/v2\/posts\/39883","targetHints":{"allow":["GET"]}}],"collection":[{"href":"https:\/\/veritasinfo.org\/index.php?rest_route=\/wp\/v2\/posts"}],"about":[{"href":"https:\/\/veritasinfo.org\/index.php?rest_route=\/wp\/v2\/types\/post"}],"author":[{"embeddable":true,"href":"https:\/\/veritasinfo.org\/index.php?rest_route=\/wp\/v2\/users\/7"}],"replies":[{"embeddable":true,"href":"https:\/\/veritasinfo.org\/index.php?rest_route=%2Fwp%2Fv2%2Fcomments&post=39883"}],"version-history":[{"count":1,"href":"https:\/\/veritasinfo.org\/index.php?rest_route=\/wp\/v2\/posts\/39883\/revisions"}],"predecessor-version":[{"id":39885,"href":"https:\/\/veritasinfo.org\/index.php?rest_route=\/wp\/v2\/posts\/39883\/revisions\/39885"}],"wp:featuredmedia":[{"embeddable":true,"href":"https:\/\/veritasinfo.org\/index.php?rest_route=\/wp\/v2\/media\/39884"}],"wp:attachment":[{"href":"https:\/\/veritasinfo.org\/index.php?rest_route=%2Fwp%2Fv2%2Fmedia&parent=39883"}],"wp:term":[{"taxonomy":"category","embeddable":true,"href":"https:\/\/veritasinfo.org\/index.php?rest_route=%2Fwp%2Fv2%2Fcategories&post=39883"},{"taxonomy":"post_tag","embeddable":true,"href":"https:\/\/veritasinfo.org\/index.php?rest_route=%2Fwp%2Fv2%2Ftags&post=39883"}],"curies":[{"name":"wp","href":"https:\/\/api.w.org\/{rel}","templated":true}]}}