{"id":39876,"date":"2026-03-25T22:18:40","date_gmt":"2026-03-25T21:18:40","guid":{"rendered":"https:\/\/veritasinfo.org\/?p=39876"},"modified":"2026-03-25T22:24:16","modified_gmt":"2026-03-25T21:24:16","slug":"ustavni-sud-osmanijeva-uredba-nema-pravno-dejstvo-2","status":"publish","type":"post","link":"https:\/\/veritasinfo.org\/?p=39876","title":{"rendered":"G\u00ebrvalla e Barishiq flasin p\u00ebr bashk\u00ebpunim n\u00eb fush\u00ebn e ekstradimit"},"content":{"rendered":"<p>Prishtin\u00eb, 25 mars 2026 22:16<\/p>\n<p>Ministrja e Drejt\u00ebsis\u00eb, Donika G\u00ebrvalla ka pritur n\u00eb takim ambasadoren e Kroacis\u00eb n\u00eb Kosov\u00eb, Daniela Barishiq, me t\u00eb cil\u00ebn thot\u00eb se diskutuan p\u00ebr thellim bashk\u00ebpunimi, me theks forcimin e tij n\u00eb fush\u00ebn e ekstradimit.<\/p>\n<p>\u201cKosova dhe Kroacia g\u00ebzojn\u00eb marr\u00ebdh\u00ebnie t\u00eb shk\u00eblqyeshme dypal\u00ebshe, me Kroacin\u00eb si shtet mik e partner t\u00eb r\u00ebnd\u00ebsish\u00ebm t\u00eb Republik\u00ebs son\u00eb. Me Ambasadoren e Kroacis\u00eb n\u00eb Republik\u00ebn e Kosov\u00ebs, znj. Danijela Bari\u0161i\u00eb, fol\u00ebm p\u00ebr thellimin e bashk\u00ebpunimit n\u00eb fush\u00ebn e drejt\u00ebsis\u00eb dhe nevoj\u00ebn p\u00ebr avancimin e m\u00ebtejsh\u00ebm t\u00eb k\u00ebtij bashk\u00ebpunimi. N\u00eb k\u00ebt\u00eb kuad\u00ebr, u theksua nd\u00ebr t\u00eb tjera r\u00ebnd\u00ebsia e forcimit t\u00eb bashk\u00ebpunimit n\u00eb fush\u00ebn e ekstradimit, si nj\u00eb komponent i domosdosh\u00ebm p\u00ebr nj\u00eb bashk\u00ebpunim juridik m\u00eb efektiv dhe funksional\u201d, thot\u00eb G\u00ebrvalla.<\/p>\n<p>Ministra e Drejt\u00ebsis\u00eb thot\u00eb se krimet mizore t\u00eb luft\u00ebs gjithashtu mbeten nj\u00eb \u00e7\u00ebshtje e hapur dhe me ndjeshm\u00ebri t\u00eb lart\u00eb p\u00ebr t\u00eb dyja vendet, nj\u00eb plag\u00eb e hapur e shoq\u00ebris\u00eb q\u00eb k\u00ebrkon p\u00ebrkushtim maksimal e zotim t\u00eb drejtp\u00ebrdrejt\u00eb dhe qasje serioze, t\u00eb qart\u00eb e konkrete institucionale.<\/p>\n<p>\u201cTrajtimi i k\u00ebtyre \u00e7\u00ebshtjeve k\u00ebrkon institucione t\u00eb forta dhe vendimmarrje t\u00eb q\u00ebndrueshme, q\u00eb bazohen n\u00eb sundim t\u00eb ligjit. Pa reform\u00eb t\u00eb thell\u00eb n\u00eb drejt\u00ebsi, nuk mund t\u00eb ket\u00eb as sundim ligji t\u00eb besuesh\u00ebm dhe as shtet t\u00eb fort\u00eb funksional\u201d, thot\u00eb G\u00ebrvalla.<\/p>\n","protected":false},"excerpt":{"rendered":"<p>Prishtin\u00eb, 25 mars 2026 22:16 Ministrja e Drejt\u00ebsis\u00eb, Donika G\u00ebrvalla ka pritur n\u00eb takim ambasadoren e Kroacis\u00eb n\u00eb Kosov\u00eb, Daniela Barishiq, me t\u00eb cil\u00ebn thot\u00eb<\/p>\n","protected":false},"author":7,"featured_media":39877,"comment_status":"open","ping_status":"open","sticky":false,"template":"","format":"standard","meta":{"footnotes":""},"categories":[58],"tags":[],"class_list":["post-39876","post","type-post","status-publish","format-standard","has-post-thumbnail","hentry","category-politike-sq"],"yoast_head":"<!-- This site is optimized with the Yoast SEO plugin v25.3.1 - https:\/\/yoast.com\/wordpress\/plugins\/seo\/ -->\n<title>G\u00ebrvalla e Barishiq flasin p\u00ebr bashk\u00ebpunim n\u00eb fush\u00ebn e ekstradimit -<\/title>\n<meta name=\"robots\" content=\"index, follow, max-snippet:-1, max-image-preview:large, max-video-preview:-1\" \/>\n<link rel=\"canonical\" href=\"https:\/\/veritasinfo.org\/?p=39876\" \/>\n<meta property=\"og:locale\" content=\"en_US\" \/>\n<meta property=\"og:type\" content=\"article\" \/>\n<meta property=\"og:title\" content=\"G\u00ebrvalla e Barishiq flasin p\u00ebr bashk\u00ebpunim n\u00eb fush\u00ebn e ekstradimit -\" \/>\n<meta property=\"og:description\" content=\"Prishtin\u00eb, 25 mars 2026 22:16 Ministrja e Drejt\u00ebsis\u00eb, Donika G\u00ebrvalla ka pritur n\u00eb takim ambasadoren e Kroacis\u00eb n\u00eb Kosov\u00eb, Daniela Barishiq, me t\u00eb cil\u00ebn thot\u00eb\" \/>\n<meta property=\"og:url\" content=\"https:\/\/veritasinfo.org\/?p=39876\" \/>\n<meta property=\"article:published_time\" content=\"2026-03-25T21:18:40+00:00\" \/>\n<meta property=\"article:modified_time\" content=\"2026-03-25T21:24:16+00:00\" \/>\n<meta property=\"og:image\" content=\"https:\/\/veritasinfo.org\/wp-content\/uploads\/2026\/03\/auto_720738-tGYLVceyE01774469967.jpg\" \/>\n\t<meta property=\"og:image:width\" content=\"900\" \/>\n\t<meta property=\"og:image:height\" content=\"577\" \/>\n\t<meta property=\"og:image:type\" content=\"image\/jpeg\" \/>\n<meta name=\"author\" content=\"US6\" \/>\n<meta name=\"twitter:card\" content=\"summary_large_image\" \/>\n<meta name=\"twitter:label1\" content=\"Written by\" \/>\n\t<meta name=\"twitter:data1\" content=\"US6\" \/>\n\t<meta name=\"twitter:label2\" content=\"Est. reading time\" \/>\n\t<meta name=\"twitter:data2\" content=\"2 minutes\" \/>\n<script type=\"application\/ld+json\" class=\"yoast-schema-graph\">{\"@context\":\"https:\/\/schema.org\",\"@graph\":[{\"@type\":\"WebPage\",\"@id\":\"https:\/\/veritasinfo.org\/?p=39876\",\"url\":\"https:\/\/veritasinfo.org\/?p=39876\",\"name\":\"G\u00ebrvalla e Barishiq flasin p\u00ebr bashk\u00ebpunim n\u00eb fush\u00ebn e ekstradimit -\",\"isPartOf\":{\"@id\":\"https:\/\/veritasinfo.org\/#website\"},\"primaryImageOfPage\":{\"@id\":\"https:\/\/veritasinfo.org\/?p=39876#primaryimage\"},\"image\":{\"@id\":\"https:\/\/veritasinfo.org\/?p=39876#primaryimage\"},\"thumbnailUrl\":\"https:\/\/veritasinfo.org\/wp-content\/uploads\/2026\/03\/auto_720738-tGYLVceyE01774469967.jpg\",\"datePublished\":\"2026-03-25T21:18:40+00:00\",\"dateModified\":\"2026-03-25T21:24:16+00:00\",\"author\":{\"@id\":\"https:\/\/veritasinfo.org\/#\/schema\/person\/fe199eede04c3937362892b7444747cc\"},\"breadcrumb\":{\"@id\":\"https:\/\/veritasinfo.org\/?p=39876#breadcrumb\"},\"inLanguage\":\"en-US\",\"potentialAction\":[{\"@type\":\"ReadAction\",\"target\":[\"https:\/\/veritasinfo.org\/?p=39876\"]}]},{\"@type\":\"ImageObject\",\"inLanguage\":\"en-US\",\"@id\":\"https:\/\/veritasinfo.org\/?p=39876#primaryimage\",\"url\":\"https:\/\/veritasinfo.org\/wp-content\/uploads\/2026\/03\/auto_720738-tGYLVceyE01774469967.jpg\",\"contentUrl\":\"https:\/\/veritasinfo.org\/wp-content\/uploads\/2026\/03\/auto_720738-tGYLVceyE01774469967.jpg\",\"width\":900,\"height\":577},{\"@type\":\"BreadcrumbList\",\"@id\":\"https:\/\/veritasinfo.org\/?p=39876#breadcrumb\",\"itemListElement\":[{\"@type\":\"ListItem\",\"position\":1,\"name\":\"Home\",\"item\":\"https:\/\/veritasinfo.org\/\"},{\"@type\":\"ListItem\",\"position\":2,\"name\":\"G\u00ebrvalla e Barishiq flasin p\u00ebr bashk\u00ebpunim n\u00eb fush\u00ebn e ekstradimit\"}]},{\"@type\":\"WebSite\",\"@id\":\"https:\/\/veritasinfo.org\/#website\",\"url\":\"https:\/\/veritasinfo.org\/\",\"name\":\"\",\"description\":\"\",\"potentialAction\":[{\"@type\":\"SearchAction\",\"target\":{\"@type\":\"EntryPoint\",\"urlTemplate\":\"https:\/\/veritasinfo.org\/?s={search_term_string}\"},\"query-input\":{\"@type\":\"PropertyValueSpecification\",\"valueRequired\":true,\"valueName\":\"search_term_string\"}}],\"inLanguage\":\"en-US\"},{\"@type\":\"Person\",\"@id\":\"https:\/\/veritasinfo.org\/#\/schema\/person\/fe199eede04c3937362892b7444747cc\",\"name\":\"US6\",\"image\":{\"@type\":\"ImageObject\",\"inLanguage\":\"en-US\",\"@id\":\"https:\/\/veritasinfo.org\/#\/schema\/person\/image\/\",\"url\":\"https:\/\/secure.gravatar.com\/avatar\/cb16c3c31c9d23b9b8c705964598220b3014e42ff51eb540ff23cefa3ae8c15f?s=96&d=mm&r=g\",\"contentUrl\":\"https:\/\/secure.gravatar.com\/avatar\/cb16c3c31c9d23b9b8c705964598220b3014e42ff51eb540ff23cefa3ae8c15f?s=96&d=mm&r=g\",\"caption\":\"US6\"},\"url\":\"https:\/\/veritasinfo.org\/?author=7\"}]}<\/script>\n<!-- \/ Yoast SEO plugin. -->","yoast_head_json":{"title":"G\u00ebrvalla e Barishiq flasin p\u00ebr bashk\u00ebpunim n\u00eb fush\u00ebn e ekstradimit -","robots":{"index":"index","follow":"follow","max-snippet":"max-snippet:-1","max-image-preview":"max-image-preview:large","max-video-preview":"max-video-preview:-1"},"canonical":"https:\/\/veritasinfo.org\/?p=39876","og_locale":"en_US","og_type":"article","og_title":"G\u00ebrvalla e Barishiq flasin p\u00ebr bashk\u00ebpunim n\u00eb fush\u00ebn e ekstradimit -","og_description":"Prishtin\u00eb, 25 mars 2026 22:16 Ministrja e Drejt\u00ebsis\u00eb, Donika G\u00ebrvalla ka pritur n\u00eb takim ambasadoren e Kroacis\u00eb n\u00eb Kosov\u00eb, Daniela Barishiq, me t\u00eb cil\u00ebn thot\u00eb","og_url":"https:\/\/veritasinfo.org\/?p=39876","article_published_time":"2026-03-25T21:18:40+00:00","article_modified_time":"2026-03-25T21:24:16+00:00","og_image":[{"width":900,"height":577,"url":"https:\/\/veritasinfo.org\/wp-content\/uploads\/2026\/03\/auto_720738-tGYLVceyE01774469967.jpg","type":"image\/jpeg"}],"author":"US6","twitter_card":"summary_large_image","twitter_misc":{"Written by":"US6","Est. reading time":"2 minutes"},"schema":{"@context":"https:\/\/schema.org","@graph":[{"@type":"WebPage","@id":"https:\/\/veritasinfo.org\/?p=39876","url":"https:\/\/veritasinfo.org\/?p=39876","name":"G\u00ebrvalla e Barishiq flasin p\u00ebr bashk\u00ebpunim n\u00eb fush\u00ebn e ekstradimit -","isPartOf":{"@id":"https:\/\/veritasinfo.org\/#website"},"primaryImageOfPage":{"@id":"https:\/\/veritasinfo.org\/?p=39876#primaryimage"},"image":{"@id":"https:\/\/veritasinfo.org\/?p=39876#primaryimage"},"thumbnailUrl":"https:\/\/veritasinfo.org\/wp-content\/uploads\/2026\/03\/auto_720738-tGYLVceyE01774469967.jpg","datePublished":"2026-03-25T21:18:40+00:00","dateModified":"2026-03-25T21:24:16+00:00","author":{"@id":"https:\/\/veritasinfo.org\/#\/schema\/person\/fe199eede04c3937362892b7444747cc"},"breadcrumb":{"@id":"https:\/\/veritasinfo.org\/?p=39876#breadcrumb"},"inLanguage":"en-US","potentialAction":[{"@type":"ReadAction","target":["https:\/\/veritasinfo.org\/?p=39876"]}]},{"@type":"ImageObject","inLanguage":"en-US","@id":"https:\/\/veritasinfo.org\/?p=39876#primaryimage","url":"https:\/\/veritasinfo.org\/wp-content\/uploads\/2026\/03\/auto_720738-tGYLVceyE01774469967.jpg","contentUrl":"https:\/\/veritasinfo.org\/wp-content\/uploads\/2026\/03\/auto_720738-tGYLVceyE01774469967.jpg","width":900,"height":577},{"@type":"BreadcrumbList","@id":"https:\/\/veritasinfo.org\/?p=39876#breadcrumb","itemListElement":[{"@type":"ListItem","position":1,"name":"Home","item":"https:\/\/veritasinfo.org\/"},{"@type":"ListItem","position":2,"name":"G\u00ebrvalla e Barishiq flasin p\u00ebr bashk\u00ebpunim n\u00eb fush\u00ebn e ekstradimit"}]},{"@type":"WebSite","@id":"https:\/\/veritasinfo.org\/#website","url":"https:\/\/veritasinfo.org\/","name":"","description":"","potentialAction":[{"@type":"SearchAction","target":{"@type":"EntryPoint","urlTemplate":"https:\/\/veritasinfo.org\/?s={search_term_string}"},"query-input":{"@type":"PropertyValueSpecification","valueRequired":true,"valueName":"search_term_string"}}],"inLanguage":"en-US"},{"@type":"Person","@id":"https:\/\/veritasinfo.org\/#\/schema\/person\/fe199eede04c3937362892b7444747cc","name":"US6","image":{"@type":"ImageObject","inLanguage":"en-US","@id":"https:\/\/veritasinfo.org\/#\/schema\/person\/image\/","url":"https:\/\/secure.gravatar.com\/avatar\/cb16c3c31c9d23b9b8c705964598220b3014e42ff51eb540ff23cefa3ae8c15f?s=96&d=mm&r=g","contentUrl":"https:\/\/secure.gravatar.com\/avatar\/cb16c3c31c9d23b9b8c705964598220b3014e42ff51eb540ff23cefa3ae8c15f?s=96&d=mm&r=g","caption":"US6"},"url":"https:\/\/veritasinfo.org\/?author=7"}]}},"featured_image_urls":{"full":["https:\/\/veritasinfo.org\/wp-content\/uploads\/2026\/03\/auto_720738-tGYLVceyE01774469967.jpg",900,577,false],"thumbnail":["https:\/\/veritasinfo.org\/wp-content\/uploads\/2026\/03\/auto_720738-tGYLVceyE01774469967-150x150.jpg",150,150,true],"medium":["https:\/\/veritasinfo.org\/wp-content\/uploads\/2026\/03\/auto_720738-tGYLVceyE01774469967-300x192.jpg",300,192,true],"medium_large":["https:\/\/veritasinfo.org\/wp-content\/uploads\/2026\/03\/auto_720738-tGYLVceyE01774469967-768x492.jpg",640,410,true],"large":["https:\/\/veritasinfo.org\/wp-content\/uploads\/2026\/03\/auto_720738-tGYLVceyE01774469967.jpg",640,410,false],"1536x1536":["https:\/\/veritasinfo.org\/wp-content\/uploads\/2026\/03\/auto_720738-tGYLVceyE01774469967.jpg",900,577,false],"2048x2048":["https:\/\/veritasinfo.org\/wp-content\/uploads\/2026\/03\/auto_720738-tGYLVceyE01774469967.jpg",900,577,false],"kreeti-slider-full":["https:\/\/veritasinfo.org\/wp-content\/uploads\/2026\/03\/auto_720738-tGYLVceyE01774469967.jpg",900,577,false],"kreeti-featured":["https:\/\/veritasinfo.org\/wp-content\/uploads\/2026\/03\/auto_720738-tGYLVceyE01774469967.jpg",900,577,false],"kreeti-medium":["https:\/\/veritasinfo.org\/wp-content\/uploads\/2026\/03\/auto_720738-tGYLVceyE01774469967.jpg",720,462,false],"kreeti-medium-square":["https:\/\/veritasinfo.org\/wp-content\/uploads\/2026\/03\/auto_720738-tGYLVceyE01774469967.jpg",350,224,false]},"author_info":{"info":["US6"]},"category_info":"<a href=\"https:\/\/veritasinfo.org\/?cat=58\" rel=\"category\">Politik\u00eb<\/a>","tag_info":"Politik\u00eb","comment_count":"0","_links":{"self":[{"href":"https:\/\/veritasinfo.org\/index.php?rest_route=\/wp\/v2\/posts\/39876","targetHints":{"allow":["GET"]}}],"collection":[{"href":"https:\/\/veritasinfo.org\/index.php?rest_route=\/wp\/v2\/posts"}],"about":[{"href":"https:\/\/veritasinfo.org\/index.php?rest_route=\/wp\/v2\/types\/post"}],"author":[{"embeddable":true,"href":"https:\/\/veritasinfo.org\/index.php?rest_route=\/wp\/v2\/users\/7"}],"replies":[{"embeddable":true,"href":"https:\/\/veritasinfo.org\/index.php?rest_route=%2Fwp%2Fv2%2Fcomments&post=39876"}],"version-history":[{"count":2,"href":"https:\/\/veritasinfo.org\/index.php?rest_route=\/wp\/v2\/posts\/39876\/revisions"}],"predecessor-version":[{"id":39882,"href":"https:\/\/veritasinfo.org\/index.php?rest_route=\/wp\/v2\/posts\/39876\/revisions\/39882"}],"wp:featuredmedia":[{"embeddable":true,"href":"https:\/\/veritasinfo.org\/index.php?rest_route=\/wp\/v2\/media\/39877"}],"wp:attachment":[{"href":"https:\/\/veritasinfo.org\/index.php?rest_route=%2Fwp%2Fv2%2Fmedia&parent=39876"}],"wp:term":[{"taxonomy":"category","embeddable":true,"href":"https:\/\/veritasinfo.org\/index.php?rest_route=%2Fwp%2Fv2%2Fcategories&post=39876"},{"taxonomy":"post_tag","embeddable":true,"href":"https:\/\/veritasinfo.org\/index.php?rest_route=%2Fwp%2Fv2%2Ftags&post=39876"}],"curies":[{"name":"wp","href":"https:\/\/api.w.org\/{rel}","templated":true}]}}