{"id":39871,"date":"2026-03-25T21:28:01","date_gmt":"2026-03-25T20:28:01","guid":{"rendered":"https:\/\/veritasinfo.org\/?p=39871"},"modified":"2026-03-25T21:28:01","modified_gmt":"2026-03-25T20:28:01","slug":"vizitat-ne-qendren-e-paraburgimit-ne-hage-per-ish-kreret-e-uck-se-vazhdojne-kufizimet","status":"publish","type":"post","link":"https:\/\/veritasinfo.org\/?p=39871","title":{"rendered":"Vizitat n\u00eb qendr\u00ebn e paraburgimit n\u00eb Hag\u00eb p\u00ebr ish krer\u00ebt e U\u00c7K-s\u00eb, vazhdojn\u00eb kufizimet"},"content":{"rendered":"<p>Prishtin\u00eb, 25 mars 2026 21:27<\/p>\n<p>Nga 19 shkurti, rasti ndaj kat\u00ebrshes s\u00eb U\u00c7K-s\u00eb, konsiderohet i p\u00ebrfunduar.<\/p>\n<p>Pal\u00ebt jan\u00eb n\u00eb pritje t\u00eb verdiktit t\u00eb Gjykat\u00ebs Speciale p\u00ebr akuzat p\u00ebr krime lufte.<\/p>\n<p>Kat\u00ebrshja vazhdon t\u00eb q\u00ebndroj\u00eb n\u00eb qendr\u00ebn e paraburgimit n\u00eb Hag\u00eb, pas refuzimeve t\u00eb nj\u00ebpasnj\u00ebshmeve t\u00eb lirimit me kusht.<\/p>\n<p>P\u00ebrpos k\u00ebsaj k\u00ebrkese, ekipet mbrojt\u00ebse t\u00eb Tha\u00e7it, Veselit e Selimit, po k\u00ebrkojn\u00eb q\u00eb masat kufizuese t\u00eb vizitave t\u00eb zhb\u00ebhen tani q\u00eb procedurat kan\u00eb p\u00ebrfunduar.<\/p>\n<p>Mir\u00ebpo, krejt ndryshe mendon Prokuroria e Specializuar.<\/p>\n<p>\u201cSa i p\u00ebrket nivelit t\u00eb rrezikut, nuk ka ndonj\u00eb ndryshim material n\u00eb periudh\u00ebn midis p\u00ebrfundimit t\u00eb \u00e7\u00ebshtjes s\u00eb Prokuroris\u00eb dhe deklaratave p\u00ebrfundimtare, kundrejt periudh\u00ebs midis deklaratave p\u00ebrfundimtare dhe shpalljes s\u00eb vendimit. T\u00ebrheqja e deklarat\u00ebs dhe\/ose hakmarrja jan\u00eb po aq t\u00eb mundshme gjat\u00eb t\u00eb dyja periudhave. Pal\u00ebt e treta mbeten me nxitjen p\u00ebr t\u00eb nd\u00ebrhyr\u00eb te d\u00ebshmitar\u00ebt, mbi provat e t\u00eb cil\u00ebve mund t\u00eb mb\u00ebshtetet vendimi p\u00ebr t\u00eb futur gjetje faj\u00ebsie, dhe p\u00ebr t\u2019u hakmarr\u00eb kund\u00ebr tyre. T\u00eb pakt\u00ebn, regjimi i autorizuar [I REDAKTUAR] duhet t\u00eb mbetet n\u00eb fuqi, derisa t\u00eb jepet vendimi\u201d, thuhet nga Prokuroria Speciale.<\/p>\n<p>Vazhdimi i nj\u00eb mase t\u00eb till\u00eb, vler\u00ebsohet si jo e arsyeshme.<\/p>\n<p>\u201cAbsolutisht jo proporcionale dhe n\u00eb shp\u00ebrputhje edhe me vet ligjin por edhe me praktikat e Gjykat\u00ebs Evropiane p\u00ebr t\u00eb Drejtat e Njeriut, sepse n\u00eb instanc\u00eb t\u00eb fundit jo vet\u00ebm k\u00ebto kufizime, mir\u00ebpo kam p\u00ebrshtypjen dhe jam i bindur se edhe masa e paraburgimit n\u00eb vetvete, si masa m\u00eb e ashp\u00ebr p\u00ebr sigurimin e prezenc\u00ebs s\u00eb t\u00eb pandehurit procedur\u00eb, n\u00eb rast se jo m\u00eb her\u00ebt, s\u00eb paku nga fillimi i prillit t\u00eb viti q\u00eb shkoi, nuk ka asnj\u00eb arsye ligjore q\u00eb t\u00eb nj\u00ebjt\u00ebve t\u2019iu vazhdohet kjo mas\u00eb\u201d, shprehet avokati Ardian Bajraktari.<\/p>\n<p>N\u00eb kuad\u00ebr t\u00eb k\u00ebsaj, ngritet si shqet\u00ebsim edhe mungesa e hap\u00ebsir\u00ebs p\u00ebr atakim t\u00eb gjyqtar\u00ebve n\u00eb aspektin disiplinor t\u00eb gjyqtar\u00ebve brenda Dhomave t\u00eb Specializuara t\u00eb Kosov\u00ebs.<\/p>\n<p>\u201c\u00cbsht\u00eb absurde n\u00eb faz\u00ebn ku tash e kemi k\u00ebshillimin dhe votimin trupit gjykues, pra jan\u00eb duke u k\u00ebshilluar mes vete p\u00ebr ta nxjerr\u00eb nj\u00eb aktgjykim, q\u00eb presim t\u00eb jet\u00eb lirues, t\u00eb vendosen masa kufizuese ndaj t\u00eb paraburgosurve krerev\u00eb t\u00eb U\u00c7K-s\u00eb, q\u00eb p\u00ebr mendimin tim prej kur Prokuroria i ka kryer d\u00ebshmitar\u00ebt, ka qen\u00eb dashur q\u00eb t\u2019iu z\u00ebvend\u00ebsohet masa e paraburgimit me arrest sht\u00ebpiak apo mbrojtje n\u00eb liri. Megjithat\u00eb, duhet ta themi se Dhomat e Specializuara, vet Tr\u00ebndafilova dhe vet gjyqtar\u00ebt por edhe prokuror\u00ebt, nuk e kan\u00eb pas\u00eb nj\u00eb K\u00ebshill Gjyq\u00ebsor apo nj\u00eb K\u00ebshill Prokurorial brenda Dhomave t\u00eb Specializuara, q\u00eb do t\u00eb kishin mund\u00ebsi ekipet mbrojt\u00ebse t\u2019i paraqes\u00eb p\u00ebr shkelje disiplinore, t\u00eb etik\u00ebs por edhe shkelje ligjore\u201d, thotw Xhevdet Smakiqi \u2013avokat.<\/p>\n<p>Dit\u00eb m\u00eb par\u00eb, sa i p\u00ebrket vizitor\u00ebve t\u00eb Tha\u00e7i, vet\u00ebm p\u00ebr nj\u00eb person u hoq\u00ebn kufizimet n\u00eb vizita.<\/p>\n","protected":false},"excerpt":{"rendered":"<p>Prishtin\u00eb, 25 mars 2026 21:27 Nga 19 shkurti, rasti ndaj kat\u00ebrshes s\u00eb U\u00c7K-s\u00eb, konsiderohet i p\u00ebrfunduar. Pal\u00ebt jan\u00eb n\u00eb pritje t\u00eb verdiktit t\u00eb Gjykat\u00ebs Speciale<\/p>\n","protected":false},"author":7,"featured_media":39872,"comment_status":"open","ping_status":"open","sticky":false,"template":"","format":"standard","meta":{"footnotes":""},"categories":[60],"tags":[],"class_list":["post-39871","post","type-post","status-publish","format-standard","has-post-thumbnail","hentry","category-shoqerore-sq"],"yoast_head":"<!-- This site is optimized with the Yoast SEO plugin v25.3.1 - https:\/\/yoast.com\/wordpress\/plugins\/seo\/ -->\n<title>Vizitat n\u00eb qendr\u00ebn e paraburgimit n\u00eb Hag\u00eb p\u00ebr ish krer\u00ebt e U\u00c7K-s\u00eb, vazhdojn\u00eb kufizimet -<\/title>\n<meta name=\"robots\" content=\"index, follow, max-snippet:-1, max-image-preview:large, max-video-preview:-1\" \/>\n<link rel=\"canonical\" href=\"https:\/\/veritasinfo.org\/?p=39871\" \/>\n<meta property=\"og:locale\" content=\"en_US\" \/>\n<meta property=\"og:type\" content=\"article\" \/>\n<meta property=\"og:title\" content=\"Vizitat n\u00eb qendr\u00ebn e paraburgimit n\u00eb Hag\u00eb p\u00ebr ish krer\u00ebt e U\u00c7K-s\u00eb, vazhdojn\u00eb kufizimet -\" \/>\n<meta property=\"og:description\" content=\"Prishtin\u00eb, 25 mars 2026 21:27 Nga 19 shkurti, rasti ndaj kat\u00ebrshes s\u00eb U\u00c7K-s\u00eb, konsiderohet i p\u00ebrfunduar. Pal\u00ebt jan\u00eb n\u00eb pritje t\u00eb verdiktit t\u00eb Gjykat\u00ebs Speciale\" \/>\n<meta property=\"og:url\" content=\"https:\/\/veritasinfo.org\/?p=39871\" \/>\n<meta property=\"article:published_time\" content=\"2026-03-25T20:28:01+00:00\" \/>\n<meta property=\"og:image\" content=\"https:\/\/veritasinfo.org\/wp-content\/uploads\/2026\/03\/1-2.png\" \/>\n\t<meta property=\"og:image:width\" content=\"720\" \/>\n\t<meta property=\"og:image:height\" content=\"391\" \/>\n\t<meta property=\"og:image:type\" content=\"image\/png\" \/>\n<meta name=\"author\" content=\"US6\" \/>\n<meta name=\"twitter:card\" content=\"summary_large_image\" \/>\n<meta name=\"twitter:label1\" content=\"Written by\" \/>\n\t<meta name=\"twitter:data1\" content=\"US6\" \/>\n\t<meta name=\"twitter:label2\" content=\"Est. reading time\" \/>\n\t<meta name=\"twitter:data2\" content=\"3 minutes\" \/>\n<script type=\"application\/ld+json\" class=\"yoast-schema-graph\">{\"@context\":\"https:\/\/schema.org\",\"@graph\":[{\"@type\":\"WebPage\",\"@id\":\"https:\/\/veritasinfo.org\/?p=39871\",\"url\":\"https:\/\/veritasinfo.org\/?p=39871\",\"name\":\"Vizitat n\u00eb qendr\u00ebn e paraburgimit n\u00eb Hag\u00eb p\u00ebr ish krer\u00ebt e U\u00c7K-s\u00eb, vazhdojn\u00eb kufizimet -\",\"isPartOf\":{\"@id\":\"https:\/\/veritasinfo.org\/#website\"},\"primaryImageOfPage\":{\"@id\":\"https:\/\/veritasinfo.org\/?p=39871#primaryimage\"},\"image\":{\"@id\":\"https:\/\/veritasinfo.org\/?p=39871#primaryimage\"},\"thumbnailUrl\":\"https:\/\/veritasinfo.org\/wp-content\/uploads\/2026\/03\/1-2.png\",\"datePublished\":\"2026-03-25T20:28:01+00:00\",\"author\":{\"@id\":\"https:\/\/veritasinfo.org\/#\/schema\/person\/fe199eede04c3937362892b7444747cc\"},\"breadcrumb\":{\"@id\":\"https:\/\/veritasinfo.org\/?p=39871#breadcrumb\"},\"inLanguage\":\"en-US\",\"potentialAction\":[{\"@type\":\"ReadAction\",\"target\":[\"https:\/\/veritasinfo.org\/?p=39871\"]}]},{\"@type\":\"ImageObject\",\"inLanguage\":\"en-US\",\"@id\":\"https:\/\/veritasinfo.org\/?p=39871#primaryimage\",\"url\":\"https:\/\/veritasinfo.org\/wp-content\/uploads\/2026\/03\/1-2.png\",\"contentUrl\":\"https:\/\/veritasinfo.org\/wp-content\/uploads\/2026\/03\/1-2.png\",\"width\":720,\"height\":391},{\"@type\":\"BreadcrumbList\",\"@id\":\"https:\/\/veritasinfo.org\/?p=39871#breadcrumb\",\"itemListElement\":[{\"@type\":\"ListItem\",\"position\":1,\"name\":\"Home\",\"item\":\"https:\/\/veritasinfo.org\/\"},{\"@type\":\"ListItem\",\"position\":2,\"name\":\"Vizitat n\u00eb qendr\u00ebn e paraburgimit n\u00eb Hag\u00eb p\u00ebr ish krer\u00ebt e U\u00c7K-s\u00eb, vazhdojn\u00eb kufizimet\"}]},{\"@type\":\"WebSite\",\"@id\":\"https:\/\/veritasinfo.org\/#website\",\"url\":\"https:\/\/veritasinfo.org\/\",\"name\":\"\",\"description\":\"\",\"potentialAction\":[{\"@type\":\"SearchAction\",\"target\":{\"@type\":\"EntryPoint\",\"urlTemplate\":\"https:\/\/veritasinfo.org\/?s={search_term_string}\"},\"query-input\":{\"@type\":\"PropertyValueSpecification\",\"valueRequired\":true,\"valueName\":\"search_term_string\"}}],\"inLanguage\":\"en-US\"},{\"@type\":\"Person\",\"@id\":\"https:\/\/veritasinfo.org\/#\/schema\/person\/fe199eede04c3937362892b7444747cc\",\"name\":\"US6\",\"image\":{\"@type\":\"ImageObject\",\"inLanguage\":\"en-US\",\"@id\":\"https:\/\/veritasinfo.org\/#\/schema\/person\/image\/\",\"url\":\"https:\/\/secure.gravatar.com\/avatar\/cb16c3c31c9d23b9b8c705964598220b3014e42ff51eb540ff23cefa3ae8c15f?s=96&d=mm&r=g\",\"contentUrl\":\"https:\/\/secure.gravatar.com\/avatar\/cb16c3c31c9d23b9b8c705964598220b3014e42ff51eb540ff23cefa3ae8c15f?s=96&d=mm&r=g\",\"caption\":\"US6\"},\"url\":\"https:\/\/veritasinfo.org\/?author=7\"}]}<\/script>\n<!-- \/ Yoast SEO plugin. -->","yoast_head_json":{"title":"Vizitat n\u00eb qendr\u00ebn e paraburgimit n\u00eb Hag\u00eb p\u00ebr ish krer\u00ebt e U\u00c7K-s\u00eb, vazhdojn\u00eb kufizimet -","robots":{"index":"index","follow":"follow","max-snippet":"max-snippet:-1","max-image-preview":"max-image-preview:large","max-video-preview":"max-video-preview:-1"},"canonical":"https:\/\/veritasinfo.org\/?p=39871","og_locale":"en_US","og_type":"article","og_title":"Vizitat n\u00eb qendr\u00ebn e paraburgimit n\u00eb Hag\u00eb p\u00ebr ish krer\u00ebt e U\u00c7K-s\u00eb, vazhdojn\u00eb kufizimet -","og_description":"Prishtin\u00eb, 25 mars 2026 21:27 Nga 19 shkurti, rasti ndaj kat\u00ebrshes s\u00eb U\u00c7K-s\u00eb, konsiderohet i p\u00ebrfunduar. Pal\u00ebt jan\u00eb n\u00eb pritje t\u00eb verdiktit t\u00eb Gjykat\u00ebs Speciale","og_url":"https:\/\/veritasinfo.org\/?p=39871","article_published_time":"2026-03-25T20:28:01+00:00","og_image":[{"width":720,"height":391,"url":"https:\/\/veritasinfo.org\/wp-content\/uploads\/2026\/03\/1-2.png","type":"image\/png"}],"author":"US6","twitter_card":"summary_large_image","twitter_misc":{"Written by":"US6","Est. reading time":"3 minutes"},"schema":{"@context":"https:\/\/schema.org","@graph":[{"@type":"WebPage","@id":"https:\/\/veritasinfo.org\/?p=39871","url":"https:\/\/veritasinfo.org\/?p=39871","name":"Vizitat n\u00eb qendr\u00ebn e paraburgimit n\u00eb Hag\u00eb p\u00ebr ish krer\u00ebt e U\u00c7K-s\u00eb, vazhdojn\u00eb kufizimet -","isPartOf":{"@id":"https:\/\/veritasinfo.org\/#website"},"primaryImageOfPage":{"@id":"https:\/\/veritasinfo.org\/?p=39871#primaryimage"},"image":{"@id":"https:\/\/veritasinfo.org\/?p=39871#primaryimage"},"thumbnailUrl":"https:\/\/veritasinfo.org\/wp-content\/uploads\/2026\/03\/1-2.png","datePublished":"2026-03-25T20:28:01+00:00","author":{"@id":"https:\/\/veritasinfo.org\/#\/schema\/person\/fe199eede04c3937362892b7444747cc"},"breadcrumb":{"@id":"https:\/\/veritasinfo.org\/?p=39871#breadcrumb"},"inLanguage":"en-US","potentialAction":[{"@type":"ReadAction","target":["https:\/\/veritasinfo.org\/?p=39871"]}]},{"@type":"ImageObject","inLanguage":"en-US","@id":"https:\/\/veritasinfo.org\/?p=39871#primaryimage","url":"https:\/\/veritasinfo.org\/wp-content\/uploads\/2026\/03\/1-2.png","contentUrl":"https:\/\/veritasinfo.org\/wp-content\/uploads\/2026\/03\/1-2.png","width":720,"height":391},{"@type":"BreadcrumbList","@id":"https:\/\/veritasinfo.org\/?p=39871#breadcrumb","itemListElement":[{"@type":"ListItem","position":1,"name":"Home","item":"https:\/\/veritasinfo.org\/"},{"@type":"ListItem","position":2,"name":"Vizitat n\u00eb qendr\u00ebn e paraburgimit n\u00eb Hag\u00eb p\u00ebr ish krer\u00ebt e U\u00c7K-s\u00eb, vazhdojn\u00eb kufizimet"}]},{"@type":"WebSite","@id":"https:\/\/veritasinfo.org\/#website","url":"https:\/\/veritasinfo.org\/","name":"","description":"","potentialAction":[{"@type":"SearchAction","target":{"@type":"EntryPoint","urlTemplate":"https:\/\/veritasinfo.org\/?s={search_term_string}"},"query-input":{"@type":"PropertyValueSpecification","valueRequired":true,"valueName":"search_term_string"}}],"inLanguage":"en-US"},{"@type":"Person","@id":"https:\/\/veritasinfo.org\/#\/schema\/person\/fe199eede04c3937362892b7444747cc","name":"US6","image":{"@type":"ImageObject","inLanguage":"en-US","@id":"https:\/\/veritasinfo.org\/#\/schema\/person\/image\/","url":"https:\/\/secure.gravatar.com\/avatar\/cb16c3c31c9d23b9b8c705964598220b3014e42ff51eb540ff23cefa3ae8c15f?s=96&d=mm&r=g","contentUrl":"https:\/\/secure.gravatar.com\/avatar\/cb16c3c31c9d23b9b8c705964598220b3014e42ff51eb540ff23cefa3ae8c15f?s=96&d=mm&r=g","caption":"US6"},"url":"https:\/\/veritasinfo.org\/?author=7"}]}},"featured_image_urls":{"full":["https:\/\/veritasinfo.org\/wp-content\/uploads\/2026\/03\/1-2.png",720,391,false],"thumbnail":["https:\/\/veritasinfo.org\/wp-content\/uploads\/2026\/03\/1-2-150x150.png",150,150,true],"medium":["https:\/\/veritasinfo.org\/wp-content\/uploads\/2026\/03\/1-2-300x163.png",300,163,true],"medium_large":["https:\/\/veritasinfo.org\/wp-content\/uploads\/2026\/03\/1-2.png",640,348,false],"large":["https:\/\/veritasinfo.org\/wp-content\/uploads\/2026\/03\/1-2.png",640,348,false],"1536x1536":["https:\/\/veritasinfo.org\/wp-content\/uploads\/2026\/03\/1-2.png",720,391,false],"2048x2048":["https:\/\/veritasinfo.org\/wp-content\/uploads\/2026\/03\/1-2.png",720,391,false],"kreeti-slider-full":["https:\/\/veritasinfo.org\/wp-content\/uploads\/2026\/03\/1-2.png",720,391,false],"kreeti-featured":["https:\/\/veritasinfo.org\/wp-content\/uploads\/2026\/03\/1-2.png",720,391,false],"kreeti-medium":["https:\/\/veritasinfo.org\/wp-content\/uploads\/2026\/03\/1-2.png",720,391,false],"kreeti-medium-square":["https:\/\/veritasinfo.org\/wp-content\/uploads\/2026\/03\/1-2.png",350,190,false]},"author_info":{"info":["US6"]},"category_info":"<a href=\"https:\/\/veritasinfo.org\/?cat=60\" rel=\"category\">Shoq\u00ebrore<\/a>","tag_info":"Shoq\u00ebrore","comment_count":"0","_links":{"self":[{"href":"https:\/\/veritasinfo.org\/index.php?rest_route=\/wp\/v2\/posts\/39871","targetHints":{"allow":["GET"]}}],"collection":[{"href":"https:\/\/veritasinfo.org\/index.php?rest_route=\/wp\/v2\/posts"}],"about":[{"href":"https:\/\/veritasinfo.org\/index.php?rest_route=\/wp\/v2\/types\/post"}],"author":[{"embeddable":true,"href":"https:\/\/veritasinfo.org\/index.php?rest_route=\/wp\/v2\/users\/7"}],"replies":[{"embeddable":true,"href":"https:\/\/veritasinfo.org\/index.php?rest_route=%2Fwp%2Fv2%2Fcomments&post=39871"}],"version-history":[{"count":1,"href":"https:\/\/veritasinfo.org\/index.php?rest_route=\/wp\/v2\/posts\/39871\/revisions"}],"predecessor-version":[{"id":39873,"href":"https:\/\/veritasinfo.org\/index.php?rest_route=\/wp\/v2\/posts\/39871\/revisions\/39873"}],"wp:featuredmedia":[{"embeddable":true,"href":"https:\/\/veritasinfo.org\/index.php?rest_route=\/wp\/v2\/media\/39872"}],"wp:attachment":[{"href":"https:\/\/veritasinfo.org\/index.php?rest_route=%2Fwp%2Fv2%2Fmedia&parent=39871"}],"wp:term":[{"taxonomy":"category","embeddable":true,"href":"https:\/\/veritasinfo.org\/index.php?rest_route=%2Fwp%2Fv2%2Fcategories&post=39871"},{"taxonomy":"post_tag","embeddable":true,"href":"https:\/\/veritasinfo.org\/index.php?rest_route=%2Fwp%2Fv2%2Ftags&post=39871"}],"curies":[{"name":"wp","href":"https:\/\/api.w.org\/{rel}","templated":true}]}}