{"id":3986,"date":"2025-07-16T11:22:08","date_gmt":"2025-07-16T09:22:08","guid":{"rendered":"https:\/\/veritasinfo.org\/?p=3986"},"modified":"2025-07-16T11:24:39","modified_gmt":"2025-07-16T09:24:39","slug":"specijalizovana-veca-odbacila-zahtev-odbrane-za-izuzece-delova-optuznice-protiv-tacija-i-ostalih","status":"publish","type":"post","link":"https:\/\/veritasinfo.org\/?p=3986&lang=sr","title":{"rendered":"Specijalizovana ve\u0107a odbacila zahtev odbrane za izuze\u0107e delova optu\u017enice protiv Ta\u010dija i ostalih"},"content":{"rendered":"<h6 class=\"sr-only\"><strong style=\"font-family: georgia;font-size: 16px\" data-start=\"102\" data-end=\"125\">Hag, 16. jul 2025<\/strong><\/h6>\n<div class=\"text-base my-auto mx-auto [--thread-content-margin:--spacing(4)] @[37rem]:[--thread-content-margin:--spacing(6)] @[72rem]:[--thread-content-margin:--spacing(16)] px-(--thread-content-margin)\">\n<div class=\"[--thread-content-max-width:32rem] @[34rem]:[--thread-content-max-width:40rem] @[64rem]:[--thread-content-max-width:48rem] mx-auto flex max-w-(--thread-content-max-width) flex-1 text-base gap-4 md:gap-5 lg:gap-6 group\/turn-messages focus-visible:outline-hidden\">\n<div class=\"group\/conversation-turn relative flex w-full min-w-0 flex-col agent-turn\">\n<div class=\"relative flex-col gap-1 md:gap-3\">\n<div class=\"flex max-w-full flex-col grow\">\n<div class=\"min-h-8 text-message relative flex w-full flex-col items-end gap-2 text-start break-words whitespace-normal [.text-message+&amp;]:mt-5\" dir=\"auto\" data-message-author-role=\"assistant\" data-message-id=\"3ddd77c6-d69e-4399-abfa-a9a9b5db1a18\" data-message-model-slug=\"gpt-4o\">\n<div class=\"flex w-full flex-col gap-1 empty:hidden first:pt-[3px]\">\n<div class=\"markdown prose dark:prose-invert w-full break-words light\">\n<p data-start=\"102\" data-end=\"421\">\u00a0Sudsko ve\u0107e Specijalizovanih ve\u0107a u Hagu odbacilo je zajedni\u010dki zahtev odbrane biv\u0161ih lidera OVK \u2013 Ha\u0161ima Ta\u010dija, Kadrija Veseljija, Red\u017eepa Seljimija i Jakupa Krasniqija \u2013 da se iz optu\u017enice uklone svi navodni incidenti koji, po mi\u0161ljenju odbrane, ne spadaju u period oru\u017eanog sukoba na Kosovu.<\/p>\n<p data-start=\"423\" data-end=\"766\">Odbrana je tra\u017eila da se iz optu\u017enice izbace svi doga\u0111aji koji su se navodno desili pre kraja maja 1998. godine i posle 20. juna 1999. godine, tvrde\u0107i da se oru\u017eani sukob odigravao isklju\u010divo unutar tog vremenskog okvira. Sa druge strane, Kancelarija specijalizovanog tu\u017eioca smatra da su zlo\u010dini po\u010dinjeni izme\u0111u marta 1998. i septembra 1999.<\/p>\n<p data-start=\"768\" data-end=\"1052\">Predsedavaju\u0107i sudija \u010carls Smit objasnio je da pravila procedure ne predvi\u0111aju izuze\u0107e pojedina\u010dnih \u201eta\u010daka\u201c optu\u017enice, ve\u0107 celih optu\u017ebi, ukoliko su ispunjeni uslovi predvi\u0111eni Pravilom 130. Dodao je da \u010dak i da je zahtev bio usvojen, to ne bi rezultiralo ukidanjem nijedne optu\u017ebe.<\/p>\n<p data-start=\"1054\" data-end=\"1200\">\u201ePitanje vremenskog okvira oru\u017eanog sukoba bi\u0107e razmatrano na kraju su\u0111enja, kada sudsko ve\u0107e bude odlu\u010divalo o su\u0161tini slu\u010daja\u201c, izjavio je Smit.<\/p>\n<p data-start=\"1202\" data-end=\"1408\">Dana\u0161nja odluka smatra se va\u017enom za dalji tok procesa, koji je po\u010deo 3. aprila 2023. godine. Optu\u017eeni se nalaze u pritvoru u Hagu od novembra 2020. i izjasnili su se da nisu krivi po svim ta\u010dkama optu\u017enice.<\/p>\n<p data-start=\"1410\" data-end=\"1486\">Su\u0111enje se nastavlja saslu\u0161anjem svedoka koje je predlo\u017eio Zastupnik \u017ertava.<\/p>\n<\/div>\n<\/div>\n<\/div>\n<\/div>\n<\/div>\n<\/div>\n<\/div>\n<\/div>\n","protected":false},"excerpt":{"rendered":"<p>Hag, 16. jul 2025 \u00a0Sudsko ve\u0107e Specijalizovanih ve\u0107a u Hagu odbacilo je zajedni\u010dki zahtev odbrane biv\u0161ih lidera OVK \u2013 Ha\u0161ima Ta\u010dija, Kadrija Veseljija, Red\u017eepa Seljimija<\/p>\n","protected":false},"author":1,"featured_media":3988,"comment_status":"open","ping_status":"open","sticky":false,"template":"","format":"standard","meta":{"footnotes":""},"categories":[30],"tags":[],"class_list":["post-3986","post","type-post","status-publish","format-standard","has-post-thumbnail","hentry","category-drustvo"],"yoast_head":"<!-- This site is optimized with the Yoast SEO plugin v25.3.1 - https:\/\/yoast.com\/wordpress\/plugins\/seo\/ -->\n<title>Specijalizovana ve\u0107a odbacila zahtev odbrane za izuze\u0107e delova optu\u017enice protiv Ta\u010dija i ostalih -<\/title>\n<meta name=\"robots\" content=\"index, follow, max-snippet:-1, max-image-preview:large, max-video-preview:-1\" \/>\n<link rel=\"canonical\" href=\"https:\/\/veritasinfo.org\/?p=3986&lang=sr\" \/>\n<meta property=\"og:locale\" content=\"en_US\" \/>\n<meta property=\"og:type\" content=\"article\" \/>\n<meta property=\"og:title\" content=\"Specijalizovana ve\u0107a odbacila zahtev odbrane za izuze\u0107e delova optu\u017enice protiv Ta\u010dija i ostalih -\" \/>\n<meta property=\"og:description\" content=\"Hag, 16. jul 2025 \u00a0Sudsko ve\u0107e Specijalizovanih ve\u0107a u Hagu odbacilo je zajedni\u010dki zahtev odbrane biv\u0161ih lidera OVK \u2013 Ha\u0161ima Ta\u010dija, Kadrija Veseljija, Red\u017eepa Seljimija\" \/>\n<meta property=\"og:url\" content=\"https:\/\/veritasinfo.org\/?p=3986&amp;lang=sr\" \/>\n<meta property=\"article:published_time\" content=\"2025-07-16T09:22:08+00:00\" \/>\n<meta property=\"article:modified_time\" content=\"2025-07-16T09:24:39+00:00\" \/>\n<meta property=\"og:image\" content=\"https:\/\/veritasinfo.org\/wp-content\/uploads\/2025\/07\/Thaci-dhe-te-tjeret-ne-Hage.jpg\" \/>\n\t<meta property=\"og:image:width\" content=\"1146\" \/>\n\t<meta property=\"og:image:height\" content=\"692\" \/>\n\t<meta property=\"og:image:type\" content=\"image\/jpeg\" \/>\n<meta name=\"author\" content=\"admin\" \/>\n<meta name=\"twitter:card\" content=\"summary_large_image\" \/>\n<meta name=\"twitter:label1\" content=\"Written by\" \/>\n\t<meta name=\"twitter:data1\" content=\"admin\" \/>\n\t<meta name=\"twitter:label2\" content=\"Est. reading time\" \/>\n\t<meta name=\"twitter:data2\" content=\"2 minutes\" \/>\n<script type=\"application\/ld+json\" class=\"yoast-schema-graph\">{\"@context\":\"https:\/\/schema.org\",\"@graph\":[{\"@type\":\"WebPage\",\"@id\":\"https:\/\/veritasinfo.org\/?p=3986&lang=sr\",\"url\":\"https:\/\/veritasinfo.org\/?p=3986&lang=sr\",\"name\":\"Specijalizovana ve\u0107a odbacila zahtev odbrane za izuze\u0107e delova optu\u017enice protiv Ta\u010dija i ostalih -\",\"isPartOf\":{\"@id\":\"https:\/\/veritasinfo.org\/#website\"},\"primaryImageOfPage\":{\"@id\":\"https:\/\/veritasinfo.org\/?p=3986&lang=sr#primaryimage\"},\"image\":{\"@id\":\"https:\/\/veritasinfo.org\/?p=3986&lang=sr#primaryimage\"},\"thumbnailUrl\":\"https:\/\/veritasinfo.org\/wp-content\/uploads\/2025\/07\/Thaci-dhe-te-tjeret-ne-Hage.jpg\",\"datePublished\":\"2025-07-16T09:22:08+00:00\",\"dateModified\":\"2025-07-16T09:24:39+00:00\",\"author\":{\"@id\":\"https:\/\/veritasinfo.org\/#\/schema\/person\/7701f8c088bece422266b100a712374f\"},\"breadcrumb\":{\"@id\":\"https:\/\/veritasinfo.org\/?p=3986&lang=sr#breadcrumb\"},\"inLanguage\":\"en-US\",\"potentialAction\":[{\"@type\":\"ReadAction\",\"target\":[\"https:\/\/veritasinfo.org\/?p=3986&lang=sr\"]}]},{\"@type\":\"ImageObject\",\"inLanguage\":\"en-US\",\"@id\":\"https:\/\/veritasinfo.org\/?p=3986&lang=sr#primaryimage\",\"url\":\"https:\/\/veritasinfo.org\/wp-content\/uploads\/2025\/07\/Thaci-dhe-te-tjeret-ne-Hage.jpg\",\"contentUrl\":\"https:\/\/veritasinfo.org\/wp-content\/uploads\/2025\/07\/Thaci-dhe-te-tjeret-ne-Hage.jpg\",\"width\":1146,\"height\":692},{\"@type\":\"BreadcrumbList\",\"@id\":\"https:\/\/veritasinfo.org\/?p=3986&lang=sr#breadcrumb\",\"itemListElement\":[{\"@type\":\"ListItem\",\"position\":1,\"name\":\"Home\",\"item\":\"https:\/\/veritasinfo.org\/\"},{\"@type\":\"ListItem\",\"position\":2,\"name\":\"Specijalizovana ve\u0107a odbacila zahtev odbrane za izuze\u0107e delova optu\u017enice protiv Ta\u010dija i ostalih\"}]},{\"@type\":\"WebSite\",\"@id\":\"https:\/\/veritasinfo.org\/#website\",\"url\":\"https:\/\/veritasinfo.org\/\",\"name\":\"\",\"description\":\"\",\"potentialAction\":[{\"@type\":\"SearchAction\",\"target\":{\"@type\":\"EntryPoint\",\"urlTemplate\":\"https:\/\/veritasinfo.org\/?s={search_term_string}\"},\"query-input\":{\"@type\":\"PropertyValueSpecification\",\"valueRequired\":true,\"valueName\":\"search_term_string\"}}],\"inLanguage\":\"en-US\"},{\"@type\":\"Person\",\"@id\":\"https:\/\/veritasinfo.org\/#\/schema\/person\/7701f8c088bece422266b100a712374f\",\"name\":\"admin\",\"image\":{\"@type\":\"ImageObject\",\"inLanguage\":\"en-US\",\"@id\":\"https:\/\/veritasinfo.org\/#\/schema\/person\/image\/\",\"url\":\"https:\/\/secure.gravatar.com\/avatar\/ea53aa3bf6c9a12d5fde8ce4deff43fef3885ae33cf60184161a50d6987cfd2f?s=96&d=mm&r=g\",\"contentUrl\":\"https:\/\/secure.gravatar.com\/avatar\/ea53aa3bf6c9a12d5fde8ce4deff43fef3885ae33cf60184161a50d6987cfd2f?s=96&d=mm&r=g\",\"caption\":\"admin\"},\"sameAs\":[\"https:\/\/veritasinfo.org\"],\"url\":\"https:\/\/veritasinfo.org\/?author=1\"}]}<\/script>\n<!-- \/ Yoast SEO plugin. -->","yoast_head_json":{"title":"Specijalizovana ve\u0107a odbacila zahtev odbrane za izuze\u0107e delova optu\u017enice protiv Ta\u010dija i ostalih -","robots":{"index":"index","follow":"follow","max-snippet":"max-snippet:-1","max-image-preview":"max-image-preview:large","max-video-preview":"max-video-preview:-1"},"canonical":"https:\/\/veritasinfo.org\/?p=3986&lang=sr","og_locale":"en_US","og_type":"article","og_title":"Specijalizovana ve\u0107a odbacila zahtev odbrane za izuze\u0107e delova optu\u017enice protiv Ta\u010dija i ostalih -","og_description":"Hag, 16. jul 2025 \u00a0Sudsko ve\u0107e Specijalizovanih ve\u0107a u Hagu odbacilo je zajedni\u010dki zahtev odbrane biv\u0161ih lidera OVK \u2013 Ha\u0161ima Ta\u010dija, Kadrija Veseljija, Red\u017eepa Seljimija","og_url":"https:\/\/veritasinfo.org\/?p=3986&lang=sr","article_published_time":"2025-07-16T09:22:08+00:00","article_modified_time":"2025-07-16T09:24:39+00:00","og_image":[{"width":1146,"height":692,"url":"https:\/\/veritasinfo.org\/wp-content\/uploads\/2025\/07\/Thaci-dhe-te-tjeret-ne-Hage.jpg","type":"image\/jpeg"}],"author":"admin","twitter_card":"summary_large_image","twitter_misc":{"Written by":"admin","Est. reading time":"2 minutes"},"schema":{"@context":"https:\/\/schema.org","@graph":[{"@type":"WebPage","@id":"https:\/\/veritasinfo.org\/?p=3986&lang=sr","url":"https:\/\/veritasinfo.org\/?p=3986&lang=sr","name":"Specijalizovana ve\u0107a odbacila zahtev odbrane za izuze\u0107e delova optu\u017enice protiv Ta\u010dija i ostalih -","isPartOf":{"@id":"https:\/\/veritasinfo.org\/#website"},"primaryImageOfPage":{"@id":"https:\/\/veritasinfo.org\/?p=3986&lang=sr#primaryimage"},"image":{"@id":"https:\/\/veritasinfo.org\/?p=3986&lang=sr#primaryimage"},"thumbnailUrl":"https:\/\/veritasinfo.org\/wp-content\/uploads\/2025\/07\/Thaci-dhe-te-tjeret-ne-Hage.jpg","datePublished":"2025-07-16T09:22:08+00:00","dateModified":"2025-07-16T09:24:39+00:00","author":{"@id":"https:\/\/veritasinfo.org\/#\/schema\/person\/7701f8c088bece422266b100a712374f"},"breadcrumb":{"@id":"https:\/\/veritasinfo.org\/?p=3986&lang=sr#breadcrumb"},"inLanguage":"en-US","potentialAction":[{"@type":"ReadAction","target":["https:\/\/veritasinfo.org\/?p=3986&lang=sr"]}]},{"@type":"ImageObject","inLanguage":"en-US","@id":"https:\/\/veritasinfo.org\/?p=3986&lang=sr#primaryimage","url":"https:\/\/veritasinfo.org\/wp-content\/uploads\/2025\/07\/Thaci-dhe-te-tjeret-ne-Hage.jpg","contentUrl":"https:\/\/veritasinfo.org\/wp-content\/uploads\/2025\/07\/Thaci-dhe-te-tjeret-ne-Hage.jpg","width":1146,"height":692},{"@type":"BreadcrumbList","@id":"https:\/\/veritasinfo.org\/?p=3986&lang=sr#breadcrumb","itemListElement":[{"@type":"ListItem","position":1,"name":"Home","item":"https:\/\/veritasinfo.org\/"},{"@type":"ListItem","position":2,"name":"Specijalizovana ve\u0107a odbacila zahtev odbrane za izuze\u0107e delova optu\u017enice protiv Ta\u010dija i ostalih"}]},{"@type":"WebSite","@id":"https:\/\/veritasinfo.org\/#website","url":"https:\/\/veritasinfo.org\/","name":"","description":"","potentialAction":[{"@type":"SearchAction","target":{"@type":"EntryPoint","urlTemplate":"https:\/\/veritasinfo.org\/?s={search_term_string}"},"query-input":{"@type":"PropertyValueSpecification","valueRequired":true,"valueName":"search_term_string"}}],"inLanguage":"en-US"},{"@type":"Person","@id":"https:\/\/veritasinfo.org\/#\/schema\/person\/7701f8c088bece422266b100a712374f","name":"admin","image":{"@type":"ImageObject","inLanguage":"en-US","@id":"https:\/\/veritasinfo.org\/#\/schema\/person\/image\/","url":"https:\/\/secure.gravatar.com\/avatar\/ea53aa3bf6c9a12d5fde8ce4deff43fef3885ae33cf60184161a50d6987cfd2f?s=96&d=mm&r=g","contentUrl":"https:\/\/secure.gravatar.com\/avatar\/ea53aa3bf6c9a12d5fde8ce4deff43fef3885ae33cf60184161a50d6987cfd2f?s=96&d=mm&r=g","caption":"admin"},"sameAs":["https:\/\/veritasinfo.org"],"url":"https:\/\/veritasinfo.org\/?author=1"}]}},"featured_image_urls":{"full":["https:\/\/veritasinfo.org\/wp-content\/uploads\/2025\/07\/Thaci-dhe-te-tjeret-ne-Hage.jpg",1146,692,false],"thumbnail":["https:\/\/veritasinfo.org\/wp-content\/uploads\/2025\/07\/Thaci-dhe-te-tjeret-ne-Hage-150x150.jpg",150,150,true],"medium":["https:\/\/veritasinfo.org\/wp-content\/uploads\/2025\/07\/Thaci-dhe-te-tjeret-ne-Hage-300x181.jpg",300,181,true],"medium_large":["https:\/\/veritasinfo.org\/wp-content\/uploads\/2025\/07\/Thaci-dhe-te-tjeret-ne-Hage-768x464.jpg",640,387,true],"large":["https:\/\/veritasinfo.org\/wp-content\/uploads\/2025\/07\/Thaci-dhe-te-tjeret-ne-Hage-1024x618.jpg",640,386,true],"1536x1536":["https:\/\/veritasinfo.org\/wp-content\/uploads\/2025\/07\/Thaci-dhe-te-tjeret-ne-Hage.jpg",1146,692,false],"2048x2048":["https:\/\/veritasinfo.org\/wp-content\/uploads\/2025\/07\/Thaci-dhe-te-tjeret-ne-Hage.jpg",1146,692,false],"kreeti-slider-full":["https:\/\/veritasinfo.org\/wp-content\/uploads\/2025\/07\/Thaci-dhe-te-tjeret-ne-Hage.jpg",1146,692,false],"kreeti-featured":["https:\/\/veritasinfo.org\/wp-content\/uploads\/2025\/07\/Thaci-dhe-te-tjeret-ne-Hage.jpg",1024,618,false],"kreeti-medium":["https:\/\/veritasinfo.org\/wp-content\/uploads\/2025\/07\/Thaci-dhe-te-tjeret-ne-Hage.jpg",720,435,false],"kreeti-medium-square":["https:\/\/veritasinfo.org\/wp-content\/uploads\/2025\/07\/Thaci-dhe-te-tjeret-ne-Hage.jpg",350,211,false]},"author_info":{"info":["admin"]},"category_info":"<a href=\"https:\/\/veritasinfo.org\/?cat=30&#038;lang=sr\" rel=\"category\">Dru\u0161tvo<\/a>","tag_info":"Dru\u0161tvo","comment_count":"0","_links":{"self":[{"href":"https:\/\/veritasinfo.org\/index.php?rest_route=\/wp\/v2\/posts\/3986","targetHints":{"allow":["GET"]}}],"collection":[{"href":"https:\/\/veritasinfo.org\/index.php?rest_route=\/wp\/v2\/posts"}],"about":[{"href":"https:\/\/veritasinfo.org\/index.php?rest_route=\/wp\/v2\/types\/post"}],"author":[{"embeddable":true,"href":"https:\/\/veritasinfo.org\/index.php?rest_route=\/wp\/v2\/users\/1"}],"replies":[{"embeddable":true,"href":"https:\/\/veritasinfo.org\/index.php?rest_route=%2Fwp%2Fv2%2Fcomments&post=3986"}],"version-history":[{"count":1,"href":"https:\/\/veritasinfo.org\/index.php?rest_route=\/wp\/v2\/posts\/3986\/revisions"}],"predecessor-version":[{"id":3987,"href":"https:\/\/veritasinfo.org\/index.php?rest_route=\/wp\/v2\/posts\/3986\/revisions\/3987"}],"wp:featuredmedia":[{"embeddable":true,"href":"https:\/\/veritasinfo.org\/index.php?rest_route=\/wp\/v2\/media\/3988"}],"wp:attachment":[{"href":"https:\/\/veritasinfo.org\/index.php?rest_route=%2Fwp%2Fv2%2Fmedia&parent=3986"}],"wp:term":[{"taxonomy":"category","embeddable":true,"href":"https:\/\/veritasinfo.org\/index.php?rest_route=%2Fwp%2Fv2%2Fcategories&post=3986"},{"taxonomy":"post_tag","embeddable":true,"href":"https:\/\/veritasinfo.org\/index.php?rest_route=%2Fwp%2Fv2%2Ftags&post=3986"}],"curies":[{"name":"wp","href":"https:\/\/api.w.org\/{rel}","templated":true}]}}