{"id":39836,"date":"2026-03-25T17:42:03","date_gmt":"2026-03-25T16:42:03","guid":{"rendered":"https:\/\/veritasinfo.org\/?p=39836"},"modified":"2026-03-25T17:42:03","modified_gmt":"2026-03-25T16:42:03","slug":"kushtetuesja-dekreti-i-osmanit-sprodhon-asnje-efekt-juridik","status":"publish","type":"post","link":"https:\/\/veritasinfo.org\/?p=39836","title":{"rendered":"Kushtetuesja: Dekreti i Osmanit s\u2019prodhon asnj\u00eb efekt juridik"},"content":{"rendered":"<p>Prishtin\u00eb, 25 mars 2026 17:40<\/p>\n<p>Gjykata Kushtetues e vler\u00ebsuar si t\u00eb pranueshme \u00a0k\u00ebrkes\u00ebn e paraqitur nga kryeministri i Kosov\u00ebs, Albin Kurti lidhur me dekretin e presidentes Vjosa Osmani p\u00ebr shp\u00ebrndarjen e Kuvendit.<\/p>\n<p>Aktgjykimi ka dh\u00ebn\u00eb afat 34 dit\u00eb p\u00ebr t\u00eb zhvilluar procedur\u00ebn e zgjedhjes s\u00eb presidentit<\/p>\n<div class=\"jeg_ad jeg_ad_article jnews_content_inline_ads  \">\n<div class=\"ads-wrapper align-center \"><\/div>\n<\/div>\n<p>Gjykata, nj\u00ebz\u00ebri, vendosi: I. T\u00cb DEKLAROJ\u00cb k\u00ebrkes\u00ebn t\u00eb pranueshme; II. T\u00cb KONSTATOJ\u00cb q\u00eb Dekreti [nr.24\/2026] i 6 marsit 2026 i Presidentes s\u00eb Republik\u00ebs s\u00eb Kosov\u00ebs nuk prodhon asnj\u00eb efekt juridik; III. T\u00cb KONSTATOJ\u00cb q\u00eb deputet\u00ebt e Kuvendit t\u00eb Republik\u00ebs s\u00eb Kosov\u00ebs nga dita e hyrjes n\u00eb fuqi t\u00eb k\u00ebtij Aktgjykimi kan\u00eb tridhjet\u00eb e kat\u00ebr (34) dit\u00eb p\u00ebr t\u00eb zhvilluar dhe p\u00ebrfunduar procedur\u00ebn e zgjedhjes s\u00eb Presidentit t\u00eb Republik\u00ebs s\u00eb Kosov\u00ebs;<\/p>\n<ol>\n<li>T\u00cb KONSTATOJ\u00cb q\u00eb n\u00eb rast se Kuvendi d\u00ebshton t\u00eb zgjedh\u00eb Presidentin brenda periudh\u00ebs s\u00eb p\u00ebrcaktuar n\u00eb pik\u00ebn III t\u00eb dispozitivit t\u00eb k\u00ebtij Aktgjykimi, bazuar n\u00eb n\u00ebnparagrafin 3 t\u00eb paragrafit 1 t\u00eb nenit 82 [Shp\u00ebrndarja e Kuvendit] t\u00eb Kushtetut\u00ebs s\u00eb Republik\u00ebs s\u00eb Kosov\u00ebs, Kuvendi shp\u00ebrndahet ex constitutione, dhe p\u00ebr pasoj\u00eb, zgjedhjet e parakohshme p\u00ebr Kuvend duhet t\u00eb zhvillohen brenda dyzet e pes\u00eb (45) dit\u00ebsh, ashtu si\u00e7 p\u00ebrcaktohet me paragrafin 2 t\u00eb nenit 66 [Zgjedhja dhe Mandati] dhe paragrafin 6 t\u00eb nenit 86 [Zgjedhja e Presidentit] t\u00eb Kushtetut\u00ebs s\u00eb Republik\u00ebs s\u00eb Kosov\u00ebs;<\/li>\n<\/ol>\n<p>T\u00cb KONSTATOJ\u00cb q\u00eb Vendimi i Gjykat\u00ebs p\u00ebr vendosjen e mas\u00ebs s\u00eb p\u00ebrkohshme, i 9 marsit 2026 shfuqizohet me hyrjen n\u00eb fuqi t\u00eb k\u00ebtij Aktgjykimi;<\/p>\n<ol>\n<li>T\u2019UA KUMTOJ\u00cb k\u00ebt\u00eb Aktgjykim pal\u00ebve; VII. TA PUBLIKOJ\u00cb k\u00ebt\u00eb Aktgjykim n\u00eb Gazet\u00ebn Zyrtare t\u00eb Republik\u00ebs s\u00eb Kosov\u00ebs, n\u00eb pajtim me paragrafin 4 t\u00eb nenit 20 (Vendimet) t\u00eb Ligjit Nr. 03\/L-121 p\u00ebr Gjykat\u00ebn Kushtetuese t\u00eb Republik\u00ebs s\u00eb Kosov\u00ebs; VIII. T\u00cb KONSTATOJ\u00cb q\u00eb ky Aktgjykim hyn n\u00eb fuqi menj\u00ebher\u00eb.<\/li>\n<\/ol>\n<p>&nbsp;<\/p>\n<p>&nbsp;<\/p>\n<p>Njoftim p\u00ebr publikimin e aktgjykimit KO72\/26 dhe KO74\/26<\/p>\n<p>Gjykata Kushtetuese e Republik\u00ebs s\u00eb Kosov\u00ebs, m\u00eb 25 mars 2026, ka vendosur p\u00ebr k\u00ebrkesat e<br \/>\nbashkuara n\u00eb rastet KO72\/26, t\u00eb parashtruar nga Kryeministri i Republik\u00ebs s\u00eb Kosov\u00ebs,<br \/>\nz. Albin Kurti, n\u00eb em\u00ebr t\u00eb Qeveris\u00eb s\u00eb Republik\u00ebs s\u00eb Kosov\u00ebs dhe KO74\/26, t\u00eb parashtruar nga<br \/>\nznj. Arb\u00ebrie Nagavci dhe 30 (tridhjet\u00eb) deputet\u00eb t\u00eb tjer\u00eb t\u00eb Kuvendit t\u00eb Republik\u00ebs s\u00eb Kosov\u00ebs,<br \/>\nbazuar n\u00eb autorizimet e p\u00ebrcaktuara me paragrafin 2 t\u00eb nenit 113 [Juridiksioni dhe Pal\u00ebt e<br \/>\nAutorizuara] t\u00eb Kushtetut\u00ebs s\u00eb Republik\u00ebs s\u00eb Kosov\u00ebs, n\u00ebp\u00ebrmjet s\u00eb cil\u00ebs \u00ebsht\u00eb k\u00ebrkuar<br \/>\nvler\u00ebsimi i kushtetutshm\u00ebris\u00eb \u201cs\u00eb dekretit nr. 24\/2026 t\u00eb dat\u00ebs 06.03.2026, t\u00eb Presidentes s\u00eb<br \/>\nRepublik\u00ebs s\u00eb Kosov\u00ebs, lidhur me shp\u00ebrndarjen e Kuvendit t\u00eb Republik\u00ebs s\u00eb Kosov\u00ebs.\u201d<br \/>\nGjykata, nj\u00ebz\u00ebri, vendosi:<br \/>\nI. T\u00cb DEKLAROJ\u00cb k\u00ebrkes\u00ebn t\u00eb pranueshme;<br \/>\nII. T\u00cb KONSTATOJ\u00cb q\u00eb Dekreti [nr.24\/2026] i 6 marsit 2026 i Presidentes s\u00eb Republik\u00ebs<br \/>\ns\u00eb Kosov\u00ebs nuk prodhon asnj\u00eb efekt juridik;<br \/>\nIII. T\u00cb KONSTATOJ\u00cb q\u00eb deputet\u00ebt e Kuvendit t\u00eb Republik\u00ebs s\u00eb Kosov\u00ebs nga dita e hyrjes<br \/>\nn\u00eb fuqi t\u00eb k\u00ebtij Aktgjykimi kan\u00eb tridhjet\u00eb e kat\u00ebr (34) dit\u00eb p\u00ebr t\u00eb zhvilluar dhe<br \/>\np\u00ebrfunduar procedur\u00ebn e zgjedhjes s\u00eb Presidentit t\u00eb Republik\u00ebs s\u00eb Kosov\u00ebs;<br \/>\nIV. T\u00cb KONSTATOJ\u00cb q\u00eb n\u00eb rast se Kuvendi d\u00ebshton t\u00eb zgjedh\u00eb Presidentin brenda<br \/>\nperiudh\u00ebs s\u00eb p\u00ebrcaktuar n\u00eb pik\u00ebn III t\u00eb dispozitivit t\u00eb k\u00ebtij Aktgjykimi, bazuar n\u00eb<br \/>\nn\u00ebnparagrafin 3 t\u00eb paragrafit 1 t\u00eb nenit 82 [Shp\u00ebrndarja e Kuvendit] t\u00eb Kushtetut\u00ebs s\u00eb<br \/>\nRepublik\u00ebs s\u00eb Kosov\u00ebs, Kuvendi shp\u00ebrndahet ex constitutione, dhe p\u00ebr pasoj\u00eb,<br \/>\nzgjedhjet e parakohshme p\u00ebr Kuvend duhet t\u00eb zhvillohen brenda dyzet e pes\u00eb (45)<br \/>\ndit\u00ebsh, ashtu si\u00e7 p\u00ebrcaktohet me paragrafin 2 t\u00eb nenit 66 [Zgjedhja dhe Mandati] dhe<br \/>\nparagrafin 6 t\u00eb nenit 86 [Zgjedhja e Presidentit] t\u00eb Kushtetut\u00ebs s\u00eb Republik\u00ebs s\u00eb Kosov\u00ebs.<\/p>\n<p>V. T\u00cb KONSTATOJ\u00cb q\u00eb Vendimi i Gjykat\u00ebs p\u00ebr vendosjen e mas\u00ebs s\u00eb p\u00ebrkohshme, i 9<br \/>\nmarsit 2026 shfuqizohet me hyrjen n\u00eb fuqi t\u00eb k\u00ebtij Aktgjykimi;<br \/>\nVI. T\u2019UA KUMTOJ\u00cb k\u00ebt\u00eb Aktgjykim pal\u00ebve;<br \/>\nVII. TA PUBLIKOJ\u00cb k\u00ebt\u00eb Aktgjykim n\u00eb Gazet\u00ebn Zyrtare t\u00eb Republik\u00ebs s\u00eb Kosov\u00ebs, n\u00eb<br \/>\npajtim me paragrafin 4 t\u00eb nenit 20 (Vendimet) t\u00eb Ligjit Nr. 03\/L-121 p\u00ebr Gjykat\u00ebn<br \/>\nKushtetuese t\u00eb Republik\u00ebs s\u00eb Kosov\u00ebs;<br \/>\nVIII. T\u00cb KONSTATOJ\u00cb q\u00eb ky Aktgjykim hyn n\u00eb fuqi menj\u00ebher\u00eb<\/p>\n","protected":false},"excerpt":{"rendered":"<p>Prishtin\u00eb, 25 mars 2026 17:40 Gjykata Kushtetues e vler\u00ebsuar si t\u00eb pranueshme \u00a0k\u00ebrkes\u00ebn e paraqitur nga kryeministri i Kosov\u00ebs, Albin Kurti lidhur me dekretin e<\/p>\n","protected":false},"author":7,"featured_media":39837,"comment_status":"open","ping_status":"open","sticky":false,"template":"","format":"standard","meta":{"footnotes":""},"categories":[60],"tags":[],"class_list":["post-39836","post","type-post","status-publish","format-standard","has-post-thumbnail","hentry","category-shoqerore-sq"],"yoast_head":"<!-- This site is optimized with the Yoast SEO plugin v25.3.1 - https:\/\/yoast.com\/wordpress\/plugins\/seo\/ -->\n<title>Kushtetuesja: Dekreti i Osmanit s\u2019prodhon asnj\u00eb efekt juridik -<\/title>\n<meta name=\"robots\" content=\"index, follow, max-snippet:-1, max-image-preview:large, max-video-preview:-1\" \/>\n<link rel=\"canonical\" href=\"https:\/\/veritasinfo.org\/?p=39836\" \/>\n<meta property=\"og:locale\" content=\"en_US\" \/>\n<meta property=\"og:type\" content=\"article\" \/>\n<meta property=\"og:title\" content=\"Kushtetuesja: Dekreti i Osmanit s\u2019prodhon asnj\u00eb efekt juridik -\" \/>\n<meta property=\"og:description\" content=\"Prishtin\u00eb, 25 mars 2026 17:40 Gjykata Kushtetues e vler\u00ebsuar si t\u00eb pranueshme \u00a0k\u00ebrkes\u00ebn e paraqitur nga kryeministri i Kosov\u00ebs, Albin Kurti lidhur me dekretin e\" \/>\n<meta property=\"og:url\" content=\"https:\/\/veritasinfo.org\/?p=39836\" \/>\n<meta property=\"article:published_time\" content=\"2026-03-25T16:42:03+00:00\" \/>\n<meta property=\"og:image\" content=\"https:\/\/veritasinfo.org\/wp-content\/uploads\/2026\/03\/340629551_975229967163071_757760679810228607_n.jpg\" \/>\n\t<meta property=\"og:image:width\" content=\"1125\" \/>\n\t<meta property=\"og:image:height\" content=\"844\" \/>\n\t<meta property=\"og:image:type\" content=\"image\/jpeg\" \/>\n<meta name=\"author\" content=\"US6\" \/>\n<meta name=\"twitter:card\" content=\"summary_large_image\" \/>\n<meta name=\"twitter:label1\" content=\"Written by\" \/>\n\t<meta name=\"twitter:data1\" content=\"US6\" \/>\n\t<meta name=\"twitter:label2\" content=\"Est. reading time\" \/>\n\t<meta name=\"twitter:data2\" content=\"3 minutes\" \/>\n<script type=\"application\/ld+json\" class=\"yoast-schema-graph\">{\"@context\":\"https:\/\/schema.org\",\"@graph\":[{\"@type\":\"WebPage\",\"@id\":\"https:\/\/veritasinfo.org\/?p=39836\",\"url\":\"https:\/\/veritasinfo.org\/?p=39836\",\"name\":\"Kushtetuesja: Dekreti i Osmanit s\u2019prodhon asnj\u00eb efekt juridik -\",\"isPartOf\":{\"@id\":\"https:\/\/veritasinfo.org\/#website\"},\"primaryImageOfPage\":{\"@id\":\"https:\/\/veritasinfo.org\/?p=39836#primaryimage\"},\"image\":{\"@id\":\"https:\/\/veritasinfo.org\/?p=39836#primaryimage\"},\"thumbnailUrl\":\"https:\/\/veritasinfo.org\/wp-content\/uploads\/2026\/03\/340629551_975229967163071_757760679810228607_n.jpg\",\"datePublished\":\"2026-03-25T16:42:03+00:00\",\"author\":{\"@id\":\"https:\/\/veritasinfo.org\/#\/schema\/person\/fe199eede04c3937362892b7444747cc\"},\"breadcrumb\":{\"@id\":\"https:\/\/veritasinfo.org\/?p=39836#breadcrumb\"},\"inLanguage\":\"en-US\",\"potentialAction\":[{\"@type\":\"ReadAction\",\"target\":[\"https:\/\/veritasinfo.org\/?p=39836\"]}]},{\"@type\":\"ImageObject\",\"inLanguage\":\"en-US\",\"@id\":\"https:\/\/veritasinfo.org\/?p=39836#primaryimage\",\"url\":\"https:\/\/veritasinfo.org\/wp-content\/uploads\/2026\/03\/340629551_975229967163071_757760679810228607_n.jpg\",\"contentUrl\":\"https:\/\/veritasinfo.org\/wp-content\/uploads\/2026\/03\/340629551_975229967163071_757760679810228607_n.jpg\",\"width\":1125,\"height\":844},{\"@type\":\"BreadcrumbList\",\"@id\":\"https:\/\/veritasinfo.org\/?p=39836#breadcrumb\",\"itemListElement\":[{\"@type\":\"ListItem\",\"position\":1,\"name\":\"Home\",\"item\":\"https:\/\/veritasinfo.org\/\"},{\"@type\":\"ListItem\",\"position\":2,\"name\":\"Kushtetuesja: Dekreti i Osmanit s\u2019prodhon asnj\u00eb efekt juridik\"}]},{\"@type\":\"WebSite\",\"@id\":\"https:\/\/veritasinfo.org\/#website\",\"url\":\"https:\/\/veritasinfo.org\/\",\"name\":\"\",\"description\":\"\",\"potentialAction\":[{\"@type\":\"SearchAction\",\"target\":{\"@type\":\"EntryPoint\",\"urlTemplate\":\"https:\/\/veritasinfo.org\/?s={search_term_string}\"},\"query-input\":{\"@type\":\"PropertyValueSpecification\",\"valueRequired\":true,\"valueName\":\"search_term_string\"}}],\"inLanguage\":\"en-US\"},{\"@type\":\"Person\",\"@id\":\"https:\/\/veritasinfo.org\/#\/schema\/person\/fe199eede04c3937362892b7444747cc\",\"name\":\"US6\",\"image\":{\"@type\":\"ImageObject\",\"inLanguage\":\"en-US\",\"@id\":\"https:\/\/veritasinfo.org\/#\/schema\/person\/image\/\",\"url\":\"https:\/\/secure.gravatar.com\/avatar\/cb16c3c31c9d23b9b8c705964598220b3014e42ff51eb540ff23cefa3ae8c15f?s=96&d=mm&r=g\",\"contentUrl\":\"https:\/\/secure.gravatar.com\/avatar\/cb16c3c31c9d23b9b8c705964598220b3014e42ff51eb540ff23cefa3ae8c15f?s=96&d=mm&r=g\",\"caption\":\"US6\"},\"url\":\"https:\/\/veritasinfo.org\/?author=7\"}]}<\/script>\n<!-- \/ Yoast SEO plugin. -->","yoast_head_json":{"title":"Kushtetuesja: Dekreti i Osmanit s\u2019prodhon asnj\u00eb efekt juridik -","robots":{"index":"index","follow":"follow","max-snippet":"max-snippet:-1","max-image-preview":"max-image-preview:large","max-video-preview":"max-video-preview:-1"},"canonical":"https:\/\/veritasinfo.org\/?p=39836","og_locale":"en_US","og_type":"article","og_title":"Kushtetuesja: Dekreti i Osmanit s\u2019prodhon asnj\u00eb efekt juridik -","og_description":"Prishtin\u00eb, 25 mars 2026 17:40 Gjykata Kushtetues e vler\u00ebsuar si t\u00eb pranueshme \u00a0k\u00ebrkes\u00ebn e paraqitur nga kryeministri i Kosov\u00ebs, Albin Kurti lidhur me dekretin e","og_url":"https:\/\/veritasinfo.org\/?p=39836","article_published_time":"2026-03-25T16:42:03+00:00","og_image":[{"width":1125,"height":844,"url":"https:\/\/veritasinfo.org\/wp-content\/uploads\/2026\/03\/340629551_975229967163071_757760679810228607_n.jpg","type":"image\/jpeg"}],"author":"US6","twitter_card":"summary_large_image","twitter_misc":{"Written by":"US6","Est. reading time":"3 minutes"},"schema":{"@context":"https:\/\/schema.org","@graph":[{"@type":"WebPage","@id":"https:\/\/veritasinfo.org\/?p=39836","url":"https:\/\/veritasinfo.org\/?p=39836","name":"Kushtetuesja: Dekreti i Osmanit s\u2019prodhon asnj\u00eb efekt juridik -","isPartOf":{"@id":"https:\/\/veritasinfo.org\/#website"},"primaryImageOfPage":{"@id":"https:\/\/veritasinfo.org\/?p=39836#primaryimage"},"image":{"@id":"https:\/\/veritasinfo.org\/?p=39836#primaryimage"},"thumbnailUrl":"https:\/\/veritasinfo.org\/wp-content\/uploads\/2026\/03\/340629551_975229967163071_757760679810228607_n.jpg","datePublished":"2026-03-25T16:42:03+00:00","author":{"@id":"https:\/\/veritasinfo.org\/#\/schema\/person\/fe199eede04c3937362892b7444747cc"},"breadcrumb":{"@id":"https:\/\/veritasinfo.org\/?p=39836#breadcrumb"},"inLanguage":"en-US","potentialAction":[{"@type":"ReadAction","target":["https:\/\/veritasinfo.org\/?p=39836"]}]},{"@type":"ImageObject","inLanguage":"en-US","@id":"https:\/\/veritasinfo.org\/?p=39836#primaryimage","url":"https:\/\/veritasinfo.org\/wp-content\/uploads\/2026\/03\/340629551_975229967163071_757760679810228607_n.jpg","contentUrl":"https:\/\/veritasinfo.org\/wp-content\/uploads\/2026\/03\/340629551_975229967163071_757760679810228607_n.jpg","width":1125,"height":844},{"@type":"BreadcrumbList","@id":"https:\/\/veritasinfo.org\/?p=39836#breadcrumb","itemListElement":[{"@type":"ListItem","position":1,"name":"Home","item":"https:\/\/veritasinfo.org\/"},{"@type":"ListItem","position":2,"name":"Kushtetuesja: Dekreti i Osmanit s\u2019prodhon asnj\u00eb efekt juridik"}]},{"@type":"WebSite","@id":"https:\/\/veritasinfo.org\/#website","url":"https:\/\/veritasinfo.org\/","name":"","description":"","potentialAction":[{"@type":"SearchAction","target":{"@type":"EntryPoint","urlTemplate":"https:\/\/veritasinfo.org\/?s={search_term_string}"},"query-input":{"@type":"PropertyValueSpecification","valueRequired":true,"valueName":"search_term_string"}}],"inLanguage":"en-US"},{"@type":"Person","@id":"https:\/\/veritasinfo.org\/#\/schema\/person\/fe199eede04c3937362892b7444747cc","name":"US6","image":{"@type":"ImageObject","inLanguage":"en-US","@id":"https:\/\/veritasinfo.org\/#\/schema\/person\/image\/","url":"https:\/\/secure.gravatar.com\/avatar\/cb16c3c31c9d23b9b8c705964598220b3014e42ff51eb540ff23cefa3ae8c15f?s=96&d=mm&r=g","contentUrl":"https:\/\/secure.gravatar.com\/avatar\/cb16c3c31c9d23b9b8c705964598220b3014e42ff51eb540ff23cefa3ae8c15f?s=96&d=mm&r=g","caption":"US6"},"url":"https:\/\/veritasinfo.org\/?author=7"}]}},"featured_image_urls":{"full":["https:\/\/veritasinfo.org\/wp-content\/uploads\/2026\/03\/340629551_975229967163071_757760679810228607_n.jpg",1125,844,false],"thumbnail":["https:\/\/veritasinfo.org\/wp-content\/uploads\/2026\/03\/340629551_975229967163071_757760679810228607_n-150x150.jpg",150,150,true],"medium":["https:\/\/veritasinfo.org\/wp-content\/uploads\/2026\/03\/340629551_975229967163071_757760679810228607_n-300x225.jpg",300,225,true],"medium_large":["https:\/\/veritasinfo.org\/wp-content\/uploads\/2026\/03\/340629551_975229967163071_757760679810228607_n-768x576.jpg",640,480,true],"large":["https:\/\/veritasinfo.org\/wp-content\/uploads\/2026\/03\/340629551_975229967163071_757760679810228607_n-1024x768.jpg",640,480,true],"1536x1536":["https:\/\/veritasinfo.org\/wp-content\/uploads\/2026\/03\/340629551_975229967163071_757760679810228607_n.jpg",1125,844,false],"2048x2048":["https:\/\/veritasinfo.org\/wp-content\/uploads\/2026\/03\/340629551_975229967163071_757760679810228607_n.jpg",1125,844,false],"kreeti-slider-full":["https:\/\/veritasinfo.org\/wp-content\/uploads\/2026\/03\/340629551_975229967163071_757760679810228607_n.jpg",960,720,false],"kreeti-featured":["https:\/\/veritasinfo.org\/wp-content\/uploads\/2026\/03\/340629551_975229967163071_757760679810228607_n.jpg",1024,768,false],"kreeti-medium":["https:\/\/veritasinfo.org\/wp-content\/uploads\/2026\/03\/340629551_975229967163071_757760679810228607_n.jpg",706,530,false],"kreeti-medium-square":["https:\/\/veritasinfo.org\/wp-content\/uploads\/2026\/03\/340629551_975229967163071_757760679810228607_n.jpg",350,263,false]},"author_info":{"info":["US6"]},"category_info":"<a href=\"https:\/\/veritasinfo.org\/?cat=60\" rel=\"category\">Shoq\u00ebrore<\/a>","tag_info":"Shoq\u00ebrore","comment_count":"0","_links":{"self":[{"href":"https:\/\/veritasinfo.org\/index.php?rest_route=\/wp\/v2\/posts\/39836","targetHints":{"allow":["GET"]}}],"collection":[{"href":"https:\/\/veritasinfo.org\/index.php?rest_route=\/wp\/v2\/posts"}],"about":[{"href":"https:\/\/veritasinfo.org\/index.php?rest_route=\/wp\/v2\/types\/post"}],"author":[{"embeddable":true,"href":"https:\/\/veritasinfo.org\/index.php?rest_route=\/wp\/v2\/users\/7"}],"replies":[{"embeddable":true,"href":"https:\/\/veritasinfo.org\/index.php?rest_route=%2Fwp%2Fv2%2Fcomments&post=39836"}],"version-history":[{"count":1,"href":"https:\/\/veritasinfo.org\/index.php?rest_route=\/wp\/v2\/posts\/39836\/revisions"}],"predecessor-version":[{"id":39838,"href":"https:\/\/veritasinfo.org\/index.php?rest_route=\/wp\/v2\/posts\/39836\/revisions\/39838"}],"wp:featuredmedia":[{"embeddable":true,"href":"https:\/\/veritasinfo.org\/index.php?rest_route=\/wp\/v2\/media\/39837"}],"wp:attachment":[{"href":"https:\/\/veritasinfo.org\/index.php?rest_route=%2Fwp%2Fv2%2Fmedia&parent=39836"}],"wp:term":[{"taxonomy":"category","embeddable":true,"href":"https:\/\/veritasinfo.org\/index.php?rest_route=%2Fwp%2Fv2%2Fcategories&post=39836"},{"taxonomy":"post_tag","embeddable":true,"href":"https:\/\/veritasinfo.org\/index.php?rest_route=%2Fwp%2Fv2%2Ftags&post=39836"}],"curies":[{"name":"wp","href":"https:\/\/api.w.org\/{rel}","templated":true}]}}