{"id":3979,"date":"2025-07-16T08:40:56","date_gmt":"2025-07-16T06:40:56","guid":{"rendered":"https:\/\/veritasinfo.org\/?p=3979"},"modified":"2025-07-16T08:40:56","modified_gmt":"2025-07-16T06:40:56","slug":"ilon-mask-deli-mapu-stope-nataliteta-u-evropi-veci-deo-kontinenta-u-crvenom-kosovo-u-najboljem-stopu","status":"publish","type":"post","link":"https:\/\/veritasinfo.org\/?p=3979&lang=sr","title":{"rendered":"Ilon Mask deli mapu stope nataliteta u Evropi: Vec\u0301i deo kontinenta u \u201ecrvenom\u201c, Kosovo u najboljem stopu"},"content":{"rendered":"<p><strong>Pri\u0161tina, 16 jul 2025<\/strong><\/p>\n<p>Milijarder i biv\u0161i saradnik ameri\u010dkog predsednika Donalda Trampa, Ilon Mask, podelio je zanimljivu mapu na svom profilu na dru\u0161tvenoj mre\u017ei X u vezi sa stanjem stope nataliteta u Evropi.<\/p>\n<p>Na mapi mo\u017eete videti evropske zemlje prema o\u010dekivanom broju dece po porodici<\/p>\n<p>Ka\u017ee se da je manje od jednog deteta \u201eizuzetno nisko\u201c, do jednog je \u201enisko\u201c, do 1,5 dece je \u201enedovoljno\u201c, do 1,9 dece je \u201eblizu zamene\u201c, a vi\u0161e od 2,1 deteta je \u201eiznad zamene\u201c.<\/p>\n<p>I kao \u0161to se mo\u017ee videti na mapi, veliki deo Evrope je \u201eu crvenom\u201c, a Ukrajina \u201ese isti\u010de po najgorem\u201c, gde je o\u010dekivani broj dece po porodici 1,0.<\/p>\n<p>U me\u0111uvremenu, u zapadnom delu Starog kontinenta, Francuska se isti\u010de sa stopom od 1,63, \u0161to je jedna od najboljih stopa u Evropi.<\/p>\n<p>Ali \u201eapsolutnim evropskim rekorderom\u201c, prema mapi, smatra se Kosovo, koje ima vi\u0161u stopu (1,9).<\/p>\n","protected":false},"excerpt":{"rendered":"<p>Pri\u0161tina, 16 jul 2025 Milijarder i biv\u0161i saradnik ameri\u010dkog predsednika Donalda Trampa, Ilon Mask, podelio je zanimljivu mapu na svom profilu na dru\u0161tvenoj mre\u017ei X<\/p>\n","protected":false},"author":2,"featured_media":3980,"comment_status":"open","ping_status":"open","sticky":false,"template":"","format":"standard","meta":{"footnotes":""},"categories":[30],"tags":[],"class_list":["post-3979","post","type-post","status-publish","format-standard","has-post-thumbnail","hentry","category-drustvo"],"yoast_head":"<!-- This site is optimized with the Yoast SEO plugin v25.3.1 - https:\/\/yoast.com\/wordpress\/plugins\/seo\/ -->\n<title>Ilon Mask deli mapu stope nataliteta u Evropi: Vec\u0301i deo kontinenta u \u201ecrvenom\u201c, Kosovo u najboljem stopu -<\/title>\n<meta name=\"robots\" content=\"index, follow, max-snippet:-1, max-image-preview:large, max-video-preview:-1\" \/>\n<link rel=\"canonical\" href=\"https:\/\/veritasinfo.org\/?p=3979&lang=sr\" \/>\n<meta property=\"og:locale\" content=\"en_US\" \/>\n<meta property=\"og:type\" content=\"article\" \/>\n<meta property=\"og:title\" content=\"Ilon Mask deli mapu stope nataliteta u Evropi: Vec\u0301i deo kontinenta u \u201ecrvenom\u201c, Kosovo u najboljem stopu -\" \/>\n<meta property=\"og:description\" content=\"Pri\u0161tina, 16 jul 2025 Milijarder i biv\u0161i saradnik ameri\u010dkog predsednika Donalda Trampa, Ilon Mask, podelio je zanimljivu mapu na svom profilu na dru\u0161tvenoj mre\u017ei X\" \/>\n<meta property=\"og:url\" content=\"https:\/\/veritasinfo.org\/?p=3979&amp;lang=sr\" \/>\n<meta property=\"article:published_time\" content=\"2025-07-16T06:40:56+00:00\" \/>\n<meta property=\"og:image\" content=\"https:\/\/veritasinfo.org\/wp-content\/uploads\/2025\/07\/harat-1.png\" \/>\n\t<meta property=\"og:image:width\" content=\"1414\" \/>\n\t<meta property=\"og:image:height\" content=\"968\" \/>\n\t<meta property=\"og:image:type\" content=\"image\/png\" \/>\n<meta name=\"author\" content=\"US1\" \/>\n<meta name=\"twitter:card\" content=\"summary_large_image\" \/>\n<meta name=\"twitter:label1\" content=\"Written by\" \/>\n\t<meta name=\"twitter:data1\" content=\"US1\" \/>\n\t<meta name=\"twitter:label2\" content=\"Est. reading time\" \/>\n\t<meta name=\"twitter:data2\" content=\"1 minute\" \/>\n<script type=\"application\/ld+json\" class=\"yoast-schema-graph\">{\"@context\":\"https:\/\/schema.org\",\"@graph\":[{\"@type\":\"WebPage\",\"@id\":\"https:\/\/veritasinfo.org\/?p=3979&lang=sr\",\"url\":\"https:\/\/veritasinfo.org\/?p=3979&lang=sr\",\"name\":\"Ilon Mask deli mapu stope nataliteta u Evropi: Vec\u0301i deo kontinenta u \u201ecrvenom\u201c, Kosovo u najboljem stopu -\",\"isPartOf\":{\"@id\":\"https:\/\/veritasinfo.org\/#website\"},\"primaryImageOfPage\":{\"@id\":\"https:\/\/veritasinfo.org\/?p=3979&lang=sr#primaryimage\"},\"image\":{\"@id\":\"https:\/\/veritasinfo.org\/?p=3979&lang=sr#primaryimage\"},\"thumbnailUrl\":\"https:\/\/veritasinfo.org\/wp-content\/uploads\/2025\/07\/harat-1.png\",\"datePublished\":\"2025-07-16T06:40:56+00:00\",\"author\":{\"@id\":\"https:\/\/veritasinfo.org\/#\/schema\/person\/c2b8be262ea994d0995addca692c5e98\"},\"breadcrumb\":{\"@id\":\"https:\/\/veritasinfo.org\/?p=3979&lang=sr#breadcrumb\"},\"inLanguage\":\"en-US\",\"potentialAction\":[{\"@type\":\"ReadAction\",\"target\":[\"https:\/\/veritasinfo.org\/?p=3979&lang=sr\"]}]},{\"@type\":\"ImageObject\",\"inLanguage\":\"en-US\",\"@id\":\"https:\/\/veritasinfo.org\/?p=3979&lang=sr#primaryimage\",\"url\":\"https:\/\/veritasinfo.org\/wp-content\/uploads\/2025\/07\/harat-1.png\",\"contentUrl\":\"https:\/\/veritasinfo.org\/wp-content\/uploads\/2025\/07\/harat-1.png\",\"width\":1414,\"height\":968},{\"@type\":\"BreadcrumbList\",\"@id\":\"https:\/\/veritasinfo.org\/?p=3979&lang=sr#breadcrumb\",\"itemListElement\":[{\"@type\":\"ListItem\",\"position\":1,\"name\":\"Home\",\"item\":\"https:\/\/veritasinfo.org\/\"},{\"@type\":\"ListItem\",\"position\":2,\"name\":\"Ilon Mask deli mapu stope nataliteta u Evropi: Vec\u0301i deo kontinenta u \u201ecrvenom\u201c, Kosovo u najboljem stopu\"}]},{\"@type\":\"WebSite\",\"@id\":\"https:\/\/veritasinfo.org\/#website\",\"url\":\"https:\/\/veritasinfo.org\/\",\"name\":\"\",\"description\":\"\",\"potentialAction\":[{\"@type\":\"SearchAction\",\"target\":{\"@type\":\"EntryPoint\",\"urlTemplate\":\"https:\/\/veritasinfo.org\/?s={search_term_string}\"},\"query-input\":{\"@type\":\"PropertyValueSpecification\",\"valueRequired\":true,\"valueName\":\"search_term_string\"}}],\"inLanguage\":\"en-US\"},{\"@type\":\"Person\",\"@id\":\"https:\/\/veritasinfo.org\/#\/schema\/person\/c2b8be262ea994d0995addca692c5e98\",\"name\":\"US1\",\"image\":{\"@type\":\"ImageObject\",\"inLanguage\":\"en-US\",\"@id\":\"https:\/\/veritasinfo.org\/#\/schema\/person\/image\/\",\"url\":\"https:\/\/secure.gravatar.com\/avatar\/4e96a59bd256abf9956eb9963ac891a47461ffb364d47b0e9aab113328fdb75b?s=96&d=mm&r=g\",\"contentUrl\":\"https:\/\/secure.gravatar.com\/avatar\/4e96a59bd256abf9956eb9963ac891a47461ffb364d47b0e9aab113328fdb75b?s=96&d=mm&r=g\",\"caption\":\"US1\"},\"url\":\"https:\/\/veritasinfo.org\/?author=2\"}]}<\/script>\n<!-- \/ Yoast SEO plugin. -->","yoast_head_json":{"title":"Ilon Mask deli mapu stope nataliteta u Evropi: Vec\u0301i deo kontinenta u \u201ecrvenom\u201c, Kosovo u najboljem stopu -","robots":{"index":"index","follow":"follow","max-snippet":"max-snippet:-1","max-image-preview":"max-image-preview:large","max-video-preview":"max-video-preview:-1"},"canonical":"https:\/\/veritasinfo.org\/?p=3979&lang=sr","og_locale":"en_US","og_type":"article","og_title":"Ilon Mask deli mapu stope nataliteta u Evropi: Vec\u0301i deo kontinenta u \u201ecrvenom\u201c, Kosovo u najboljem stopu -","og_description":"Pri\u0161tina, 16 jul 2025 Milijarder i biv\u0161i saradnik ameri\u010dkog predsednika Donalda Trampa, Ilon Mask, podelio je zanimljivu mapu na svom profilu na dru\u0161tvenoj mre\u017ei X","og_url":"https:\/\/veritasinfo.org\/?p=3979&lang=sr","article_published_time":"2025-07-16T06:40:56+00:00","og_image":[{"width":1414,"height":968,"url":"https:\/\/veritasinfo.org\/wp-content\/uploads\/2025\/07\/harat-1.png","type":"image\/png"}],"author":"US1","twitter_card":"summary_large_image","twitter_misc":{"Written by":"US1","Est. reading time":"1 minute"},"schema":{"@context":"https:\/\/schema.org","@graph":[{"@type":"WebPage","@id":"https:\/\/veritasinfo.org\/?p=3979&lang=sr","url":"https:\/\/veritasinfo.org\/?p=3979&lang=sr","name":"Ilon Mask deli mapu stope nataliteta u Evropi: Vec\u0301i deo kontinenta u \u201ecrvenom\u201c, Kosovo u najboljem stopu -","isPartOf":{"@id":"https:\/\/veritasinfo.org\/#website"},"primaryImageOfPage":{"@id":"https:\/\/veritasinfo.org\/?p=3979&lang=sr#primaryimage"},"image":{"@id":"https:\/\/veritasinfo.org\/?p=3979&lang=sr#primaryimage"},"thumbnailUrl":"https:\/\/veritasinfo.org\/wp-content\/uploads\/2025\/07\/harat-1.png","datePublished":"2025-07-16T06:40:56+00:00","author":{"@id":"https:\/\/veritasinfo.org\/#\/schema\/person\/c2b8be262ea994d0995addca692c5e98"},"breadcrumb":{"@id":"https:\/\/veritasinfo.org\/?p=3979&lang=sr#breadcrumb"},"inLanguage":"en-US","potentialAction":[{"@type":"ReadAction","target":["https:\/\/veritasinfo.org\/?p=3979&lang=sr"]}]},{"@type":"ImageObject","inLanguage":"en-US","@id":"https:\/\/veritasinfo.org\/?p=3979&lang=sr#primaryimage","url":"https:\/\/veritasinfo.org\/wp-content\/uploads\/2025\/07\/harat-1.png","contentUrl":"https:\/\/veritasinfo.org\/wp-content\/uploads\/2025\/07\/harat-1.png","width":1414,"height":968},{"@type":"BreadcrumbList","@id":"https:\/\/veritasinfo.org\/?p=3979&lang=sr#breadcrumb","itemListElement":[{"@type":"ListItem","position":1,"name":"Home","item":"https:\/\/veritasinfo.org\/"},{"@type":"ListItem","position":2,"name":"Ilon Mask deli mapu stope nataliteta u Evropi: Vec\u0301i deo kontinenta u \u201ecrvenom\u201c, Kosovo u najboljem stopu"}]},{"@type":"WebSite","@id":"https:\/\/veritasinfo.org\/#website","url":"https:\/\/veritasinfo.org\/","name":"","description":"","potentialAction":[{"@type":"SearchAction","target":{"@type":"EntryPoint","urlTemplate":"https:\/\/veritasinfo.org\/?s={search_term_string}"},"query-input":{"@type":"PropertyValueSpecification","valueRequired":true,"valueName":"search_term_string"}}],"inLanguage":"en-US"},{"@type":"Person","@id":"https:\/\/veritasinfo.org\/#\/schema\/person\/c2b8be262ea994d0995addca692c5e98","name":"US1","image":{"@type":"ImageObject","inLanguage":"en-US","@id":"https:\/\/veritasinfo.org\/#\/schema\/person\/image\/","url":"https:\/\/secure.gravatar.com\/avatar\/4e96a59bd256abf9956eb9963ac891a47461ffb364d47b0e9aab113328fdb75b?s=96&d=mm&r=g","contentUrl":"https:\/\/secure.gravatar.com\/avatar\/4e96a59bd256abf9956eb9963ac891a47461ffb364d47b0e9aab113328fdb75b?s=96&d=mm&r=g","caption":"US1"},"url":"https:\/\/veritasinfo.org\/?author=2"}]}},"featured_image_urls":{"full":["https:\/\/veritasinfo.org\/wp-content\/uploads\/2025\/07\/harat-1.png",1414,968,false],"thumbnail":["https:\/\/veritasinfo.org\/wp-content\/uploads\/2025\/07\/harat-1-150x150.png",150,150,true],"medium":["https:\/\/veritasinfo.org\/wp-content\/uploads\/2025\/07\/harat-1-300x205.png",300,205,true],"medium_large":["https:\/\/veritasinfo.org\/wp-content\/uploads\/2025\/07\/harat-1-768x526.png",640,438,true],"large":["https:\/\/veritasinfo.org\/wp-content\/uploads\/2025\/07\/harat-1-1024x701.png",640,438,true],"1536x1536":["https:\/\/veritasinfo.org\/wp-content\/uploads\/2025\/07\/harat-1.png",1414,968,false],"2048x2048":["https:\/\/veritasinfo.org\/wp-content\/uploads\/2025\/07\/harat-1.png",1414,968,false],"kreeti-slider-full":["https:\/\/veritasinfo.org\/wp-content\/uploads\/2025\/07\/harat-1.png",1052,720,false],"kreeti-featured":["https:\/\/veritasinfo.org\/wp-content\/uploads\/2025\/07\/harat-1.png",1024,701,false],"kreeti-medium":["https:\/\/veritasinfo.org\/wp-content\/uploads\/2025\/07\/harat-1.png",720,493,false],"kreeti-medium-square":["https:\/\/veritasinfo.org\/wp-content\/uploads\/2025\/07\/harat-1.png",350,240,false]},"author_info":{"info":["US1"]},"category_info":"<a href=\"https:\/\/veritasinfo.org\/?cat=30&#038;lang=sr\" rel=\"category\">Dru\u0161tvo<\/a>","tag_info":"Dru\u0161tvo","comment_count":"0","_links":{"self":[{"href":"https:\/\/veritasinfo.org\/index.php?rest_route=\/wp\/v2\/posts\/3979","targetHints":{"allow":["GET"]}}],"collection":[{"href":"https:\/\/veritasinfo.org\/index.php?rest_route=\/wp\/v2\/posts"}],"about":[{"href":"https:\/\/veritasinfo.org\/index.php?rest_route=\/wp\/v2\/types\/post"}],"author":[{"embeddable":true,"href":"https:\/\/veritasinfo.org\/index.php?rest_route=\/wp\/v2\/users\/2"}],"replies":[{"embeddable":true,"href":"https:\/\/veritasinfo.org\/index.php?rest_route=%2Fwp%2Fv2%2Fcomments&post=3979"}],"version-history":[{"count":1,"href":"https:\/\/veritasinfo.org\/index.php?rest_route=\/wp\/v2\/posts\/3979\/revisions"}],"predecessor-version":[{"id":3981,"href":"https:\/\/veritasinfo.org\/index.php?rest_route=\/wp\/v2\/posts\/3979\/revisions\/3981"}],"wp:featuredmedia":[{"embeddable":true,"href":"https:\/\/veritasinfo.org\/index.php?rest_route=\/wp\/v2\/media\/3980"}],"wp:attachment":[{"href":"https:\/\/veritasinfo.org\/index.php?rest_route=%2Fwp%2Fv2%2Fmedia&parent=3979"}],"wp:term":[{"taxonomy":"category","embeddable":true,"href":"https:\/\/veritasinfo.org\/index.php?rest_route=%2Fwp%2Fv2%2Fcategories&post=3979"},{"taxonomy":"post_tag","embeddable":true,"href":"https:\/\/veritasinfo.org\/index.php?rest_route=%2Fwp%2Fv2%2Ftags&post=3979"}],"curies":[{"name":"wp","href":"https:\/\/api.w.org\/{rel}","templated":true}]}}