{"id":39788,"date":"2026-03-25T14:40:00","date_gmt":"2026-03-25T13:40:00","guid":{"rendered":"https:\/\/veritasinfo.org\/?p=39788"},"modified":"2026-03-25T14:40:00","modified_gmt":"2026-03-25T13:40:00","slug":"ne-mungese-te-deshmitares-shtyhet-seanca-ndaj-millorad-gjokoviqit","status":"publish","type":"post","link":"https:\/\/veritasinfo.org\/?p=39788","title":{"rendered":"N\u00eb munges\u00eb t\u00eb d\u00ebshmitares, shtyhet seanca ndaj Millorad Gjokoviqit"},"content":{"rendered":"<p>Prishtin\u00eb, 25 mars 2026 14:38<\/p>\n<p>N\u00eb munges\u00eb t\u00eb d\u00ebshmitares Nurie Krasniqi, ka d\u00ebshtuar t\u00eb mbahet seanca e s\u00eb m\u00ebrkur\u00ebs n\u00eb Gjykat\u00ebn Themelore n\u00eb Prishtin\u00eb, ndaj t\u00eb akuzuarit p\u00ebr krime lufte n\u00eb Ozdrim dhe fshatrat tjera t\u00eb Pej\u00ebs, Millorad Gjokoviq.<\/p>\n<p>Nj\u00eb gj\u00eb e till\u00eb u b\u00eb e ditur nga zyra e kryetares s\u00eb trupit gjykues, Donik\u00eb Shala-Abdyli, ku u tha se d\u00ebshmitarja e ka informuar se nuk mund t\u00eb vij\u00eb, nd\u00ebrsa p\u00ebr seanc\u00ebn e radh\u00ebs do t\u00eb vij\u00eb n\u00eb shoq\u00ebrimin e policis\u00eb, raporton \u201cBetimi p\u00ebr Drejt\u00ebsi\u201d.<\/p>\n<p>Andaj, n\u00eb munges\u00eb t\u00eb kushteve seanca \u00ebsht\u00eb shtyr\u00eb p\u00ebr nj\u00eb dat\u00eb tjet\u00ebr.<\/p>\n<p>Sipas aktakuz\u00ebs s\u00eb p\u00ebrpiluar m\u00eb 23 qershor 2023, Millorad Gjokoviq akuzohet se n\u00eb vitet 1998-1999, n\u00eb fshatin Ozdrim- Komuna e Pej\u00ebs dhe n\u00eb fshatrat p\u00ebrreth regjionit t\u00eb Pej\u00ebs, si pjes\u00ebtar i forcave policore dhe ushtarake serbe, ka aplikuar masat e vrasjes, bastisjes, rrahjes, maltretimit, arrestimit, tortur\u00ebs, trajtimit n\u00eb m\u00ebnyre mizore dhe \u00e7njer\u00ebzore, mbajtjes n\u00eb kushte skllav\u00ebrie, d\u00ebbimit dhe deportimit t\u00eb dhjet\u00ebra civil\u00ebve shqiptar\u00eb. Akuzohet edhe p\u00ebr pla\u00e7kitje, djegie dhe shkat\u00ebrrimin e sht\u00ebpive t\u00eb popullsis\u00eb civile t\u00eb nacionalitetit shqiptar.<\/p>\n<p>&nbsp;<\/p>\n<p>N\u00eb aktakuz\u00eb thuhet se nga ana veriore e fshatit Ozdrim me rrug\u00ebn regjionale Pej\u00eb \u2013 Mitrovic\u00eb, kishin hyr\u00eb ushtria e rregullt dhe n\u00eb fund nga ana per\u00ebndimore e fshatit Ozdrim e cila kufizohet me fshatin Vitormiric\u00eb kishin hyr\u00eb grupet paramilitare t\u00eb p\u00ebrzier edhe me pjes\u00ebtar\u00eb t\u00eb nj\u00ebsiteve speciale ushtarake, filluan t\u00eb shtinin me arm\u00eb n\u00eb drejtim t\u00eb popullsis\u00eb civile me \u00e7\u2018rast u vran\u00eb gjasht\u00eb civil\u00eb t\u00eb nacionalitetit shqiptar\u00eb: I.K Sh.K, E.M, R.Sh, Z.Sh dhe M.H, nd\u00ebrsa tre civil\u00eb t\u00eb cil\u00ebt u plagosen nga k\u00ebto t\u00eb sht\u00ebna: A.G, H.G dhe M.G, fillimisht u transportuan p\u00ebr n\u00eb spitalin e Pej\u00ebs e m\u00eb pastaj u ekzekutuan dhe u varros\u00ebn n\u00eb fshatin Lutogllav\u00eb, si dhe pes\u00eb civil t\u00eb nacionalitetit shqiptar\u00eb: R.K, Z.K, A.K, A.K, A.Sh u vran\u00eb gjat\u00eb ofensiv\u00ebs, por asnj\u00ebher\u00eb nuk u gjet\u00ebn trupat e tyre prandaj ende figurojn\u00eb si t\u00eb zhdukur.<\/p>\n<p>Me k\u00ebt\u00eb, Gjokoviq ngarkohet se n\u00eb bashk\u00ebkryerje ka kryer vepr\u00ebn penale \u201cKrim i luft\u00ebs kund\u00ebr popullsis\u00eb civile\u201d, e sanksionuar me nenin 142 lidhur me nenin 22 t\u00eb Ligjit Penal t\u00eb ish-Republik\u00ebs Socialiste Federative t\u00eb Jugosllavis\u00eb ( tutje \u201cLP i RSFJ-s\u00eb\u201d) si ligji n\u00eb fuqi n\u00eb koh\u00ebn e kryerjes s\u00eb vepr\u00ebs penale.<\/p>\n","protected":false},"excerpt":{"rendered":"<p>Prishtin\u00eb, 25 mars 2026 14:38 N\u00eb munges\u00eb t\u00eb d\u00ebshmitares Nurie Krasniqi, ka d\u00ebshtuar t\u00eb mbahet seanca e s\u00eb m\u00ebrkur\u00ebs n\u00eb Gjykat\u00ebn Themelore n\u00eb Prishtin\u00eb, ndaj<\/p>\n","protected":false},"author":7,"featured_media":39793,"comment_status":"open","ping_status":"open","sticky":false,"template":"","format":"standard","meta":{"footnotes":""},"categories":[60],"tags":[],"class_list":["post-39788","post","type-post","status-publish","format-standard","has-post-thumbnail","hentry","category-shoqerore-sq"],"yoast_head":"<!-- This site is optimized with the Yoast SEO plugin v25.3.1 - https:\/\/yoast.com\/wordpress\/plugins\/seo\/ -->\n<title>N\u00eb munges\u00eb t\u00eb d\u00ebshmitares, shtyhet seanca ndaj Millorad Gjokoviqit -<\/title>\n<meta name=\"robots\" content=\"index, follow, max-snippet:-1, max-image-preview:large, max-video-preview:-1\" \/>\n<link rel=\"canonical\" href=\"https:\/\/veritasinfo.org\/?p=39788\" \/>\n<meta property=\"og:locale\" content=\"en_US\" \/>\n<meta property=\"og:type\" content=\"article\" \/>\n<meta property=\"og:title\" content=\"N\u00eb munges\u00eb t\u00eb d\u00ebshmitares, shtyhet seanca ndaj Millorad Gjokoviqit -\" \/>\n<meta property=\"og:description\" content=\"Prishtin\u00eb, 25 mars 2026 14:38 N\u00eb munges\u00eb t\u00eb d\u00ebshmitares Nurie Krasniqi, ka d\u00ebshtuar t\u00eb mbahet seanca e s\u00eb m\u00ebrkur\u00ebs n\u00eb Gjykat\u00ebn Themelore n\u00eb Prishtin\u00eb, ndaj\" \/>\n<meta property=\"og:url\" content=\"https:\/\/veritasinfo.org\/?p=39788\" \/>\n<meta property=\"article:published_time\" content=\"2026-03-25T13:40:00+00:00\" \/>\n<meta property=\"og:image\" content=\"https:\/\/veritasinfo.org\/wp-content\/uploads\/2026\/03\/gjykata-speciale-detyra-e-par-euml-p-euml-r-institucionet-e-reja-hd-1470931856-8016799-630x360-1.jpg\" \/>\n\t<meta property=\"og:image:width\" content=\"630\" \/>\n\t<meta property=\"og:image:height\" content=\"360\" \/>\n\t<meta property=\"og:image:type\" content=\"image\/jpeg\" \/>\n<meta name=\"author\" content=\"US6\" \/>\n<meta name=\"twitter:card\" content=\"summary_large_image\" \/>\n<meta name=\"twitter:label1\" content=\"Written by\" \/>\n\t<meta name=\"twitter:data1\" content=\"US6\" \/>\n\t<meta name=\"twitter:label2\" content=\"Est. reading time\" \/>\n\t<meta name=\"twitter:data2\" content=\"2 minutes\" \/>\n<script type=\"application\/ld+json\" class=\"yoast-schema-graph\">{\"@context\":\"https:\/\/schema.org\",\"@graph\":[{\"@type\":\"WebPage\",\"@id\":\"https:\/\/veritasinfo.org\/?p=39788\",\"url\":\"https:\/\/veritasinfo.org\/?p=39788\",\"name\":\"N\u00eb munges\u00eb t\u00eb d\u00ebshmitares, shtyhet seanca ndaj Millorad Gjokoviqit -\",\"isPartOf\":{\"@id\":\"https:\/\/veritasinfo.org\/#website\"},\"primaryImageOfPage\":{\"@id\":\"https:\/\/veritasinfo.org\/?p=39788#primaryimage\"},\"image\":{\"@id\":\"https:\/\/veritasinfo.org\/?p=39788#primaryimage\"},\"thumbnailUrl\":\"https:\/\/veritasinfo.org\/wp-content\/uploads\/2026\/03\/gjykata-speciale-detyra-e-par-euml-p-euml-r-institucionet-e-reja-hd-1470931856-8016799-630x360-1.jpg\",\"datePublished\":\"2026-03-25T13:40:00+00:00\",\"author\":{\"@id\":\"https:\/\/veritasinfo.org\/#\/schema\/person\/fe199eede04c3937362892b7444747cc\"},\"breadcrumb\":{\"@id\":\"https:\/\/veritasinfo.org\/?p=39788#breadcrumb\"},\"inLanguage\":\"en-US\",\"potentialAction\":[{\"@type\":\"ReadAction\",\"target\":[\"https:\/\/veritasinfo.org\/?p=39788\"]}]},{\"@type\":\"ImageObject\",\"inLanguage\":\"en-US\",\"@id\":\"https:\/\/veritasinfo.org\/?p=39788#primaryimage\",\"url\":\"https:\/\/veritasinfo.org\/wp-content\/uploads\/2026\/03\/gjykata-speciale-detyra-e-par-euml-p-euml-r-institucionet-e-reja-hd-1470931856-8016799-630x360-1.jpg\",\"contentUrl\":\"https:\/\/veritasinfo.org\/wp-content\/uploads\/2026\/03\/gjykata-speciale-detyra-e-par-euml-p-euml-r-institucionet-e-reja-hd-1470931856-8016799-630x360-1.jpg\",\"width\":630,\"height\":360},{\"@type\":\"BreadcrumbList\",\"@id\":\"https:\/\/veritasinfo.org\/?p=39788#breadcrumb\",\"itemListElement\":[{\"@type\":\"ListItem\",\"position\":1,\"name\":\"Home\",\"item\":\"https:\/\/veritasinfo.org\/\"},{\"@type\":\"ListItem\",\"position\":2,\"name\":\"N\u00eb munges\u00eb t\u00eb d\u00ebshmitares, shtyhet seanca ndaj Millorad Gjokoviqit\"}]},{\"@type\":\"WebSite\",\"@id\":\"https:\/\/veritasinfo.org\/#website\",\"url\":\"https:\/\/veritasinfo.org\/\",\"name\":\"\",\"description\":\"\",\"potentialAction\":[{\"@type\":\"SearchAction\",\"target\":{\"@type\":\"EntryPoint\",\"urlTemplate\":\"https:\/\/veritasinfo.org\/?s={search_term_string}\"},\"query-input\":{\"@type\":\"PropertyValueSpecification\",\"valueRequired\":true,\"valueName\":\"search_term_string\"}}],\"inLanguage\":\"en-US\"},{\"@type\":\"Person\",\"@id\":\"https:\/\/veritasinfo.org\/#\/schema\/person\/fe199eede04c3937362892b7444747cc\",\"name\":\"US6\",\"image\":{\"@type\":\"ImageObject\",\"inLanguage\":\"en-US\",\"@id\":\"https:\/\/veritasinfo.org\/#\/schema\/person\/image\/\",\"url\":\"https:\/\/secure.gravatar.com\/avatar\/cb16c3c31c9d23b9b8c705964598220b3014e42ff51eb540ff23cefa3ae8c15f?s=96&d=mm&r=g\",\"contentUrl\":\"https:\/\/secure.gravatar.com\/avatar\/cb16c3c31c9d23b9b8c705964598220b3014e42ff51eb540ff23cefa3ae8c15f?s=96&d=mm&r=g\",\"caption\":\"US6\"},\"url\":\"https:\/\/veritasinfo.org\/?author=7\"}]}<\/script>\n<!-- \/ Yoast SEO plugin. -->","yoast_head_json":{"title":"N\u00eb munges\u00eb t\u00eb d\u00ebshmitares, shtyhet seanca ndaj Millorad Gjokoviqit -","robots":{"index":"index","follow":"follow","max-snippet":"max-snippet:-1","max-image-preview":"max-image-preview:large","max-video-preview":"max-video-preview:-1"},"canonical":"https:\/\/veritasinfo.org\/?p=39788","og_locale":"en_US","og_type":"article","og_title":"N\u00eb munges\u00eb t\u00eb d\u00ebshmitares, shtyhet seanca ndaj Millorad Gjokoviqit -","og_description":"Prishtin\u00eb, 25 mars 2026 14:38 N\u00eb munges\u00eb t\u00eb d\u00ebshmitares Nurie Krasniqi, ka d\u00ebshtuar t\u00eb mbahet seanca e s\u00eb m\u00ebrkur\u00ebs n\u00eb Gjykat\u00ebn Themelore n\u00eb Prishtin\u00eb, ndaj","og_url":"https:\/\/veritasinfo.org\/?p=39788","article_published_time":"2026-03-25T13:40:00+00:00","og_image":[{"width":630,"height":360,"url":"https:\/\/veritasinfo.org\/wp-content\/uploads\/2026\/03\/gjykata-speciale-detyra-e-par-euml-p-euml-r-institucionet-e-reja-hd-1470931856-8016799-630x360-1.jpg","type":"image\/jpeg"}],"author":"US6","twitter_card":"summary_large_image","twitter_misc":{"Written by":"US6","Est. reading time":"2 minutes"},"schema":{"@context":"https:\/\/schema.org","@graph":[{"@type":"WebPage","@id":"https:\/\/veritasinfo.org\/?p=39788","url":"https:\/\/veritasinfo.org\/?p=39788","name":"N\u00eb munges\u00eb t\u00eb d\u00ebshmitares, shtyhet seanca ndaj Millorad Gjokoviqit -","isPartOf":{"@id":"https:\/\/veritasinfo.org\/#website"},"primaryImageOfPage":{"@id":"https:\/\/veritasinfo.org\/?p=39788#primaryimage"},"image":{"@id":"https:\/\/veritasinfo.org\/?p=39788#primaryimage"},"thumbnailUrl":"https:\/\/veritasinfo.org\/wp-content\/uploads\/2026\/03\/gjykata-speciale-detyra-e-par-euml-p-euml-r-institucionet-e-reja-hd-1470931856-8016799-630x360-1.jpg","datePublished":"2026-03-25T13:40:00+00:00","author":{"@id":"https:\/\/veritasinfo.org\/#\/schema\/person\/fe199eede04c3937362892b7444747cc"},"breadcrumb":{"@id":"https:\/\/veritasinfo.org\/?p=39788#breadcrumb"},"inLanguage":"en-US","potentialAction":[{"@type":"ReadAction","target":["https:\/\/veritasinfo.org\/?p=39788"]}]},{"@type":"ImageObject","inLanguage":"en-US","@id":"https:\/\/veritasinfo.org\/?p=39788#primaryimage","url":"https:\/\/veritasinfo.org\/wp-content\/uploads\/2026\/03\/gjykata-speciale-detyra-e-par-euml-p-euml-r-institucionet-e-reja-hd-1470931856-8016799-630x360-1.jpg","contentUrl":"https:\/\/veritasinfo.org\/wp-content\/uploads\/2026\/03\/gjykata-speciale-detyra-e-par-euml-p-euml-r-institucionet-e-reja-hd-1470931856-8016799-630x360-1.jpg","width":630,"height":360},{"@type":"BreadcrumbList","@id":"https:\/\/veritasinfo.org\/?p=39788#breadcrumb","itemListElement":[{"@type":"ListItem","position":1,"name":"Home","item":"https:\/\/veritasinfo.org\/"},{"@type":"ListItem","position":2,"name":"N\u00eb munges\u00eb t\u00eb d\u00ebshmitares, shtyhet seanca ndaj Millorad Gjokoviqit"}]},{"@type":"WebSite","@id":"https:\/\/veritasinfo.org\/#website","url":"https:\/\/veritasinfo.org\/","name":"","description":"","potentialAction":[{"@type":"SearchAction","target":{"@type":"EntryPoint","urlTemplate":"https:\/\/veritasinfo.org\/?s={search_term_string}"},"query-input":{"@type":"PropertyValueSpecification","valueRequired":true,"valueName":"search_term_string"}}],"inLanguage":"en-US"},{"@type":"Person","@id":"https:\/\/veritasinfo.org\/#\/schema\/person\/fe199eede04c3937362892b7444747cc","name":"US6","image":{"@type":"ImageObject","inLanguage":"en-US","@id":"https:\/\/veritasinfo.org\/#\/schema\/person\/image\/","url":"https:\/\/secure.gravatar.com\/avatar\/cb16c3c31c9d23b9b8c705964598220b3014e42ff51eb540ff23cefa3ae8c15f?s=96&d=mm&r=g","contentUrl":"https:\/\/secure.gravatar.com\/avatar\/cb16c3c31c9d23b9b8c705964598220b3014e42ff51eb540ff23cefa3ae8c15f?s=96&d=mm&r=g","caption":"US6"},"url":"https:\/\/veritasinfo.org\/?author=7"}]}},"featured_image_urls":{"full":["https:\/\/veritasinfo.org\/wp-content\/uploads\/2026\/03\/gjykata-speciale-detyra-e-par-euml-p-euml-r-institucionet-e-reja-hd-1470931856-8016799-630x360-1.jpg",630,360,false],"thumbnail":["https:\/\/veritasinfo.org\/wp-content\/uploads\/2026\/03\/gjykata-speciale-detyra-e-par-euml-p-euml-r-institucionet-e-reja-hd-1470931856-8016799-630x360-1-150x150.jpg",150,150,true],"medium":["https:\/\/veritasinfo.org\/wp-content\/uploads\/2026\/03\/gjykata-speciale-detyra-e-par-euml-p-euml-r-institucionet-e-reja-hd-1470931856-8016799-630x360-1-300x171.jpg",300,171,true],"medium_large":["https:\/\/veritasinfo.org\/wp-content\/uploads\/2026\/03\/gjykata-speciale-detyra-e-par-euml-p-euml-r-institucionet-e-reja-hd-1470931856-8016799-630x360-1.jpg",630,360,false],"large":["https:\/\/veritasinfo.org\/wp-content\/uploads\/2026\/03\/gjykata-speciale-detyra-e-par-euml-p-euml-r-institucionet-e-reja-hd-1470931856-8016799-630x360-1.jpg",630,360,false],"1536x1536":["https:\/\/veritasinfo.org\/wp-content\/uploads\/2026\/03\/gjykata-speciale-detyra-e-par-euml-p-euml-r-institucionet-e-reja-hd-1470931856-8016799-630x360-1.jpg",630,360,false],"2048x2048":["https:\/\/veritasinfo.org\/wp-content\/uploads\/2026\/03\/gjykata-speciale-detyra-e-par-euml-p-euml-r-institucionet-e-reja-hd-1470931856-8016799-630x360-1.jpg",630,360,false],"kreeti-slider-full":["https:\/\/veritasinfo.org\/wp-content\/uploads\/2026\/03\/gjykata-speciale-detyra-e-par-euml-p-euml-r-institucionet-e-reja-hd-1470931856-8016799-630x360-1.jpg",630,360,false],"kreeti-featured":["https:\/\/veritasinfo.org\/wp-content\/uploads\/2026\/03\/gjykata-speciale-detyra-e-par-euml-p-euml-r-institucionet-e-reja-hd-1470931856-8016799-630x360-1.jpg",630,360,false],"kreeti-medium":["https:\/\/veritasinfo.org\/wp-content\/uploads\/2026\/03\/gjykata-speciale-detyra-e-par-euml-p-euml-r-institucionet-e-reja-hd-1470931856-8016799-630x360-1.jpg",630,360,false],"kreeti-medium-square":["https:\/\/veritasinfo.org\/wp-content\/uploads\/2026\/03\/gjykata-speciale-detyra-e-par-euml-p-euml-r-institucionet-e-reja-hd-1470931856-8016799-630x360-1.jpg",350,200,false]},"author_info":{"info":["US6"]},"category_info":"<a href=\"https:\/\/veritasinfo.org\/?cat=60\" rel=\"category\">Shoq\u00ebrore<\/a>","tag_info":"Shoq\u00ebrore","comment_count":"0","_links":{"self":[{"href":"https:\/\/veritasinfo.org\/index.php?rest_route=\/wp\/v2\/posts\/39788","targetHints":{"allow":["GET"]}}],"collection":[{"href":"https:\/\/veritasinfo.org\/index.php?rest_route=\/wp\/v2\/posts"}],"about":[{"href":"https:\/\/veritasinfo.org\/index.php?rest_route=\/wp\/v2\/types\/post"}],"author":[{"embeddable":true,"href":"https:\/\/veritasinfo.org\/index.php?rest_route=\/wp\/v2\/users\/7"}],"replies":[{"embeddable":true,"href":"https:\/\/veritasinfo.org\/index.php?rest_route=%2Fwp%2Fv2%2Fcomments&post=39788"}],"version-history":[{"count":1,"href":"https:\/\/veritasinfo.org\/index.php?rest_route=\/wp\/v2\/posts\/39788\/revisions"}],"predecessor-version":[{"id":39794,"href":"https:\/\/veritasinfo.org\/index.php?rest_route=\/wp\/v2\/posts\/39788\/revisions\/39794"}],"wp:featuredmedia":[{"embeddable":true,"href":"https:\/\/veritasinfo.org\/index.php?rest_route=\/wp\/v2\/media\/39793"}],"wp:attachment":[{"href":"https:\/\/veritasinfo.org\/index.php?rest_route=%2Fwp%2Fv2%2Fmedia&parent=39788"}],"wp:term":[{"taxonomy":"category","embeddable":true,"href":"https:\/\/veritasinfo.org\/index.php?rest_route=%2Fwp%2Fv2%2Fcategories&post=39788"},{"taxonomy":"post_tag","embeddable":true,"href":"https:\/\/veritasinfo.org\/index.php?rest_route=%2Fwp%2Fv2%2Ftags&post=39788"}],"curies":[{"name":"wp","href":"https:\/\/api.w.org\/{rel}","templated":true}]}}