{"id":39787,"date":"2026-03-25T14:39:10","date_gmt":"2026-03-25T13:39:10","guid":{"rendered":"https:\/\/veritasinfo.org\/?p=39787"},"modified":"2026-03-25T14:39:10","modified_gmt":"2026-03-25T13:39:10","slug":"kosova-dhe-mali-i-zi-theksojne-nevojen-per-bashkepunim-ne-ceshtje-rajonale","status":"publish","type":"post","link":"https:\/\/veritasinfo.org\/?p=39787","title":{"rendered":"Kosova dhe Mali i Zi theksojn\u00eb nevoj\u00ebn p\u00ebr bashk\u00ebpunim n\u00eb \u00e7\u00ebshtje rajonale"},"content":{"rendered":"<p>Prishtin\u00eb 25 Mars 2026 14:38<\/p>\n<p>Z\u00ebvend\u00ebskryeministri i par\u00eb dhe ministri i Pun\u00ebve t\u00eb Jashtme dhe Diaspor\u00ebs, Glauk Konjufca, zhvilloi nj\u00eb takim me ambasadorin e Malit t\u00eb Zi n\u00eb Kosov\u00eb, Bernard \u00c7obaj.<\/p>\n<p>Me k\u00ebt\u00eb rast, ambasadori \u00c7obaj i p\u00ebrcolli urimet p\u00ebr marrjen e detyr\u00ebs s\u00eb re.<\/p>\n<p>Gjat\u00eb takimit u diskutua p\u00ebr r\u00ebnd\u00ebsin\u00eb e forcimit t\u00eb partneritetit nd\u00ebrmjet dy vendeve, n\u00eb ve\u00e7anti n\u00eb kontekstin e zhvillimeve aktuale gjeopolitike.<\/p>\n<p>U theksua mb\u00ebshtetja e Malit t\u00eb Zi p\u00ebr Republik\u00ebn e Kosov\u00ebs dhe nevoja p\u00ebr bashk\u00ebpunim t\u00eb ngusht\u00eb n\u00eb \u00e7\u00ebshtje rajonale.<\/p>\n<p>Republika e Kosov\u00ebs mbetet e p\u00ebrkushtuar p\u00ebr thellimin e m\u00ebtejsh\u00ebm t\u00eb marr\u00ebdh\u00ebnieve me Malin e Zi.<\/p>\n","protected":false},"excerpt":{"rendered":"<p>Prishtin\u00eb 25 Mars 2026 14:38 Z\u00ebvend\u00ebskryeministri i par\u00eb dhe ministri i Pun\u00ebve t\u00eb Jashtme dhe Diaspor\u00ebs, Glauk Konjufca, zhvilloi nj\u00eb takim me ambasadorin e Malit<\/p>\n","protected":false},"author":6,"featured_media":39789,"comment_status":"open","ping_status":"open","sticky":false,"template":"","format":"standard","meta":{"footnotes":""},"categories":[58],"tags":[],"class_list":["post-39787","post","type-post","status-publish","format-standard","has-post-thumbnail","hentry","category-politike-sq"],"yoast_head":"<!-- This site is optimized with the Yoast SEO plugin v25.3.1 - https:\/\/yoast.com\/wordpress\/plugins\/seo\/ -->\n<title>Kosova dhe Mali i Zi theksojn\u00eb nevoj\u00ebn p\u00ebr bashk\u00ebpunim n\u00eb \u00e7\u00ebshtje rajonale -<\/title>\n<meta name=\"robots\" content=\"index, follow, max-snippet:-1, max-image-preview:large, max-video-preview:-1\" \/>\n<link rel=\"canonical\" href=\"https:\/\/veritasinfo.org\/?p=39787\" \/>\n<meta property=\"og:locale\" content=\"en_US\" \/>\n<meta property=\"og:type\" content=\"article\" \/>\n<meta property=\"og:title\" content=\"Kosova dhe Mali i Zi theksojn\u00eb nevoj\u00ebn p\u00ebr bashk\u00ebpunim n\u00eb \u00e7\u00ebshtje rajonale -\" \/>\n<meta property=\"og:description\" content=\"Prishtin\u00eb 25 Mars 2026 14:38 Z\u00ebvend\u00ebskryeministri i par\u00eb dhe ministri i Pun\u00ebve t\u00eb Jashtme dhe Diaspor\u00ebs, Glauk Konjufca, zhvilloi nj\u00eb takim me ambasadorin e Malit\" \/>\n<meta property=\"og:url\" content=\"https:\/\/veritasinfo.org\/?p=39787\" \/>\n<meta property=\"article:published_time\" content=\"2026-03-25T13:39:10+00:00\" \/>\n<meta property=\"og:image\" content=\"https:\/\/veritasinfo.org\/wp-content\/uploads\/2026\/03\/konjufca-1-1-1536x1024-1.jpg\" \/>\n\t<meta property=\"og:image:width\" content=\"1536\" \/>\n\t<meta property=\"og:image:height\" content=\"1024\" \/>\n\t<meta property=\"og:image:type\" content=\"image\/jpeg\" \/>\n<meta name=\"author\" content=\"US5\" \/>\n<meta name=\"twitter:card\" content=\"summary_large_image\" \/>\n<meta name=\"twitter:label1\" content=\"Written by\" \/>\n\t<meta name=\"twitter:data1\" content=\"US5\" \/>\n\t<meta name=\"twitter:label2\" content=\"Est. reading time\" \/>\n\t<meta name=\"twitter:data2\" content=\"1 minute\" \/>\n<script type=\"application\/ld+json\" class=\"yoast-schema-graph\">{\"@context\":\"https:\/\/schema.org\",\"@graph\":[{\"@type\":\"WebPage\",\"@id\":\"https:\/\/veritasinfo.org\/?p=39787\",\"url\":\"https:\/\/veritasinfo.org\/?p=39787\",\"name\":\"Kosova dhe Mali i Zi theksojn\u00eb nevoj\u00ebn p\u00ebr bashk\u00ebpunim n\u00eb \u00e7\u00ebshtje rajonale -\",\"isPartOf\":{\"@id\":\"https:\/\/veritasinfo.org\/#website\"},\"primaryImageOfPage\":{\"@id\":\"https:\/\/veritasinfo.org\/?p=39787#primaryimage\"},\"image\":{\"@id\":\"https:\/\/veritasinfo.org\/?p=39787#primaryimage\"},\"thumbnailUrl\":\"https:\/\/veritasinfo.org\/wp-content\/uploads\/2026\/03\/konjufca-1-1-1536x1024-1.jpg\",\"datePublished\":\"2026-03-25T13:39:10+00:00\",\"author\":{\"@id\":\"https:\/\/veritasinfo.org\/#\/schema\/person\/bc442336e35414d04494ab8fb45db4c6\"},\"breadcrumb\":{\"@id\":\"https:\/\/veritasinfo.org\/?p=39787#breadcrumb\"},\"inLanguage\":\"en-US\",\"potentialAction\":[{\"@type\":\"ReadAction\",\"target\":[\"https:\/\/veritasinfo.org\/?p=39787\"]}]},{\"@type\":\"ImageObject\",\"inLanguage\":\"en-US\",\"@id\":\"https:\/\/veritasinfo.org\/?p=39787#primaryimage\",\"url\":\"https:\/\/veritasinfo.org\/wp-content\/uploads\/2026\/03\/konjufca-1-1-1536x1024-1.jpg\",\"contentUrl\":\"https:\/\/veritasinfo.org\/wp-content\/uploads\/2026\/03\/konjufca-1-1-1536x1024-1.jpg\",\"width\":1536,\"height\":1024},{\"@type\":\"BreadcrumbList\",\"@id\":\"https:\/\/veritasinfo.org\/?p=39787#breadcrumb\",\"itemListElement\":[{\"@type\":\"ListItem\",\"position\":1,\"name\":\"Home\",\"item\":\"https:\/\/veritasinfo.org\/\"},{\"@type\":\"ListItem\",\"position\":2,\"name\":\"Kosova dhe Mali i Zi theksojn\u00eb nevoj\u00ebn p\u00ebr bashk\u00ebpunim n\u00eb \u00e7\u00ebshtje rajonale\"}]},{\"@type\":\"WebSite\",\"@id\":\"https:\/\/veritasinfo.org\/#website\",\"url\":\"https:\/\/veritasinfo.org\/\",\"name\":\"\",\"description\":\"\",\"potentialAction\":[{\"@type\":\"SearchAction\",\"target\":{\"@type\":\"EntryPoint\",\"urlTemplate\":\"https:\/\/veritasinfo.org\/?s={search_term_string}\"},\"query-input\":{\"@type\":\"PropertyValueSpecification\",\"valueRequired\":true,\"valueName\":\"search_term_string\"}}],\"inLanguage\":\"en-US\"},{\"@type\":\"Person\",\"@id\":\"https:\/\/veritasinfo.org\/#\/schema\/person\/bc442336e35414d04494ab8fb45db4c6\",\"name\":\"US5\",\"image\":{\"@type\":\"ImageObject\",\"inLanguage\":\"en-US\",\"@id\":\"https:\/\/veritasinfo.org\/#\/schema\/person\/image\/\",\"url\":\"https:\/\/secure.gravatar.com\/avatar\/16a61e7272a0c5d001121ebb9e60e925d5816e4ac1e443ed3e640d9a6ae55d0c?s=96&d=mm&r=g\",\"contentUrl\":\"https:\/\/secure.gravatar.com\/avatar\/16a61e7272a0c5d001121ebb9e60e925d5816e4ac1e443ed3e640d9a6ae55d0c?s=96&d=mm&r=g\",\"caption\":\"US5\"},\"url\":\"https:\/\/veritasinfo.org\/?author=6\"}]}<\/script>\n<!-- \/ Yoast SEO plugin. -->","yoast_head_json":{"title":"Kosova dhe Mali i Zi theksojn\u00eb nevoj\u00ebn p\u00ebr bashk\u00ebpunim n\u00eb \u00e7\u00ebshtje rajonale -","robots":{"index":"index","follow":"follow","max-snippet":"max-snippet:-1","max-image-preview":"max-image-preview:large","max-video-preview":"max-video-preview:-1"},"canonical":"https:\/\/veritasinfo.org\/?p=39787","og_locale":"en_US","og_type":"article","og_title":"Kosova dhe Mali i Zi theksojn\u00eb nevoj\u00ebn p\u00ebr bashk\u00ebpunim n\u00eb \u00e7\u00ebshtje rajonale -","og_description":"Prishtin\u00eb 25 Mars 2026 14:38 Z\u00ebvend\u00ebskryeministri i par\u00eb dhe ministri i Pun\u00ebve t\u00eb Jashtme dhe Diaspor\u00ebs, Glauk Konjufca, zhvilloi nj\u00eb takim me ambasadorin e Malit","og_url":"https:\/\/veritasinfo.org\/?p=39787","article_published_time":"2026-03-25T13:39:10+00:00","og_image":[{"width":1536,"height":1024,"url":"https:\/\/veritasinfo.org\/wp-content\/uploads\/2026\/03\/konjufca-1-1-1536x1024-1.jpg","type":"image\/jpeg"}],"author":"US5","twitter_card":"summary_large_image","twitter_misc":{"Written by":"US5","Est. reading time":"1 minute"},"schema":{"@context":"https:\/\/schema.org","@graph":[{"@type":"WebPage","@id":"https:\/\/veritasinfo.org\/?p=39787","url":"https:\/\/veritasinfo.org\/?p=39787","name":"Kosova dhe Mali i Zi theksojn\u00eb nevoj\u00ebn p\u00ebr bashk\u00ebpunim n\u00eb \u00e7\u00ebshtje rajonale -","isPartOf":{"@id":"https:\/\/veritasinfo.org\/#website"},"primaryImageOfPage":{"@id":"https:\/\/veritasinfo.org\/?p=39787#primaryimage"},"image":{"@id":"https:\/\/veritasinfo.org\/?p=39787#primaryimage"},"thumbnailUrl":"https:\/\/veritasinfo.org\/wp-content\/uploads\/2026\/03\/konjufca-1-1-1536x1024-1.jpg","datePublished":"2026-03-25T13:39:10+00:00","author":{"@id":"https:\/\/veritasinfo.org\/#\/schema\/person\/bc442336e35414d04494ab8fb45db4c6"},"breadcrumb":{"@id":"https:\/\/veritasinfo.org\/?p=39787#breadcrumb"},"inLanguage":"en-US","potentialAction":[{"@type":"ReadAction","target":["https:\/\/veritasinfo.org\/?p=39787"]}]},{"@type":"ImageObject","inLanguage":"en-US","@id":"https:\/\/veritasinfo.org\/?p=39787#primaryimage","url":"https:\/\/veritasinfo.org\/wp-content\/uploads\/2026\/03\/konjufca-1-1-1536x1024-1.jpg","contentUrl":"https:\/\/veritasinfo.org\/wp-content\/uploads\/2026\/03\/konjufca-1-1-1536x1024-1.jpg","width":1536,"height":1024},{"@type":"BreadcrumbList","@id":"https:\/\/veritasinfo.org\/?p=39787#breadcrumb","itemListElement":[{"@type":"ListItem","position":1,"name":"Home","item":"https:\/\/veritasinfo.org\/"},{"@type":"ListItem","position":2,"name":"Kosova dhe Mali i Zi theksojn\u00eb nevoj\u00ebn p\u00ebr bashk\u00ebpunim n\u00eb \u00e7\u00ebshtje rajonale"}]},{"@type":"WebSite","@id":"https:\/\/veritasinfo.org\/#website","url":"https:\/\/veritasinfo.org\/","name":"","description":"","potentialAction":[{"@type":"SearchAction","target":{"@type":"EntryPoint","urlTemplate":"https:\/\/veritasinfo.org\/?s={search_term_string}"},"query-input":{"@type":"PropertyValueSpecification","valueRequired":true,"valueName":"search_term_string"}}],"inLanguage":"en-US"},{"@type":"Person","@id":"https:\/\/veritasinfo.org\/#\/schema\/person\/bc442336e35414d04494ab8fb45db4c6","name":"US5","image":{"@type":"ImageObject","inLanguage":"en-US","@id":"https:\/\/veritasinfo.org\/#\/schema\/person\/image\/","url":"https:\/\/secure.gravatar.com\/avatar\/16a61e7272a0c5d001121ebb9e60e925d5816e4ac1e443ed3e640d9a6ae55d0c?s=96&d=mm&r=g","contentUrl":"https:\/\/secure.gravatar.com\/avatar\/16a61e7272a0c5d001121ebb9e60e925d5816e4ac1e443ed3e640d9a6ae55d0c?s=96&d=mm&r=g","caption":"US5"},"url":"https:\/\/veritasinfo.org\/?author=6"}]}},"featured_image_urls":{"full":["https:\/\/veritasinfo.org\/wp-content\/uploads\/2026\/03\/konjufca-1-1-1536x1024-1.jpg",1536,1024,false],"thumbnail":["https:\/\/veritasinfo.org\/wp-content\/uploads\/2026\/03\/konjufca-1-1-1536x1024-1-150x150.jpg",150,150,true],"medium":["https:\/\/veritasinfo.org\/wp-content\/uploads\/2026\/03\/konjufca-1-1-1536x1024-1-300x200.jpg",300,200,true],"medium_large":["https:\/\/veritasinfo.org\/wp-content\/uploads\/2026\/03\/konjufca-1-1-1536x1024-1-768x512.jpg",640,427,true],"large":["https:\/\/veritasinfo.org\/wp-content\/uploads\/2026\/03\/konjufca-1-1-1536x1024-1-1024x683.jpg",640,427,true],"1536x1536":["https:\/\/veritasinfo.org\/wp-content\/uploads\/2026\/03\/konjufca-1-1-1536x1024-1.jpg",1536,1024,false],"2048x2048":["https:\/\/veritasinfo.org\/wp-content\/uploads\/2026\/03\/konjufca-1-1-1536x1024-1.jpg",1536,1024,false],"kreeti-slider-full":["https:\/\/veritasinfo.org\/wp-content\/uploads\/2026\/03\/konjufca-1-1-1536x1024-1.jpg",1080,720,false],"kreeti-featured":["https:\/\/veritasinfo.org\/wp-content\/uploads\/2026\/03\/konjufca-1-1-1536x1024-1.jpg",1024,683,false],"kreeti-medium":["https:\/\/veritasinfo.org\/wp-content\/uploads\/2026\/03\/konjufca-1-1-1536x1024-1.jpg",720,480,false],"kreeti-medium-square":["https:\/\/veritasinfo.org\/wp-content\/uploads\/2026\/03\/konjufca-1-1-1536x1024-1.jpg",350,233,false]},"author_info":{"info":["US5"]},"category_info":"<a href=\"https:\/\/veritasinfo.org\/?cat=58\" rel=\"category\">Politik\u00eb<\/a>","tag_info":"Politik\u00eb","comment_count":"0","_links":{"self":[{"href":"https:\/\/veritasinfo.org\/index.php?rest_route=\/wp\/v2\/posts\/39787","targetHints":{"allow":["GET"]}}],"collection":[{"href":"https:\/\/veritasinfo.org\/index.php?rest_route=\/wp\/v2\/posts"}],"about":[{"href":"https:\/\/veritasinfo.org\/index.php?rest_route=\/wp\/v2\/types\/post"}],"author":[{"embeddable":true,"href":"https:\/\/veritasinfo.org\/index.php?rest_route=\/wp\/v2\/users\/6"}],"replies":[{"embeddable":true,"href":"https:\/\/veritasinfo.org\/index.php?rest_route=%2Fwp%2Fv2%2Fcomments&post=39787"}],"version-history":[{"count":2,"href":"https:\/\/veritasinfo.org\/index.php?rest_route=\/wp\/v2\/posts\/39787\/revisions"}],"predecessor-version":[{"id":39791,"href":"https:\/\/veritasinfo.org\/index.php?rest_route=\/wp\/v2\/posts\/39787\/revisions\/39791"}],"wp:featuredmedia":[{"embeddable":true,"href":"https:\/\/veritasinfo.org\/index.php?rest_route=\/wp\/v2\/media\/39789"}],"wp:attachment":[{"href":"https:\/\/veritasinfo.org\/index.php?rest_route=%2Fwp%2Fv2%2Fmedia&parent=39787"}],"wp:term":[{"taxonomy":"category","embeddable":true,"href":"https:\/\/veritasinfo.org\/index.php?rest_route=%2Fwp%2Fv2%2Fcategories&post=39787"},{"taxonomy":"post_tag","embeddable":true,"href":"https:\/\/veritasinfo.org\/index.php?rest_route=%2Fwp%2Fv2%2Ftags&post=39787"}],"curies":[{"name":"wp","href":"https:\/\/api.w.org\/{rel}","templated":true}]}}