{"id":3976,"date":"2025-07-16T08:39:11","date_gmt":"2025-07-16T06:39:11","guid":{"rendered":"https:\/\/veritasinfo.org\/?p=3976"},"modified":"2025-07-16T08:39:11","modified_gmt":"2025-07-16T06:39:11","slug":"elon-musk-ndan-harten-e-natalitetit-ne-evrope-pjesa-me-e-madhe-e-kontinentit-ne-te-kuqe-kosova-me-gjendjen-me-te-mire","status":"publish","type":"post","link":"https:\/\/veritasinfo.org\/?p=3976","title":{"rendered":"Elon Musk ndan hart\u00ebn e natalitetit n\u00eb Evrop\u00eb: Pjesa m\u00eb e madhe e kontinentit n\u00eb \u201ct\u00eb kuqe\u201d, Kosova me gjendjen m\u00eb t\u00eb mir\u00eb"},"content":{"rendered":"<p><strong>Prishtin\u00eb, 16 korrik 2025<\/strong><\/p>\n<p>Miliarderi dhe ish-bashk\u00ebpun\u00ebtori i presidentit t\u00eb SHBA-s\u00eb, Donald Trump, Elon Musk, ndau nj\u00eb hart\u00eb interesante n\u00eb profilin e tij n\u00eb rrjetin social X n\u00eb lidhje me gjendjen e natalitetit n\u00eb Evrop\u00eb.<\/p>\n<p>N\u00eb hart\u00eb mund t\u00eb shihni vendet evropiane sipas numrit t\u00eb pritur t\u00eb f\u00ebmij\u00ebve p\u00ebr familje<\/p>\n<p>Thuhet se n\u00ebn nj\u00eb f\u00ebmij\u00eb \u00ebsht\u00eb \u201cshkall\u00eb jasht\u00ebzakonisht e ul\u00ebt\u201d, deri n\u00eb nj\u00eb \u00ebsht\u00eb \u201cshkall\u00eb e ul\u00ebt\u201d, deri n\u00eb 1.5 f\u00ebmij\u00eb \u00ebsht\u00eb \u201cshkall\u00eb e pamjaftueshme\u201d, deri n\u00eb 1.9 f\u00ebmij\u00eb \u00ebsht\u00eb \u201caf\u00ebr shkall\u00ebs s\u00eb z\u00ebvend\u00ebsimit\u201d dhe m\u00eb shum\u00eb se 2.1 f\u00ebmij\u00eb \u00ebsht\u00eb \u201cmbi shkall\u00ebn e z\u00ebvend\u00ebsimit\u201d.<\/p>\n<p>Dhe si\u00e7 mund t\u00eb shihet n\u00eb hart\u00eb, nj\u00eb pjes\u00eb e madhe e Evrop\u00ebs \u00ebsht\u00eb \u201cn\u00eb t\u00eb kuqe\u201d, dhe Ukraina \u201cbie n\u00eb sy p\u00ebr t\u00eb keq\u201d, ku numri i pritur i f\u00ebmij\u00ebve p\u00ebr familje \u00ebsht\u00eb 1.0.<\/p>\n<p>Nd\u00ebrkoh\u00eb n\u00eb pjes\u00ebn per\u00ebndimore t\u00eb Kontinentit t\u00eb Vjet\u00ebr, Franca spikat me nj\u00eb norm\u00eb prej 1.63, e cila \u00ebsht\u00eb nj\u00eb nga normat m\u00eb t\u00eb mira n\u00eb Evrop\u00eb.<\/p>\n<p>Por \u201cmbajt\u00ebsja absolute e rekordit evropian\u201d, sipas hart\u00ebs, vler\u00ebsohet Kosova, q\u00eb ka nj\u00eb norm\u00eb m\u00eb t\u00eb lart\u00eb (1.9).<\/p>\n","protected":false},"excerpt":{"rendered":"<p>Prishtin\u00eb, 16 korrik 2025 Miliarderi dhe ish-bashk\u00ebpun\u00ebtori i presidentit t\u00eb SHBA-s\u00eb, Donald Trump, Elon Musk, ndau nj\u00eb hart\u00eb interesante n\u00eb profilin e tij n\u00eb rrjetin<\/p>\n","protected":false},"author":2,"featured_media":3977,"comment_status":"open","ping_status":"open","sticky":false,"template":"","format":"standard","meta":{"footnotes":""},"categories":[60],"tags":[],"class_list":["post-3976","post","type-post","status-publish","format-standard","has-post-thumbnail","hentry","category-shoqerore-sq"],"yoast_head":"<!-- This site is optimized with the Yoast SEO plugin v25.3.1 - https:\/\/yoast.com\/wordpress\/plugins\/seo\/ -->\n<title>Elon Musk ndan hart\u00ebn e natalitetit n\u00eb Evrop\u00eb: Pjesa m\u00eb e madhe e kontinentit n\u00eb \u201ct\u00eb kuqe\u201d, Kosova me gjendjen m\u00eb t\u00eb mir\u00eb -<\/title>\n<meta name=\"robots\" content=\"index, follow, max-snippet:-1, max-image-preview:large, max-video-preview:-1\" \/>\n<link rel=\"canonical\" href=\"https:\/\/veritasinfo.org\/?p=3976\" \/>\n<meta property=\"og:locale\" content=\"en_US\" \/>\n<meta property=\"og:type\" content=\"article\" \/>\n<meta property=\"og:title\" content=\"Elon Musk ndan hart\u00ebn e natalitetit n\u00eb Evrop\u00eb: Pjesa m\u00eb e madhe e kontinentit n\u00eb \u201ct\u00eb kuqe\u201d, Kosova me gjendjen m\u00eb t\u00eb mir\u00eb -\" \/>\n<meta property=\"og:description\" content=\"Prishtin\u00eb, 16 korrik 2025 Miliarderi dhe ish-bashk\u00ebpun\u00ebtori i presidentit t\u00eb SHBA-s\u00eb, Donald Trump, Elon Musk, ndau nj\u00eb hart\u00eb interesante n\u00eb profilin e tij n\u00eb rrjetin\" \/>\n<meta property=\"og:url\" content=\"https:\/\/veritasinfo.org\/?p=3976\" \/>\n<meta property=\"article:published_time\" content=\"2025-07-16T06:39:11+00:00\" \/>\n<meta property=\"og:image\" content=\"https:\/\/veritasinfo.org\/wp-content\/uploads\/2025\/07\/harat.png\" \/>\n\t<meta property=\"og:image:width\" content=\"1414\" \/>\n\t<meta property=\"og:image:height\" content=\"968\" \/>\n\t<meta property=\"og:image:type\" content=\"image\/png\" \/>\n<meta name=\"author\" content=\"US1\" \/>\n<meta name=\"twitter:card\" content=\"summary_large_image\" \/>\n<meta name=\"twitter:label1\" content=\"Written by\" \/>\n\t<meta name=\"twitter:data1\" content=\"US1\" \/>\n\t<meta name=\"twitter:label2\" content=\"Est. reading time\" \/>\n\t<meta name=\"twitter:data2\" content=\"1 minute\" \/>\n<script type=\"application\/ld+json\" class=\"yoast-schema-graph\">{\"@context\":\"https:\/\/schema.org\",\"@graph\":[{\"@type\":\"WebPage\",\"@id\":\"https:\/\/veritasinfo.org\/?p=3976\",\"url\":\"https:\/\/veritasinfo.org\/?p=3976\",\"name\":\"Elon Musk ndan hart\u00ebn e natalitetit n\u00eb Evrop\u00eb: Pjesa m\u00eb e madhe e kontinentit n\u00eb \u201ct\u00eb kuqe\u201d, Kosova me gjendjen m\u00eb t\u00eb mir\u00eb -\",\"isPartOf\":{\"@id\":\"https:\/\/veritasinfo.org\/#website\"},\"primaryImageOfPage\":{\"@id\":\"https:\/\/veritasinfo.org\/?p=3976#primaryimage\"},\"image\":{\"@id\":\"https:\/\/veritasinfo.org\/?p=3976#primaryimage\"},\"thumbnailUrl\":\"https:\/\/veritasinfo.org\/wp-content\/uploads\/2025\/07\/harat.png\",\"datePublished\":\"2025-07-16T06:39:11+00:00\",\"author\":{\"@id\":\"https:\/\/veritasinfo.org\/#\/schema\/person\/c2b8be262ea994d0995addca692c5e98\"},\"breadcrumb\":{\"@id\":\"https:\/\/veritasinfo.org\/?p=3976#breadcrumb\"},\"inLanguage\":\"en-US\",\"potentialAction\":[{\"@type\":\"ReadAction\",\"target\":[\"https:\/\/veritasinfo.org\/?p=3976\"]}]},{\"@type\":\"ImageObject\",\"inLanguage\":\"en-US\",\"@id\":\"https:\/\/veritasinfo.org\/?p=3976#primaryimage\",\"url\":\"https:\/\/veritasinfo.org\/wp-content\/uploads\/2025\/07\/harat.png\",\"contentUrl\":\"https:\/\/veritasinfo.org\/wp-content\/uploads\/2025\/07\/harat.png\",\"width\":1414,\"height\":968},{\"@type\":\"BreadcrumbList\",\"@id\":\"https:\/\/veritasinfo.org\/?p=3976#breadcrumb\",\"itemListElement\":[{\"@type\":\"ListItem\",\"position\":1,\"name\":\"Home\",\"item\":\"https:\/\/veritasinfo.org\/\"},{\"@type\":\"ListItem\",\"position\":2,\"name\":\"Elon Musk ndan hart\u00ebn e natalitetit n\u00eb Evrop\u00eb: Pjesa m\u00eb e madhe e kontinentit n\u00eb \u201ct\u00eb kuqe\u201d, Kosova me gjendjen m\u00eb t\u00eb mir\u00eb\"}]},{\"@type\":\"WebSite\",\"@id\":\"https:\/\/veritasinfo.org\/#website\",\"url\":\"https:\/\/veritasinfo.org\/\",\"name\":\"\",\"description\":\"\",\"potentialAction\":[{\"@type\":\"SearchAction\",\"target\":{\"@type\":\"EntryPoint\",\"urlTemplate\":\"https:\/\/veritasinfo.org\/?s={search_term_string}\"},\"query-input\":{\"@type\":\"PropertyValueSpecification\",\"valueRequired\":true,\"valueName\":\"search_term_string\"}}],\"inLanguage\":\"en-US\"},{\"@type\":\"Person\",\"@id\":\"https:\/\/veritasinfo.org\/#\/schema\/person\/c2b8be262ea994d0995addca692c5e98\",\"name\":\"US1\",\"image\":{\"@type\":\"ImageObject\",\"inLanguage\":\"en-US\",\"@id\":\"https:\/\/veritasinfo.org\/#\/schema\/person\/image\/\",\"url\":\"https:\/\/secure.gravatar.com\/avatar\/4e96a59bd256abf9956eb9963ac891a47461ffb364d47b0e9aab113328fdb75b?s=96&d=mm&r=g\",\"contentUrl\":\"https:\/\/secure.gravatar.com\/avatar\/4e96a59bd256abf9956eb9963ac891a47461ffb364d47b0e9aab113328fdb75b?s=96&d=mm&r=g\",\"caption\":\"US1\"},\"url\":\"https:\/\/veritasinfo.org\/?author=2\"}]}<\/script>\n<!-- \/ Yoast SEO plugin. -->","yoast_head_json":{"title":"Elon Musk ndan hart\u00ebn e natalitetit n\u00eb Evrop\u00eb: Pjesa m\u00eb e madhe e kontinentit n\u00eb \u201ct\u00eb kuqe\u201d, Kosova me gjendjen m\u00eb t\u00eb mir\u00eb -","robots":{"index":"index","follow":"follow","max-snippet":"max-snippet:-1","max-image-preview":"max-image-preview:large","max-video-preview":"max-video-preview:-1"},"canonical":"https:\/\/veritasinfo.org\/?p=3976","og_locale":"en_US","og_type":"article","og_title":"Elon Musk ndan hart\u00ebn e natalitetit n\u00eb Evrop\u00eb: Pjesa m\u00eb e madhe e kontinentit n\u00eb \u201ct\u00eb kuqe\u201d, Kosova me gjendjen m\u00eb t\u00eb mir\u00eb -","og_description":"Prishtin\u00eb, 16 korrik 2025 Miliarderi dhe ish-bashk\u00ebpun\u00ebtori i presidentit t\u00eb SHBA-s\u00eb, Donald Trump, Elon Musk, ndau nj\u00eb hart\u00eb interesante n\u00eb profilin e tij n\u00eb rrjetin","og_url":"https:\/\/veritasinfo.org\/?p=3976","article_published_time":"2025-07-16T06:39:11+00:00","og_image":[{"width":1414,"height":968,"url":"https:\/\/veritasinfo.org\/wp-content\/uploads\/2025\/07\/harat.png","type":"image\/png"}],"author":"US1","twitter_card":"summary_large_image","twitter_misc":{"Written by":"US1","Est. reading time":"1 minute"},"schema":{"@context":"https:\/\/schema.org","@graph":[{"@type":"WebPage","@id":"https:\/\/veritasinfo.org\/?p=3976","url":"https:\/\/veritasinfo.org\/?p=3976","name":"Elon Musk ndan hart\u00ebn e natalitetit n\u00eb Evrop\u00eb: Pjesa m\u00eb e madhe e kontinentit n\u00eb \u201ct\u00eb kuqe\u201d, Kosova me gjendjen m\u00eb t\u00eb mir\u00eb -","isPartOf":{"@id":"https:\/\/veritasinfo.org\/#website"},"primaryImageOfPage":{"@id":"https:\/\/veritasinfo.org\/?p=3976#primaryimage"},"image":{"@id":"https:\/\/veritasinfo.org\/?p=3976#primaryimage"},"thumbnailUrl":"https:\/\/veritasinfo.org\/wp-content\/uploads\/2025\/07\/harat.png","datePublished":"2025-07-16T06:39:11+00:00","author":{"@id":"https:\/\/veritasinfo.org\/#\/schema\/person\/c2b8be262ea994d0995addca692c5e98"},"breadcrumb":{"@id":"https:\/\/veritasinfo.org\/?p=3976#breadcrumb"},"inLanguage":"en-US","potentialAction":[{"@type":"ReadAction","target":["https:\/\/veritasinfo.org\/?p=3976"]}]},{"@type":"ImageObject","inLanguage":"en-US","@id":"https:\/\/veritasinfo.org\/?p=3976#primaryimage","url":"https:\/\/veritasinfo.org\/wp-content\/uploads\/2025\/07\/harat.png","contentUrl":"https:\/\/veritasinfo.org\/wp-content\/uploads\/2025\/07\/harat.png","width":1414,"height":968},{"@type":"BreadcrumbList","@id":"https:\/\/veritasinfo.org\/?p=3976#breadcrumb","itemListElement":[{"@type":"ListItem","position":1,"name":"Home","item":"https:\/\/veritasinfo.org\/"},{"@type":"ListItem","position":2,"name":"Elon Musk ndan hart\u00ebn e natalitetit n\u00eb Evrop\u00eb: Pjesa m\u00eb e madhe e kontinentit n\u00eb \u201ct\u00eb kuqe\u201d, Kosova me gjendjen m\u00eb t\u00eb mir\u00eb"}]},{"@type":"WebSite","@id":"https:\/\/veritasinfo.org\/#website","url":"https:\/\/veritasinfo.org\/","name":"","description":"","potentialAction":[{"@type":"SearchAction","target":{"@type":"EntryPoint","urlTemplate":"https:\/\/veritasinfo.org\/?s={search_term_string}"},"query-input":{"@type":"PropertyValueSpecification","valueRequired":true,"valueName":"search_term_string"}}],"inLanguage":"en-US"},{"@type":"Person","@id":"https:\/\/veritasinfo.org\/#\/schema\/person\/c2b8be262ea994d0995addca692c5e98","name":"US1","image":{"@type":"ImageObject","inLanguage":"en-US","@id":"https:\/\/veritasinfo.org\/#\/schema\/person\/image\/","url":"https:\/\/secure.gravatar.com\/avatar\/4e96a59bd256abf9956eb9963ac891a47461ffb364d47b0e9aab113328fdb75b?s=96&d=mm&r=g","contentUrl":"https:\/\/secure.gravatar.com\/avatar\/4e96a59bd256abf9956eb9963ac891a47461ffb364d47b0e9aab113328fdb75b?s=96&d=mm&r=g","caption":"US1"},"url":"https:\/\/veritasinfo.org\/?author=2"}]}},"featured_image_urls":{"full":["https:\/\/veritasinfo.org\/wp-content\/uploads\/2025\/07\/harat.png",1414,968,false],"thumbnail":["https:\/\/veritasinfo.org\/wp-content\/uploads\/2025\/07\/harat-150x150.png",150,150,true],"medium":["https:\/\/veritasinfo.org\/wp-content\/uploads\/2025\/07\/harat-300x205.png",300,205,true],"medium_large":["https:\/\/veritasinfo.org\/wp-content\/uploads\/2025\/07\/harat-768x526.png",640,438,true],"large":["https:\/\/veritasinfo.org\/wp-content\/uploads\/2025\/07\/harat-1024x701.png",640,438,true],"1536x1536":["https:\/\/veritasinfo.org\/wp-content\/uploads\/2025\/07\/harat.png",1414,968,false],"2048x2048":["https:\/\/veritasinfo.org\/wp-content\/uploads\/2025\/07\/harat.png",1414,968,false],"kreeti-slider-full":["https:\/\/veritasinfo.org\/wp-content\/uploads\/2025\/07\/harat.png",1052,720,false],"kreeti-featured":["https:\/\/veritasinfo.org\/wp-content\/uploads\/2025\/07\/harat.png",1024,701,false],"kreeti-medium":["https:\/\/veritasinfo.org\/wp-content\/uploads\/2025\/07\/harat.png",720,493,false],"kreeti-medium-square":["https:\/\/veritasinfo.org\/wp-content\/uploads\/2025\/07\/harat.png",350,240,false]},"author_info":{"info":["US1"]},"category_info":"<a href=\"https:\/\/veritasinfo.org\/?cat=60\" rel=\"category\">Shoq\u00ebrore<\/a>","tag_info":"Shoq\u00ebrore","comment_count":"0","_links":{"self":[{"href":"https:\/\/veritasinfo.org\/index.php?rest_route=\/wp\/v2\/posts\/3976","targetHints":{"allow":["GET"]}}],"collection":[{"href":"https:\/\/veritasinfo.org\/index.php?rest_route=\/wp\/v2\/posts"}],"about":[{"href":"https:\/\/veritasinfo.org\/index.php?rest_route=\/wp\/v2\/types\/post"}],"author":[{"embeddable":true,"href":"https:\/\/veritasinfo.org\/index.php?rest_route=\/wp\/v2\/users\/2"}],"replies":[{"embeddable":true,"href":"https:\/\/veritasinfo.org\/index.php?rest_route=%2Fwp%2Fv2%2Fcomments&post=3976"}],"version-history":[{"count":1,"href":"https:\/\/veritasinfo.org\/index.php?rest_route=\/wp\/v2\/posts\/3976\/revisions"}],"predecessor-version":[{"id":3978,"href":"https:\/\/veritasinfo.org\/index.php?rest_route=\/wp\/v2\/posts\/3976\/revisions\/3978"}],"wp:featuredmedia":[{"embeddable":true,"href":"https:\/\/veritasinfo.org\/index.php?rest_route=\/wp\/v2\/media\/3977"}],"wp:attachment":[{"href":"https:\/\/veritasinfo.org\/index.php?rest_route=%2Fwp%2Fv2%2Fmedia&parent=3976"}],"wp:term":[{"taxonomy":"category","embeddable":true,"href":"https:\/\/veritasinfo.org\/index.php?rest_route=%2Fwp%2Fv2%2Fcategories&post=3976"},{"taxonomy":"post_tag","embeddable":true,"href":"https:\/\/veritasinfo.org\/index.php?rest_route=%2Fwp%2Fv2%2Ftags&post=3976"}],"curies":[{"name":"wp","href":"https:\/\/api.w.org\/{rel}","templated":true}]}}