{"id":39727,"date":"2026-03-25T11:25:26","date_gmt":"2026-03-25T10:25:26","guid":{"rendered":"https:\/\/veritasinfo.org\/?p=39727"},"modified":"2026-03-25T11:25:26","modified_gmt":"2026-03-25T10:25:26","slug":"osmani-demokratija-se-ne-urusava-od-velikih-kriza-vec-kada-se-istina-udari-i-postane-irelevantna","status":"publish","type":"post","link":"https:\/\/veritasinfo.org\/?p=39727&lang=sr","title":{"rendered":"Osmani: Demokratija se ne uru\u0161ava od velikih kriza, vec\u0301 kada se istina udari i postane irelevantna"},"content":{"rendered":"<p>Pri\u0161tina, 25. mart 2026. 11:23<\/p>\n<p>Predsednica Vjosa Osmani u\u010destvuje u organizaciji \u201e\u017denske nedelje\u201c, u\u010de\u0161c\u0301a koje je prva dama zemlje opisala kao veoma va\u017eno, jer je na ivici zavr\u0161etka svog mandata kao \u0161efa dr\u017eave.<\/p>\n<p>U svom govoru, Osmani je rekla da je imala privilegiju da upozna \u017eene koje nisu definisane granicama, vec\u0301 horizontima koje je sama otvorila.<\/p>\n<p>\u201eOsude nikada nisu nametane, vec\u0301 su ovde sazrele. Stoga, imam duboku zahvalnost, hvala vam \u0161to ste ovu platformu u\u010dinili odr\u017eivom i vrednom. Imala sam privilegiju da upoznam \u017eene koje nisu definisane granicama, vec\u0301 horizontima koje su same otvorile\u201c, rekla je Osmani.<\/p>\n<p>Izme\u0111u ostalog, zahtevala je odgovornost prema onima koji koriste tehnologiju za propagandu.<\/p>\n<p>\u201eDru\u0161tvo koje se navikne na takav narativ gubi svoj moralni kompas. Ovo nije rat protiv jedne osobe, to je poruka za svaku \u017eenu i devojku koja c\u0301e uc\u0301i u javni i politi\u010dki \u017eivot\u201c, rekla je prva dama zemlje.<\/p>\n<p>\u201eOvo nije li\u010dno pitanje, vec\u0301 se radi o demokratiji. Ona se ne uru\u0161ava od velikih kriza, vec\u0301 slabi kada se istina udari i postane irelevantna, kada kleveta postane glavno oru\u0111e\u201c, rekla je ona.<\/p>\n","protected":false},"excerpt":{"rendered":"<p>Pri\u0161tina, 25. mart 2026. 11:23 Predsednica Vjosa Osmani u\u010destvuje u organizaciji \u201e\u017denske nedelje\u201c, u\u010de\u0161c\u0301a koje je prva dama zemlje opisala kao veoma va\u017eno, jer je<\/p>\n","protected":false},"author":6,"featured_media":39728,"comment_status":"open","ping_status":"open","sticky":false,"template":"","format":"standard","meta":{"footnotes":""},"categories":[28],"tags":[],"class_list":["post-39727","post","type-post","status-publish","format-standard","has-post-thumbnail","hentry","category-politika"],"yoast_head":"<!-- This site is optimized with the Yoast SEO plugin v25.3.1 - https:\/\/yoast.com\/wordpress\/plugins\/seo\/ -->\n<title>Osmani: Demokratija se ne uru\u0161ava od velikih kriza, vec\u0301 kada se istina udari i postane irelevantna -<\/title>\n<meta name=\"robots\" content=\"index, follow, max-snippet:-1, max-image-preview:large, max-video-preview:-1\" \/>\n<link rel=\"canonical\" href=\"https:\/\/veritasinfo.org\/?p=39727&lang=sr\" \/>\n<meta property=\"og:locale\" content=\"en_US\" \/>\n<meta property=\"og:type\" content=\"article\" \/>\n<meta property=\"og:title\" content=\"Osmani: Demokratija se ne uru\u0161ava od velikih kriza, vec\u0301 kada se istina udari i postane irelevantna -\" \/>\n<meta property=\"og:description\" content=\"Pri\u0161tina, 25. mart 2026. 11:23 Predsednica Vjosa Osmani u\u010destvuje u organizaciji \u201e\u017denske nedelje\u201c, u\u010de\u0161c\u0301a koje je prva dama zemlje opisala kao veoma va\u017eno, jer je\" \/>\n<meta property=\"og:url\" content=\"https:\/\/veritasinfo.org\/?p=39727&amp;lang=sr\" \/>\n<meta property=\"article:published_time\" content=\"2026-03-25T10:25:26+00:00\" \/>\n<meta property=\"og:image\" content=\"https:\/\/veritasinfo.org\/wp-content\/uploads\/2026\/03\/osmani-2.jpg\" \/>\n\t<meta property=\"og:image:width\" content=\"1202\" \/>\n\t<meta property=\"og:image:height\" content=\"715\" \/>\n\t<meta property=\"og:image:type\" content=\"image\/jpeg\" \/>\n<meta name=\"author\" content=\"US5\" \/>\n<meta name=\"twitter:card\" content=\"summary_large_image\" \/>\n<meta name=\"twitter:label1\" content=\"Written by\" \/>\n\t<meta name=\"twitter:data1\" content=\"US5\" \/>\n<script type=\"application\/ld+json\" class=\"yoast-schema-graph\">{\"@context\":\"https:\/\/schema.org\",\"@graph\":[{\"@type\":\"WebPage\",\"@id\":\"https:\/\/veritasinfo.org\/?p=39727&lang=sr\",\"url\":\"https:\/\/veritasinfo.org\/?p=39727&lang=sr\",\"name\":\"Osmani: Demokratija se ne uru\u0161ava od velikih kriza, vec\u0301 kada se istina udari i postane irelevantna -\",\"isPartOf\":{\"@id\":\"https:\/\/veritasinfo.org\/#website\"},\"primaryImageOfPage\":{\"@id\":\"https:\/\/veritasinfo.org\/?p=39727&lang=sr#primaryimage\"},\"image\":{\"@id\":\"https:\/\/veritasinfo.org\/?p=39727&lang=sr#primaryimage\"},\"thumbnailUrl\":\"https:\/\/veritasinfo.org\/wp-content\/uploads\/2026\/03\/osmani-2.jpg\",\"datePublished\":\"2026-03-25T10:25:26+00:00\",\"author\":{\"@id\":\"https:\/\/veritasinfo.org\/#\/schema\/person\/bc442336e35414d04494ab8fb45db4c6\"},\"breadcrumb\":{\"@id\":\"https:\/\/veritasinfo.org\/?p=39727&lang=sr#breadcrumb\"},\"inLanguage\":\"en-US\",\"potentialAction\":[{\"@type\":\"ReadAction\",\"target\":[\"https:\/\/veritasinfo.org\/?p=39727&lang=sr\"]}]},{\"@type\":\"ImageObject\",\"inLanguage\":\"en-US\",\"@id\":\"https:\/\/veritasinfo.org\/?p=39727&lang=sr#primaryimage\",\"url\":\"https:\/\/veritasinfo.org\/wp-content\/uploads\/2026\/03\/osmani-2.jpg\",\"contentUrl\":\"https:\/\/veritasinfo.org\/wp-content\/uploads\/2026\/03\/osmani-2.jpg\",\"width\":1202,\"height\":715},{\"@type\":\"BreadcrumbList\",\"@id\":\"https:\/\/veritasinfo.org\/?p=39727&lang=sr#breadcrumb\",\"itemListElement\":[{\"@type\":\"ListItem\",\"position\":1,\"name\":\"Home\",\"item\":\"https:\/\/veritasinfo.org\/\"},{\"@type\":\"ListItem\",\"position\":2,\"name\":\"Osmani: Demokratija se ne uru\u0161ava od velikih kriza, vec\u0301 kada se istina udari i postane irelevantna\"}]},{\"@type\":\"WebSite\",\"@id\":\"https:\/\/veritasinfo.org\/#website\",\"url\":\"https:\/\/veritasinfo.org\/\",\"name\":\"\",\"description\":\"\",\"potentialAction\":[{\"@type\":\"SearchAction\",\"target\":{\"@type\":\"EntryPoint\",\"urlTemplate\":\"https:\/\/veritasinfo.org\/?s={search_term_string}\"},\"query-input\":{\"@type\":\"PropertyValueSpecification\",\"valueRequired\":true,\"valueName\":\"search_term_string\"}}],\"inLanguage\":\"en-US\"},{\"@type\":\"Person\",\"@id\":\"https:\/\/veritasinfo.org\/#\/schema\/person\/bc442336e35414d04494ab8fb45db4c6\",\"name\":\"US5\",\"image\":{\"@type\":\"ImageObject\",\"inLanguage\":\"en-US\",\"@id\":\"https:\/\/veritasinfo.org\/#\/schema\/person\/image\/\",\"url\":\"https:\/\/secure.gravatar.com\/avatar\/16a61e7272a0c5d001121ebb9e60e925d5816e4ac1e443ed3e640d9a6ae55d0c?s=96&d=mm&r=g\",\"contentUrl\":\"https:\/\/secure.gravatar.com\/avatar\/16a61e7272a0c5d001121ebb9e60e925d5816e4ac1e443ed3e640d9a6ae55d0c?s=96&d=mm&r=g\",\"caption\":\"US5\"},\"url\":\"https:\/\/veritasinfo.org\/?author=6\"}]}<\/script>\n<!-- \/ Yoast SEO plugin. -->","yoast_head_json":{"title":"Osmani: Demokratija se ne uru\u0161ava od velikih kriza, vec\u0301 kada se istina udari i postane irelevantna -","robots":{"index":"index","follow":"follow","max-snippet":"max-snippet:-1","max-image-preview":"max-image-preview:large","max-video-preview":"max-video-preview:-1"},"canonical":"https:\/\/veritasinfo.org\/?p=39727&lang=sr","og_locale":"en_US","og_type":"article","og_title":"Osmani: Demokratija se ne uru\u0161ava od velikih kriza, vec\u0301 kada se istina udari i postane irelevantna -","og_description":"Pri\u0161tina, 25. mart 2026. 11:23 Predsednica Vjosa Osmani u\u010destvuje u organizaciji \u201e\u017denske nedelje\u201c, u\u010de\u0161c\u0301a koje je prva dama zemlje opisala kao veoma va\u017eno, jer je","og_url":"https:\/\/veritasinfo.org\/?p=39727&lang=sr","article_published_time":"2026-03-25T10:25:26+00:00","og_image":[{"width":1202,"height":715,"url":"https:\/\/veritasinfo.org\/wp-content\/uploads\/2026\/03\/osmani-2.jpg","type":"image\/jpeg"}],"author":"US5","twitter_card":"summary_large_image","twitter_misc":{"Written by":"US5"},"schema":{"@context":"https:\/\/schema.org","@graph":[{"@type":"WebPage","@id":"https:\/\/veritasinfo.org\/?p=39727&lang=sr","url":"https:\/\/veritasinfo.org\/?p=39727&lang=sr","name":"Osmani: Demokratija se ne uru\u0161ava od velikih kriza, vec\u0301 kada se istina udari i postane irelevantna -","isPartOf":{"@id":"https:\/\/veritasinfo.org\/#website"},"primaryImageOfPage":{"@id":"https:\/\/veritasinfo.org\/?p=39727&lang=sr#primaryimage"},"image":{"@id":"https:\/\/veritasinfo.org\/?p=39727&lang=sr#primaryimage"},"thumbnailUrl":"https:\/\/veritasinfo.org\/wp-content\/uploads\/2026\/03\/osmani-2.jpg","datePublished":"2026-03-25T10:25:26+00:00","author":{"@id":"https:\/\/veritasinfo.org\/#\/schema\/person\/bc442336e35414d04494ab8fb45db4c6"},"breadcrumb":{"@id":"https:\/\/veritasinfo.org\/?p=39727&lang=sr#breadcrumb"},"inLanguage":"en-US","potentialAction":[{"@type":"ReadAction","target":["https:\/\/veritasinfo.org\/?p=39727&lang=sr"]}]},{"@type":"ImageObject","inLanguage":"en-US","@id":"https:\/\/veritasinfo.org\/?p=39727&lang=sr#primaryimage","url":"https:\/\/veritasinfo.org\/wp-content\/uploads\/2026\/03\/osmani-2.jpg","contentUrl":"https:\/\/veritasinfo.org\/wp-content\/uploads\/2026\/03\/osmani-2.jpg","width":1202,"height":715},{"@type":"BreadcrumbList","@id":"https:\/\/veritasinfo.org\/?p=39727&lang=sr#breadcrumb","itemListElement":[{"@type":"ListItem","position":1,"name":"Home","item":"https:\/\/veritasinfo.org\/"},{"@type":"ListItem","position":2,"name":"Osmani: Demokratija se ne uru\u0161ava od velikih kriza, vec\u0301 kada se istina udari i postane irelevantna"}]},{"@type":"WebSite","@id":"https:\/\/veritasinfo.org\/#website","url":"https:\/\/veritasinfo.org\/","name":"","description":"","potentialAction":[{"@type":"SearchAction","target":{"@type":"EntryPoint","urlTemplate":"https:\/\/veritasinfo.org\/?s={search_term_string}"},"query-input":{"@type":"PropertyValueSpecification","valueRequired":true,"valueName":"search_term_string"}}],"inLanguage":"en-US"},{"@type":"Person","@id":"https:\/\/veritasinfo.org\/#\/schema\/person\/bc442336e35414d04494ab8fb45db4c6","name":"US5","image":{"@type":"ImageObject","inLanguage":"en-US","@id":"https:\/\/veritasinfo.org\/#\/schema\/person\/image\/","url":"https:\/\/secure.gravatar.com\/avatar\/16a61e7272a0c5d001121ebb9e60e925d5816e4ac1e443ed3e640d9a6ae55d0c?s=96&d=mm&r=g","contentUrl":"https:\/\/secure.gravatar.com\/avatar\/16a61e7272a0c5d001121ebb9e60e925d5816e4ac1e443ed3e640d9a6ae55d0c?s=96&d=mm&r=g","caption":"US5"},"url":"https:\/\/veritasinfo.org\/?author=6"}]}},"featured_image_urls":{"full":["https:\/\/veritasinfo.org\/wp-content\/uploads\/2026\/03\/osmani-2.jpg",1202,715,false],"thumbnail":["https:\/\/veritasinfo.org\/wp-content\/uploads\/2026\/03\/osmani-2-150x150.jpg",150,150,true],"medium":["https:\/\/veritasinfo.org\/wp-content\/uploads\/2026\/03\/osmani-2-300x178.jpg",300,178,true],"medium_large":["https:\/\/veritasinfo.org\/wp-content\/uploads\/2026\/03\/osmani-2-768x457.jpg",640,381,true],"large":["https:\/\/veritasinfo.org\/wp-content\/uploads\/2026\/03\/osmani-2-1024x609.jpg",640,381,true],"1536x1536":["https:\/\/veritasinfo.org\/wp-content\/uploads\/2026\/03\/osmani-2.jpg",1202,715,false],"2048x2048":["https:\/\/veritasinfo.org\/wp-content\/uploads\/2026\/03\/osmani-2.jpg",1202,715,false],"kreeti-slider-full":["https:\/\/veritasinfo.org\/wp-content\/uploads\/2026\/03\/osmani-2.jpg",1202,715,false],"kreeti-featured":["https:\/\/veritasinfo.org\/wp-content\/uploads\/2026\/03\/osmani-2.jpg",1024,609,false],"kreeti-medium":["https:\/\/veritasinfo.org\/wp-content\/uploads\/2026\/03\/osmani-2.jpg",720,428,false],"kreeti-medium-square":["https:\/\/veritasinfo.org\/wp-content\/uploads\/2026\/03\/osmani-2.jpg",350,208,false]},"author_info":{"info":["US5"]},"category_info":"<a href=\"https:\/\/veritasinfo.org\/?cat=28&#038;lang=sr\" rel=\"category\">Politika<\/a>","tag_info":"Politika","comment_count":"0","_links":{"self":[{"href":"https:\/\/veritasinfo.org\/index.php?rest_route=\/wp\/v2\/posts\/39727","targetHints":{"allow":["GET"]}}],"collection":[{"href":"https:\/\/veritasinfo.org\/index.php?rest_route=\/wp\/v2\/posts"}],"about":[{"href":"https:\/\/veritasinfo.org\/index.php?rest_route=\/wp\/v2\/types\/post"}],"author":[{"embeddable":true,"href":"https:\/\/veritasinfo.org\/index.php?rest_route=\/wp\/v2\/users\/6"}],"replies":[{"embeddable":true,"href":"https:\/\/veritasinfo.org\/index.php?rest_route=%2Fwp%2Fv2%2Fcomments&post=39727"}],"version-history":[{"count":1,"href":"https:\/\/veritasinfo.org\/index.php?rest_route=\/wp\/v2\/posts\/39727\/revisions"}],"predecessor-version":[{"id":39729,"href":"https:\/\/veritasinfo.org\/index.php?rest_route=\/wp\/v2\/posts\/39727\/revisions\/39729"}],"wp:featuredmedia":[{"embeddable":true,"href":"https:\/\/veritasinfo.org\/index.php?rest_route=\/wp\/v2\/media\/39728"}],"wp:attachment":[{"href":"https:\/\/veritasinfo.org\/index.php?rest_route=%2Fwp%2Fv2%2Fmedia&parent=39727"}],"wp:term":[{"taxonomy":"category","embeddable":true,"href":"https:\/\/veritasinfo.org\/index.php?rest_route=%2Fwp%2Fv2%2Fcategories&post=39727"},{"taxonomy":"post_tag","embeddable":true,"href":"https:\/\/veritasinfo.org\/index.php?rest_route=%2Fwp%2Fv2%2Ftags&post=39727"}],"curies":[{"name":"wp","href":"https:\/\/api.w.org\/{rel}","templated":true}]}}