{"id":39722,"date":"2026-03-25T11:24:18","date_gmt":"2026-03-25T10:24:18","guid":{"rendered":"https:\/\/veritasinfo.org\/?p=39722"},"modified":"2026-03-25T11:24:18","modified_gmt":"2026-03-25T10:24:18","slug":"osmani-demokracia-srrezohet-nga-krizat-e-medha-por-kur-verteta-goditet-dhe-behet-e-parendesishme","status":"publish","type":"post","link":"https:\/\/veritasinfo.org\/?p=39722","title":{"rendered":"Osmani: Demokracia s\u2019rr\u00ebzohet nga krizat e m\u00ebdha, por kur v\u00ebrteta goditet dhe b\u00ebhet e par\u00ebnd\u00ebsishme"},"content":{"rendered":"<p>Prishtin\u00eb 25 Mars 2026 11:23<\/p>\n<p>Presidentja Vjosa Osmani po merr pjes\u00eb n\u00eb organizimin \u201cJava e Gruas\u201d, pjes\u00ebmarrje t\u00eb cil\u00ebn e para e vendit e cil\u00ebsoi si shum\u00eb t\u00eb r\u00ebnd\u00ebsishme, p\u00ebr shkak se ndodhet n\u00eb prag t\u00eb p\u00ebrfundimit t\u00eb mandatit t\u00eb saj si shefe e shtetit.<\/p>\n<p>N\u00eb fjal\u00ebn e saj, Osmani tha se kishte privilegjin t\u00eb takonte gra q\u00eb nuk p\u00ebrkufizohen nga kufij, por nga horizontet q\u00eb vet\u00eb i ka hapur.<\/p>\n<p>\u201cBindjet asnj\u00ebher\u00eb nuk jan\u00eb imponuar, por jan\u00eb pjekur k\u00ebtu. Andaj kam mir\u00ebnjohje t\u00eb thell\u00eb, faleminderit q\u00eb e b\u00ebt\u00eb k\u00ebt\u00eb platform\u00eb t\u00eb q\u00ebndrueshme dhe t\u00eb vlefshme. Kisha privilegjin t\u00eb takoj gra q\u00eb s\u2019p\u00ebrkufizohen nga kufij, por nga horizontet q\u00eb vet\u00eb i kan\u00eb hapur\u201d, u shpreh Osmani.<\/p>\n<p>Pos tjerash, ajo k\u00ebrkoi p\u00ebrgjegj\u00ebsi ndaj atyre q\u00eb shfryt\u00ebzojn\u00eb teknologjin\u00eb p\u00ebr propagand\u00eb.<\/p>\n<p>\u201cNj\u00eb shoq\u00ebri q\u00eb m\u00ebsohet me narrativ\u00eb t\u00eb till\u00eb, e humb busull\u00ebn morale. Nuk \u00ebsht\u00eb luft\u00eb ndaj nj\u00eb personi, \u00ebsht\u00eb mesazh p\u00ebr secil\u00ebn grua e vajz\u00eb q\u00eb do t\u00eb hyj\u00eb n\u00eb jet\u00ebn publike dhe politike\u201d, u shpreh e para e vendit.<\/p>\n<p>\u201cKjo s\u2019\u00ebsht\u00eb \u00e7\u00ebshtje personale, \u00ebsht\u00eb e demokracis\u00eb. Ajo nuk rr\u00ebzohet nga krizat e m\u00ebdha, dob\u00ebsohet kur e v\u00ebrteta goditet dhe b\u00ebhet e par\u00ebnd\u00ebsishme, kur shpifja b\u00ebhet mjeti kryesor\u201d, tha ajo.<\/p>\n","protected":false},"excerpt":{"rendered":"<p>Prishtin\u00eb 25 Mars 2026 11:23 Presidentja Vjosa Osmani po merr pjes\u00eb n\u00eb organizimin \u201cJava e Gruas\u201d, pjes\u00ebmarrje t\u00eb cil\u00ebn e para e vendit e cil\u00ebsoi<\/p>\n","protected":false},"author":6,"featured_media":39724,"comment_status":"open","ping_status":"open","sticky":false,"template":"","format":"standard","meta":{"footnotes":""},"categories":[58],"tags":[],"class_list":["post-39722","post","type-post","status-publish","format-standard","has-post-thumbnail","hentry","category-politike-sq"],"yoast_head":"<!-- This site is optimized with the Yoast SEO plugin v25.3.1 - https:\/\/yoast.com\/wordpress\/plugins\/seo\/ -->\n<title>Osmani: Demokracia s\u2019rr\u00ebzohet nga krizat e m\u00ebdha, por kur v\u00ebrteta goditet dhe b\u00ebhet e par\u00ebnd\u00ebsishme -<\/title>\n<meta name=\"robots\" content=\"index, follow, max-snippet:-1, max-image-preview:large, max-video-preview:-1\" \/>\n<link rel=\"canonical\" href=\"https:\/\/veritasinfo.org\/?p=39722\" \/>\n<meta property=\"og:locale\" content=\"en_US\" \/>\n<meta property=\"og:type\" content=\"article\" \/>\n<meta property=\"og:title\" content=\"Osmani: Demokracia s\u2019rr\u00ebzohet nga krizat e m\u00ebdha, por kur v\u00ebrteta goditet dhe b\u00ebhet e par\u00ebnd\u00ebsishme -\" \/>\n<meta property=\"og:description\" content=\"Prishtin\u00eb 25 Mars 2026 11:23 Presidentja Vjosa Osmani po merr pjes\u00eb n\u00eb organizimin \u201cJava e Gruas\u201d, pjes\u00ebmarrje t\u00eb cil\u00ebn e para e vendit e cil\u00ebsoi\" \/>\n<meta property=\"og:url\" content=\"https:\/\/veritasinfo.org\/?p=39722\" \/>\n<meta property=\"article:published_time\" content=\"2026-03-25T10:24:18+00:00\" \/>\n<meta property=\"og:image\" content=\"https:\/\/veritasinfo.org\/wp-content\/uploads\/2026\/03\/osmani-1.jpg\" \/>\n\t<meta property=\"og:image:width\" content=\"1202\" \/>\n\t<meta property=\"og:image:height\" content=\"715\" \/>\n\t<meta property=\"og:image:type\" content=\"image\/jpeg\" \/>\n<meta name=\"author\" content=\"US5\" \/>\n<meta name=\"twitter:card\" content=\"summary_large_image\" \/>\n<meta name=\"twitter:label1\" content=\"Written by\" \/>\n\t<meta name=\"twitter:data1\" content=\"US5\" \/>\n\t<meta name=\"twitter:label2\" content=\"Est. reading time\" \/>\n\t<meta name=\"twitter:data2\" content=\"2 minutes\" \/>\n<script type=\"application\/ld+json\" class=\"yoast-schema-graph\">{\"@context\":\"https:\/\/schema.org\",\"@graph\":[{\"@type\":\"WebPage\",\"@id\":\"https:\/\/veritasinfo.org\/?p=39722\",\"url\":\"https:\/\/veritasinfo.org\/?p=39722\",\"name\":\"Osmani: Demokracia s\u2019rr\u00ebzohet nga krizat e m\u00ebdha, por kur v\u00ebrteta goditet dhe b\u00ebhet e par\u00ebnd\u00ebsishme -\",\"isPartOf\":{\"@id\":\"https:\/\/veritasinfo.org\/#website\"},\"primaryImageOfPage\":{\"@id\":\"https:\/\/veritasinfo.org\/?p=39722#primaryimage\"},\"image\":{\"@id\":\"https:\/\/veritasinfo.org\/?p=39722#primaryimage\"},\"thumbnailUrl\":\"https:\/\/veritasinfo.org\/wp-content\/uploads\/2026\/03\/osmani-1.jpg\",\"datePublished\":\"2026-03-25T10:24:18+00:00\",\"author\":{\"@id\":\"https:\/\/veritasinfo.org\/#\/schema\/person\/bc442336e35414d04494ab8fb45db4c6\"},\"breadcrumb\":{\"@id\":\"https:\/\/veritasinfo.org\/?p=39722#breadcrumb\"},\"inLanguage\":\"en-US\",\"potentialAction\":[{\"@type\":\"ReadAction\",\"target\":[\"https:\/\/veritasinfo.org\/?p=39722\"]}]},{\"@type\":\"ImageObject\",\"inLanguage\":\"en-US\",\"@id\":\"https:\/\/veritasinfo.org\/?p=39722#primaryimage\",\"url\":\"https:\/\/veritasinfo.org\/wp-content\/uploads\/2026\/03\/osmani-1.jpg\",\"contentUrl\":\"https:\/\/veritasinfo.org\/wp-content\/uploads\/2026\/03\/osmani-1.jpg\",\"width\":1202,\"height\":715},{\"@type\":\"BreadcrumbList\",\"@id\":\"https:\/\/veritasinfo.org\/?p=39722#breadcrumb\",\"itemListElement\":[{\"@type\":\"ListItem\",\"position\":1,\"name\":\"Home\",\"item\":\"https:\/\/veritasinfo.org\/\"},{\"@type\":\"ListItem\",\"position\":2,\"name\":\"Osmani: Demokracia s\u2019rr\u00ebzohet nga krizat e m\u00ebdha, por kur v\u00ebrteta goditet dhe b\u00ebhet e par\u00ebnd\u00ebsishme\"}]},{\"@type\":\"WebSite\",\"@id\":\"https:\/\/veritasinfo.org\/#website\",\"url\":\"https:\/\/veritasinfo.org\/\",\"name\":\"\",\"description\":\"\",\"potentialAction\":[{\"@type\":\"SearchAction\",\"target\":{\"@type\":\"EntryPoint\",\"urlTemplate\":\"https:\/\/veritasinfo.org\/?s={search_term_string}\"},\"query-input\":{\"@type\":\"PropertyValueSpecification\",\"valueRequired\":true,\"valueName\":\"search_term_string\"}}],\"inLanguage\":\"en-US\"},{\"@type\":\"Person\",\"@id\":\"https:\/\/veritasinfo.org\/#\/schema\/person\/bc442336e35414d04494ab8fb45db4c6\",\"name\":\"US5\",\"image\":{\"@type\":\"ImageObject\",\"inLanguage\":\"en-US\",\"@id\":\"https:\/\/veritasinfo.org\/#\/schema\/person\/image\/\",\"url\":\"https:\/\/secure.gravatar.com\/avatar\/16a61e7272a0c5d001121ebb9e60e925d5816e4ac1e443ed3e640d9a6ae55d0c?s=96&d=mm&r=g\",\"contentUrl\":\"https:\/\/secure.gravatar.com\/avatar\/16a61e7272a0c5d001121ebb9e60e925d5816e4ac1e443ed3e640d9a6ae55d0c?s=96&d=mm&r=g\",\"caption\":\"US5\"},\"url\":\"https:\/\/veritasinfo.org\/?author=6\"}]}<\/script>\n<!-- \/ Yoast SEO plugin. -->","yoast_head_json":{"title":"Osmani: Demokracia s\u2019rr\u00ebzohet nga krizat e m\u00ebdha, por kur v\u00ebrteta goditet dhe b\u00ebhet e par\u00ebnd\u00ebsishme -","robots":{"index":"index","follow":"follow","max-snippet":"max-snippet:-1","max-image-preview":"max-image-preview:large","max-video-preview":"max-video-preview:-1"},"canonical":"https:\/\/veritasinfo.org\/?p=39722","og_locale":"en_US","og_type":"article","og_title":"Osmani: Demokracia s\u2019rr\u00ebzohet nga krizat e m\u00ebdha, por kur v\u00ebrteta goditet dhe b\u00ebhet e par\u00ebnd\u00ebsishme -","og_description":"Prishtin\u00eb 25 Mars 2026 11:23 Presidentja Vjosa Osmani po merr pjes\u00eb n\u00eb organizimin \u201cJava e Gruas\u201d, pjes\u00ebmarrje t\u00eb cil\u00ebn e para e vendit e cil\u00ebsoi","og_url":"https:\/\/veritasinfo.org\/?p=39722","article_published_time":"2026-03-25T10:24:18+00:00","og_image":[{"width":1202,"height":715,"url":"https:\/\/veritasinfo.org\/wp-content\/uploads\/2026\/03\/osmani-1.jpg","type":"image\/jpeg"}],"author":"US5","twitter_card":"summary_large_image","twitter_misc":{"Written by":"US5","Est. reading time":"2 minutes"},"schema":{"@context":"https:\/\/schema.org","@graph":[{"@type":"WebPage","@id":"https:\/\/veritasinfo.org\/?p=39722","url":"https:\/\/veritasinfo.org\/?p=39722","name":"Osmani: Demokracia s\u2019rr\u00ebzohet nga krizat e m\u00ebdha, por kur v\u00ebrteta goditet dhe b\u00ebhet e par\u00ebnd\u00ebsishme -","isPartOf":{"@id":"https:\/\/veritasinfo.org\/#website"},"primaryImageOfPage":{"@id":"https:\/\/veritasinfo.org\/?p=39722#primaryimage"},"image":{"@id":"https:\/\/veritasinfo.org\/?p=39722#primaryimage"},"thumbnailUrl":"https:\/\/veritasinfo.org\/wp-content\/uploads\/2026\/03\/osmani-1.jpg","datePublished":"2026-03-25T10:24:18+00:00","author":{"@id":"https:\/\/veritasinfo.org\/#\/schema\/person\/bc442336e35414d04494ab8fb45db4c6"},"breadcrumb":{"@id":"https:\/\/veritasinfo.org\/?p=39722#breadcrumb"},"inLanguage":"en-US","potentialAction":[{"@type":"ReadAction","target":["https:\/\/veritasinfo.org\/?p=39722"]}]},{"@type":"ImageObject","inLanguage":"en-US","@id":"https:\/\/veritasinfo.org\/?p=39722#primaryimage","url":"https:\/\/veritasinfo.org\/wp-content\/uploads\/2026\/03\/osmani-1.jpg","contentUrl":"https:\/\/veritasinfo.org\/wp-content\/uploads\/2026\/03\/osmani-1.jpg","width":1202,"height":715},{"@type":"BreadcrumbList","@id":"https:\/\/veritasinfo.org\/?p=39722#breadcrumb","itemListElement":[{"@type":"ListItem","position":1,"name":"Home","item":"https:\/\/veritasinfo.org\/"},{"@type":"ListItem","position":2,"name":"Osmani: Demokracia s\u2019rr\u00ebzohet nga krizat e m\u00ebdha, por kur v\u00ebrteta goditet dhe b\u00ebhet e par\u00ebnd\u00ebsishme"}]},{"@type":"WebSite","@id":"https:\/\/veritasinfo.org\/#website","url":"https:\/\/veritasinfo.org\/","name":"","description":"","potentialAction":[{"@type":"SearchAction","target":{"@type":"EntryPoint","urlTemplate":"https:\/\/veritasinfo.org\/?s={search_term_string}"},"query-input":{"@type":"PropertyValueSpecification","valueRequired":true,"valueName":"search_term_string"}}],"inLanguage":"en-US"},{"@type":"Person","@id":"https:\/\/veritasinfo.org\/#\/schema\/person\/bc442336e35414d04494ab8fb45db4c6","name":"US5","image":{"@type":"ImageObject","inLanguage":"en-US","@id":"https:\/\/veritasinfo.org\/#\/schema\/person\/image\/","url":"https:\/\/secure.gravatar.com\/avatar\/16a61e7272a0c5d001121ebb9e60e925d5816e4ac1e443ed3e640d9a6ae55d0c?s=96&d=mm&r=g","contentUrl":"https:\/\/secure.gravatar.com\/avatar\/16a61e7272a0c5d001121ebb9e60e925d5816e4ac1e443ed3e640d9a6ae55d0c?s=96&d=mm&r=g","caption":"US5"},"url":"https:\/\/veritasinfo.org\/?author=6"}]}},"featured_image_urls":{"full":["https:\/\/veritasinfo.org\/wp-content\/uploads\/2026\/03\/osmani-1.jpg",1202,715,false],"thumbnail":["https:\/\/veritasinfo.org\/wp-content\/uploads\/2026\/03\/osmani-1-150x150.jpg",150,150,true],"medium":["https:\/\/veritasinfo.org\/wp-content\/uploads\/2026\/03\/osmani-1-300x178.jpg",300,178,true],"medium_large":["https:\/\/veritasinfo.org\/wp-content\/uploads\/2026\/03\/osmani-1-768x457.jpg",640,381,true],"large":["https:\/\/veritasinfo.org\/wp-content\/uploads\/2026\/03\/osmani-1-1024x609.jpg",640,381,true],"1536x1536":["https:\/\/veritasinfo.org\/wp-content\/uploads\/2026\/03\/osmani-1.jpg",1202,715,false],"2048x2048":["https:\/\/veritasinfo.org\/wp-content\/uploads\/2026\/03\/osmani-1.jpg",1202,715,false],"kreeti-slider-full":["https:\/\/veritasinfo.org\/wp-content\/uploads\/2026\/03\/osmani-1.jpg",1202,715,false],"kreeti-featured":["https:\/\/veritasinfo.org\/wp-content\/uploads\/2026\/03\/osmani-1.jpg",1024,609,false],"kreeti-medium":["https:\/\/veritasinfo.org\/wp-content\/uploads\/2026\/03\/osmani-1.jpg",720,428,false],"kreeti-medium-square":["https:\/\/veritasinfo.org\/wp-content\/uploads\/2026\/03\/osmani-1.jpg",350,208,false]},"author_info":{"info":["US5"]},"category_info":"<a href=\"https:\/\/veritasinfo.org\/?cat=58\" rel=\"category\">Politik\u00eb<\/a>","tag_info":"Politik\u00eb","comment_count":"0","_links":{"self":[{"href":"https:\/\/veritasinfo.org\/index.php?rest_route=\/wp\/v2\/posts\/39722","targetHints":{"allow":["GET"]}}],"collection":[{"href":"https:\/\/veritasinfo.org\/index.php?rest_route=\/wp\/v2\/posts"}],"about":[{"href":"https:\/\/veritasinfo.org\/index.php?rest_route=\/wp\/v2\/types\/post"}],"author":[{"embeddable":true,"href":"https:\/\/veritasinfo.org\/index.php?rest_route=\/wp\/v2\/users\/6"}],"replies":[{"embeddable":true,"href":"https:\/\/veritasinfo.org\/index.php?rest_route=%2Fwp%2Fv2%2Fcomments&post=39722"}],"version-history":[{"count":2,"href":"https:\/\/veritasinfo.org\/index.php?rest_route=\/wp\/v2\/posts\/39722\/revisions"}],"predecessor-version":[{"id":39726,"href":"https:\/\/veritasinfo.org\/index.php?rest_route=\/wp\/v2\/posts\/39722\/revisions\/39726"}],"wp:featuredmedia":[{"embeddable":true,"href":"https:\/\/veritasinfo.org\/index.php?rest_route=\/wp\/v2\/media\/39724"}],"wp:attachment":[{"href":"https:\/\/veritasinfo.org\/index.php?rest_route=%2Fwp%2Fv2%2Fmedia&parent=39722"}],"wp:term":[{"taxonomy":"category","embeddable":true,"href":"https:\/\/veritasinfo.org\/index.php?rest_route=%2Fwp%2Fv2%2Fcategories&post=39722"},{"taxonomy":"post_tag","embeddable":true,"href":"https:\/\/veritasinfo.org\/index.php?rest_route=%2Fwp%2Fv2%2Ftags&post=39722"}],"curies":[{"name":"wp","href":"https:\/\/api.w.org\/{rel}","templated":true}]}}